{"id":29429,"date":"2022-07-13T07:40:53","date_gmt":"2022-07-13T12:40:53","guid":{"rendered":"https:\/\/luchonoticias.com\/?p=29429"},"modified":"2022-07-13T07:40:54","modified_gmt":"2022-07-13T12:40:54","slug":"alcaldia-de-neiva-realizara-donaton-para-materiales-de-construccion","status":"publish","type":"post","link":"https:\/\/luchonoticias.com\/editor\/alcaldia-de-neiva-realizara-donaton-para-materiales-de-construccion\/","title":{"rendered":"Alcald\u00eda de Neiva realizar\u00e1 donat\u00f3n para materiales de construcci\u00f3n"},"content":{"rendered":"\n<p>El pr\u00f3ximo viernes 15 de julio se llevar\u00e1 a cabo una Donat\u00f3n de Materiales para la Construcci\u00f3n, estrategia que viene realizando el alcalde de Neiva Gorky Mu\u00f1oz Calder\u00f3n, a trav\u00e9s de las jornadas desarrolladas de Alcalde en Casa.<\/p>\n\n\n\n<p>Este trabajo lo ha venido realizando la Direcci\u00f3n de&nbsp; Banco de Materiales en conjunto con Camacol y todo el sector constructor, con el objetivo de conseguir materiales y entreg\u00e1rselos a las familias que m\u00e1s los necesiten.<\/p>\n\n\n\n<p>\u201cSe ha detectado que tenemos muchas personas que viven en unas condiciones precarias de habitabilidad y es aqu\u00ed donde el Banco de Materiales entra apoyar a todas aquellas personas mediante unos procedimientos que definimos. Nosotros tenemos una misi\u00f3n muy importante que es gestionar materiales para poderlos apoyar\u201d, dijo Diana Yolima Vargas Suaza, directora del Banco de Materiales.<\/p>\n\n\n\n<p>Esta Donat\u00f3n se llevar\u00e1 a cabo el viernes 15 de julio en la plazoleta de la Alcald\u00eda de Neiva, en el horario de 9:00 a.m. hasta las 4:00 p.m.<\/p>\n\n\n\n<p>\u201cEstamos invitando a todos los gremios, para que nos apoyen en este d\u00eda tan importante, nuestro Alcalde aperturar\u00e1 este evento a las 9:00 a.m., en el primer piso de la Alcald\u00eda de Neiva. Esta es una alianza estrat\u00e9gica que se ha realizado con Camacol en donde nos han venido apoyando y vinculando\u201d, sostuvo la Directora.<\/p>\n\n\n\n<p>En ese sentido, se hace extensiva la invitaci\u00f3n a toda la comunidad que desee colaborar con est\u00e1 Donat\u00f3n, para que se acerquen este viernes a la plazoleta de la Alcald\u00eda de Neiva.<\/p>\n\n\n\n<p>\u201cLa invitaci\u00f3n es a que toda la ciudadan\u00eda, personas jur\u00eddicas y naturales, gremios de la construcci\u00f3n, del sector financiero que nos quieran apoyar, porque lo \u00fanico que buscamos es mejorar las condiciones de habitabilidad de las personas\u201d, expres\u00f3 Vargas Suaza.<\/p>\n\n\n\n<figure class=\"wp-block-gallery has-nested-images columns-default is-cropped wp-block-gallery-1 is-layout-flex wp-block-gallery-is-layout-flex\">\n<figure class=\"wp-block-image size-large\"><img decoding=\"async\" data-id=\"29431\" src=\"https:\/\/luchonoticias.com\/wp-content\/uploads\/2022\/07\/WhatsApp-Image-2022-07-12-at-5.26.12-PM-2-1024x768.jpeg\" alt=\"\" class=\"wp-image-29431\"\/><\/figure>\n\n\n\n<figure class=\"wp-block-image size-large\"><img decoding=\"async\" data-id=\"29432\" src=\"https:\/\/luchonoticias.com\/wp-content\/uploads\/2022\/07\/WhatsApp-Image-2022-07-12-at-5.26.12-PM-1-1024x768.jpeg\" alt=\"\" class=\"wp-image-29432\"\/><\/figure>\n<\/figure>\n\n\n\n<p><strong>\u00bfQu\u00e9 es el Banco de Materiales?<\/strong><\/p>\n\n\n\n<p>Por otro lado, es importante decir que el objetivo de esta oficina, es ayudar a gestionar por medio de estas colaboraciones, peque\u00f1os materiales de construcci\u00f3n para entreg\u00e1rselos a las familias a trav\u00e9s de procedimientos y verificaciones donde conste que de verdad los necesitan.<\/p>\n\n\n\n<p>\u201cTenemos un procedimiento establecido que lo podemos encontrar en la p\u00e1gina de la Alcald\u00eda, nosotros recibimos las solicitudes por parte de la ciudadan\u00eda, luego procedemos a realizar la visita t\u00e9cnica por parte de nuestros ingenieros, ah\u00ed detectamos si lo requieren o no, luego damos respuesta a estas personas, esto es un apoyo peque\u00f1o e inmediato, no son subsidios\u201d, indic\u00f3 la funcionaria.<\/p>\n\n\n\n<p>Finalmente, las personas que quieran colaborar con esta Donat\u00f3n, pero que quiz\u00e1s no alcancen a llevar ese d\u00eda, lo pueden hacer a la bodega del Banco de Materiales ubicada en la Carrera 6 N\u00ba 26-189, Zona Industrial.<\/p>\n","protected":false},"excerpt":{"rendered":"<p>El pr\u00f3ximo viernes 15 de julio se llevar\u00e1 a cabo una Donat\u00f3n de Materiales para la Construcci\u00f3n, estrategia que viene realizando el alcalde de Neiva Gorky Mu\u00f1oz Calder\u00f3n, a trav\u00e9s de las jornadas desarrolladas de Alcalde en Casa. Este trabajo lo ha venido realizando la Direcci\u00f3n de&nbsp; Banco de Materiales en conjunto con Camacol y [&hellip;]<\/p>\n","protected":false},"author":1,"featured_media":0,"comment_status":"open","ping_status":"open","sticky":false,"template":"","format":"standard","meta":{"footnotes":""},"categories":[36,31],"tags":[],"class_list":["post-29429","post","type-post","status-publish","format-standard","hentry","category-destacado","category-local"],"yoast_head":"<!-- This site is optimized with the Yoast SEO plugin v26.6 - https:\/\/yoast.com\/wordpress\/plugins\/seo\/ -->\n<title>Alcald\u00eda de Neiva realizar\u00e1 donat\u00f3n para materiales de construcci\u00f3n -<\/title>\n<meta name=\"robots\" content=\"index, follow, max-snippet:-1, max-image-preview:large, max-video-preview:-1\" \/>\n<link rel=\"canonical\" href=\"https:\/\/luchonoticias.com\/editor\/alcaldia-de-neiva-realizara-donaton-para-materiales-de-construccion\/\" \/>\n<meta property=\"og:locale\" content=\"es_ES\" \/>\n<meta property=\"og:type\" content=\"article\" \/>\n<meta property=\"og:title\" content=\"Alcald\u00eda de Neiva realizar\u00e1 donat\u00f3n para materiales de construcci\u00f3n -\" \/>\n<meta property=\"og:url\" content=\"https:\/\/luchonoticias.com\/editor\/alcaldia-de-neiva-realizara-donaton-para-materiales-de-construccion\/\" \/>\n<meta property=\"article:publisher\" content=\"https:\/\/www.facebook.com\/luchonoticiasneiva\" \/>\n<meta property=\"article:author\" content=\"https:\/\/www.facebook.com\/luchonoticiasneiva\" \/>\n<meta property=\"article:published_time\" content=\"2022-07-13T12:40:53+00:00\" \/>\n<meta property=\"article:modified_time\" content=\"2022-07-13T12:40:54+00:00\" \/>\n<meta property=\"og:image\" content=\"https:\/\/luchonoticias.com\/wp-content\/uploads\/2022\/07\/WhatsApp-Image-2022-07-12-at-5.26.12-PM-2-1024x768.jpeg\" \/>\n<meta name=\"author\" content=\"admin\" \/>\n<meta name=\"twitter:card\" content=\"summary_large_image\" \/>\n<meta name=\"twitter:label1\" content=\"Escrito por\" \/>\n\t<meta name=\"twitter:data1\" content=\"admin\" \/>\n\t<meta name=\"twitter:label2\" content=\"Tiempo de lectura\" \/>\n\t<meta name=\"twitter:data2\" content=\"2 minutos\" \/>\n<script type=\"application\/ld+json\" class=\"yoast-schema-graph\">{\"@context\":\"https:\/\/schema.org\",\"@graph\":[{\"@type\":\"Article\",\"@id\":\"https:\/\/luchonoticias.com\/editor\/alcaldia-de-neiva-realizara-donaton-para-materiales-de-construccion\/#article\",\"isPartOf\":{\"@id\":\"https:\/\/luchonoticias.com\/editor\/alcaldia-de-neiva-realizara-donaton-para-materiales-de-construccion\/\"},\"author\":{\"name\":\"admin\",\"@id\":\"https:\/\/luchonoticias.com\/editor\/#\/schema\/person\/7a7fd911f58561fd056dbac7b55af9cd\"},\"headline\":\"Alcald\u00eda de Neiva realizar\u00e1 donat\u00f3n para materiales de construcci\u00f3n\",\"datePublished\":\"2022-07-13T12:40:53+00:00\",\"dateModified\":\"2022-07-13T12:40:54+00:00\",\"mainEntityOfPage\":{\"@id\":\"https:\/\/luchonoticias.com\/editor\/alcaldia-de-neiva-realizara-donaton-para-materiales-de-construccion\/\"},\"wordCount\":478,\"commentCount\":0,\"publisher\":{\"@id\":\"https:\/\/luchonoticias.com\/editor\/#\/schema\/person\/7a7fd911f58561fd056dbac7b55af9cd\"},\"image\":{\"@id\":\"https:\/\/luchonoticias.com\/editor\/alcaldia-de-neiva-realizara-donaton-para-materiales-de-construccion\/#primaryimage\"},\"thumbnailUrl\":\"https:\/\/luchonoticias.com\/wp-content\/uploads\/2022\/07\/WhatsApp-Image-2022-07-12-at-5.26.12-PM-2-1024x768.jpeg\",\"articleSection\":[\"Destacado\",\"Local\"],\"inLanguage\":\"es\",\"potentialAction\":[{\"@type\":\"CommentAction\",\"name\":\"Comment\",\"target\":[\"https:\/\/luchonoticias.com\/editor\/alcaldia-de-neiva-realizara-donaton-para-materiales-de-construccion\/#respond\"]}]},{\"@type\":\"WebPage\",\"@id\":\"https:\/\/luchonoticias.com\/editor\/alcaldia-de-neiva-realizara-donaton-para-materiales-de-construccion\/\",\"url\":\"https:\/\/luchonoticias.com\/editor\/alcaldia-de-neiva-realizara-donaton-para-materiales-de-construccion\/\",\"name\":\"Alcald\u00eda de Neiva realizar\u00e1 donat\u00f3n para materiales de construcci\u00f3n -\",\"isPartOf\":{\"@id\":\"https:\/\/luchonoticias.com\/editor\/#website\"},\"primaryImageOfPage\":{\"@id\":\"https:\/\/luchonoticias.com\/editor\/alcaldia-de-neiva-realizara-donaton-para-materiales-de-construccion\/#primaryimage\"},\"image\":{\"@id\":\"https:\/\/luchonoticias.com\/editor\/alcaldia-de-neiva-realizara-donaton-para-materiales-de-construccion\/#primaryimage\"},\"thumbnailUrl\":\"https:\/\/luchonoticias.com\/wp-content\/uploads\/2022\/07\/WhatsApp-Image-2022-07-12-at-5.26.12-PM-2-1024x768.jpeg\",\"datePublished\":\"2022-07-13T12:40:53+00:00\",\"dateModified\":\"2022-07-13T12:40:54+00:00\",\"breadcrumb\":{\"@id\":\"https:\/\/luchonoticias.com\/editor\/alcaldia-de-neiva-realizara-donaton-para-materiales-de-construccion\/#breadcrumb\"},\"inLanguage\":\"es\",\"potentialAction\":[{\"@type\":\"ReadAction\",\"target\":[\"https:\/\/luchonoticias.com\/editor\/alcaldia-de-neiva-realizara-donaton-para-materiales-de-construccion\/\"]}]},{\"@type\":\"ImageObject\",\"inLanguage\":\"es\",\"@id\":\"https:\/\/luchonoticias.com\/editor\/alcaldia-de-neiva-realizara-donaton-para-materiales-de-construccion\/#primaryimage\",\"url\":\"https:\/\/luchonoticias.com\/wp-content\/uploads\/2022\/07\/WhatsApp-Image-2022-07-12-at-5.26.12-PM-2-1024x768.jpeg\",\"contentUrl\":\"https:\/\/luchonoticias.com\/wp-content\/uploads\/2022\/07\/WhatsApp-Image-2022-07-12-at-5.26.12-PM-2-1024x768.jpeg\"},{\"@type\":\"BreadcrumbList\",\"@id\":\"https:\/\/luchonoticias.com\/editor\/alcaldia-de-neiva-realizara-donaton-para-materiales-de-construccion\/#breadcrumb\",\"itemListElement\":[{\"@type\":\"ListItem\",\"position\":1,\"name\":\"Portada\",\"item\":\"https:\/\/luchonoticias.com\/editor\/\"},{\"@type\":\"ListItem\",\"position\":2,\"name\":\"Alcald\u00eda de Neiva realizar\u00e1 donat\u00f3n para materiales de construcci\u00f3n\"}]},{\"@type\":\"WebSite\",\"@id\":\"https:\/\/luchonoticias.com\/editor\/#website\",\"url\":\"https:\/\/luchonoticias.com\/editor\/\",\"name\":\"\",\"description\":\"\",\"publisher\":{\"@id\":\"https:\/\/luchonoticias.com\/editor\/#\/schema\/person\/7a7fd911f58561fd056dbac7b55af9cd\"},\"potentialAction\":[{\"@type\":\"SearchAction\",\"target\":{\"@type\":\"EntryPoint\",\"urlTemplate\":\"https:\/\/luchonoticias.com\/editor\/?s={search_term_string}\"},\"query-input\":{\"@type\":\"PropertyValueSpecification\",\"valueRequired\":true,\"valueName\":\"search_term_string\"}}],\"inLanguage\":\"es\"},{\"@type\":[\"Person\",\"Organization\"],\"@id\":\"https:\/\/luchonoticias.com\/editor\/#\/schema\/person\/7a7fd911f58561fd056dbac7b55af9cd\",\"name\":\"admin\",\"image\":{\"@type\":\"ImageObject\",\"inLanguage\":\"es\",\"@id\":\"https:\/\/luchonoticias.com\/editor\/#\/schema\/person\/image\/\",\"url\":\"https:\/\/luchonoticias.com\/editor\/wp-content\/uploads\/2024\/02\/cropped-cropped-logolu.webp\",\"contentUrl\":\"https:\/\/luchonoticias.com\/editor\/wp-content\/uploads\/2024\/02\/cropped-cropped-logolu.webp\",\"width\":382,\"height\":170,\"caption\":\"admin\"},\"logo\":{\"@id\":\"https:\/\/luchonoticias.com\/editor\/#\/schema\/person\/image\/\"},\"sameAs\":[\"https:\/\/www.facebook.com\/luchonoticiasneiva\"],\"url\":\"https:\/\/luchonoticias.com\/editor\/author\/admin\/\"}]}<\/script>\n<!-- \/ Yoast SEO plugin. -->","yoast_head_json":{"title":"Alcald\u00eda de Neiva realizar\u00e1 donat\u00f3n para materiales de construcci\u00f3n -","robots":{"index":"index","follow":"follow","max-snippet":"max-snippet:-1","max-image-preview":"max-image-preview:large","max-video-preview":"max-video-preview:-1"},"canonical":"https:\/\/luchonoticias.com\/editor\/alcaldia-de-neiva-realizara-donaton-para-materiales-de-construccion\/","og_locale":"es_ES","og_type":"article","og_title":"Alcald\u00eda de Neiva realizar\u00e1 donat\u00f3n para materiales de construcci\u00f3n -","og_url":"https:\/\/luchonoticias.com\/editor\/alcaldia-de-neiva-realizara-donaton-para-materiales-de-construccion\/","article_publisher":"https:\/\/www.facebook.com\/luchonoticiasneiva","article_author":"https:\/\/www.facebook.com\/luchonoticiasneiva","article_published_time":"2022-07-13T12:40:53+00:00","article_modified_time":"2022-07-13T12:40:54+00:00","og_image":[{"url":"https:\/\/luchonoticias.com\/wp-content\/uploads\/2022\/07\/WhatsApp-Image-2022-07-12-at-5.26.12-PM-2-1024x768.jpeg","type":"","width":"","height":""}],"author":"admin","twitter_card":"summary_large_image","twitter_misc":{"Escrito por":"admin","Tiempo de lectura":"2 minutos"},"schema":{"@context":"https:\/\/schema.org","@graph":[{"@type":"Article","@id":"https:\/\/luchonoticias.com\/editor\/alcaldia-de-neiva-realizara-donaton-para-materiales-de-construccion\/#article","isPartOf":{"@id":"https:\/\/luchonoticias.com\/editor\/alcaldia-de-neiva-realizara-donaton-para-materiales-de-construccion\/"},"author":{"name":"admin","@id":"https:\/\/luchonoticias.com\/editor\/#\/schema\/person\/7a7fd911f58561fd056dbac7b55af9cd"},"headline":"Alcald\u00eda de Neiva realizar\u00e1 donat\u00f3n para materiales de construcci\u00f3n","datePublished":"2022-07-13T12:40:53+00:00","dateModified":"2022-07-13T12:40:54+00:00","mainEntityOfPage":{"@id":"https:\/\/luchonoticias.com\/editor\/alcaldia-de-neiva-realizara-donaton-para-materiales-de-construccion\/"},"wordCount":478,"commentCount":0,"publisher":{"@id":"https:\/\/luchonoticias.com\/editor\/#\/schema\/person\/7a7fd911f58561fd056dbac7b55af9cd"},"image":{"@id":"https:\/\/luchonoticias.com\/editor\/alcaldia-de-neiva-realizara-donaton-para-materiales-de-construccion\/#primaryimage"},"thumbnailUrl":"https:\/\/luchonoticias.com\/wp-content\/uploads\/2022\/07\/WhatsApp-Image-2022-07-12-at-5.26.12-PM-2-1024x768.jpeg","articleSection":["Destacado","Local"],"inLanguage":"es","potentialAction":[{"@type":"CommentAction","name":"Comment","target":["https:\/\/luchonoticias.com\/editor\/alcaldia-de-neiva-realizara-donaton-para-materiales-de-construccion\/#respond"]}]},{"@type":"WebPage","@id":"https:\/\/luchonoticias.com\/editor\/alcaldia-de-neiva-realizara-donaton-para-materiales-de-construccion\/","url":"https:\/\/luchonoticias.com\/editor\/alcaldia-de-neiva-realizara-donaton-para-materiales-de-construccion\/","name":"Alcald\u00eda de Neiva realizar\u00e1 donat\u00f3n para materiales de construcci\u00f3n -","isPartOf":{"@id":"https:\/\/luchonoticias.com\/editor\/#website"},"primaryImageOfPage":{"@id":"https:\/\/luchonoticias.com\/editor\/alcaldia-de-neiva-realizara-donaton-para-materiales-de-construccion\/#primaryimage"},"image":{"@id":"https:\/\/luchonoticias.com\/editor\/alcaldia-de-neiva-realizara-donaton-para-materiales-de-construccion\/#primaryimage"},"thumbnailUrl":"https:\/\/luchonoticias.com\/wp-content\/uploads\/2022\/07\/WhatsApp-Image-2022-07-12-at-5.26.12-PM-2-1024x768.jpeg","datePublished":"2022-07-13T12:40:53+00:00","dateModified":"2022-07-13T12:40:54+00:00","breadcrumb":{"@id":"https:\/\/luchonoticias.com\/editor\/alcaldia-de-neiva-realizara-donaton-para-materiales-de-construccion\/#breadcrumb"},"inLanguage":"es","potentialAction":[{"@type":"ReadAction","target":["https:\/\/luchonoticias.com\/editor\/alcaldia-de-neiva-realizara-donaton-para-materiales-de-construccion\/"]}]},{"@type":"ImageObject","inLanguage":"es","@id":"https:\/\/luchonoticias.com\/editor\/alcaldia-de-neiva-realizara-donaton-para-materiales-de-construccion\/#primaryimage","url":"https:\/\/luchonoticias.com\/wp-content\/uploads\/2022\/07\/WhatsApp-Image-2022-07-12-at-5.26.12-PM-2-1024x768.jpeg","contentUrl":"https:\/\/luchonoticias.com\/wp-content\/uploads\/2022\/07\/WhatsApp-Image-2022-07-12-at-5.26.12-PM-2-1024x768.jpeg"},{"@type":"BreadcrumbList","@id":"https:\/\/luchonoticias.com\/editor\/alcaldia-de-neiva-realizara-donaton-para-materiales-de-construccion\/#breadcrumb","itemListElement":[{"@type":"ListItem","position":1,"name":"Portada","item":"https:\/\/luchonoticias.com\/editor\/"},{"@type":"ListItem","position":2,"name":"Alcald\u00eda de Neiva realizar\u00e1 donat\u00f3n para materiales de construcci\u00f3n"}]},{"@type":"WebSite","@id":"https:\/\/luchonoticias.com\/editor\/#website","url":"https:\/\/luchonoticias.com\/editor\/","name":"","description":"","publisher":{"@id":"https:\/\/luchonoticias.com\/editor\/#\/schema\/person\/7a7fd911f58561fd056dbac7b55af9cd"},"potentialAction":[{"@type":"SearchAction","target":{"@type":"EntryPoint","urlTemplate":"https:\/\/luchonoticias.com\/editor\/?s={search_term_string}"},"query-input":{"@type":"PropertyValueSpecification","valueRequired":true,"valueName":"search_term_string"}}],"inLanguage":"es"},{"@type":["Person","Organization"],"@id":"https:\/\/luchonoticias.com\/editor\/#\/schema\/person\/7a7fd911f58561fd056dbac7b55af9cd","name":"admin","image":{"@type":"ImageObject","inLanguage":"es","@id":"https:\/\/luchonoticias.com\/editor\/#\/schema\/person\/image\/","url":"https:\/\/luchonoticias.com\/editor\/wp-content\/uploads\/2024\/02\/cropped-cropped-logolu.webp","contentUrl":"https:\/\/luchonoticias.com\/editor\/wp-content\/uploads\/2024\/02\/cropped-cropped-logolu.webp","width":382,"height":170,"caption":"admin"},"logo":{"@id":"https:\/\/luchonoticias.com\/editor\/#\/schema\/person\/image\/"},"sameAs":["https:\/\/www.facebook.com\/luchonoticiasneiva"],"url":"https:\/\/luchonoticias.com\/editor\/author\/admin\/"}]}},"_links":{"self":[{"href":"https:\/\/luchonoticias.com\/editor\/wp-json\/wp\/v2\/posts\/29429","targetHints":{"allow":["GET"]}}],"collection":[{"href":"https:\/\/luchonoticias.com\/editor\/wp-json\/wp\/v2\/posts"}],"about":[{"href":"https:\/\/luchonoticias.com\/editor\/wp-json\/wp\/v2\/types\/post"}],"author":[{"embeddable":true,"href":"https:\/\/luchonoticias.com\/editor\/wp-json\/wp\/v2\/users\/1"}],"replies":[{"embeddable":true,"href":"https:\/\/luchonoticias.com\/editor\/wp-json\/wp\/v2\/comments?post=29429"}],"version-history":[{"count":0,"href":"https:\/\/luchonoticias.com\/editor\/wp-json\/wp\/v2\/posts\/29429\/revisions"}],"wp:attachment":[{"href":"https:\/\/luchonoticias.com\/editor\/wp-json\/wp\/v2\/media?parent=29429"}],"wp:term":[{"taxonomy":"category","embeddable":true,"href":"https:\/\/luchonoticias.com\/editor\/wp-json\/wp\/v2\/categories?post=29429"},{"taxonomy":"post_tag","embeddable":true,"href":"https:\/\/luchonoticias.com\/editor\/wp-json\/wp\/v2\/tags?post=29429"}],"curies":[{"name":"wp","href":"https:\/\/api.w.org\/{rel}","templated":true}]}}