{"id":29621,"date":"2022-07-15T07:08:11","date_gmt":"2022-07-15T12:08:11","guid":{"rendered":"https:\/\/luchonoticias.com\/?p=29621"},"modified":"2022-07-15T07:08:12","modified_gmt":"2022-07-15T12:08:12","slug":"programese-deportivamente-el-fin-de-semana-en-neiva","status":"publish","type":"post","link":"https:\/\/luchonoticias.com\/editor\/programese-deportivamente-el-fin-de-semana-en-neiva\/","title":{"rendered":"Progr\u00e1mese deportivamente el fin de semana en Neiva"},"content":{"rendered":"\n<p>\u2018Plan B\u2019 Mu\u00e9vete en Bici se denomina una de las estrategias impulsadas desde la Secretar\u00eda de Deporte y Recreaci\u00f3n en la que se promociona el transporte activo, el s\u00e1bado 16 de julio se realizar\u00e1 un ciclo paseo en bicicleta que iniciar\u00e1 desde las afueras del Coliseo Cubierto \u2018\u00c1lvaro S\u00e1nchez Silva\u2019 y terminar\u00e1 en el Parque Acu\u00e1tico Playa Juncal, quienes terminen el recorrido podr\u00e1n ingresar con un m\u00f3dico precio.<\/p>\n\n\n\n<figure class=\"wp-block-gallery has-nested-images columns-default is-cropped wp-block-gallery-1 is-layout-flex wp-block-gallery-is-layout-flex\">\n<figure class=\"wp-block-image size-large\"><img decoding=\"async\" data-id=\"29623\" src=\"https:\/\/luchonoticias.com\/wp-content\/uploads\/2022\/07\/WhatsApp-Image-2022-07-14-at-7.18.21-PM-1.jpeg\" alt=\"\" class=\"wp-image-29623\"\/><\/figure>\n\n\n\n<figure class=\"wp-block-image size-large\"><img decoding=\"async\" data-id=\"29624\" src=\"https:\/\/luchonoticias.com\/wp-content\/uploads\/2022\/07\/WhatsApp-Image-2022-07-14-at-7.18.20-PM-2.jpeg\" alt=\"\" class=\"wp-image-29624\"\/><\/figure>\n<\/figure>\n\n\n\n<p>\u201cTendremos acompa\u00f1amiento de un veh\u00edculo musicalizado para hacer m\u00e1s ameno el desplazamiento, tambi\u00e9n vamos a tener apoyo t\u00e9cnico con la Agencia Nacional de Seguridad Vial que nos brindar\u00e1 todo el servicio t\u00e9cnico para pinchada y tecnomec\u00e1nica, adicionalmente, vamos a tener una capacitaci\u00f3n en inteligencia vial para los biciusuarios en la que se regalar\u00e1 un kit de seguridad y bioseguridad a todos los participantes, que consta de una luz delantera, trasera, blanca y roja y la banda reflectiva para inculcar desplazamientos con seguridad\u201d, dio a conocer Wilmar Fernando Gonz\u00e1lez, gestor de V\u00edas Activas y Saludables.<\/p>\n\n\n\n<figure class=\"wp-block-gallery has-nested-images columns-default is-cropped wp-block-gallery-2 is-layout-flex wp-block-gallery-is-layout-flex\">\n<figure class=\"wp-block-image size-large\"><img decoding=\"async\" data-id=\"29625\" src=\"https:\/\/luchonoticias.com\/wp-content\/uploads\/2022\/07\/WhatsApp-Image-2022-07-14-at-7.18.20-PM-1.jpeg\" alt=\"\" class=\"wp-image-29625\"\/><\/figure>\n\n\n\n<figure class=\"wp-block-image size-large\"><img decoding=\"async\" data-id=\"29627\" src=\"https:\/\/luchonoticias.com\/wp-content\/uploads\/2022\/07\/WhatsApp-Image-2022-07-14-at-7.18.20-PM-1024x576.jpeg\" alt=\"\" class=\"wp-image-29627\"\/><\/figure>\n\n\n\n<figure class=\"wp-block-image size-large\"><img decoding=\"async\" data-id=\"29626\" src=\"https:\/\/luchonoticias.com\/wp-content\/uploads\/2022\/07\/WhatsApp-Image-2022-07-14-at-7.18.19-PM-1024x768.jpeg\" alt=\"\" class=\"wp-image-29626\"\/><\/figure>\n<\/figure>\n\n\n\n<p>El evento cuenta con el apoyo de la Agencia Nacional de Seguridad Vial, Salud Oral Integral, Comfamiliar Huila y Cultura Motor, \u201cgracias a la articulaci\u00f3n con Comfamiliar, todas las personas que se desplacen con nosotros van a tener una cuota asequible para ingreso al centro recreacional que ser\u00e1 de tres mil pesos. As\u00ed que tenemos una agenda muy nutrida para todos los neivanos, los invitamos para que nos acompa\u00f1en a estas actividades que son gratuitas\u201d, puntualiz\u00f3 Gonz\u00e1lez.<\/p>\n","protected":false},"excerpt":{"rendered":"<p>\u2018Plan B\u2019 Mu\u00e9vete en Bici se denomina una de las estrategias impulsadas desde la Secretar\u00eda de Deporte y Recreaci\u00f3n en la que se promociona el transporte activo, el s\u00e1bado 16 de julio se realizar\u00e1 un ciclo paseo en bicicleta que iniciar\u00e1 desde las afueras del Coliseo Cubierto \u2018\u00c1lvaro S\u00e1nchez Silva\u2019 y terminar\u00e1 en el Parque [&hellip;]<\/p>\n","protected":false},"author":1,"featured_media":0,"comment_status":"open","ping_status":"open","sticky":false,"template":"","format":"standard","meta":{"footnotes":""},"categories":[3961,36],"tags":[],"class_list":["post-29621","post","type-post","status-publish","format-standard","hentry","category-comunidad","category-destacado"],"yoast_head":"<!-- This site is optimized with the Yoast SEO plugin v26.6 - https:\/\/yoast.com\/wordpress\/plugins\/seo\/ -->\n<title>Progr\u00e1mese deportivamente el fin de semana en Neiva -<\/title>\n<meta name=\"robots\" content=\"index, follow, max-snippet:-1, max-image-preview:large, max-video-preview:-1\" \/>\n<link rel=\"canonical\" href=\"https:\/\/luchonoticias.com\/editor\/programese-deportivamente-el-fin-de-semana-en-neiva\/\" \/>\n<meta property=\"og:locale\" content=\"es_ES\" \/>\n<meta property=\"og:type\" content=\"article\" \/>\n<meta property=\"og:title\" content=\"Progr\u00e1mese deportivamente el fin de semana en Neiva -\" \/>\n<meta property=\"og:url\" content=\"https:\/\/luchonoticias.com\/editor\/programese-deportivamente-el-fin-de-semana-en-neiva\/\" \/>\n<meta property=\"article:publisher\" content=\"https:\/\/www.facebook.com\/luchonoticiasneiva\" \/>\n<meta property=\"article:author\" content=\"https:\/\/www.facebook.com\/luchonoticiasneiva\" \/>\n<meta property=\"article:published_time\" content=\"2022-07-15T12:08:11+00:00\" \/>\n<meta property=\"article:modified_time\" content=\"2022-07-15T12:08:12+00:00\" \/>\n<meta property=\"og:image\" content=\"https:\/\/luchonoticias.com\/wp-content\/uploads\/2022\/07\/WhatsApp-Image-2022-07-14-at-7.18.21-PM-1.jpeg\" \/>\n<meta name=\"author\" content=\"admin\" \/>\n<meta name=\"twitter:card\" content=\"summary_large_image\" \/>\n<meta name=\"twitter:label1\" content=\"Escrito por\" \/>\n\t<meta name=\"twitter:data1\" content=\"admin\" \/>\n\t<meta name=\"twitter:label2\" content=\"Tiempo de lectura\" \/>\n\t<meta name=\"twitter:data2\" content=\"1 minuto\" \/>\n<script type=\"application\/ld+json\" class=\"yoast-schema-graph\">{\"@context\":\"https:\/\/schema.org\",\"@graph\":[{\"@type\":\"Article\",\"@id\":\"https:\/\/luchonoticias.com\/editor\/programese-deportivamente-el-fin-de-semana-en-neiva\/#article\",\"isPartOf\":{\"@id\":\"https:\/\/luchonoticias.com\/editor\/programese-deportivamente-el-fin-de-semana-en-neiva\/\"},\"author\":{\"name\":\"admin\",\"@id\":\"https:\/\/luchonoticias.com\/editor\/#\/schema\/person\/7a7fd911f58561fd056dbac7b55af9cd\"},\"headline\":\"Progr\u00e1mese deportivamente el fin de semana en Neiva\",\"datePublished\":\"2022-07-15T12:08:11+00:00\",\"dateModified\":\"2022-07-15T12:08:12+00:00\",\"mainEntityOfPage\":{\"@id\":\"https:\/\/luchonoticias.com\/editor\/programese-deportivamente-el-fin-de-semana-en-neiva\/\"},\"wordCount\":268,\"commentCount\":0,\"publisher\":{\"@id\":\"https:\/\/luchonoticias.com\/editor\/#\/schema\/person\/7a7fd911f58561fd056dbac7b55af9cd\"},\"image\":{\"@id\":\"https:\/\/luchonoticias.com\/editor\/programese-deportivamente-el-fin-de-semana-en-neiva\/#primaryimage\"},\"thumbnailUrl\":\"https:\/\/luchonoticias.com\/wp-content\/uploads\/2022\/07\/WhatsApp-Image-2022-07-14-at-7.18.21-PM-1.jpeg\",\"articleSection\":[\"Comunidad\",\"Destacado\"],\"inLanguage\":\"es\",\"potentialAction\":[{\"@type\":\"CommentAction\",\"name\":\"Comment\",\"target\":[\"https:\/\/luchonoticias.com\/editor\/programese-deportivamente-el-fin-de-semana-en-neiva\/#respond\"]}]},{\"@type\":\"WebPage\",\"@id\":\"https:\/\/luchonoticias.com\/editor\/programese-deportivamente-el-fin-de-semana-en-neiva\/\",\"url\":\"https:\/\/luchonoticias.com\/editor\/programese-deportivamente-el-fin-de-semana-en-neiva\/\",\"name\":\"Progr\u00e1mese deportivamente el fin de semana en Neiva -\",\"isPartOf\":{\"@id\":\"https:\/\/luchonoticias.com\/editor\/#website\"},\"primaryImageOfPage\":{\"@id\":\"https:\/\/luchonoticias.com\/editor\/programese-deportivamente-el-fin-de-semana-en-neiva\/#primaryimage\"},\"image\":{\"@id\":\"https:\/\/luchonoticias.com\/editor\/programese-deportivamente-el-fin-de-semana-en-neiva\/#primaryimage\"},\"thumbnailUrl\":\"https:\/\/luchonoticias.com\/wp-content\/uploads\/2022\/07\/WhatsApp-Image-2022-07-14-at-7.18.21-PM-1.jpeg\",\"datePublished\":\"2022-07-15T12:08:11+00:00\",\"dateModified\":\"2022-07-15T12:08:12+00:00\",\"breadcrumb\":{\"@id\":\"https:\/\/luchonoticias.com\/editor\/programese-deportivamente-el-fin-de-semana-en-neiva\/#breadcrumb\"},\"inLanguage\":\"es\",\"potentialAction\":[{\"@type\":\"ReadAction\",\"target\":[\"https:\/\/luchonoticias.com\/editor\/programese-deportivamente-el-fin-de-semana-en-neiva\/\"]}]},{\"@type\":\"ImageObject\",\"inLanguage\":\"es\",\"@id\":\"https:\/\/luchonoticias.com\/editor\/programese-deportivamente-el-fin-de-semana-en-neiva\/#primaryimage\",\"url\":\"https:\/\/luchonoticias.com\/wp-content\/uploads\/2022\/07\/WhatsApp-Image-2022-07-14-at-7.18.21-PM-1.jpeg\",\"contentUrl\":\"https:\/\/luchonoticias.com\/wp-content\/uploads\/2022\/07\/WhatsApp-Image-2022-07-14-at-7.18.21-PM-1.jpeg\"},{\"@type\":\"BreadcrumbList\",\"@id\":\"https:\/\/luchonoticias.com\/editor\/programese-deportivamente-el-fin-de-semana-en-neiva\/#breadcrumb\",\"itemListElement\":[{\"@type\":\"ListItem\",\"position\":1,\"name\":\"Portada\",\"item\":\"https:\/\/luchonoticias.com\/editor\/\"},{\"@type\":\"ListItem\",\"position\":2,\"name\":\"Progr\u00e1mese deportivamente el fin de semana en Neiva\"}]},{\"@type\":\"WebSite\",\"@id\":\"https:\/\/luchonoticias.com\/editor\/#website\",\"url\":\"https:\/\/luchonoticias.com\/editor\/\",\"name\":\"\",\"description\":\"\",\"publisher\":{\"@id\":\"https:\/\/luchonoticias.com\/editor\/#\/schema\/person\/7a7fd911f58561fd056dbac7b55af9cd\"},\"potentialAction\":[{\"@type\":\"SearchAction\",\"target\":{\"@type\":\"EntryPoint\",\"urlTemplate\":\"https:\/\/luchonoticias.com\/editor\/?s={search_term_string}\"},\"query-input\":{\"@type\":\"PropertyValueSpecification\",\"valueRequired\":true,\"valueName\":\"search_term_string\"}}],\"inLanguage\":\"es\"},{\"@type\":[\"Person\",\"Organization\"],\"@id\":\"https:\/\/luchonoticias.com\/editor\/#\/schema\/person\/7a7fd911f58561fd056dbac7b55af9cd\",\"name\":\"admin\",\"image\":{\"@type\":\"ImageObject\",\"inLanguage\":\"es\",\"@id\":\"https:\/\/luchonoticias.com\/editor\/#\/schema\/person\/image\/\",\"url\":\"https:\/\/luchonoticias.com\/editor\/wp-content\/uploads\/2024\/02\/cropped-cropped-logolu.webp\",\"contentUrl\":\"https:\/\/luchonoticias.com\/editor\/wp-content\/uploads\/2024\/02\/cropped-cropped-logolu.webp\",\"width\":382,\"height\":170,\"caption\":\"admin\"},\"logo\":{\"@id\":\"https:\/\/luchonoticias.com\/editor\/#\/schema\/person\/image\/\"},\"sameAs\":[\"https:\/\/www.facebook.com\/luchonoticiasneiva\"],\"url\":\"https:\/\/luchonoticias.com\/editor\/author\/admin\/\"}]}<\/script>\n<!-- \/ Yoast SEO plugin. -->","yoast_head_json":{"title":"Progr\u00e1mese deportivamente el fin de semana en Neiva -","robots":{"index":"index","follow":"follow","max-snippet":"max-snippet:-1","max-image-preview":"max-image-preview:large","max-video-preview":"max-video-preview:-1"},"canonical":"https:\/\/luchonoticias.com\/editor\/programese-deportivamente-el-fin-de-semana-en-neiva\/","og_locale":"es_ES","og_type":"article","og_title":"Progr\u00e1mese deportivamente el fin de semana en Neiva -","og_url":"https:\/\/luchonoticias.com\/editor\/programese-deportivamente-el-fin-de-semana-en-neiva\/","article_publisher":"https:\/\/www.facebook.com\/luchonoticiasneiva","article_author":"https:\/\/www.facebook.com\/luchonoticiasneiva","article_published_time":"2022-07-15T12:08:11+00:00","article_modified_time":"2022-07-15T12:08:12+00:00","og_image":[{"url":"https:\/\/luchonoticias.com\/wp-content\/uploads\/2022\/07\/WhatsApp-Image-2022-07-14-at-7.18.21-PM-1.jpeg","type":"","width":"","height":""}],"author":"admin","twitter_card":"summary_large_image","twitter_misc":{"Escrito por":"admin","Tiempo de lectura":"1 minuto"},"schema":{"@context":"https:\/\/schema.org","@graph":[{"@type":"Article","@id":"https:\/\/luchonoticias.com\/editor\/programese-deportivamente-el-fin-de-semana-en-neiva\/#article","isPartOf":{"@id":"https:\/\/luchonoticias.com\/editor\/programese-deportivamente-el-fin-de-semana-en-neiva\/"},"author":{"name":"admin","@id":"https:\/\/luchonoticias.com\/editor\/#\/schema\/person\/7a7fd911f58561fd056dbac7b55af9cd"},"headline":"Progr\u00e1mese deportivamente el fin de semana en Neiva","datePublished":"2022-07-15T12:08:11+00:00","dateModified":"2022-07-15T12:08:12+00:00","mainEntityOfPage":{"@id":"https:\/\/luchonoticias.com\/editor\/programese-deportivamente-el-fin-de-semana-en-neiva\/"},"wordCount":268,"commentCount":0,"publisher":{"@id":"https:\/\/luchonoticias.com\/editor\/#\/schema\/person\/7a7fd911f58561fd056dbac7b55af9cd"},"image":{"@id":"https:\/\/luchonoticias.com\/editor\/programese-deportivamente-el-fin-de-semana-en-neiva\/#primaryimage"},"thumbnailUrl":"https:\/\/luchonoticias.com\/wp-content\/uploads\/2022\/07\/WhatsApp-Image-2022-07-14-at-7.18.21-PM-1.jpeg","articleSection":["Comunidad","Destacado"],"inLanguage":"es","potentialAction":[{"@type":"CommentAction","name":"Comment","target":["https:\/\/luchonoticias.com\/editor\/programese-deportivamente-el-fin-de-semana-en-neiva\/#respond"]}]},{"@type":"WebPage","@id":"https:\/\/luchonoticias.com\/editor\/programese-deportivamente-el-fin-de-semana-en-neiva\/","url":"https:\/\/luchonoticias.com\/editor\/programese-deportivamente-el-fin-de-semana-en-neiva\/","name":"Progr\u00e1mese deportivamente el fin de semana en Neiva -","isPartOf":{"@id":"https:\/\/luchonoticias.com\/editor\/#website"},"primaryImageOfPage":{"@id":"https:\/\/luchonoticias.com\/editor\/programese-deportivamente-el-fin-de-semana-en-neiva\/#primaryimage"},"image":{"@id":"https:\/\/luchonoticias.com\/editor\/programese-deportivamente-el-fin-de-semana-en-neiva\/#primaryimage"},"thumbnailUrl":"https:\/\/luchonoticias.com\/wp-content\/uploads\/2022\/07\/WhatsApp-Image-2022-07-14-at-7.18.21-PM-1.jpeg","datePublished":"2022-07-15T12:08:11+00:00","dateModified":"2022-07-15T12:08:12+00:00","breadcrumb":{"@id":"https:\/\/luchonoticias.com\/editor\/programese-deportivamente-el-fin-de-semana-en-neiva\/#breadcrumb"},"inLanguage":"es","potentialAction":[{"@type":"ReadAction","target":["https:\/\/luchonoticias.com\/editor\/programese-deportivamente-el-fin-de-semana-en-neiva\/"]}]},{"@type":"ImageObject","inLanguage":"es","@id":"https:\/\/luchonoticias.com\/editor\/programese-deportivamente-el-fin-de-semana-en-neiva\/#primaryimage","url":"https:\/\/luchonoticias.com\/wp-content\/uploads\/2022\/07\/WhatsApp-Image-2022-07-14-at-7.18.21-PM-1.jpeg","contentUrl":"https:\/\/luchonoticias.com\/wp-content\/uploads\/2022\/07\/WhatsApp-Image-2022-07-14-at-7.18.21-PM-1.jpeg"},{"@type":"BreadcrumbList","@id":"https:\/\/luchonoticias.com\/editor\/programese-deportivamente-el-fin-de-semana-en-neiva\/#breadcrumb","itemListElement":[{"@type":"ListItem","position":1,"name":"Portada","item":"https:\/\/luchonoticias.com\/editor\/"},{"@type":"ListItem","position":2,"name":"Progr\u00e1mese deportivamente el fin de semana en Neiva"}]},{"@type":"WebSite","@id":"https:\/\/luchonoticias.com\/editor\/#website","url":"https:\/\/luchonoticias.com\/editor\/","name":"","description":"","publisher":{"@id":"https:\/\/luchonoticias.com\/editor\/#\/schema\/person\/7a7fd911f58561fd056dbac7b55af9cd"},"potentialAction":[{"@type":"SearchAction","target":{"@type":"EntryPoint","urlTemplate":"https:\/\/luchonoticias.com\/editor\/?s={search_term_string}"},"query-input":{"@type":"PropertyValueSpecification","valueRequired":true,"valueName":"search_term_string"}}],"inLanguage":"es"},{"@type":["Person","Organization"],"@id":"https:\/\/luchonoticias.com\/editor\/#\/schema\/person\/7a7fd911f58561fd056dbac7b55af9cd","name":"admin","image":{"@type":"ImageObject","inLanguage":"es","@id":"https:\/\/luchonoticias.com\/editor\/#\/schema\/person\/image\/","url":"https:\/\/luchonoticias.com\/editor\/wp-content\/uploads\/2024\/02\/cropped-cropped-logolu.webp","contentUrl":"https:\/\/luchonoticias.com\/editor\/wp-content\/uploads\/2024\/02\/cropped-cropped-logolu.webp","width":382,"height":170,"caption":"admin"},"logo":{"@id":"https:\/\/luchonoticias.com\/editor\/#\/schema\/person\/image\/"},"sameAs":["https:\/\/www.facebook.com\/luchonoticiasneiva"],"url":"https:\/\/luchonoticias.com\/editor\/author\/admin\/"}]}},"_links":{"self":[{"href":"https:\/\/luchonoticias.com\/editor\/wp-json\/wp\/v2\/posts\/29621","targetHints":{"allow":["GET"]}}],"collection":[{"href":"https:\/\/luchonoticias.com\/editor\/wp-json\/wp\/v2\/posts"}],"about":[{"href":"https:\/\/luchonoticias.com\/editor\/wp-json\/wp\/v2\/types\/post"}],"author":[{"embeddable":true,"href":"https:\/\/luchonoticias.com\/editor\/wp-json\/wp\/v2\/users\/1"}],"replies":[{"embeddable":true,"href":"https:\/\/luchonoticias.com\/editor\/wp-json\/wp\/v2\/comments?post=29621"}],"version-history":[{"count":0,"href":"https:\/\/luchonoticias.com\/editor\/wp-json\/wp\/v2\/posts\/29621\/revisions"}],"wp:attachment":[{"href":"https:\/\/luchonoticias.com\/editor\/wp-json\/wp\/v2\/media?parent=29621"}],"wp:term":[{"taxonomy":"category","embeddable":true,"href":"https:\/\/luchonoticias.com\/editor\/wp-json\/wp\/v2\/categories?post=29621"},{"taxonomy":"post_tag","embeddable":true,"href":"https:\/\/luchonoticias.com\/editor\/wp-json\/wp\/v2\/tags?post=29621"}],"curies":[{"name":"wp","href":"https:\/\/api.w.org\/{rel}","templated":true}]}}