{"id":29915,"date":"2022-07-19T05:02:11","date_gmt":"2022-07-19T10:02:11","guid":{"rendered":"https:\/\/luchonoticias.com\/?p=29915"},"modified":"2022-07-19T05:02:12","modified_gmt":"2022-07-19T10:02:12","slug":"huilenses-aun-tienen-plazo-para-pagar-el-impuesto-de-vehiculo","status":"publish","type":"post","link":"https:\/\/luchonoticias.com\/editor\/huilenses-aun-tienen-plazo-para-pagar-el-impuesto-de-vehiculo\/","title":{"rendered":"Huilenses aun tienen plazo para pagar el impuesto de veh\u00edculo"},"content":{"rendered":"\n<p><strong>A\u00fan est\u00e1 a tiempo<\/strong>&nbsp;para pagar el<strong>&nbsp;impuesto de veh\u00edculos en el Huila,<\/strong>&nbsp;sin embargo, el buen comportamiento de pago de quienes madrugaron para pagar y ganarse el descuento por \u201cpronto pago\u201d permitieron que el gobierno presente un&nbsp;<strong>proyecto nuevo ante la Asamblea para invertir en los huilenses.&nbsp;&nbsp;<\/strong><\/p>\n\n\n\n<p>\u201cLa Secretar\u00eda de Hacienda presenta a la Duma Departamental&nbsp;un&nbsp;<strong>proyecto de adici\u00f3n por el orden de $42.000 millones como producto del mayor recaudo<\/strong>, el buen comportamiento de pago y reactivaci\u00f3n econ\u00f3mica que han generado que nuestros c\u00e1lculos hayan sido inferiores a lo que est\u00e1 sucediendo, inferiores a lo que realmente est\u00e1 sucediendo,&nbsp;significa que&nbsp;<strong>contaremos con mayores recursos para ejecutar las obras que est\u00e1n consignadas<\/strong>&nbsp;en el Plan de Desarrollo \u201cHuila Crece\u201d \u201c afirm\u00f3 el Secretario de Hacienda del Huila, Andr\u00e9s Mauricio Mu\u00f1oz.<\/p>\n\n\n\n<p>El Gobierno Departamental&nbsp;<strong>ha dispuesto un mecanismo para que paguen de manera f\u00e1cil<\/strong>, se ha creado una app por medio de la cual se podr\u00e1 imprimir su recibo y pagarlo o continuar en la pasarela de pagos y hacerlo en l\u00ednea por medio de PSE.<\/p>\n\n\n\n<p>De igual manera&nbsp;<strong>la atenci\u00f3n al p\u00fablico por medio de la oficina de atenci\u00f3n al contribuyente<\/strong>&nbsp;ubicada en el primer piso&nbsp;<strong>contin\u00faa todo el a\u00f1o<\/strong>&nbsp;para quienes prefieren acercarse y recibir apoyo del personal capacitado para estos fines.<strong>&nbsp;El objetivo de la app&nbsp;<\/strong>es<strong>&nbsp;ahorrarle tiempo a las personas<\/strong>&nbsp;y que tengan de manera inmediata respuesta a su requerimiento.<\/p>\n\n\n\n<p>\u201cSeguimos haciendo la invitaci\u00f3n a los huilenses a que contin\u00faen con ese buen comportamiento de pagos record\u00e1ndoles que hasta el pr\u00f3ximo 31 de julio pueden pagar su impuesto vehicular sin sanciones ni intereses\u201d&nbsp; agreg\u00f3 el Secretario de Hacienda del Huila.<\/p>\n\n\n\n<p>En los Municipios de&nbsp;<strong>La Plata, Pitalito y Garz\u00f3n tambi\u00e9n hay oficinas satelitales<\/strong>&nbsp;de atenci\u00f3n al contribuyente, estas, est\u00e1n ubicadas en las alcald\u00edas y cumplen las mismas funciones que la principal en Neiva.&nbsp;<\/p>\n\n\n\n<p>La invitaci\u00f3n es a que&nbsp;<strong>utilicen los medios digitales como la p\u00e1gina web www.huila.gov.co<\/strong>&nbsp;o la app Impuestos Huila dispuesta para android e IOS&nbsp;pero sin olvidar que si no sabe usarlas o no tiene acceso a ellas puede acercarse a la oficina de contribuyente m\u00e1s cercana bien sea en municipios ya antes mencionados o en la capital, el objetivo es que evite las sanciones e intereses a los que se puede volver acreedor por su pago extempor\u00e1neo.<\/p>\n","protected":false},"excerpt":{"rendered":"<p>A\u00fan est\u00e1 a tiempo&nbsp;para pagar el&nbsp;impuesto de veh\u00edculos en el Huila,&nbsp;sin embargo, el buen comportamiento de pago de quienes madrugaron para pagar y ganarse el descuento por \u201cpronto pago\u201d permitieron que el gobierno presente un&nbsp;proyecto nuevo ante la Asamblea para invertir en los huilenses.&nbsp;&nbsp; \u201cLa Secretar\u00eda de Hacienda presenta a la Duma Departamental&nbsp;un&nbsp;proyecto de adici\u00f3n [&hellip;]<\/p>\n","protected":false},"author":1,"featured_media":0,"comment_status":"open","ping_status":"open","sticky":false,"template":"","format":"standard","meta":{"footnotes":""},"categories":[34],"tags":[],"class_list":["post-29915","post","type-post","status-publish","format-standard","hentry","category-deportes"],"yoast_head":"<!-- This site is optimized with the Yoast SEO plugin v26.6 - https:\/\/yoast.com\/wordpress\/plugins\/seo\/ -->\n<title>Huilenses aun tienen plazo para pagar el impuesto de veh\u00edculo -<\/title>\n<meta name=\"robots\" content=\"index, follow, max-snippet:-1, max-image-preview:large, max-video-preview:-1\" \/>\n<link rel=\"canonical\" href=\"https:\/\/luchonoticias.com\/editor\/huilenses-aun-tienen-plazo-para-pagar-el-impuesto-de-vehiculo\/\" \/>\n<meta property=\"og:locale\" content=\"es_ES\" \/>\n<meta property=\"og:type\" content=\"article\" \/>\n<meta property=\"og:title\" content=\"Huilenses aun tienen plazo para pagar el impuesto de veh\u00edculo -\" \/>\n<meta property=\"og:url\" content=\"https:\/\/luchonoticias.com\/editor\/huilenses-aun-tienen-plazo-para-pagar-el-impuesto-de-vehiculo\/\" \/>\n<meta property=\"article:publisher\" content=\"https:\/\/www.facebook.com\/luchonoticiasneiva\" \/>\n<meta property=\"article:author\" content=\"https:\/\/www.facebook.com\/luchonoticiasneiva\" \/>\n<meta property=\"article:published_time\" content=\"2022-07-19T10:02:11+00:00\" \/>\n<meta property=\"article:modified_time\" content=\"2022-07-19T10:02:12+00:00\" \/>\n<meta name=\"author\" content=\"admin\" \/>\n<meta name=\"twitter:card\" content=\"summary_large_image\" \/>\n<meta name=\"twitter:label1\" content=\"Escrito por\" \/>\n\t<meta name=\"twitter:data1\" content=\"admin\" \/>\n\t<meta name=\"twitter:label2\" content=\"Tiempo de lectura\" \/>\n\t<meta name=\"twitter:data2\" content=\"2 minutos\" \/>\n<script type=\"application\/ld+json\" class=\"yoast-schema-graph\">{\"@context\":\"https:\/\/schema.org\",\"@graph\":[{\"@type\":\"Article\",\"@id\":\"https:\/\/luchonoticias.com\/editor\/huilenses-aun-tienen-plazo-para-pagar-el-impuesto-de-vehiculo\/#article\",\"isPartOf\":{\"@id\":\"https:\/\/luchonoticias.com\/editor\/huilenses-aun-tienen-plazo-para-pagar-el-impuesto-de-vehiculo\/\"},\"author\":{\"name\":\"admin\",\"@id\":\"https:\/\/luchonoticias.com\/editor\/#\/schema\/person\/7a7fd911f58561fd056dbac7b55af9cd\"},\"headline\":\"Huilenses aun tienen plazo para pagar el impuesto de veh\u00edculo\",\"datePublished\":\"2022-07-19T10:02:11+00:00\",\"dateModified\":\"2022-07-19T10:02:12+00:00\",\"mainEntityOfPage\":{\"@id\":\"https:\/\/luchonoticias.com\/editor\/huilenses-aun-tienen-plazo-para-pagar-el-impuesto-de-vehiculo\/\"},\"wordCount\":455,\"commentCount\":0,\"publisher\":{\"@id\":\"https:\/\/luchonoticias.com\/editor\/#\/schema\/person\/7a7fd911f58561fd056dbac7b55af9cd\"},\"articleSection\":[\"Deportes\"],\"inLanguage\":\"es\",\"potentialAction\":[{\"@type\":\"CommentAction\",\"name\":\"Comment\",\"target\":[\"https:\/\/luchonoticias.com\/editor\/huilenses-aun-tienen-plazo-para-pagar-el-impuesto-de-vehiculo\/#respond\"]}]},{\"@type\":\"WebPage\",\"@id\":\"https:\/\/luchonoticias.com\/editor\/huilenses-aun-tienen-plazo-para-pagar-el-impuesto-de-vehiculo\/\",\"url\":\"https:\/\/luchonoticias.com\/editor\/huilenses-aun-tienen-plazo-para-pagar-el-impuesto-de-vehiculo\/\",\"name\":\"Huilenses aun tienen plazo para pagar el impuesto de veh\u00edculo -\",\"isPartOf\":{\"@id\":\"https:\/\/luchonoticias.com\/editor\/#website\"},\"datePublished\":\"2022-07-19T10:02:11+00:00\",\"dateModified\":\"2022-07-19T10:02:12+00:00\",\"breadcrumb\":{\"@id\":\"https:\/\/luchonoticias.com\/editor\/huilenses-aun-tienen-plazo-para-pagar-el-impuesto-de-vehiculo\/#breadcrumb\"},\"inLanguage\":\"es\",\"potentialAction\":[{\"@type\":\"ReadAction\",\"target\":[\"https:\/\/luchonoticias.com\/editor\/huilenses-aun-tienen-plazo-para-pagar-el-impuesto-de-vehiculo\/\"]}]},{\"@type\":\"BreadcrumbList\",\"@id\":\"https:\/\/luchonoticias.com\/editor\/huilenses-aun-tienen-plazo-para-pagar-el-impuesto-de-vehiculo\/#breadcrumb\",\"itemListElement\":[{\"@type\":\"ListItem\",\"position\":1,\"name\":\"Portada\",\"item\":\"https:\/\/luchonoticias.com\/editor\/\"},{\"@type\":\"ListItem\",\"position\":2,\"name\":\"Huilenses aun tienen plazo para pagar el impuesto de veh\u00edculo\"}]},{\"@type\":\"WebSite\",\"@id\":\"https:\/\/luchonoticias.com\/editor\/#website\",\"url\":\"https:\/\/luchonoticias.com\/editor\/\",\"name\":\"\",\"description\":\"\",\"publisher\":{\"@id\":\"https:\/\/luchonoticias.com\/editor\/#\/schema\/person\/7a7fd911f58561fd056dbac7b55af9cd\"},\"potentialAction\":[{\"@type\":\"SearchAction\",\"target\":{\"@type\":\"EntryPoint\",\"urlTemplate\":\"https:\/\/luchonoticias.com\/editor\/?s={search_term_string}\"},\"query-input\":{\"@type\":\"PropertyValueSpecification\",\"valueRequired\":true,\"valueName\":\"search_term_string\"}}],\"inLanguage\":\"es\"},{\"@type\":[\"Person\",\"Organization\"],\"@id\":\"https:\/\/luchonoticias.com\/editor\/#\/schema\/person\/7a7fd911f58561fd056dbac7b55af9cd\",\"name\":\"admin\",\"image\":{\"@type\":\"ImageObject\",\"inLanguage\":\"es\",\"@id\":\"https:\/\/luchonoticias.com\/editor\/#\/schema\/person\/image\/\",\"url\":\"https:\/\/luchonoticias.com\/editor\/wp-content\/uploads\/2024\/02\/cropped-cropped-logolu.webp\",\"contentUrl\":\"https:\/\/luchonoticias.com\/editor\/wp-content\/uploads\/2024\/02\/cropped-cropped-logolu.webp\",\"width\":382,\"height\":170,\"caption\":\"admin\"},\"logo\":{\"@id\":\"https:\/\/luchonoticias.com\/editor\/#\/schema\/person\/image\/\"},\"sameAs\":[\"https:\/\/www.facebook.com\/luchonoticiasneiva\"],\"url\":\"https:\/\/luchonoticias.com\/editor\/author\/admin\/\"}]}<\/script>\n<!-- \/ Yoast SEO plugin. -->","yoast_head_json":{"title":"Huilenses aun tienen plazo para pagar el impuesto de veh\u00edculo -","robots":{"index":"index","follow":"follow","max-snippet":"max-snippet:-1","max-image-preview":"max-image-preview:large","max-video-preview":"max-video-preview:-1"},"canonical":"https:\/\/luchonoticias.com\/editor\/huilenses-aun-tienen-plazo-para-pagar-el-impuesto-de-vehiculo\/","og_locale":"es_ES","og_type":"article","og_title":"Huilenses aun tienen plazo para pagar el impuesto de veh\u00edculo -","og_url":"https:\/\/luchonoticias.com\/editor\/huilenses-aun-tienen-plazo-para-pagar-el-impuesto-de-vehiculo\/","article_publisher":"https:\/\/www.facebook.com\/luchonoticiasneiva","article_author":"https:\/\/www.facebook.com\/luchonoticiasneiva","article_published_time":"2022-07-19T10:02:11+00:00","article_modified_time":"2022-07-19T10:02:12+00:00","author":"admin","twitter_card":"summary_large_image","twitter_misc":{"Escrito por":"admin","Tiempo de lectura":"2 minutos"},"schema":{"@context":"https:\/\/schema.org","@graph":[{"@type":"Article","@id":"https:\/\/luchonoticias.com\/editor\/huilenses-aun-tienen-plazo-para-pagar-el-impuesto-de-vehiculo\/#article","isPartOf":{"@id":"https:\/\/luchonoticias.com\/editor\/huilenses-aun-tienen-plazo-para-pagar-el-impuesto-de-vehiculo\/"},"author":{"name":"admin","@id":"https:\/\/luchonoticias.com\/editor\/#\/schema\/person\/7a7fd911f58561fd056dbac7b55af9cd"},"headline":"Huilenses aun tienen plazo para pagar el impuesto de veh\u00edculo","datePublished":"2022-07-19T10:02:11+00:00","dateModified":"2022-07-19T10:02:12+00:00","mainEntityOfPage":{"@id":"https:\/\/luchonoticias.com\/editor\/huilenses-aun-tienen-plazo-para-pagar-el-impuesto-de-vehiculo\/"},"wordCount":455,"commentCount":0,"publisher":{"@id":"https:\/\/luchonoticias.com\/editor\/#\/schema\/person\/7a7fd911f58561fd056dbac7b55af9cd"},"articleSection":["Deportes"],"inLanguage":"es","potentialAction":[{"@type":"CommentAction","name":"Comment","target":["https:\/\/luchonoticias.com\/editor\/huilenses-aun-tienen-plazo-para-pagar-el-impuesto-de-vehiculo\/#respond"]}]},{"@type":"WebPage","@id":"https:\/\/luchonoticias.com\/editor\/huilenses-aun-tienen-plazo-para-pagar-el-impuesto-de-vehiculo\/","url":"https:\/\/luchonoticias.com\/editor\/huilenses-aun-tienen-plazo-para-pagar-el-impuesto-de-vehiculo\/","name":"Huilenses aun tienen plazo para pagar el impuesto de veh\u00edculo -","isPartOf":{"@id":"https:\/\/luchonoticias.com\/editor\/#website"},"datePublished":"2022-07-19T10:02:11+00:00","dateModified":"2022-07-19T10:02:12+00:00","breadcrumb":{"@id":"https:\/\/luchonoticias.com\/editor\/huilenses-aun-tienen-plazo-para-pagar-el-impuesto-de-vehiculo\/#breadcrumb"},"inLanguage":"es","potentialAction":[{"@type":"ReadAction","target":["https:\/\/luchonoticias.com\/editor\/huilenses-aun-tienen-plazo-para-pagar-el-impuesto-de-vehiculo\/"]}]},{"@type":"BreadcrumbList","@id":"https:\/\/luchonoticias.com\/editor\/huilenses-aun-tienen-plazo-para-pagar-el-impuesto-de-vehiculo\/#breadcrumb","itemListElement":[{"@type":"ListItem","position":1,"name":"Portada","item":"https:\/\/luchonoticias.com\/editor\/"},{"@type":"ListItem","position":2,"name":"Huilenses aun tienen plazo para pagar el impuesto de veh\u00edculo"}]},{"@type":"WebSite","@id":"https:\/\/luchonoticias.com\/editor\/#website","url":"https:\/\/luchonoticias.com\/editor\/","name":"","description":"","publisher":{"@id":"https:\/\/luchonoticias.com\/editor\/#\/schema\/person\/7a7fd911f58561fd056dbac7b55af9cd"},"potentialAction":[{"@type":"SearchAction","target":{"@type":"EntryPoint","urlTemplate":"https:\/\/luchonoticias.com\/editor\/?s={search_term_string}"},"query-input":{"@type":"PropertyValueSpecification","valueRequired":true,"valueName":"search_term_string"}}],"inLanguage":"es"},{"@type":["Person","Organization"],"@id":"https:\/\/luchonoticias.com\/editor\/#\/schema\/person\/7a7fd911f58561fd056dbac7b55af9cd","name":"admin","image":{"@type":"ImageObject","inLanguage":"es","@id":"https:\/\/luchonoticias.com\/editor\/#\/schema\/person\/image\/","url":"https:\/\/luchonoticias.com\/editor\/wp-content\/uploads\/2024\/02\/cropped-cropped-logolu.webp","contentUrl":"https:\/\/luchonoticias.com\/editor\/wp-content\/uploads\/2024\/02\/cropped-cropped-logolu.webp","width":382,"height":170,"caption":"admin"},"logo":{"@id":"https:\/\/luchonoticias.com\/editor\/#\/schema\/person\/image\/"},"sameAs":["https:\/\/www.facebook.com\/luchonoticiasneiva"],"url":"https:\/\/luchonoticias.com\/editor\/author\/admin\/"}]}},"_links":{"self":[{"href":"https:\/\/luchonoticias.com\/editor\/wp-json\/wp\/v2\/posts\/29915","targetHints":{"allow":["GET"]}}],"collection":[{"href":"https:\/\/luchonoticias.com\/editor\/wp-json\/wp\/v2\/posts"}],"about":[{"href":"https:\/\/luchonoticias.com\/editor\/wp-json\/wp\/v2\/types\/post"}],"author":[{"embeddable":true,"href":"https:\/\/luchonoticias.com\/editor\/wp-json\/wp\/v2\/users\/1"}],"replies":[{"embeddable":true,"href":"https:\/\/luchonoticias.com\/editor\/wp-json\/wp\/v2\/comments?post=29915"}],"version-history":[{"count":0,"href":"https:\/\/luchonoticias.com\/editor\/wp-json\/wp\/v2\/posts\/29915\/revisions"}],"wp:attachment":[{"href":"https:\/\/luchonoticias.com\/editor\/wp-json\/wp\/v2\/media?parent=29915"}],"wp:term":[{"taxonomy":"category","embeddable":true,"href":"https:\/\/luchonoticias.com\/editor\/wp-json\/wp\/v2\/categories?post=29915"},{"taxonomy":"post_tag","embeddable":true,"href":"https:\/\/luchonoticias.com\/editor\/wp-json\/wp\/v2\/tags?post=29915"}],"curies":[{"name":"wp","href":"https:\/\/api.w.org\/{rel}","templated":true}]}}