{"id":29924,"date":"2022-07-19T06:45:40","date_gmt":"2022-07-19T11:45:40","guid":{"rendered":"https:\/\/luchonoticias.com\/?p=29924"},"modified":"2022-07-19T06:45:41","modified_gmt":"2022-07-19T11:45:41","slug":"ptar-sera-tema-de-debate-en-el-concejo-de-neiva","status":"publish","type":"post","link":"https:\/\/luchonoticias.com\/editor\/ptar-sera-tema-de-debate-en-el-concejo-de-neiva\/","title":{"rendered":"PTAR ser\u00e1 tema de debate en el Concejo de Neiva"},"content":{"rendered":"\n<p>Desde las ocho de hoy 19 de julio, la gerente de Las Ceibas \u2013 Empresas P\u00fablicas de Neiva, Gloria Constanza Vanegas Guti\u00e9rrez, estar\u00e1 en el recinto del Concejo atendiendo la invitaci\u00f3n que le hicieran los concejales Jhoan Steed Ortiz y Lourdes Mateus, para resolver algunas dudas sobre el proyecto de la Planta de Tratamiento de Aguas Residuales para Neiva \u2013 PTAR.<\/p>\n\n\n\n<p>El proyecto es una de las principales apuestas del alcalde Gorky Mu\u00f1oz Calder\u00f3n, para ponerle \u201cfreno\u201d a la contaminaci\u00f3n del r\u00edo Magdalena.<\/p>\n\n\n\n<figure class=\"wp-block-gallery has-nested-images columns-default is-cropped wp-block-gallery-1 is-layout-flex wp-block-gallery-is-layout-flex\">\n<figure class=\"wp-block-image size-large is-style-rounded\"><img decoding=\"async\" data-id=\"29926\" src=\"https:\/\/luchonoticias.com\/wp-content\/uploads\/2022\/07\/WhatsApp-Image-2022-07-18-at-5.23.27-PM-1.jpeg\" alt=\"\" class=\"wp-image-29926\"\/><\/figure>\n<\/figure>\n\n\n\n<p><strong>\u00bfEn qu\u00e9 va el proyecto?<\/strong><\/p>\n\n\n\n<p>Precisamente, la citaci\u00f3n de la corporaci\u00f3n edilicia es para dar a conocer a los concejales de la ciudad, en detalle, los \u00faltimos avances en que va el proyecto luego de la reciente visita del Director de la ANLA a Neiva, en la cual dio sus apreciaciones frente al ambicioso proyecto.<\/p>\n\n\n\n<p>\u201cEs bueno aclarar que la licencia no est\u00e1 denegada, sino que esta archivada y eso significa que se tiene la posibilidad de corregir y de presentar ante la ANLA nuevamente el proceso, en donde se establecer\u00e1n unas mesas t\u00e9cnicas y en la cual se trabajar\u00e1 con ellos, precisamente para subsanar estas correcciones\u201d, seg\u00fan lo indic\u00f3 la Gerente de Las Ceibas \u2013 Empresas P\u00fablicas de Neiva.<\/p>\n\n\n\n<p>La funcionaria, as\u00ed mismo desminti\u00f3 los rumores de que el proyecto de PTAR para Neiva vuelva a cero, como lo han hecho ver algunos y sostuvo que la consecuci\u00f3n de la licencia ambiental es uno de los principales requisitos para dar inicio a las obras que est\u00e1n contempladas en este proyecto.<\/p>\n\n\n\n<figure class=\"wp-block-gallery has-nested-images columns-default is-cropped wp-block-gallery-2 is-layout-flex wp-block-gallery-is-layout-flex\">\n<figure class=\"wp-block-image size-large\"><img decoding=\"async\" data-id=\"29927\" src=\"https:\/\/luchonoticias.com\/wp-content\/uploads\/2022\/07\/WhatsApp-Image-2022-07-18-at-5.23.27-PM-2.jpeg\" alt=\"\" class=\"wp-image-29927\"\/><\/figure>\n\n\n\n<figure class=\"wp-block-image size-large\"><img decoding=\"async\" data-id=\"29928\" src=\"https:\/\/luchonoticias.com\/wp-content\/uploads\/2022\/07\/WhatsApp-Image-2022-07-18-at-5.23.26-PM-1024x710.jpeg\" alt=\"\" class=\"wp-image-29928\"\/><\/figure>\n<\/figure>\n\n\n\n<p><strong>Costo del proyecto<\/strong><\/p>\n\n\n\n<p>El cierre financiero de este macroproyecto para Neiva, supone inversiones cercanas a los $256 mil millones, de los de los cuales el Gobierno Nacional se estima aportar\u00e1 m\u00e1s de $145 mil millones, unos 6.500 millones de pesos anuales durante 20 a\u00f1os, con recursos de vigencias futuras. Otros $20 mil millones los aportar\u00e1 el Ministerio de Vivienda para la primera fase.<\/p>\n\n\n\n<p>\u201cCuando nosotros llegamos hicimos la gesti\u00f3n ante el Ministerio de Vivienda, Ciudad y Territorio, logrando que este proyecto, que hoy se busca para la construcci\u00f3n de la planta de tratamiento de aguas residuales, obtuviera un concepto t\u00e9cnico favorable por medio del Ministerio, conforme a la Resoluci\u00f3n 0330 del a\u00f1o 2015. T\u00e9cnicamente el proyecto ya cumple con estos requisitos\u201d, indic\u00f3 Vanegas Guti\u00e9rrez.<\/p>\n\n\n\n<p>La infraestructura de la PTAR para la ciudad de Neiva incluye adem\u00e1s de la planta de tratamiento, un parque tecnol\u00f3gico, parque tem\u00e1tico, parque biosaludable, 70.000 m2 de zonas verdes, ciclorruta y la construcci\u00f3n de un jarill\u00f3n productivo, con el fin que las familias residentes en las zonas aleda\u00f1as a la PTAR puedan tener emprendimientos como huertas caseras, entre otros.<\/p>\n\n\n\n<figure class=\"wp-block-video\"><video controls src=\"https:\/\/luchonoticias.com\/wp-content\/uploads\/2022\/07\/WhatsApp-Video-2022-07-18-at-5.24.57-PM.mp4\"><\/video><\/figure>\n\n\n\n<blockquote class=\"wp-block-quote is-layout-flow wp-block-quote-is-layout-flow\"><p>Al d\u00eda de hoy, el terreno donde se construir\u00e1 la PTAR para Neiva, ya est\u00e1 previsto y es de 17.5 hect\u00e1reas.<\/p><cite>Gloria Constanza Vanegas, gerente Las Ceibas<\/cite><\/blockquote>\n","protected":false},"excerpt":{"rendered":"<p>Desde las ocho de hoy 19 de julio, la gerente de Las Ceibas \u2013 Empresas P\u00fablicas de Neiva, Gloria Constanza Vanegas Guti\u00e9rrez, estar\u00e1 en el recinto del Concejo atendiendo la invitaci\u00f3n que le hicieran los concejales Jhoan Steed Ortiz y Lourdes Mateus, para resolver algunas dudas sobre el proyecto de la Planta de Tratamiento de [&hellip;]<\/p>\n","protected":false},"author":1,"featured_media":0,"comment_status":"open","ping_status":"open","sticky":false,"template":"","format":"standard","meta":{"footnotes":""},"categories":[36,53],"tags":[],"class_list":["post-29924","post","type-post","status-publish","format-standard","hentry","category-destacado","category-neiva"],"yoast_head":"<!-- This site is optimized with the Yoast SEO plugin v26.6 - https:\/\/yoast.com\/wordpress\/plugins\/seo\/ -->\n<title>PTAR ser\u00e1 tema de debate en el Concejo de Neiva -<\/title>\n<meta name=\"robots\" content=\"index, follow, max-snippet:-1, max-image-preview:large, max-video-preview:-1\" \/>\n<link rel=\"canonical\" href=\"https:\/\/luchonoticias.com\/editor\/ptar-sera-tema-de-debate-en-el-concejo-de-neiva\/\" \/>\n<meta property=\"og:locale\" content=\"es_ES\" \/>\n<meta property=\"og:type\" content=\"article\" \/>\n<meta property=\"og:title\" content=\"PTAR ser\u00e1 tema de debate en el Concejo de Neiva -\" \/>\n<meta property=\"og:url\" content=\"https:\/\/luchonoticias.com\/editor\/ptar-sera-tema-de-debate-en-el-concejo-de-neiva\/\" \/>\n<meta property=\"article:publisher\" content=\"https:\/\/www.facebook.com\/luchonoticiasneiva\" \/>\n<meta property=\"article:author\" content=\"https:\/\/www.facebook.com\/luchonoticiasneiva\" \/>\n<meta property=\"article:published_time\" content=\"2022-07-19T11:45:40+00:00\" \/>\n<meta property=\"article:modified_time\" content=\"2022-07-19T11:45:41+00:00\" \/>\n<meta property=\"og:image\" content=\"https:\/\/luchonoticias.com\/wp-content\/uploads\/2022\/07\/WhatsApp-Image-2022-07-18-at-5.23.27-PM-1.jpeg\" \/>\n<meta name=\"author\" content=\"admin\" \/>\n<meta name=\"twitter:card\" content=\"summary_large_image\" \/>\n<meta name=\"twitter:label1\" content=\"Escrito por\" \/>\n\t<meta name=\"twitter:data1\" content=\"admin\" \/>\n\t<meta name=\"twitter:label2\" content=\"Tiempo de lectura\" \/>\n\t<meta name=\"twitter:data2\" content=\"2 minutos\" \/>\n<script type=\"application\/ld+json\" class=\"yoast-schema-graph\">{\"@context\":\"https:\/\/schema.org\",\"@graph\":[{\"@type\":\"Article\",\"@id\":\"https:\/\/luchonoticias.com\/editor\/ptar-sera-tema-de-debate-en-el-concejo-de-neiva\/#article\",\"isPartOf\":{\"@id\":\"https:\/\/luchonoticias.com\/editor\/ptar-sera-tema-de-debate-en-el-concejo-de-neiva\/\"},\"author\":{\"name\":\"admin\",\"@id\":\"https:\/\/luchonoticias.com\/editor\/#\/schema\/person\/7a7fd911f58561fd056dbac7b55af9cd\"},\"headline\":\"PTAR ser\u00e1 tema de debate en el Concejo de Neiva\",\"datePublished\":\"2022-07-19T11:45:40+00:00\",\"dateModified\":\"2022-07-19T11:45:41+00:00\",\"mainEntityOfPage\":{\"@id\":\"https:\/\/luchonoticias.com\/editor\/ptar-sera-tema-de-debate-en-el-concejo-de-neiva\/\"},\"wordCount\":493,\"commentCount\":0,\"publisher\":{\"@id\":\"https:\/\/luchonoticias.com\/editor\/#\/schema\/person\/7a7fd911f58561fd056dbac7b55af9cd\"},\"image\":{\"@id\":\"https:\/\/luchonoticias.com\/editor\/ptar-sera-tema-de-debate-en-el-concejo-de-neiva\/#primaryimage\"},\"thumbnailUrl\":\"https:\/\/luchonoticias.com\/wp-content\/uploads\/2022\/07\/WhatsApp-Image-2022-07-18-at-5.23.27-PM-1.jpeg\",\"articleSection\":[\"Destacado\",\"Neiva\"],\"inLanguage\":\"es\",\"potentialAction\":[{\"@type\":\"CommentAction\",\"name\":\"Comment\",\"target\":[\"https:\/\/luchonoticias.com\/editor\/ptar-sera-tema-de-debate-en-el-concejo-de-neiva\/#respond\"]}]},{\"@type\":\"WebPage\",\"@id\":\"https:\/\/luchonoticias.com\/editor\/ptar-sera-tema-de-debate-en-el-concejo-de-neiva\/\",\"url\":\"https:\/\/luchonoticias.com\/editor\/ptar-sera-tema-de-debate-en-el-concejo-de-neiva\/\",\"name\":\"PTAR ser\u00e1 tema de debate en el Concejo de Neiva -\",\"isPartOf\":{\"@id\":\"https:\/\/luchonoticias.com\/editor\/#website\"},\"primaryImageOfPage\":{\"@id\":\"https:\/\/luchonoticias.com\/editor\/ptar-sera-tema-de-debate-en-el-concejo-de-neiva\/#primaryimage\"},\"image\":{\"@id\":\"https:\/\/luchonoticias.com\/editor\/ptar-sera-tema-de-debate-en-el-concejo-de-neiva\/#primaryimage\"},\"thumbnailUrl\":\"https:\/\/luchonoticias.com\/wp-content\/uploads\/2022\/07\/WhatsApp-Image-2022-07-18-at-5.23.27-PM-1.jpeg\",\"datePublished\":\"2022-07-19T11:45:40+00:00\",\"dateModified\":\"2022-07-19T11:45:41+00:00\",\"breadcrumb\":{\"@id\":\"https:\/\/luchonoticias.com\/editor\/ptar-sera-tema-de-debate-en-el-concejo-de-neiva\/#breadcrumb\"},\"inLanguage\":\"es\",\"potentialAction\":[{\"@type\":\"ReadAction\",\"target\":[\"https:\/\/luchonoticias.com\/editor\/ptar-sera-tema-de-debate-en-el-concejo-de-neiva\/\"]}]},{\"@type\":\"ImageObject\",\"inLanguage\":\"es\",\"@id\":\"https:\/\/luchonoticias.com\/editor\/ptar-sera-tema-de-debate-en-el-concejo-de-neiva\/#primaryimage\",\"url\":\"https:\/\/luchonoticias.com\/wp-content\/uploads\/2022\/07\/WhatsApp-Image-2022-07-18-at-5.23.27-PM-1.jpeg\",\"contentUrl\":\"https:\/\/luchonoticias.com\/wp-content\/uploads\/2022\/07\/WhatsApp-Image-2022-07-18-at-5.23.27-PM-1.jpeg\"},{\"@type\":\"BreadcrumbList\",\"@id\":\"https:\/\/luchonoticias.com\/editor\/ptar-sera-tema-de-debate-en-el-concejo-de-neiva\/#breadcrumb\",\"itemListElement\":[{\"@type\":\"ListItem\",\"position\":1,\"name\":\"Portada\",\"item\":\"https:\/\/luchonoticias.com\/editor\/\"},{\"@type\":\"ListItem\",\"position\":2,\"name\":\"PTAR ser\u00e1 tema de debate en el Concejo de Neiva\"}]},{\"@type\":\"WebSite\",\"@id\":\"https:\/\/luchonoticias.com\/editor\/#website\",\"url\":\"https:\/\/luchonoticias.com\/editor\/\",\"name\":\"\",\"description\":\"\",\"publisher\":{\"@id\":\"https:\/\/luchonoticias.com\/editor\/#\/schema\/person\/7a7fd911f58561fd056dbac7b55af9cd\"},\"potentialAction\":[{\"@type\":\"SearchAction\",\"target\":{\"@type\":\"EntryPoint\",\"urlTemplate\":\"https:\/\/luchonoticias.com\/editor\/?s={search_term_string}\"},\"query-input\":{\"@type\":\"PropertyValueSpecification\",\"valueRequired\":true,\"valueName\":\"search_term_string\"}}],\"inLanguage\":\"es\"},{\"@type\":[\"Person\",\"Organization\"],\"@id\":\"https:\/\/luchonoticias.com\/editor\/#\/schema\/person\/7a7fd911f58561fd056dbac7b55af9cd\",\"name\":\"admin\",\"image\":{\"@type\":\"ImageObject\",\"inLanguage\":\"es\",\"@id\":\"https:\/\/luchonoticias.com\/editor\/#\/schema\/person\/image\/\",\"url\":\"https:\/\/luchonoticias.com\/editor\/wp-content\/uploads\/2024\/02\/cropped-cropped-logolu.webp\",\"contentUrl\":\"https:\/\/luchonoticias.com\/editor\/wp-content\/uploads\/2024\/02\/cropped-cropped-logolu.webp\",\"width\":382,\"height\":170,\"caption\":\"admin\"},\"logo\":{\"@id\":\"https:\/\/luchonoticias.com\/editor\/#\/schema\/person\/image\/\"},\"sameAs\":[\"https:\/\/www.facebook.com\/luchonoticiasneiva\"],\"url\":\"https:\/\/luchonoticias.com\/editor\/author\/admin\/\"}]}<\/script>\n<!-- \/ Yoast SEO plugin. -->","yoast_head_json":{"title":"PTAR ser\u00e1 tema de debate en el Concejo de Neiva -","robots":{"index":"index","follow":"follow","max-snippet":"max-snippet:-1","max-image-preview":"max-image-preview:large","max-video-preview":"max-video-preview:-1"},"canonical":"https:\/\/luchonoticias.com\/editor\/ptar-sera-tema-de-debate-en-el-concejo-de-neiva\/","og_locale":"es_ES","og_type":"article","og_title":"PTAR ser\u00e1 tema de debate en el Concejo de Neiva -","og_url":"https:\/\/luchonoticias.com\/editor\/ptar-sera-tema-de-debate-en-el-concejo-de-neiva\/","article_publisher":"https:\/\/www.facebook.com\/luchonoticiasneiva","article_author":"https:\/\/www.facebook.com\/luchonoticiasneiva","article_published_time":"2022-07-19T11:45:40+00:00","article_modified_time":"2022-07-19T11:45:41+00:00","og_image":[{"url":"https:\/\/luchonoticias.com\/wp-content\/uploads\/2022\/07\/WhatsApp-Image-2022-07-18-at-5.23.27-PM-1.jpeg","type":"","width":"","height":""}],"author":"admin","twitter_card":"summary_large_image","twitter_misc":{"Escrito por":"admin","Tiempo de lectura":"2 minutos"},"schema":{"@context":"https:\/\/schema.org","@graph":[{"@type":"Article","@id":"https:\/\/luchonoticias.com\/editor\/ptar-sera-tema-de-debate-en-el-concejo-de-neiva\/#article","isPartOf":{"@id":"https:\/\/luchonoticias.com\/editor\/ptar-sera-tema-de-debate-en-el-concejo-de-neiva\/"},"author":{"name":"admin","@id":"https:\/\/luchonoticias.com\/editor\/#\/schema\/person\/7a7fd911f58561fd056dbac7b55af9cd"},"headline":"PTAR ser\u00e1 tema de debate en el Concejo de Neiva","datePublished":"2022-07-19T11:45:40+00:00","dateModified":"2022-07-19T11:45:41+00:00","mainEntityOfPage":{"@id":"https:\/\/luchonoticias.com\/editor\/ptar-sera-tema-de-debate-en-el-concejo-de-neiva\/"},"wordCount":493,"commentCount":0,"publisher":{"@id":"https:\/\/luchonoticias.com\/editor\/#\/schema\/person\/7a7fd911f58561fd056dbac7b55af9cd"},"image":{"@id":"https:\/\/luchonoticias.com\/editor\/ptar-sera-tema-de-debate-en-el-concejo-de-neiva\/#primaryimage"},"thumbnailUrl":"https:\/\/luchonoticias.com\/wp-content\/uploads\/2022\/07\/WhatsApp-Image-2022-07-18-at-5.23.27-PM-1.jpeg","articleSection":["Destacado","Neiva"],"inLanguage":"es","potentialAction":[{"@type":"CommentAction","name":"Comment","target":["https:\/\/luchonoticias.com\/editor\/ptar-sera-tema-de-debate-en-el-concejo-de-neiva\/#respond"]}]},{"@type":"WebPage","@id":"https:\/\/luchonoticias.com\/editor\/ptar-sera-tema-de-debate-en-el-concejo-de-neiva\/","url":"https:\/\/luchonoticias.com\/editor\/ptar-sera-tema-de-debate-en-el-concejo-de-neiva\/","name":"PTAR ser\u00e1 tema de debate en el Concejo de Neiva -","isPartOf":{"@id":"https:\/\/luchonoticias.com\/editor\/#website"},"primaryImageOfPage":{"@id":"https:\/\/luchonoticias.com\/editor\/ptar-sera-tema-de-debate-en-el-concejo-de-neiva\/#primaryimage"},"image":{"@id":"https:\/\/luchonoticias.com\/editor\/ptar-sera-tema-de-debate-en-el-concejo-de-neiva\/#primaryimage"},"thumbnailUrl":"https:\/\/luchonoticias.com\/wp-content\/uploads\/2022\/07\/WhatsApp-Image-2022-07-18-at-5.23.27-PM-1.jpeg","datePublished":"2022-07-19T11:45:40+00:00","dateModified":"2022-07-19T11:45:41+00:00","breadcrumb":{"@id":"https:\/\/luchonoticias.com\/editor\/ptar-sera-tema-de-debate-en-el-concejo-de-neiva\/#breadcrumb"},"inLanguage":"es","potentialAction":[{"@type":"ReadAction","target":["https:\/\/luchonoticias.com\/editor\/ptar-sera-tema-de-debate-en-el-concejo-de-neiva\/"]}]},{"@type":"ImageObject","inLanguage":"es","@id":"https:\/\/luchonoticias.com\/editor\/ptar-sera-tema-de-debate-en-el-concejo-de-neiva\/#primaryimage","url":"https:\/\/luchonoticias.com\/wp-content\/uploads\/2022\/07\/WhatsApp-Image-2022-07-18-at-5.23.27-PM-1.jpeg","contentUrl":"https:\/\/luchonoticias.com\/wp-content\/uploads\/2022\/07\/WhatsApp-Image-2022-07-18-at-5.23.27-PM-1.jpeg"},{"@type":"BreadcrumbList","@id":"https:\/\/luchonoticias.com\/editor\/ptar-sera-tema-de-debate-en-el-concejo-de-neiva\/#breadcrumb","itemListElement":[{"@type":"ListItem","position":1,"name":"Portada","item":"https:\/\/luchonoticias.com\/editor\/"},{"@type":"ListItem","position":2,"name":"PTAR ser\u00e1 tema de debate en el Concejo de Neiva"}]},{"@type":"WebSite","@id":"https:\/\/luchonoticias.com\/editor\/#website","url":"https:\/\/luchonoticias.com\/editor\/","name":"","description":"","publisher":{"@id":"https:\/\/luchonoticias.com\/editor\/#\/schema\/person\/7a7fd911f58561fd056dbac7b55af9cd"},"potentialAction":[{"@type":"SearchAction","target":{"@type":"EntryPoint","urlTemplate":"https:\/\/luchonoticias.com\/editor\/?s={search_term_string}"},"query-input":{"@type":"PropertyValueSpecification","valueRequired":true,"valueName":"search_term_string"}}],"inLanguage":"es"},{"@type":["Person","Organization"],"@id":"https:\/\/luchonoticias.com\/editor\/#\/schema\/person\/7a7fd911f58561fd056dbac7b55af9cd","name":"admin","image":{"@type":"ImageObject","inLanguage":"es","@id":"https:\/\/luchonoticias.com\/editor\/#\/schema\/person\/image\/","url":"https:\/\/luchonoticias.com\/editor\/wp-content\/uploads\/2024\/02\/cropped-cropped-logolu.webp","contentUrl":"https:\/\/luchonoticias.com\/editor\/wp-content\/uploads\/2024\/02\/cropped-cropped-logolu.webp","width":382,"height":170,"caption":"admin"},"logo":{"@id":"https:\/\/luchonoticias.com\/editor\/#\/schema\/person\/image\/"},"sameAs":["https:\/\/www.facebook.com\/luchonoticiasneiva"],"url":"https:\/\/luchonoticias.com\/editor\/author\/admin\/"}]}},"_links":{"self":[{"href":"https:\/\/luchonoticias.com\/editor\/wp-json\/wp\/v2\/posts\/29924","targetHints":{"allow":["GET"]}}],"collection":[{"href":"https:\/\/luchonoticias.com\/editor\/wp-json\/wp\/v2\/posts"}],"about":[{"href":"https:\/\/luchonoticias.com\/editor\/wp-json\/wp\/v2\/types\/post"}],"author":[{"embeddable":true,"href":"https:\/\/luchonoticias.com\/editor\/wp-json\/wp\/v2\/users\/1"}],"replies":[{"embeddable":true,"href":"https:\/\/luchonoticias.com\/editor\/wp-json\/wp\/v2\/comments?post=29924"}],"version-history":[{"count":0,"href":"https:\/\/luchonoticias.com\/editor\/wp-json\/wp\/v2\/posts\/29924\/revisions"}],"wp:attachment":[{"href":"https:\/\/luchonoticias.com\/editor\/wp-json\/wp\/v2\/media?parent=29924"}],"wp:term":[{"taxonomy":"category","embeddable":true,"href":"https:\/\/luchonoticias.com\/editor\/wp-json\/wp\/v2\/categories?post=29924"},{"taxonomy":"post_tag","embeddable":true,"href":"https:\/\/luchonoticias.com\/editor\/wp-json\/wp\/v2\/tags?post=29924"}],"curies":[{"name":"wp","href":"https:\/\/api.w.org\/{rel}","templated":true}]}}