{"id":29953,"date":"2022-07-19T06:57:51","date_gmt":"2022-07-19T11:57:51","guid":{"rendered":"https:\/\/luchonoticias.com\/?p=29953"},"modified":"2022-07-19T06:57:52","modified_gmt":"2022-07-19T11:57:52","slug":"nuestra-preocupacion-es-trabajar-por-la-empresa-gerente-de-electrohuila","status":"publish","type":"post","link":"https:\/\/luchonoticias.com\/editor\/nuestra-preocupacion-es-trabajar-por-la-empresa-gerente-de-electrohuila\/","title":{"rendered":"Nuestra preocupaci\u00f3n es trabajar por la empresa: Gerente de Electrohuila"},"content":{"rendered":"\n<p>El gerente de la Electrificadora del Huila, Luis Ernesto Luna Ram\u00edrez asegur\u00f3 que en diferentes reuniones sostenidas con el ministro de Hacienda, Jos\u00e9 Manuel Restrepo, el funcionario le reiter\u00f3 que el gobierno no est\u00e1 pensando en vender la empresa, que es patrimonio de los huilenses.<\/p>\n\n\n\n<p>De hecho agreg\u00f3 que la misma informaci\u00f3n ha sido entregada al gobernador Luis Enrique Duss\u00e1n L\u00f3pez.<\/p>\n\n\n\n<p>No obstante, Luna Ram\u00edrez subray\u00f3 que lo que s\u00ed es cierto es que actualmente el gobierno nacional adelanta un proceso de valoraci\u00f3n de varias de las electrificadoras del pa\u00eds, entre ellas la del Huila.<\/p>\n\n\n\n<p>Se trata de un proceso que se debe hacer cada tres a\u00f1os por parte del gobierno nacional en calidad de accionista.<\/p>\n\n\n\n<p>\u201cNunca hemos negado que se est\u00e9 adelantando una valoraci\u00f3n a Electrohuila, y de hecho no es la \u00fanica. Finalmente lo que estamos haciendo es cumplir con nuestro compromiso de trabajar y optimizar el servicio que presta la empresa\u201d, advirti\u00f3 Luna Ram\u00edrez.<\/p>\n\n\n\n<figure class=\"wp-block-image size-large is-style-rounded\"><img decoding=\"async\" src=\"https:\/\/luchonoticias.com\/wp-content\/uploads\/2022\/07\/290151841_10159948678395561_196665237432668639_n-1024x683.jpg\" alt=\"\" class=\"wp-image-29955\"\/><\/figure>\n\n\n\n<p><strong>C\u00f3mo identificar los operarios de Electrohuila<\/strong><\/p>\n\n\n\n<p>A diario, la Electrificadora del Huila adelanta acciones de revisi\u00f3n en diferentes sectores del departamento con el fin de ofrecer un servicio de calidad a sus usuarios.<\/p>\n\n\n\n<p>Sin embargo, para evitar situaciones de inseguridad que pongan en peligro la integridad de los usuarios, es necesario seguir las recomendaciones como la identificaci\u00f3n real de &nbsp;los operarios. &nbsp;<\/p>\n\n\n\n<p>Seg\u00fan el ingeniero Fernando Gallego, jefe (e) de Divisi\u00f3n de Control de P\u00e9rdidas, antes de cualquier intervenci\u00f3n en su vivienda, se requiere saber que ning\u00fan empleado de Electrohuila esta autorizado para ingresar a una vivienda, con algunas contadas excepciones.<\/p>\n\n\n\n<p>De acuerdo con el contrato de condiciones uniformes, es obligaci\u00f3n de los usuarios permitir el ingreso a la viviendas, en los casos de revisi\u00f3n de medidores as\u00ed como de la instalaci\u00f3n pero entendiendo que se trata desde esta hacia el poste.<\/p>\n\n\n\n<p>Esta clase de procedimientos se hacen de acuerdo con un plan de trabajo de los contratistas, que suele ser semanal. En consecuencia, tanto Electrohuila como la empresa contratista tienen pleno conocimiento de los lugares donde se llevar\u00e1n a cabo las obras programadas.<\/p>\n\n\n\n<p>As\u00ed que si el usuario tuviera alguna duda sobre los operarios o su actuaci\u00f3n, lo que tiene que hacer es llamar al Contac Center de la Electrificadora (8604100 en Neiva o la l\u00ednea nacional 018000952115).<\/p>\n\n\n\n<p>\u201cAll\u00ed se puede hacer una verificaci\u00f3n de datos de las personas que se est\u00e1n identificando como funcionario de Electrohuila\u201d, advierte Gallego.<\/p>\n\n\n\n<figure class=\"wp-block-image size-large is-style-rounded\"><img decoding=\"async\" src=\"https:\/\/luchonoticias.com\/wp-content\/uploads\/2022\/07\/290190219_10159948678100561_60032706524264878_n-1024x683.jpg\" alt=\"\" class=\"wp-image-29956\"\/><\/figure>\n\n\n\n<p><strong>Otras recomendaciones<\/strong><\/p>\n\n\n\n<p>Sin embargo, Electrohuila advierte que absolutamente todos sus contratistas pueden ser f\u00e1cilmente identificados, pues obligatoriamente deben llevar la dotaci\u00f3n que lleva el logo de la entidad, el nombre del contratista y el de la empresa a donde est\u00e1 vinculado.<\/p>\n\n\n\n<p>Adicionalmente, deben portar un carnet con foto, nombre completo, n\u00famero de c\u00e9dula as\u00ed como el de la empresa contratante.<\/p>\n\n\n\n<p>\u201cEsto con el fin de que de alguna manera, si hay dudas, pues eventualmente el usuario podr\u00eda pedirle que se identifique con la c\u00e9dula\u201d, &nbsp;puntualiz\u00f3 Gallego.<\/p>\n\n\n\n<p>Pero igualmente es importante saber que en la mayor parte de las revisiones de control de medici\u00f3n no es necesario que el operario ingrese a la vivienda del usuario, solo en casos especiales en los que \u00e9ste lo solicite para detectar las causas de consumo alto o problemas con el medidor, entre otros.<\/p>\n","protected":false},"excerpt":{"rendered":"<p>El gerente de la Electrificadora del Huila, Luis Ernesto Luna Ram\u00edrez asegur\u00f3 que en diferentes reuniones sostenidas con el ministro de Hacienda, Jos\u00e9 Manuel Restrepo, el funcionario le reiter\u00f3 que el gobierno no est\u00e1 pensando en vender la empresa, que es patrimonio de los huilenses. De hecho agreg\u00f3 que la misma informaci\u00f3n ha sido entregada [&hellip;]<\/p>\n","protected":false},"author":1,"featured_media":0,"comment_status":"open","ping_status":"open","sticky":false,"template":"","format":"standard","meta":{"footnotes":""},"categories":[36,33],"tags":[],"class_list":["post-29953","post","type-post","status-publish","format-standard","hentry","category-destacado","category-huila"],"yoast_head":"<!-- This site is optimized with the Yoast SEO plugin v26.6 - https:\/\/yoast.com\/wordpress\/plugins\/seo\/ -->\n<title>Nuestra preocupaci\u00f3n es trabajar por la empresa: Gerente de Electrohuila -<\/title>\n<meta name=\"robots\" content=\"index, follow, max-snippet:-1, max-image-preview:large, max-video-preview:-1\" \/>\n<link rel=\"canonical\" href=\"https:\/\/luchonoticias.com\/editor\/nuestra-preocupacion-es-trabajar-por-la-empresa-gerente-de-electrohuila\/\" \/>\n<meta property=\"og:locale\" content=\"es_ES\" \/>\n<meta property=\"og:type\" content=\"article\" \/>\n<meta property=\"og:title\" content=\"Nuestra preocupaci\u00f3n es trabajar por la empresa: Gerente de Electrohuila -\" \/>\n<meta property=\"og:url\" content=\"https:\/\/luchonoticias.com\/editor\/nuestra-preocupacion-es-trabajar-por-la-empresa-gerente-de-electrohuila\/\" \/>\n<meta property=\"article:publisher\" content=\"https:\/\/www.facebook.com\/luchonoticiasneiva\" \/>\n<meta property=\"article:author\" content=\"https:\/\/www.facebook.com\/luchonoticiasneiva\" \/>\n<meta property=\"article:published_time\" content=\"2022-07-19T11:57:51+00:00\" \/>\n<meta property=\"article:modified_time\" content=\"2022-07-19T11:57:52+00:00\" \/>\n<meta property=\"og:image\" content=\"https:\/\/luchonoticias.com\/wp-content\/uploads\/2022\/07\/290151841_10159948678395561_196665237432668639_n-1024x683.jpg\" \/>\n<meta name=\"author\" content=\"admin\" \/>\n<meta name=\"twitter:card\" content=\"summary_large_image\" \/>\n<meta name=\"twitter:label1\" content=\"Escrito por\" \/>\n\t<meta name=\"twitter:data1\" content=\"admin\" \/>\n\t<meta name=\"twitter:label2\" content=\"Tiempo de lectura\" \/>\n\t<meta name=\"twitter:data2\" content=\"3 minutos\" \/>\n<script type=\"application\/ld+json\" class=\"yoast-schema-graph\">{\"@context\":\"https:\/\/schema.org\",\"@graph\":[{\"@type\":\"Article\",\"@id\":\"https:\/\/luchonoticias.com\/editor\/nuestra-preocupacion-es-trabajar-por-la-empresa-gerente-de-electrohuila\/#article\",\"isPartOf\":{\"@id\":\"https:\/\/luchonoticias.com\/editor\/nuestra-preocupacion-es-trabajar-por-la-empresa-gerente-de-electrohuila\/\"},\"author\":{\"name\":\"admin\",\"@id\":\"https:\/\/luchonoticias.com\/editor\/#\/schema\/person\/7a7fd911f58561fd056dbac7b55af9cd\"},\"headline\":\"Nuestra preocupaci\u00f3n es trabajar por la empresa: Gerente de Electrohuila\",\"datePublished\":\"2022-07-19T11:57:51+00:00\",\"dateModified\":\"2022-07-19T11:57:52+00:00\",\"mainEntityOfPage\":{\"@id\":\"https:\/\/luchonoticias.com\/editor\/nuestra-preocupacion-es-trabajar-por-la-empresa-gerente-de-electrohuila\/\"},\"wordCount\":580,\"commentCount\":0,\"publisher\":{\"@id\":\"https:\/\/luchonoticias.com\/editor\/#\/schema\/person\/7a7fd911f58561fd056dbac7b55af9cd\"},\"image\":{\"@id\":\"https:\/\/luchonoticias.com\/editor\/nuestra-preocupacion-es-trabajar-por-la-empresa-gerente-de-electrohuila\/#primaryimage\"},\"thumbnailUrl\":\"https:\/\/luchonoticias.com\/wp-content\/uploads\/2022\/07\/290151841_10159948678395561_196665237432668639_n-1024x683.jpg\",\"articleSection\":[\"Destacado\",\"Huila\"],\"inLanguage\":\"es\",\"potentialAction\":[{\"@type\":\"CommentAction\",\"name\":\"Comment\",\"target\":[\"https:\/\/luchonoticias.com\/editor\/nuestra-preocupacion-es-trabajar-por-la-empresa-gerente-de-electrohuila\/#respond\"]}]},{\"@type\":\"WebPage\",\"@id\":\"https:\/\/luchonoticias.com\/editor\/nuestra-preocupacion-es-trabajar-por-la-empresa-gerente-de-electrohuila\/\",\"url\":\"https:\/\/luchonoticias.com\/editor\/nuestra-preocupacion-es-trabajar-por-la-empresa-gerente-de-electrohuila\/\",\"name\":\"Nuestra preocupaci\u00f3n es trabajar por la empresa: Gerente de Electrohuila -\",\"isPartOf\":{\"@id\":\"https:\/\/luchonoticias.com\/editor\/#website\"},\"primaryImageOfPage\":{\"@id\":\"https:\/\/luchonoticias.com\/editor\/nuestra-preocupacion-es-trabajar-por-la-empresa-gerente-de-electrohuila\/#primaryimage\"},\"image\":{\"@id\":\"https:\/\/luchonoticias.com\/editor\/nuestra-preocupacion-es-trabajar-por-la-empresa-gerente-de-electrohuila\/#primaryimage\"},\"thumbnailUrl\":\"https:\/\/luchonoticias.com\/wp-content\/uploads\/2022\/07\/290151841_10159948678395561_196665237432668639_n-1024x683.jpg\",\"datePublished\":\"2022-07-19T11:57:51+00:00\",\"dateModified\":\"2022-07-19T11:57:52+00:00\",\"breadcrumb\":{\"@id\":\"https:\/\/luchonoticias.com\/editor\/nuestra-preocupacion-es-trabajar-por-la-empresa-gerente-de-electrohuila\/#breadcrumb\"},\"inLanguage\":\"es\",\"potentialAction\":[{\"@type\":\"ReadAction\",\"target\":[\"https:\/\/luchonoticias.com\/editor\/nuestra-preocupacion-es-trabajar-por-la-empresa-gerente-de-electrohuila\/\"]}]},{\"@type\":\"ImageObject\",\"inLanguage\":\"es\",\"@id\":\"https:\/\/luchonoticias.com\/editor\/nuestra-preocupacion-es-trabajar-por-la-empresa-gerente-de-electrohuila\/#primaryimage\",\"url\":\"https:\/\/luchonoticias.com\/wp-content\/uploads\/2022\/07\/290151841_10159948678395561_196665237432668639_n-1024x683.jpg\",\"contentUrl\":\"https:\/\/luchonoticias.com\/wp-content\/uploads\/2022\/07\/290151841_10159948678395561_196665237432668639_n-1024x683.jpg\"},{\"@type\":\"BreadcrumbList\",\"@id\":\"https:\/\/luchonoticias.com\/editor\/nuestra-preocupacion-es-trabajar-por-la-empresa-gerente-de-electrohuila\/#breadcrumb\",\"itemListElement\":[{\"@type\":\"ListItem\",\"position\":1,\"name\":\"Portada\",\"item\":\"https:\/\/luchonoticias.com\/editor\/\"},{\"@type\":\"ListItem\",\"position\":2,\"name\":\"Nuestra preocupaci\u00f3n es trabajar por la empresa: Gerente de Electrohuila\"}]},{\"@type\":\"WebSite\",\"@id\":\"https:\/\/luchonoticias.com\/editor\/#website\",\"url\":\"https:\/\/luchonoticias.com\/editor\/\",\"name\":\"\",\"description\":\"\",\"publisher\":{\"@id\":\"https:\/\/luchonoticias.com\/editor\/#\/schema\/person\/7a7fd911f58561fd056dbac7b55af9cd\"},\"potentialAction\":[{\"@type\":\"SearchAction\",\"target\":{\"@type\":\"EntryPoint\",\"urlTemplate\":\"https:\/\/luchonoticias.com\/editor\/?s={search_term_string}\"},\"query-input\":{\"@type\":\"PropertyValueSpecification\",\"valueRequired\":true,\"valueName\":\"search_term_string\"}}],\"inLanguage\":\"es\"},{\"@type\":[\"Person\",\"Organization\"],\"@id\":\"https:\/\/luchonoticias.com\/editor\/#\/schema\/person\/7a7fd911f58561fd056dbac7b55af9cd\",\"name\":\"admin\",\"image\":{\"@type\":\"ImageObject\",\"inLanguage\":\"es\",\"@id\":\"https:\/\/luchonoticias.com\/editor\/#\/schema\/person\/image\/\",\"url\":\"https:\/\/luchonoticias.com\/editor\/wp-content\/uploads\/2024\/02\/cropped-cropped-logolu.webp\",\"contentUrl\":\"https:\/\/luchonoticias.com\/editor\/wp-content\/uploads\/2024\/02\/cropped-cropped-logolu.webp\",\"width\":382,\"height\":170,\"caption\":\"admin\"},\"logo\":{\"@id\":\"https:\/\/luchonoticias.com\/editor\/#\/schema\/person\/image\/\"},\"sameAs\":[\"https:\/\/www.facebook.com\/luchonoticiasneiva\"],\"url\":\"https:\/\/luchonoticias.com\/editor\/author\/admin\/\"}]}<\/script>\n<!-- \/ Yoast SEO plugin. -->","yoast_head_json":{"title":"Nuestra preocupaci\u00f3n es trabajar por la empresa: Gerente de Electrohuila -","robots":{"index":"index","follow":"follow","max-snippet":"max-snippet:-1","max-image-preview":"max-image-preview:large","max-video-preview":"max-video-preview:-1"},"canonical":"https:\/\/luchonoticias.com\/editor\/nuestra-preocupacion-es-trabajar-por-la-empresa-gerente-de-electrohuila\/","og_locale":"es_ES","og_type":"article","og_title":"Nuestra preocupaci\u00f3n es trabajar por la empresa: Gerente de Electrohuila -","og_url":"https:\/\/luchonoticias.com\/editor\/nuestra-preocupacion-es-trabajar-por-la-empresa-gerente-de-electrohuila\/","article_publisher":"https:\/\/www.facebook.com\/luchonoticiasneiva","article_author":"https:\/\/www.facebook.com\/luchonoticiasneiva","article_published_time":"2022-07-19T11:57:51+00:00","article_modified_time":"2022-07-19T11:57:52+00:00","og_image":[{"url":"https:\/\/luchonoticias.com\/wp-content\/uploads\/2022\/07\/290151841_10159948678395561_196665237432668639_n-1024x683.jpg","type":"","width":"","height":""}],"author":"admin","twitter_card":"summary_large_image","twitter_misc":{"Escrito por":"admin","Tiempo de lectura":"3 minutos"},"schema":{"@context":"https:\/\/schema.org","@graph":[{"@type":"Article","@id":"https:\/\/luchonoticias.com\/editor\/nuestra-preocupacion-es-trabajar-por-la-empresa-gerente-de-electrohuila\/#article","isPartOf":{"@id":"https:\/\/luchonoticias.com\/editor\/nuestra-preocupacion-es-trabajar-por-la-empresa-gerente-de-electrohuila\/"},"author":{"name":"admin","@id":"https:\/\/luchonoticias.com\/editor\/#\/schema\/person\/7a7fd911f58561fd056dbac7b55af9cd"},"headline":"Nuestra preocupaci\u00f3n es trabajar por la empresa: Gerente de Electrohuila","datePublished":"2022-07-19T11:57:51+00:00","dateModified":"2022-07-19T11:57:52+00:00","mainEntityOfPage":{"@id":"https:\/\/luchonoticias.com\/editor\/nuestra-preocupacion-es-trabajar-por-la-empresa-gerente-de-electrohuila\/"},"wordCount":580,"commentCount":0,"publisher":{"@id":"https:\/\/luchonoticias.com\/editor\/#\/schema\/person\/7a7fd911f58561fd056dbac7b55af9cd"},"image":{"@id":"https:\/\/luchonoticias.com\/editor\/nuestra-preocupacion-es-trabajar-por-la-empresa-gerente-de-electrohuila\/#primaryimage"},"thumbnailUrl":"https:\/\/luchonoticias.com\/wp-content\/uploads\/2022\/07\/290151841_10159948678395561_196665237432668639_n-1024x683.jpg","articleSection":["Destacado","Huila"],"inLanguage":"es","potentialAction":[{"@type":"CommentAction","name":"Comment","target":["https:\/\/luchonoticias.com\/editor\/nuestra-preocupacion-es-trabajar-por-la-empresa-gerente-de-electrohuila\/#respond"]}]},{"@type":"WebPage","@id":"https:\/\/luchonoticias.com\/editor\/nuestra-preocupacion-es-trabajar-por-la-empresa-gerente-de-electrohuila\/","url":"https:\/\/luchonoticias.com\/editor\/nuestra-preocupacion-es-trabajar-por-la-empresa-gerente-de-electrohuila\/","name":"Nuestra preocupaci\u00f3n es trabajar por la empresa: Gerente de Electrohuila -","isPartOf":{"@id":"https:\/\/luchonoticias.com\/editor\/#website"},"primaryImageOfPage":{"@id":"https:\/\/luchonoticias.com\/editor\/nuestra-preocupacion-es-trabajar-por-la-empresa-gerente-de-electrohuila\/#primaryimage"},"image":{"@id":"https:\/\/luchonoticias.com\/editor\/nuestra-preocupacion-es-trabajar-por-la-empresa-gerente-de-electrohuila\/#primaryimage"},"thumbnailUrl":"https:\/\/luchonoticias.com\/wp-content\/uploads\/2022\/07\/290151841_10159948678395561_196665237432668639_n-1024x683.jpg","datePublished":"2022-07-19T11:57:51+00:00","dateModified":"2022-07-19T11:57:52+00:00","breadcrumb":{"@id":"https:\/\/luchonoticias.com\/editor\/nuestra-preocupacion-es-trabajar-por-la-empresa-gerente-de-electrohuila\/#breadcrumb"},"inLanguage":"es","potentialAction":[{"@type":"ReadAction","target":["https:\/\/luchonoticias.com\/editor\/nuestra-preocupacion-es-trabajar-por-la-empresa-gerente-de-electrohuila\/"]}]},{"@type":"ImageObject","inLanguage":"es","@id":"https:\/\/luchonoticias.com\/editor\/nuestra-preocupacion-es-trabajar-por-la-empresa-gerente-de-electrohuila\/#primaryimage","url":"https:\/\/luchonoticias.com\/wp-content\/uploads\/2022\/07\/290151841_10159948678395561_196665237432668639_n-1024x683.jpg","contentUrl":"https:\/\/luchonoticias.com\/wp-content\/uploads\/2022\/07\/290151841_10159948678395561_196665237432668639_n-1024x683.jpg"},{"@type":"BreadcrumbList","@id":"https:\/\/luchonoticias.com\/editor\/nuestra-preocupacion-es-trabajar-por-la-empresa-gerente-de-electrohuila\/#breadcrumb","itemListElement":[{"@type":"ListItem","position":1,"name":"Portada","item":"https:\/\/luchonoticias.com\/editor\/"},{"@type":"ListItem","position":2,"name":"Nuestra preocupaci\u00f3n es trabajar por la empresa: Gerente de Electrohuila"}]},{"@type":"WebSite","@id":"https:\/\/luchonoticias.com\/editor\/#website","url":"https:\/\/luchonoticias.com\/editor\/","name":"","description":"","publisher":{"@id":"https:\/\/luchonoticias.com\/editor\/#\/schema\/person\/7a7fd911f58561fd056dbac7b55af9cd"},"potentialAction":[{"@type":"SearchAction","target":{"@type":"EntryPoint","urlTemplate":"https:\/\/luchonoticias.com\/editor\/?s={search_term_string}"},"query-input":{"@type":"PropertyValueSpecification","valueRequired":true,"valueName":"search_term_string"}}],"inLanguage":"es"},{"@type":["Person","Organization"],"@id":"https:\/\/luchonoticias.com\/editor\/#\/schema\/person\/7a7fd911f58561fd056dbac7b55af9cd","name":"admin","image":{"@type":"ImageObject","inLanguage":"es","@id":"https:\/\/luchonoticias.com\/editor\/#\/schema\/person\/image\/","url":"https:\/\/luchonoticias.com\/editor\/wp-content\/uploads\/2024\/02\/cropped-cropped-logolu.webp","contentUrl":"https:\/\/luchonoticias.com\/editor\/wp-content\/uploads\/2024\/02\/cropped-cropped-logolu.webp","width":382,"height":170,"caption":"admin"},"logo":{"@id":"https:\/\/luchonoticias.com\/editor\/#\/schema\/person\/image\/"},"sameAs":["https:\/\/www.facebook.com\/luchonoticiasneiva"],"url":"https:\/\/luchonoticias.com\/editor\/author\/admin\/"}]}},"_links":{"self":[{"href":"https:\/\/luchonoticias.com\/editor\/wp-json\/wp\/v2\/posts\/29953","targetHints":{"allow":["GET"]}}],"collection":[{"href":"https:\/\/luchonoticias.com\/editor\/wp-json\/wp\/v2\/posts"}],"about":[{"href":"https:\/\/luchonoticias.com\/editor\/wp-json\/wp\/v2\/types\/post"}],"author":[{"embeddable":true,"href":"https:\/\/luchonoticias.com\/editor\/wp-json\/wp\/v2\/users\/1"}],"replies":[{"embeddable":true,"href":"https:\/\/luchonoticias.com\/editor\/wp-json\/wp\/v2\/comments?post=29953"}],"version-history":[{"count":0,"href":"https:\/\/luchonoticias.com\/editor\/wp-json\/wp\/v2\/posts\/29953\/revisions"}],"wp:attachment":[{"href":"https:\/\/luchonoticias.com\/editor\/wp-json\/wp\/v2\/media?parent=29953"}],"wp:term":[{"taxonomy":"category","embeddable":true,"href":"https:\/\/luchonoticias.com\/editor\/wp-json\/wp\/v2\/categories?post=29953"},{"taxonomy":"post_tag","embeddable":true,"href":"https:\/\/luchonoticias.com\/editor\/wp-json\/wp\/v2\/tags?post=29953"}],"curies":[{"name":"wp","href":"https:\/\/api.w.org\/{rel}","templated":true}]}}