{"id":30006,"date":"2022-07-20T06:41:41","date_gmt":"2022-07-20T11:41:41","guid":{"rendered":"https:\/\/luchonoticias.com\/?p=30006"},"modified":"2022-07-20T06:41:42","modified_gmt":"2022-07-20T11:41:42","slug":"ventas-por-10-millones-de-pesos-en-feria-de-emprendimiento-neiva-vida-y-paz","status":"publish","type":"post","link":"https:\/\/luchonoticias.com\/editor\/ventas-por-10-millones-de-pesos-en-feria-de-emprendimiento-neiva-vida-y-paz\/","title":{"rendered":"Ventas por 10 millones de pesos en Feria de Emprendimiento \u2018Neiva, Vida y Paz\u2019"},"content":{"rendered":"\n<p>En el Centro Comercial Santa Luc\u00eda Plaza se llev\u00f3 a cabo la Feria de Emprendimiento \u2018Neiva, Vida y Paz\u2019 organizada por la Alcald\u00eda de Neiva, a trav\u00e9s del Centro de Emprendimiento y Generaci\u00f3n de Oportunidades, CEGO.<\/p>\n\n\n\n<p>Gracias a la articulaci\u00f3n entre el Centro Comercial y la Administraci\u00f3n Municipal, veinte emprendedores tuvieron la oportunidad de ofertar sus productos los d\u00edas 15, 16 y 17 de julio en la plazoleta del Santa Luc\u00eda Plaza.<\/p>\n\n\n\n<figure class=\"wp-block-gallery has-nested-images columns-default is-cropped wp-block-gallery-1 is-layout-flex wp-block-gallery-is-layout-flex\">\n<figure class=\"wp-block-image size-large\"><img decoding=\"async\" data-id=\"30008\" src=\"https:\/\/luchonoticias.com\/wp-content\/uploads\/2022\/07\/WhatsApp-Image-2022-07-19-at-6.52.43-PM-2-1024x682.jpeg\" alt=\"\" class=\"wp-image-30008\"\/><\/figure>\n\n\n\n<figure class=\"wp-block-image size-large\"><img decoding=\"async\" data-id=\"30010\" src=\"https:\/\/luchonoticias.com\/wp-content\/uploads\/2022\/07\/WhatsApp-Image-2022-07-19-at-6.52.43-PM-1-1024x682.jpeg\" alt=\"\" class=\"wp-image-30010\"\/><\/figure>\n\n\n\n<figure class=\"wp-block-image size-large\"><img decoding=\"async\" data-id=\"30009\" src=\"https:\/\/luchonoticias.com\/wp-content\/uploads\/2022\/07\/WhatsApp-Image-2022-07-19-at-6.52.43-PM-1024x682.jpeg\" alt=\"\" class=\"wp-image-30009\"\/><\/figure>\n<\/figure>\n\n\n\n<p>\u201cDesde la Administraci\u00f3n Municipal, en cabeza del alcalde de Neiva Gorky Mu\u00f1oz Calder\u00f3n, hemos venido trabajando de la mano de todos los emprendedores del municipio y en esta oportunidad pudimos articularnos con las entidades privadas como el Centro Comercial Santa Luc\u00eda Plaza, que nos abri\u00f3 sus puertas para hacer nuestra primera feria de emprendimiento en sus instalaciones\u201d, sostuvo Natalia Alejandra Ortiz Valderrama, l\u00edder del CEGO.<\/p>\n\n\n\n<p>Seg\u00fan dio a conocer la funcionaria, los emprendedores lograron obtener ventas de 10 millones de pesos, durante los tres d\u00edas de la actividad, donde gracias a esto, los neivanos y turistas conocieron un poco m\u00e1s de emprendimientos.<\/p>\n\n\n\n<p>\u201cEsto es un esfuerzo arduo que se hace desde la Administraci\u00f3n Municipal para temas de log\u00edstica y el Centro Comercial que nos abre sus puertas para poder seguir acompa\u00f1ando a todos los emprendedores e incentivar el consumo del producto local, esperamos que los emprendedores se sigan vinculando al Centro de Emprendimiento, estamos ubicados en el Parque de la M\u00fasica\u201d, indic\u00f3 la L\u00edder.<\/p>\n","protected":false},"excerpt":{"rendered":"<p>En el Centro Comercial Santa Luc\u00eda Plaza se llev\u00f3 a cabo la Feria de Emprendimiento \u2018Neiva, Vida y Paz\u2019 organizada por la Alcald\u00eda de Neiva, a trav\u00e9s del Centro de Emprendimiento y Generaci\u00f3n de Oportunidades, CEGO. Gracias a la articulaci\u00f3n entre el Centro Comercial y la Administraci\u00f3n Municipal, veinte emprendedores tuvieron la oportunidad de ofertar [&hellip;]<\/p>\n","protected":false},"author":1,"featured_media":0,"comment_status":"open","ping_status":"open","sticky":false,"template":"","format":"standard","meta":{"footnotes":""},"categories":[36,53],"tags":[],"class_list":["post-30006","post","type-post","status-publish","format-standard","hentry","category-destacado","category-neiva"],"yoast_head":"<!-- This site is optimized with the Yoast SEO plugin v26.6 - https:\/\/yoast.com\/wordpress\/plugins\/seo\/ -->\n<title>Ventas por 10 millones de pesos en Feria de Emprendimiento \u2018Neiva, Vida y Paz\u2019 -<\/title>\n<meta name=\"robots\" content=\"index, follow, max-snippet:-1, max-image-preview:large, max-video-preview:-1\" \/>\n<link rel=\"canonical\" href=\"https:\/\/luchonoticias.com\/editor\/ventas-por-10-millones-de-pesos-en-feria-de-emprendimiento-neiva-vida-y-paz\/\" \/>\n<meta property=\"og:locale\" content=\"es_ES\" \/>\n<meta property=\"og:type\" content=\"article\" \/>\n<meta property=\"og:title\" content=\"Ventas por 10 millones de pesos en Feria de Emprendimiento \u2018Neiva, Vida y Paz\u2019 -\" \/>\n<meta property=\"og:url\" content=\"https:\/\/luchonoticias.com\/editor\/ventas-por-10-millones-de-pesos-en-feria-de-emprendimiento-neiva-vida-y-paz\/\" \/>\n<meta property=\"article:publisher\" content=\"https:\/\/www.facebook.com\/luchonoticiasneiva\" \/>\n<meta property=\"article:author\" content=\"https:\/\/www.facebook.com\/luchonoticiasneiva\" \/>\n<meta property=\"article:published_time\" content=\"2022-07-20T11:41:41+00:00\" \/>\n<meta property=\"article:modified_time\" content=\"2022-07-20T11:41:42+00:00\" \/>\n<meta property=\"og:image\" content=\"https:\/\/luchonoticias.com\/wp-content\/uploads\/2022\/07\/WhatsApp-Image-2022-07-19-at-6.52.43-PM-2-1024x682.jpeg\" \/>\n<meta name=\"author\" content=\"admin\" \/>\n<meta name=\"twitter:card\" content=\"summary_large_image\" \/>\n<meta name=\"twitter:label1\" content=\"Escrito por\" \/>\n\t<meta name=\"twitter:data1\" content=\"admin\" \/>\n\t<meta name=\"twitter:label2\" content=\"Tiempo de lectura\" \/>\n\t<meta name=\"twitter:data2\" content=\"1 minuto\" \/>\n<script type=\"application\/ld+json\" class=\"yoast-schema-graph\">{\"@context\":\"https:\/\/schema.org\",\"@graph\":[{\"@type\":\"Article\",\"@id\":\"https:\/\/luchonoticias.com\/editor\/ventas-por-10-millones-de-pesos-en-feria-de-emprendimiento-neiva-vida-y-paz\/#article\",\"isPartOf\":{\"@id\":\"https:\/\/luchonoticias.com\/editor\/ventas-por-10-millones-de-pesos-en-feria-de-emprendimiento-neiva-vida-y-paz\/\"},\"author\":{\"name\":\"admin\",\"@id\":\"https:\/\/luchonoticias.com\/editor\/#\/schema\/person\/7a7fd911f58561fd056dbac7b55af9cd\"},\"headline\":\"Ventas por 10 millones de pesos en Feria de Emprendimiento \u2018Neiva, Vida y Paz\u2019\",\"datePublished\":\"2022-07-20T11:41:41+00:00\",\"dateModified\":\"2022-07-20T11:41:42+00:00\",\"mainEntityOfPage\":{\"@id\":\"https:\/\/luchonoticias.com\/editor\/ventas-por-10-millones-de-pesos-en-feria-de-emprendimiento-neiva-vida-y-paz\/\"},\"wordCount\":266,\"commentCount\":0,\"publisher\":{\"@id\":\"https:\/\/luchonoticias.com\/editor\/#\/schema\/person\/7a7fd911f58561fd056dbac7b55af9cd\"},\"image\":{\"@id\":\"https:\/\/luchonoticias.com\/editor\/ventas-por-10-millones-de-pesos-en-feria-de-emprendimiento-neiva-vida-y-paz\/#primaryimage\"},\"thumbnailUrl\":\"https:\/\/luchonoticias.com\/wp-content\/uploads\/2022\/07\/WhatsApp-Image-2022-07-19-at-6.52.43-PM-2-1024x682.jpeg\",\"articleSection\":[\"Destacado\",\"Neiva\"],\"inLanguage\":\"es\",\"potentialAction\":[{\"@type\":\"CommentAction\",\"name\":\"Comment\",\"target\":[\"https:\/\/luchonoticias.com\/editor\/ventas-por-10-millones-de-pesos-en-feria-de-emprendimiento-neiva-vida-y-paz\/#respond\"]}]},{\"@type\":\"WebPage\",\"@id\":\"https:\/\/luchonoticias.com\/editor\/ventas-por-10-millones-de-pesos-en-feria-de-emprendimiento-neiva-vida-y-paz\/\",\"url\":\"https:\/\/luchonoticias.com\/editor\/ventas-por-10-millones-de-pesos-en-feria-de-emprendimiento-neiva-vida-y-paz\/\",\"name\":\"Ventas por 10 millones de pesos en Feria de Emprendimiento \u2018Neiva, Vida y Paz\u2019 -\",\"isPartOf\":{\"@id\":\"https:\/\/luchonoticias.com\/editor\/#website\"},\"primaryImageOfPage\":{\"@id\":\"https:\/\/luchonoticias.com\/editor\/ventas-por-10-millones-de-pesos-en-feria-de-emprendimiento-neiva-vida-y-paz\/#primaryimage\"},\"image\":{\"@id\":\"https:\/\/luchonoticias.com\/editor\/ventas-por-10-millones-de-pesos-en-feria-de-emprendimiento-neiva-vida-y-paz\/#primaryimage\"},\"thumbnailUrl\":\"https:\/\/luchonoticias.com\/wp-content\/uploads\/2022\/07\/WhatsApp-Image-2022-07-19-at-6.52.43-PM-2-1024x682.jpeg\",\"datePublished\":\"2022-07-20T11:41:41+00:00\",\"dateModified\":\"2022-07-20T11:41:42+00:00\",\"breadcrumb\":{\"@id\":\"https:\/\/luchonoticias.com\/editor\/ventas-por-10-millones-de-pesos-en-feria-de-emprendimiento-neiva-vida-y-paz\/#breadcrumb\"},\"inLanguage\":\"es\",\"potentialAction\":[{\"@type\":\"ReadAction\",\"target\":[\"https:\/\/luchonoticias.com\/editor\/ventas-por-10-millones-de-pesos-en-feria-de-emprendimiento-neiva-vida-y-paz\/\"]}]},{\"@type\":\"ImageObject\",\"inLanguage\":\"es\",\"@id\":\"https:\/\/luchonoticias.com\/editor\/ventas-por-10-millones-de-pesos-en-feria-de-emprendimiento-neiva-vida-y-paz\/#primaryimage\",\"url\":\"https:\/\/luchonoticias.com\/wp-content\/uploads\/2022\/07\/WhatsApp-Image-2022-07-19-at-6.52.43-PM-2-1024x682.jpeg\",\"contentUrl\":\"https:\/\/luchonoticias.com\/wp-content\/uploads\/2022\/07\/WhatsApp-Image-2022-07-19-at-6.52.43-PM-2-1024x682.jpeg\"},{\"@type\":\"BreadcrumbList\",\"@id\":\"https:\/\/luchonoticias.com\/editor\/ventas-por-10-millones-de-pesos-en-feria-de-emprendimiento-neiva-vida-y-paz\/#breadcrumb\",\"itemListElement\":[{\"@type\":\"ListItem\",\"position\":1,\"name\":\"Portada\",\"item\":\"https:\/\/luchonoticias.com\/editor\/\"},{\"@type\":\"ListItem\",\"position\":2,\"name\":\"Ventas por 10 millones de pesos en Feria de Emprendimiento \u2018Neiva, Vida y Paz\u2019\"}]},{\"@type\":\"WebSite\",\"@id\":\"https:\/\/luchonoticias.com\/editor\/#website\",\"url\":\"https:\/\/luchonoticias.com\/editor\/\",\"name\":\"\",\"description\":\"\",\"publisher\":{\"@id\":\"https:\/\/luchonoticias.com\/editor\/#\/schema\/person\/7a7fd911f58561fd056dbac7b55af9cd\"},\"potentialAction\":[{\"@type\":\"SearchAction\",\"target\":{\"@type\":\"EntryPoint\",\"urlTemplate\":\"https:\/\/luchonoticias.com\/editor\/?s={search_term_string}\"},\"query-input\":{\"@type\":\"PropertyValueSpecification\",\"valueRequired\":true,\"valueName\":\"search_term_string\"}}],\"inLanguage\":\"es\"},{\"@type\":[\"Person\",\"Organization\"],\"@id\":\"https:\/\/luchonoticias.com\/editor\/#\/schema\/person\/7a7fd911f58561fd056dbac7b55af9cd\",\"name\":\"admin\",\"image\":{\"@type\":\"ImageObject\",\"inLanguage\":\"es\",\"@id\":\"https:\/\/luchonoticias.com\/editor\/#\/schema\/person\/image\/\",\"url\":\"https:\/\/luchonoticias.com\/editor\/wp-content\/uploads\/2024\/02\/cropped-cropped-logolu.webp\",\"contentUrl\":\"https:\/\/luchonoticias.com\/editor\/wp-content\/uploads\/2024\/02\/cropped-cropped-logolu.webp\",\"width\":382,\"height\":170,\"caption\":\"admin\"},\"logo\":{\"@id\":\"https:\/\/luchonoticias.com\/editor\/#\/schema\/person\/image\/\"},\"sameAs\":[\"https:\/\/www.facebook.com\/luchonoticiasneiva\"],\"url\":\"https:\/\/luchonoticias.com\/editor\/author\/admin\/\"}]}<\/script>\n<!-- \/ Yoast SEO plugin. -->","yoast_head_json":{"title":"Ventas por 10 millones de pesos en Feria de Emprendimiento \u2018Neiva, Vida y Paz\u2019 -","robots":{"index":"index","follow":"follow","max-snippet":"max-snippet:-1","max-image-preview":"max-image-preview:large","max-video-preview":"max-video-preview:-1"},"canonical":"https:\/\/luchonoticias.com\/editor\/ventas-por-10-millones-de-pesos-en-feria-de-emprendimiento-neiva-vida-y-paz\/","og_locale":"es_ES","og_type":"article","og_title":"Ventas por 10 millones de pesos en Feria de Emprendimiento \u2018Neiva, Vida y Paz\u2019 -","og_url":"https:\/\/luchonoticias.com\/editor\/ventas-por-10-millones-de-pesos-en-feria-de-emprendimiento-neiva-vida-y-paz\/","article_publisher":"https:\/\/www.facebook.com\/luchonoticiasneiva","article_author":"https:\/\/www.facebook.com\/luchonoticiasneiva","article_published_time":"2022-07-20T11:41:41+00:00","article_modified_time":"2022-07-20T11:41:42+00:00","og_image":[{"url":"https:\/\/luchonoticias.com\/wp-content\/uploads\/2022\/07\/WhatsApp-Image-2022-07-19-at-6.52.43-PM-2-1024x682.jpeg","type":"","width":"","height":""}],"author":"admin","twitter_card":"summary_large_image","twitter_misc":{"Escrito por":"admin","Tiempo de lectura":"1 minuto"},"schema":{"@context":"https:\/\/schema.org","@graph":[{"@type":"Article","@id":"https:\/\/luchonoticias.com\/editor\/ventas-por-10-millones-de-pesos-en-feria-de-emprendimiento-neiva-vida-y-paz\/#article","isPartOf":{"@id":"https:\/\/luchonoticias.com\/editor\/ventas-por-10-millones-de-pesos-en-feria-de-emprendimiento-neiva-vida-y-paz\/"},"author":{"name":"admin","@id":"https:\/\/luchonoticias.com\/editor\/#\/schema\/person\/7a7fd911f58561fd056dbac7b55af9cd"},"headline":"Ventas por 10 millones de pesos en Feria de Emprendimiento \u2018Neiva, Vida y Paz\u2019","datePublished":"2022-07-20T11:41:41+00:00","dateModified":"2022-07-20T11:41:42+00:00","mainEntityOfPage":{"@id":"https:\/\/luchonoticias.com\/editor\/ventas-por-10-millones-de-pesos-en-feria-de-emprendimiento-neiva-vida-y-paz\/"},"wordCount":266,"commentCount":0,"publisher":{"@id":"https:\/\/luchonoticias.com\/editor\/#\/schema\/person\/7a7fd911f58561fd056dbac7b55af9cd"},"image":{"@id":"https:\/\/luchonoticias.com\/editor\/ventas-por-10-millones-de-pesos-en-feria-de-emprendimiento-neiva-vida-y-paz\/#primaryimage"},"thumbnailUrl":"https:\/\/luchonoticias.com\/wp-content\/uploads\/2022\/07\/WhatsApp-Image-2022-07-19-at-6.52.43-PM-2-1024x682.jpeg","articleSection":["Destacado","Neiva"],"inLanguage":"es","potentialAction":[{"@type":"CommentAction","name":"Comment","target":["https:\/\/luchonoticias.com\/editor\/ventas-por-10-millones-de-pesos-en-feria-de-emprendimiento-neiva-vida-y-paz\/#respond"]}]},{"@type":"WebPage","@id":"https:\/\/luchonoticias.com\/editor\/ventas-por-10-millones-de-pesos-en-feria-de-emprendimiento-neiva-vida-y-paz\/","url":"https:\/\/luchonoticias.com\/editor\/ventas-por-10-millones-de-pesos-en-feria-de-emprendimiento-neiva-vida-y-paz\/","name":"Ventas por 10 millones de pesos en Feria de Emprendimiento \u2018Neiva, Vida y Paz\u2019 -","isPartOf":{"@id":"https:\/\/luchonoticias.com\/editor\/#website"},"primaryImageOfPage":{"@id":"https:\/\/luchonoticias.com\/editor\/ventas-por-10-millones-de-pesos-en-feria-de-emprendimiento-neiva-vida-y-paz\/#primaryimage"},"image":{"@id":"https:\/\/luchonoticias.com\/editor\/ventas-por-10-millones-de-pesos-en-feria-de-emprendimiento-neiva-vida-y-paz\/#primaryimage"},"thumbnailUrl":"https:\/\/luchonoticias.com\/wp-content\/uploads\/2022\/07\/WhatsApp-Image-2022-07-19-at-6.52.43-PM-2-1024x682.jpeg","datePublished":"2022-07-20T11:41:41+00:00","dateModified":"2022-07-20T11:41:42+00:00","breadcrumb":{"@id":"https:\/\/luchonoticias.com\/editor\/ventas-por-10-millones-de-pesos-en-feria-de-emprendimiento-neiva-vida-y-paz\/#breadcrumb"},"inLanguage":"es","potentialAction":[{"@type":"ReadAction","target":["https:\/\/luchonoticias.com\/editor\/ventas-por-10-millones-de-pesos-en-feria-de-emprendimiento-neiva-vida-y-paz\/"]}]},{"@type":"ImageObject","inLanguage":"es","@id":"https:\/\/luchonoticias.com\/editor\/ventas-por-10-millones-de-pesos-en-feria-de-emprendimiento-neiva-vida-y-paz\/#primaryimage","url":"https:\/\/luchonoticias.com\/wp-content\/uploads\/2022\/07\/WhatsApp-Image-2022-07-19-at-6.52.43-PM-2-1024x682.jpeg","contentUrl":"https:\/\/luchonoticias.com\/wp-content\/uploads\/2022\/07\/WhatsApp-Image-2022-07-19-at-6.52.43-PM-2-1024x682.jpeg"},{"@type":"BreadcrumbList","@id":"https:\/\/luchonoticias.com\/editor\/ventas-por-10-millones-de-pesos-en-feria-de-emprendimiento-neiva-vida-y-paz\/#breadcrumb","itemListElement":[{"@type":"ListItem","position":1,"name":"Portada","item":"https:\/\/luchonoticias.com\/editor\/"},{"@type":"ListItem","position":2,"name":"Ventas por 10 millones de pesos en Feria de Emprendimiento \u2018Neiva, Vida y Paz\u2019"}]},{"@type":"WebSite","@id":"https:\/\/luchonoticias.com\/editor\/#website","url":"https:\/\/luchonoticias.com\/editor\/","name":"","description":"","publisher":{"@id":"https:\/\/luchonoticias.com\/editor\/#\/schema\/person\/7a7fd911f58561fd056dbac7b55af9cd"},"potentialAction":[{"@type":"SearchAction","target":{"@type":"EntryPoint","urlTemplate":"https:\/\/luchonoticias.com\/editor\/?s={search_term_string}"},"query-input":{"@type":"PropertyValueSpecification","valueRequired":true,"valueName":"search_term_string"}}],"inLanguage":"es"},{"@type":["Person","Organization"],"@id":"https:\/\/luchonoticias.com\/editor\/#\/schema\/person\/7a7fd911f58561fd056dbac7b55af9cd","name":"admin","image":{"@type":"ImageObject","inLanguage":"es","@id":"https:\/\/luchonoticias.com\/editor\/#\/schema\/person\/image\/","url":"https:\/\/luchonoticias.com\/editor\/wp-content\/uploads\/2024\/02\/cropped-cropped-logolu.webp","contentUrl":"https:\/\/luchonoticias.com\/editor\/wp-content\/uploads\/2024\/02\/cropped-cropped-logolu.webp","width":382,"height":170,"caption":"admin"},"logo":{"@id":"https:\/\/luchonoticias.com\/editor\/#\/schema\/person\/image\/"},"sameAs":["https:\/\/www.facebook.com\/luchonoticiasneiva"],"url":"https:\/\/luchonoticias.com\/editor\/author\/admin\/"}]}},"_links":{"self":[{"href":"https:\/\/luchonoticias.com\/editor\/wp-json\/wp\/v2\/posts\/30006","targetHints":{"allow":["GET"]}}],"collection":[{"href":"https:\/\/luchonoticias.com\/editor\/wp-json\/wp\/v2\/posts"}],"about":[{"href":"https:\/\/luchonoticias.com\/editor\/wp-json\/wp\/v2\/types\/post"}],"author":[{"embeddable":true,"href":"https:\/\/luchonoticias.com\/editor\/wp-json\/wp\/v2\/users\/1"}],"replies":[{"embeddable":true,"href":"https:\/\/luchonoticias.com\/editor\/wp-json\/wp\/v2\/comments?post=30006"}],"version-history":[{"count":0,"href":"https:\/\/luchonoticias.com\/editor\/wp-json\/wp\/v2\/posts\/30006\/revisions"}],"wp:attachment":[{"href":"https:\/\/luchonoticias.com\/editor\/wp-json\/wp\/v2\/media?parent=30006"}],"wp:term":[{"taxonomy":"category","embeddable":true,"href":"https:\/\/luchonoticias.com\/editor\/wp-json\/wp\/v2\/categories?post=30006"},{"taxonomy":"post_tag","embeddable":true,"href":"https:\/\/luchonoticias.com\/editor\/wp-json\/wp\/v2\/tags?post=30006"}],"curies":[{"name":"wp","href":"https:\/\/api.w.org\/{rel}","templated":true}]}}