{"id":30012,"date":"2022-07-20T06:44:48","date_gmt":"2022-07-20T11:44:48","guid":{"rendered":"https:\/\/luchonoticias.com\/?p=30012"},"modified":"2022-07-20T06:44:49","modified_gmt":"2022-07-20T11:44:49","slug":"crear-conciencia-ambiental-prioridad-del-nuevo-secretario-de-medio-ambiente-de-neiva","status":"publish","type":"post","link":"https:\/\/luchonoticias.com\/editor\/crear-conciencia-ambiental-prioridad-del-nuevo-secretario-de-medio-ambiente-de-neiva\/","title":{"rendered":"Crear conciencia ambiental, prioridad del nuevo Secretario de Medio Ambiente de Neiva"},"content":{"rendered":"\n<p>Hernando Duarte Rodr\u00edguez, ingeniero forestal quien se ven\u00eda desempe\u00f1ando como asesor de despacho en la evaluaci\u00f3n de planes y proyectos estrat\u00e9gicos , es desde el pasado 15 de julio, el nuevo Secretario de Medio Ambiente. El profesional cuenta adem\u00e1s con m\u00e1s de 40 a\u00f1os de experiencia en el sector privado, en servicios espec\u00edficos relacionados al desarrollo de compensaciones ambientales y consultor\u00eda.<\/p>\n\n\n\n<p>Duarte Rodr\u00edguez actualmente se encuentra realizando el proceso de empalme, \u201cel compromiso b\u00e1sico, acorde al Plan de Desarrollo Mandato Ciudadano \u2018Territorio de Vida y Paz\u2019, es cumplir las metas pendientes con \u00e9nfasis en el Centro de Bienestar Animal, la optimizaci\u00f3n de los servicios del Jard\u00edn Bot\u00e1nico y fortalecimiento de las actividades para mitigar el cambio clim\u00e1tico\u201d, agreg\u00f3 el funcionario.<\/p>\n\n\n\n<p>As\u00ed mismo, manifest\u00f3 su preocupaci\u00f3n por la ciudad y las nuevas generaciones \u201cen lo posible nos concentraremos en la formaci\u00f3n de conciencia y cultura ambiental, desde la infancia, desde la adolescencia, articulando con la academia, los sectores empresariales, gremiales y las autoridades locales, para consolidar una cultura que se refleje en el cambio de comportamiento y dignifique la vida de los neivanos\u201d.<\/p>\n\n\n\n<p><strong>Liderazgo ambiental en el trabajo articulado<\/strong><\/p>\n\n\n\n<p>Mario Motta, administrador de empresas y especialista en Gerencia de Proyectos, es el nuevo L\u00edder Ambiental quien enfatizar\u00e1 las acciones a la creaci\u00f3n de una cultura ambiental, \u201cdebemos fortalecer el trabajo con las comunidades, las juntas de acci\u00f3n comunal y las instituciones, con el objetivo de educar a la ciudadan\u00eda en la protecci\u00f3n del medio ambiente\u201d, as\u00ed mismo, resalt\u00f3 su compromiso con los animales de la ciudad en la consolidaci\u00f3n de la Pol\u00edtica P\u00fablica de Bienestar Animal.<\/p>\n","protected":false},"excerpt":{"rendered":"<p>Hernando Duarte Rodr\u00edguez, ingeniero forestal quien se ven\u00eda desempe\u00f1ando como asesor de despacho en la evaluaci\u00f3n de planes y proyectos estrat\u00e9gicos , es desde el pasado 15 de julio, el nuevo Secretario de Medio Ambiente. El profesional cuenta adem\u00e1s con m\u00e1s de 40 a\u00f1os de experiencia en el sector privado, en servicios espec\u00edficos relacionados al [&hellip;]<\/p>\n","protected":false},"author":1,"featured_media":0,"comment_status":"open","ping_status":"open","sticky":false,"template":"","format":"standard","meta":{"footnotes":""},"categories":[36,31],"tags":[],"class_list":["post-30012","post","type-post","status-publish","format-standard","hentry","category-destacado","category-local"],"yoast_head":"<!-- This site is optimized with the Yoast SEO plugin v26.6 - https:\/\/yoast.com\/wordpress\/plugins\/seo\/ -->\n<title>Crear conciencia ambiental, prioridad del nuevo Secretario de Medio Ambiente de Neiva -<\/title>\n<meta name=\"robots\" content=\"index, follow, max-snippet:-1, max-image-preview:large, max-video-preview:-1\" \/>\n<link rel=\"canonical\" href=\"https:\/\/luchonoticias.com\/editor\/crear-conciencia-ambiental-prioridad-del-nuevo-secretario-de-medio-ambiente-de-neiva\/\" \/>\n<meta property=\"og:locale\" content=\"es_ES\" \/>\n<meta property=\"og:type\" content=\"article\" \/>\n<meta property=\"og:title\" content=\"Crear conciencia ambiental, prioridad del nuevo Secretario de Medio Ambiente de Neiva -\" \/>\n<meta property=\"og:url\" content=\"https:\/\/luchonoticias.com\/editor\/crear-conciencia-ambiental-prioridad-del-nuevo-secretario-de-medio-ambiente-de-neiva\/\" \/>\n<meta property=\"article:publisher\" content=\"https:\/\/www.facebook.com\/luchonoticiasneiva\" \/>\n<meta property=\"article:author\" content=\"https:\/\/www.facebook.com\/luchonoticiasneiva\" \/>\n<meta property=\"article:published_time\" content=\"2022-07-20T11:44:48+00:00\" \/>\n<meta property=\"article:modified_time\" content=\"2022-07-20T11:44:49+00:00\" \/>\n<meta name=\"author\" content=\"admin\" \/>\n<meta name=\"twitter:card\" content=\"summary_large_image\" \/>\n<meta name=\"twitter:label1\" content=\"Escrito por\" \/>\n\t<meta name=\"twitter:data1\" content=\"admin\" \/>\n\t<meta name=\"twitter:label2\" content=\"Tiempo de lectura\" \/>\n\t<meta name=\"twitter:data2\" content=\"1 minuto\" \/>\n<script type=\"application\/ld+json\" class=\"yoast-schema-graph\">{\"@context\":\"https:\/\/schema.org\",\"@graph\":[{\"@type\":\"Article\",\"@id\":\"https:\/\/luchonoticias.com\/editor\/crear-conciencia-ambiental-prioridad-del-nuevo-secretario-de-medio-ambiente-de-neiva\/#article\",\"isPartOf\":{\"@id\":\"https:\/\/luchonoticias.com\/editor\/crear-conciencia-ambiental-prioridad-del-nuevo-secretario-de-medio-ambiente-de-neiva\/\"},\"author\":{\"name\":\"admin\",\"@id\":\"https:\/\/luchonoticias.com\/editor\/#\/schema\/person\/7a7fd911f58561fd056dbac7b55af9cd\"},\"headline\":\"Crear conciencia ambiental, prioridad del nuevo Secretario de Medio Ambiente de Neiva\",\"datePublished\":\"2022-07-20T11:44:48+00:00\",\"dateModified\":\"2022-07-20T11:44:49+00:00\",\"mainEntityOfPage\":{\"@id\":\"https:\/\/luchonoticias.com\/editor\/crear-conciencia-ambiental-prioridad-del-nuevo-secretario-de-medio-ambiente-de-neiva\/\"},\"wordCount\":300,\"commentCount\":0,\"publisher\":{\"@id\":\"https:\/\/luchonoticias.com\/editor\/#\/schema\/person\/7a7fd911f58561fd056dbac7b55af9cd\"},\"articleSection\":[\"Destacado\",\"Local\"],\"inLanguage\":\"es\",\"potentialAction\":[{\"@type\":\"CommentAction\",\"name\":\"Comment\",\"target\":[\"https:\/\/luchonoticias.com\/editor\/crear-conciencia-ambiental-prioridad-del-nuevo-secretario-de-medio-ambiente-de-neiva\/#respond\"]}]},{\"@type\":\"WebPage\",\"@id\":\"https:\/\/luchonoticias.com\/editor\/crear-conciencia-ambiental-prioridad-del-nuevo-secretario-de-medio-ambiente-de-neiva\/\",\"url\":\"https:\/\/luchonoticias.com\/editor\/crear-conciencia-ambiental-prioridad-del-nuevo-secretario-de-medio-ambiente-de-neiva\/\",\"name\":\"Crear conciencia ambiental, prioridad del nuevo Secretario de Medio Ambiente de Neiva -\",\"isPartOf\":{\"@id\":\"https:\/\/luchonoticias.com\/editor\/#website\"},\"datePublished\":\"2022-07-20T11:44:48+00:00\",\"dateModified\":\"2022-07-20T11:44:49+00:00\",\"breadcrumb\":{\"@id\":\"https:\/\/luchonoticias.com\/editor\/crear-conciencia-ambiental-prioridad-del-nuevo-secretario-de-medio-ambiente-de-neiva\/#breadcrumb\"},\"inLanguage\":\"es\",\"potentialAction\":[{\"@type\":\"ReadAction\",\"target\":[\"https:\/\/luchonoticias.com\/editor\/crear-conciencia-ambiental-prioridad-del-nuevo-secretario-de-medio-ambiente-de-neiva\/\"]}]},{\"@type\":\"BreadcrumbList\",\"@id\":\"https:\/\/luchonoticias.com\/editor\/crear-conciencia-ambiental-prioridad-del-nuevo-secretario-de-medio-ambiente-de-neiva\/#breadcrumb\",\"itemListElement\":[{\"@type\":\"ListItem\",\"position\":1,\"name\":\"Portada\",\"item\":\"https:\/\/luchonoticias.com\/editor\/\"},{\"@type\":\"ListItem\",\"position\":2,\"name\":\"Crear conciencia ambiental, prioridad del nuevo Secretario de Medio Ambiente de Neiva\"}]},{\"@type\":\"WebSite\",\"@id\":\"https:\/\/luchonoticias.com\/editor\/#website\",\"url\":\"https:\/\/luchonoticias.com\/editor\/\",\"name\":\"\",\"description\":\"\",\"publisher\":{\"@id\":\"https:\/\/luchonoticias.com\/editor\/#\/schema\/person\/7a7fd911f58561fd056dbac7b55af9cd\"},\"potentialAction\":[{\"@type\":\"SearchAction\",\"target\":{\"@type\":\"EntryPoint\",\"urlTemplate\":\"https:\/\/luchonoticias.com\/editor\/?s={search_term_string}\"},\"query-input\":{\"@type\":\"PropertyValueSpecification\",\"valueRequired\":true,\"valueName\":\"search_term_string\"}}],\"inLanguage\":\"es\"},{\"@type\":[\"Person\",\"Organization\"],\"@id\":\"https:\/\/luchonoticias.com\/editor\/#\/schema\/person\/7a7fd911f58561fd056dbac7b55af9cd\",\"name\":\"admin\",\"image\":{\"@type\":\"ImageObject\",\"inLanguage\":\"es\",\"@id\":\"https:\/\/luchonoticias.com\/editor\/#\/schema\/person\/image\/\",\"url\":\"https:\/\/luchonoticias.com\/editor\/wp-content\/uploads\/2024\/02\/cropped-cropped-logolu.webp\",\"contentUrl\":\"https:\/\/luchonoticias.com\/editor\/wp-content\/uploads\/2024\/02\/cropped-cropped-logolu.webp\",\"width\":382,\"height\":170,\"caption\":\"admin\"},\"logo\":{\"@id\":\"https:\/\/luchonoticias.com\/editor\/#\/schema\/person\/image\/\"},\"sameAs\":[\"https:\/\/www.facebook.com\/luchonoticiasneiva\"],\"url\":\"https:\/\/luchonoticias.com\/editor\/author\/admin\/\"}]}<\/script>\n<!-- \/ Yoast SEO plugin. -->","yoast_head_json":{"title":"Crear conciencia ambiental, prioridad del nuevo Secretario de Medio Ambiente de Neiva -","robots":{"index":"index","follow":"follow","max-snippet":"max-snippet:-1","max-image-preview":"max-image-preview:large","max-video-preview":"max-video-preview:-1"},"canonical":"https:\/\/luchonoticias.com\/editor\/crear-conciencia-ambiental-prioridad-del-nuevo-secretario-de-medio-ambiente-de-neiva\/","og_locale":"es_ES","og_type":"article","og_title":"Crear conciencia ambiental, prioridad del nuevo Secretario de Medio Ambiente de Neiva -","og_url":"https:\/\/luchonoticias.com\/editor\/crear-conciencia-ambiental-prioridad-del-nuevo-secretario-de-medio-ambiente-de-neiva\/","article_publisher":"https:\/\/www.facebook.com\/luchonoticiasneiva","article_author":"https:\/\/www.facebook.com\/luchonoticiasneiva","article_published_time":"2022-07-20T11:44:48+00:00","article_modified_time":"2022-07-20T11:44:49+00:00","author":"admin","twitter_card":"summary_large_image","twitter_misc":{"Escrito por":"admin","Tiempo de lectura":"1 minuto"},"schema":{"@context":"https:\/\/schema.org","@graph":[{"@type":"Article","@id":"https:\/\/luchonoticias.com\/editor\/crear-conciencia-ambiental-prioridad-del-nuevo-secretario-de-medio-ambiente-de-neiva\/#article","isPartOf":{"@id":"https:\/\/luchonoticias.com\/editor\/crear-conciencia-ambiental-prioridad-del-nuevo-secretario-de-medio-ambiente-de-neiva\/"},"author":{"name":"admin","@id":"https:\/\/luchonoticias.com\/editor\/#\/schema\/person\/7a7fd911f58561fd056dbac7b55af9cd"},"headline":"Crear conciencia ambiental, prioridad del nuevo Secretario de Medio Ambiente de Neiva","datePublished":"2022-07-20T11:44:48+00:00","dateModified":"2022-07-20T11:44:49+00:00","mainEntityOfPage":{"@id":"https:\/\/luchonoticias.com\/editor\/crear-conciencia-ambiental-prioridad-del-nuevo-secretario-de-medio-ambiente-de-neiva\/"},"wordCount":300,"commentCount":0,"publisher":{"@id":"https:\/\/luchonoticias.com\/editor\/#\/schema\/person\/7a7fd911f58561fd056dbac7b55af9cd"},"articleSection":["Destacado","Local"],"inLanguage":"es","potentialAction":[{"@type":"CommentAction","name":"Comment","target":["https:\/\/luchonoticias.com\/editor\/crear-conciencia-ambiental-prioridad-del-nuevo-secretario-de-medio-ambiente-de-neiva\/#respond"]}]},{"@type":"WebPage","@id":"https:\/\/luchonoticias.com\/editor\/crear-conciencia-ambiental-prioridad-del-nuevo-secretario-de-medio-ambiente-de-neiva\/","url":"https:\/\/luchonoticias.com\/editor\/crear-conciencia-ambiental-prioridad-del-nuevo-secretario-de-medio-ambiente-de-neiva\/","name":"Crear conciencia ambiental, prioridad del nuevo Secretario de Medio Ambiente de Neiva -","isPartOf":{"@id":"https:\/\/luchonoticias.com\/editor\/#website"},"datePublished":"2022-07-20T11:44:48+00:00","dateModified":"2022-07-20T11:44:49+00:00","breadcrumb":{"@id":"https:\/\/luchonoticias.com\/editor\/crear-conciencia-ambiental-prioridad-del-nuevo-secretario-de-medio-ambiente-de-neiva\/#breadcrumb"},"inLanguage":"es","potentialAction":[{"@type":"ReadAction","target":["https:\/\/luchonoticias.com\/editor\/crear-conciencia-ambiental-prioridad-del-nuevo-secretario-de-medio-ambiente-de-neiva\/"]}]},{"@type":"BreadcrumbList","@id":"https:\/\/luchonoticias.com\/editor\/crear-conciencia-ambiental-prioridad-del-nuevo-secretario-de-medio-ambiente-de-neiva\/#breadcrumb","itemListElement":[{"@type":"ListItem","position":1,"name":"Portada","item":"https:\/\/luchonoticias.com\/editor\/"},{"@type":"ListItem","position":2,"name":"Crear conciencia ambiental, prioridad del nuevo Secretario de Medio Ambiente de Neiva"}]},{"@type":"WebSite","@id":"https:\/\/luchonoticias.com\/editor\/#website","url":"https:\/\/luchonoticias.com\/editor\/","name":"","description":"","publisher":{"@id":"https:\/\/luchonoticias.com\/editor\/#\/schema\/person\/7a7fd911f58561fd056dbac7b55af9cd"},"potentialAction":[{"@type":"SearchAction","target":{"@type":"EntryPoint","urlTemplate":"https:\/\/luchonoticias.com\/editor\/?s={search_term_string}"},"query-input":{"@type":"PropertyValueSpecification","valueRequired":true,"valueName":"search_term_string"}}],"inLanguage":"es"},{"@type":["Person","Organization"],"@id":"https:\/\/luchonoticias.com\/editor\/#\/schema\/person\/7a7fd911f58561fd056dbac7b55af9cd","name":"admin","image":{"@type":"ImageObject","inLanguage":"es","@id":"https:\/\/luchonoticias.com\/editor\/#\/schema\/person\/image\/","url":"https:\/\/luchonoticias.com\/editor\/wp-content\/uploads\/2024\/02\/cropped-cropped-logolu.webp","contentUrl":"https:\/\/luchonoticias.com\/editor\/wp-content\/uploads\/2024\/02\/cropped-cropped-logolu.webp","width":382,"height":170,"caption":"admin"},"logo":{"@id":"https:\/\/luchonoticias.com\/editor\/#\/schema\/person\/image\/"},"sameAs":["https:\/\/www.facebook.com\/luchonoticiasneiva"],"url":"https:\/\/luchonoticias.com\/editor\/author\/admin\/"}]}},"_links":{"self":[{"href":"https:\/\/luchonoticias.com\/editor\/wp-json\/wp\/v2\/posts\/30012","targetHints":{"allow":["GET"]}}],"collection":[{"href":"https:\/\/luchonoticias.com\/editor\/wp-json\/wp\/v2\/posts"}],"about":[{"href":"https:\/\/luchonoticias.com\/editor\/wp-json\/wp\/v2\/types\/post"}],"author":[{"embeddable":true,"href":"https:\/\/luchonoticias.com\/editor\/wp-json\/wp\/v2\/users\/1"}],"replies":[{"embeddable":true,"href":"https:\/\/luchonoticias.com\/editor\/wp-json\/wp\/v2\/comments?post=30012"}],"version-history":[{"count":0,"href":"https:\/\/luchonoticias.com\/editor\/wp-json\/wp\/v2\/posts\/30012\/revisions"}],"wp:attachment":[{"href":"https:\/\/luchonoticias.com\/editor\/wp-json\/wp\/v2\/media?parent=30012"}],"wp:term":[{"taxonomy":"category","embeddable":true,"href":"https:\/\/luchonoticias.com\/editor\/wp-json\/wp\/v2\/categories?post=30012"},{"taxonomy":"post_tag","embeddable":true,"href":"https:\/\/luchonoticias.com\/editor\/wp-json\/wp\/v2\/tags?post=30012"}],"curies":[{"name":"wp","href":"https:\/\/api.w.org\/{rel}","templated":true}]}}