{"id":30015,"date":"2022-07-20T06:47:11","date_gmt":"2022-07-20T11:47:11","guid":{"rendered":"https:\/\/luchonoticias.com\/?p=30015"},"modified":"2022-07-20T06:47:13","modified_gmt":"2022-07-20T11:47:13","slug":"ganancias-superaron-las-expectativas-en-feria-microempresarial-en-neiva","status":"publish","type":"post","link":"https:\/\/luchonoticias.com\/editor\/ganancias-superaron-las-expectativas-en-feria-microempresarial-en-neiva\/","title":{"rendered":"Ganancias superaron las expectativas en Feria Microempresarial en Neiva"},"content":{"rendered":"\n<p>Hasta el 17 de julio se llev\u00f3 a cabo la edici\u00f3n 2022 de la Feria Microempresarial en la que participaron cientos de emprendedores de textiles, artesanos, comidas, zapater\u00edas y otros elementos que permitieron dinamizar la econom\u00eda en la ciudad, todo con el apoyo de la Alcald\u00eda de Neiva.<\/p>\n\n\n\n<p>Fue mejor de lo que pensaron, as\u00ed lo expresaron varios de los microempresarios. Uno de ellos, Darwin S\u00e1nchez, conocido como \u2018El Tigre\u2019, comerciante de textiles y ropa deportiva para dama y caballero, \u201cteniendo en cuenta que salimos de la pandemia de lo que se vivi\u00f3 durante m\u00e1s de dos a\u00f1os, la realizaci\u00f3n de esta Feria fue magnifica, la seguridad, en cuanto al sistema econ\u00f3mico fue efectivo ya que estamos en la recuperaci\u00f3n, las ventas estuvieron mejor de lo que esper\u00e1bamos. Agradecemos a los entes encargados de la log\u00edstica, las ventas fueron excelentes, el apoyo del Alcalde, a la Secretar\u00eda de Gobierno, la pr\u00f3rroga que hubo fue muy favorable para nosotros y agradecerles lo que hicieron\u201d.<\/p>\n\n\n\n<figure class=\"wp-block-gallery has-nested-images columns-default is-cropped wp-block-gallery-1 is-layout-flex wp-block-gallery-is-layout-flex\">\n<figure class=\"wp-block-image size-large\"><img decoding=\"async\" data-id=\"30018\" src=\"https:\/\/luchonoticias.com\/wp-content\/uploads\/2022\/07\/WhatsApp-Image-2022-07-19-at-7.04.29-PM-1-1024x682.jpeg\" alt=\"\" class=\"wp-image-30018\"\/><\/figure>\n\n\n\n<figure class=\"wp-block-image size-large\"><img decoding=\"async\" data-id=\"30017\" src=\"https:\/\/luchonoticias.com\/wp-content\/uploads\/2022\/07\/WhatsApp-Image-2022-07-19-at-7.04.28-PM-2-1024x682.jpeg\" alt=\"\" class=\"wp-image-30017\"\/><\/figure>\n<\/figure>\n\n\n\n<p>As\u00ed como \u2018El Tigre\u2019 m\u00e1s de 150 familias se beneficiaron de las ventas durante los d\u00edas de feria en San Pedro, adem\u00e1s de la pr\u00f3rroga en el espacio que ya \u2018cerr\u00f3 su tel\u00f3n\u2019, \u201cesta tarea que lider\u00f3 el alcalde de Neiva Gorky Mu\u00f1oz Calder\u00f3n, de seguir reactivando la econom\u00eda, para impulsar la feria microempresarial donde muchos microempresarios y asociaciones, vendedores informales, pudieron beneficiarse no solamente de la \u00e9poca sampedrina sino hasta el d\u00eda de 17 de julio, hasta cuando se permiti\u00f3 que la misma funcionara. Hab\u00eda sido dif\u00edcil realizarla en 2020 y 2021 por la pandemia\u201d.<\/p>\n\n\n\n<p>El apoyo por parte de la Administraci\u00f3n Municipal fue importante a trav\u00e9s de la Secretar\u00eda de Gobierno, la Direcci\u00f3n de Espacio P\u00fablico, la Oficina de Competitividad y la seguridad brindada por la Polic\u00eda Nacional, que estuvo al tanto durante los d\u00edas de feria e incluso se realizaron algunas capturas.<\/p>\n\n\n\n<figure class=\"wp-block-gallery has-nested-images columns-default is-cropped wp-block-gallery-2 is-layout-flex wp-block-gallery-is-layout-flex\">\n<figure class=\"wp-block-image size-large\"><img decoding=\"async\" data-id=\"30016\" src=\"https:\/\/luchonoticias.com\/wp-content\/uploads\/2022\/07\/WhatsApp-Image-2022-07-19-at-7.04.29-PM-1024x682.jpeg\" alt=\"\" class=\"wp-image-30016\"\/><\/figure>\n\n\n\n<figure class=\"wp-block-image size-large\"><img decoding=\"async\" data-id=\"30019\" src=\"https:\/\/luchonoticias.com\/wp-content\/uploads\/2022\/07\/WhatsApp-Image-2022-07-19-at-7.04.28-PM-1-1024x682.jpeg\" alt=\"\" class=\"wp-image-30019\"\/><\/figure>\n<\/figure>\n\n\n\n<p>Eduardo Jos\u00e9 Ibarra, coordinador Operativo de la Feria Microempresarial 2022 realiz\u00f3 un balance: \u201cla feria fue puntual y eficaz, especialmente para el sector microempresarial, afortunadamente contamos con el apoyo institucional que fue importante, donde se generaron muchos empleos, ya que somos un gremio asociativo, una federaci\u00f3n que agrupamos varias personas que a diario necesitan del salario, por lo que fue una oportunidad para no solo el empleo sino la mano de obra. Contamos con m\u00e1s de 25 celadores y tuvimos en cuenta varios aspectos, adem\u00e1s de sus familiares y allegados, universitarios que necesitaban dinamizar la econom\u00eda, le apuntamos a los social\u201d.<\/p>\n\n\n\n<p>Durante la Feria Microempresarial se generaron m\u00e1s de 300 empleos directos y 700 indirectos. La pr\u00f3xima edici\u00f3n ser\u00e1 del 15 al 31 de diciembre, en la Plaza C\u00edvica de Neiva.<\/p>\n\n\n\n<p>\u201cEs importante resaltar que las cabezas visibles como el Alcalde de Neiva, gracias a su gesti\u00f3n, permiti\u00f3 a los microempresarios realizar la Feria a trav\u00e9s del acuerdo municipal que proyect\u00f3 que se hiciera en diciembre, en Semana Santa y en junio, tambi\u00e9n destacar el liderazgo del Secretario de Gobierno, la Direcci\u00f3n de Espacio P\u00fablico, la Oficina de Competitividad y la Polic\u00eda Nacional que nos ayud\u00f3 mucho. El Alcalde se puso el \u2018overol\u2019 con los microempresarios para sacar el evento adelante\u201d, puntualiz\u00f3 Eduardo Ibarra.<\/p>\n","protected":false},"excerpt":{"rendered":"<p>Hasta el 17 de julio se llev\u00f3 a cabo la edici\u00f3n 2022 de la Feria Microempresarial en la que participaron cientos de emprendedores de textiles, artesanos, comidas, zapater\u00edas y otros elementos que permitieron dinamizar la econom\u00eda en la ciudad, todo con el apoyo de la Alcald\u00eda de Neiva. Fue mejor de lo que pensaron, as\u00ed [&hellip;]<\/p>\n","protected":false},"author":1,"featured_media":0,"comment_status":"open","ping_status":"open","sticky":false,"template":"","format":"standard","meta":{"footnotes":""},"categories":[3961,36],"tags":[],"class_list":["post-30015","post","type-post","status-publish","format-standard","hentry","category-comunidad","category-destacado"],"yoast_head":"<!-- This site is optimized with the Yoast SEO plugin v26.6 - https:\/\/yoast.com\/wordpress\/plugins\/seo\/ -->\n<title>Ganancias superaron las expectativas en Feria Microempresarial en Neiva -<\/title>\n<meta name=\"robots\" content=\"index, follow, max-snippet:-1, max-image-preview:large, max-video-preview:-1\" \/>\n<link rel=\"canonical\" href=\"https:\/\/luchonoticias.com\/editor\/ganancias-superaron-las-expectativas-en-feria-microempresarial-en-neiva\/\" \/>\n<meta property=\"og:locale\" content=\"es_ES\" \/>\n<meta property=\"og:type\" content=\"article\" \/>\n<meta property=\"og:title\" content=\"Ganancias superaron las expectativas en Feria Microempresarial en Neiva -\" \/>\n<meta property=\"og:url\" content=\"https:\/\/luchonoticias.com\/editor\/ganancias-superaron-las-expectativas-en-feria-microempresarial-en-neiva\/\" \/>\n<meta property=\"article:publisher\" content=\"https:\/\/www.facebook.com\/luchonoticiasneiva\" \/>\n<meta property=\"article:author\" content=\"https:\/\/www.facebook.com\/luchonoticiasneiva\" \/>\n<meta property=\"article:published_time\" content=\"2022-07-20T11:47:11+00:00\" \/>\n<meta property=\"article:modified_time\" content=\"2022-07-20T11:47:13+00:00\" \/>\n<meta property=\"og:image\" content=\"https:\/\/luchonoticias.com\/wp-content\/uploads\/2022\/07\/WhatsApp-Image-2022-07-19-at-7.04.29-PM-1-1024x682.jpeg\" \/>\n<meta name=\"author\" content=\"admin\" \/>\n<meta name=\"twitter:card\" content=\"summary_large_image\" \/>\n<meta name=\"twitter:label1\" content=\"Escrito por\" \/>\n\t<meta name=\"twitter:data1\" content=\"admin\" \/>\n\t<meta name=\"twitter:label2\" content=\"Tiempo de lectura\" \/>\n\t<meta name=\"twitter:data2\" content=\"3 minutos\" \/>\n<script type=\"application\/ld+json\" class=\"yoast-schema-graph\">{\"@context\":\"https:\/\/schema.org\",\"@graph\":[{\"@type\":\"Article\",\"@id\":\"https:\/\/luchonoticias.com\/editor\/ganancias-superaron-las-expectativas-en-feria-microempresarial-en-neiva\/#article\",\"isPartOf\":{\"@id\":\"https:\/\/luchonoticias.com\/editor\/ganancias-superaron-las-expectativas-en-feria-microempresarial-en-neiva\/\"},\"author\":{\"name\":\"admin\",\"@id\":\"https:\/\/luchonoticias.com\/editor\/#\/schema\/person\/7a7fd911f58561fd056dbac7b55af9cd\"},\"headline\":\"Ganancias superaron las expectativas en Feria Microempresarial en Neiva\",\"datePublished\":\"2022-07-20T11:47:11+00:00\",\"dateModified\":\"2022-07-20T11:47:13+00:00\",\"mainEntityOfPage\":{\"@id\":\"https:\/\/luchonoticias.com\/editor\/ganancias-superaron-las-expectativas-en-feria-microempresarial-en-neiva\/\"},\"wordCount\":565,\"commentCount\":0,\"publisher\":{\"@id\":\"https:\/\/luchonoticias.com\/editor\/#\/schema\/person\/7a7fd911f58561fd056dbac7b55af9cd\"},\"image\":{\"@id\":\"https:\/\/luchonoticias.com\/editor\/ganancias-superaron-las-expectativas-en-feria-microempresarial-en-neiva\/#primaryimage\"},\"thumbnailUrl\":\"https:\/\/luchonoticias.com\/wp-content\/uploads\/2022\/07\/WhatsApp-Image-2022-07-19-at-7.04.29-PM-1-1024x682.jpeg\",\"articleSection\":[\"Comunidad\",\"Destacado\"],\"inLanguage\":\"es\",\"potentialAction\":[{\"@type\":\"CommentAction\",\"name\":\"Comment\",\"target\":[\"https:\/\/luchonoticias.com\/editor\/ganancias-superaron-las-expectativas-en-feria-microempresarial-en-neiva\/#respond\"]}]},{\"@type\":\"WebPage\",\"@id\":\"https:\/\/luchonoticias.com\/editor\/ganancias-superaron-las-expectativas-en-feria-microempresarial-en-neiva\/\",\"url\":\"https:\/\/luchonoticias.com\/editor\/ganancias-superaron-las-expectativas-en-feria-microempresarial-en-neiva\/\",\"name\":\"Ganancias superaron las expectativas en Feria Microempresarial en Neiva -\",\"isPartOf\":{\"@id\":\"https:\/\/luchonoticias.com\/editor\/#website\"},\"primaryImageOfPage\":{\"@id\":\"https:\/\/luchonoticias.com\/editor\/ganancias-superaron-las-expectativas-en-feria-microempresarial-en-neiva\/#primaryimage\"},\"image\":{\"@id\":\"https:\/\/luchonoticias.com\/editor\/ganancias-superaron-las-expectativas-en-feria-microempresarial-en-neiva\/#primaryimage\"},\"thumbnailUrl\":\"https:\/\/luchonoticias.com\/wp-content\/uploads\/2022\/07\/WhatsApp-Image-2022-07-19-at-7.04.29-PM-1-1024x682.jpeg\",\"datePublished\":\"2022-07-20T11:47:11+00:00\",\"dateModified\":\"2022-07-20T11:47:13+00:00\",\"breadcrumb\":{\"@id\":\"https:\/\/luchonoticias.com\/editor\/ganancias-superaron-las-expectativas-en-feria-microempresarial-en-neiva\/#breadcrumb\"},\"inLanguage\":\"es\",\"potentialAction\":[{\"@type\":\"ReadAction\",\"target\":[\"https:\/\/luchonoticias.com\/editor\/ganancias-superaron-las-expectativas-en-feria-microempresarial-en-neiva\/\"]}]},{\"@type\":\"ImageObject\",\"inLanguage\":\"es\",\"@id\":\"https:\/\/luchonoticias.com\/editor\/ganancias-superaron-las-expectativas-en-feria-microempresarial-en-neiva\/#primaryimage\",\"url\":\"https:\/\/luchonoticias.com\/wp-content\/uploads\/2022\/07\/WhatsApp-Image-2022-07-19-at-7.04.29-PM-1-1024x682.jpeg\",\"contentUrl\":\"https:\/\/luchonoticias.com\/wp-content\/uploads\/2022\/07\/WhatsApp-Image-2022-07-19-at-7.04.29-PM-1-1024x682.jpeg\"},{\"@type\":\"BreadcrumbList\",\"@id\":\"https:\/\/luchonoticias.com\/editor\/ganancias-superaron-las-expectativas-en-feria-microempresarial-en-neiva\/#breadcrumb\",\"itemListElement\":[{\"@type\":\"ListItem\",\"position\":1,\"name\":\"Portada\",\"item\":\"https:\/\/luchonoticias.com\/editor\/\"},{\"@type\":\"ListItem\",\"position\":2,\"name\":\"Ganancias superaron las expectativas en Feria Microempresarial en Neiva\"}]},{\"@type\":\"WebSite\",\"@id\":\"https:\/\/luchonoticias.com\/editor\/#website\",\"url\":\"https:\/\/luchonoticias.com\/editor\/\",\"name\":\"\",\"description\":\"\",\"publisher\":{\"@id\":\"https:\/\/luchonoticias.com\/editor\/#\/schema\/person\/7a7fd911f58561fd056dbac7b55af9cd\"},\"potentialAction\":[{\"@type\":\"SearchAction\",\"target\":{\"@type\":\"EntryPoint\",\"urlTemplate\":\"https:\/\/luchonoticias.com\/editor\/?s={search_term_string}\"},\"query-input\":{\"@type\":\"PropertyValueSpecification\",\"valueRequired\":true,\"valueName\":\"search_term_string\"}}],\"inLanguage\":\"es\"},{\"@type\":[\"Person\",\"Organization\"],\"@id\":\"https:\/\/luchonoticias.com\/editor\/#\/schema\/person\/7a7fd911f58561fd056dbac7b55af9cd\",\"name\":\"admin\",\"image\":{\"@type\":\"ImageObject\",\"inLanguage\":\"es\",\"@id\":\"https:\/\/luchonoticias.com\/editor\/#\/schema\/person\/image\/\",\"url\":\"https:\/\/luchonoticias.com\/editor\/wp-content\/uploads\/2024\/02\/cropped-cropped-logolu.webp\",\"contentUrl\":\"https:\/\/luchonoticias.com\/editor\/wp-content\/uploads\/2024\/02\/cropped-cropped-logolu.webp\",\"width\":382,\"height\":170,\"caption\":\"admin\"},\"logo\":{\"@id\":\"https:\/\/luchonoticias.com\/editor\/#\/schema\/person\/image\/\"},\"sameAs\":[\"https:\/\/www.facebook.com\/luchonoticiasneiva\"],\"url\":\"https:\/\/luchonoticias.com\/editor\/author\/admin\/\"}]}<\/script>\n<!-- \/ Yoast SEO plugin. -->","yoast_head_json":{"title":"Ganancias superaron las expectativas en Feria Microempresarial en Neiva -","robots":{"index":"index","follow":"follow","max-snippet":"max-snippet:-1","max-image-preview":"max-image-preview:large","max-video-preview":"max-video-preview:-1"},"canonical":"https:\/\/luchonoticias.com\/editor\/ganancias-superaron-las-expectativas-en-feria-microempresarial-en-neiva\/","og_locale":"es_ES","og_type":"article","og_title":"Ganancias superaron las expectativas en Feria Microempresarial en Neiva -","og_url":"https:\/\/luchonoticias.com\/editor\/ganancias-superaron-las-expectativas-en-feria-microempresarial-en-neiva\/","article_publisher":"https:\/\/www.facebook.com\/luchonoticiasneiva","article_author":"https:\/\/www.facebook.com\/luchonoticiasneiva","article_published_time":"2022-07-20T11:47:11+00:00","article_modified_time":"2022-07-20T11:47:13+00:00","og_image":[{"url":"https:\/\/luchonoticias.com\/wp-content\/uploads\/2022\/07\/WhatsApp-Image-2022-07-19-at-7.04.29-PM-1-1024x682.jpeg","type":"","width":"","height":""}],"author":"admin","twitter_card":"summary_large_image","twitter_misc":{"Escrito por":"admin","Tiempo de lectura":"3 minutos"},"schema":{"@context":"https:\/\/schema.org","@graph":[{"@type":"Article","@id":"https:\/\/luchonoticias.com\/editor\/ganancias-superaron-las-expectativas-en-feria-microempresarial-en-neiva\/#article","isPartOf":{"@id":"https:\/\/luchonoticias.com\/editor\/ganancias-superaron-las-expectativas-en-feria-microempresarial-en-neiva\/"},"author":{"name":"admin","@id":"https:\/\/luchonoticias.com\/editor\/#\/schema\/person\/7a7fd911f58561fd056dbac7b55af9cd"},"headline":"Ganancias superaron las expectativas en Feria Microempresarial en Neiva","datePublished":"2022-07-20T11:47:11+00:00","dateModified":"2022-07-20T11:47:13+00:00","mainEntityOfPage":{"@id":"https:\/\/luchonoticias.com\/editor\/ganancias-superaron-las-expectativas-en-feria-microempresarial-en-neiva\/"},"wordCount":565,"commentCount":0,"publisher":{"@id":"https:\/\/luchonoticias.com\/editor\/#\/schema\/person\/7a7fd911f58561fd056dbac7b55af9cd"},"image":{"@id":"https:\/\/luchonoticias.com\/editor\/ganancias-superaron-las-expectativas-en-feria-microempresarial-en-neiva\/#primaryimage"},"thumbnailUrl":"https:\/\/luchonoticias.com\/wp-content\/uploads\/2022\/07\/WhatsApp-Image-2022-07-19-at-7.04.29-PM-1-1024x682.jpeg","articleSection":["Comunidad","Destacado"],"inLanguage":"es","potentialAction":[{"@type":"CommentAction","name":"Comment","target":["https:\/\/luchonoticias.com\/editor\/ganancias-superaron-las-expectativas-en-feria-microempresarial-en-neiva\/#respond"]}]},{"@type":"WebPage","@id":"https:\/\/luchonoticias.com\/editor\/ganancias-superaron-las-expectativas-en-feria-microempresarial-en-neiva\/","url":"https:\/\/luchonoticias.com\/editor\/ganancias-superaron-las-expectativas-en-feria-microempresarial-en-neiva\/","name":"Ganancias superaron las expectativas en Feria Microempresarial en Neiva -","isPartOf":{"@id":"https:\/\/luchonoticias.com\/editor\/#website"},"primaryImageOfPage":{"@id":"https:\/\/luchonoticias.com\/editor\/ganancias-superaron-las-expectativas-en-feria-microempresarial-en-neiva\/#primaryimage"},"image":{"@id":"https:\/\/luchonoticias.com\/editor\/ganancias-superaron-las-expectativas-en-feria-microempresarial-en-neiva\/#primaryimage"},"thumbnailUrl":"https:\/\/luchonoticias.com\/wp-content\/uploads\/2022\/07\/WhatsApp-Image-2022-07-19-at-7.04.29-PM-1-1024x682.jpeg","datePublished":"2022-07-20T11:47:11+00:00","dateModified":"2022-07-20T11:47:13+00:00","breadcrumb":{"@id":"https:\/\/luchonoticias.com\/editor\/ganancias-superaron-las-expectativas-en-feria-microempresarial-en-neiva\/#breadcrumb"},"inLanguage":"es","potentialAction":[{"@type":"ReadAction","target":["https:\/\/luchonoticias.com\/editor\/ganancias-superaron-las-expectativas-en-feria-microempresarial-en-neiva\/"]}]},{"@type":"ImageObject","inLanguage":"es","@id":"https:\/\/luchonoticias.com\/editor\/ganancias-superaron-las-expectativas-en-feria-microempresarial-en-neiva\/#primaryimage","url":"https:\/\/luchonoticias.com\/wp-content\/uploads\/2022\/07\/WhatsApp-Image-2022-07-19-at-7.04.29-PM-1-1024x682.jpeg","contentUrl":"https:\/\/luchonoticias.com\/wp-content\/uploads\/2022\/07\/WhatsApp-Image-2022-07-19-at-7.04.29-PM-1-1024x682.jpeg"},{"@type":"BreadcrumbList","@id":"https:\/\/luchonoticias.com\/editor\/ganancias-superaron-las-expectativas-en-feria-microempresarial-en-neiva\/#breadcrumb","itemListElement":[{"@type":"ListItem","position":1,"name":"Portada","item":"https:\/\/luchonoticias.com\/editor\/"},{"@type":"ListItem","position":2,"name":"Ganancias superaron las expectativas en Feria Microempresarial en Neiva"}]},{"@type":"WebSite","@id":"https:\/\/luchonoticias.com\/editor\/#website","url":"https:\/\/luchonoticias.com\/editor\/","name":"","description":"","publisher":{"@id":"https:\/\/luchonoticias.com\/editor\/#\/schema\/person\/7a7fd911f58561fd056dbac7b55af9cd"},"potentialAction":[{"@type":"SearchAction","target":{"@type":"EntryPoint","urlTemplate":"https:\/\/luchonoticias.com\/editor\/?s={search_term_string}"},"query-input":{"@type":"PropertyValueSpecification","valueRequired":true,"valueName":"search_term_string"}}],"inLanguage":"es"},{"@type":["Person","Organization"],"@id":"https:\/\/luchonoticias.com\/editor\/#\/schema\/person\/7a7fd911f58561fd056dbac7b55af9cd","name":"admin","image":{"@type":"ImageObject","inLanguage":"es","@id":"https:\/\/luchonoticias.com\/editor\/#\/schema\/person\/image\/","url":"https:\/\/luchonoticias.com\/editor\/wp-content\/uploads\/2024\/02\/cropped-cropped-logolu.webp","contentUrl":"https:\/\/luchonoticias.com\/editor\/wp-content\/uploads\/2024\/02\/cropped-cropped-logolu.webp","width":382,"height":170,"caption":"admin"},"logo":{"@id":"https:\/\/luchonoticias.com\/editor\/#\/schema\/person\/image\/"},"sameAs":["https:\/\/www.facebook.com\/luchonoticiasneiva"],"url":"https:\/\/luchonoticias.com\/editor\/author\/admin\/"}]}},"_links":{"self":[{"href":"https:\/\/luchonoticias.com\/editor\/wp-json\/wp\/v2\/posts\/30015","targetHints":{"allow":["GET"]}}],"collection":[{"href":"https:\/\/luchonoticias.com\/editor\/wp-json\/wp\/v2\/posts"}],"about":[{"href":"https:\/\/luchonoticias.com\/editor\/wp-json\/wp\/v2\/types\/post"}],"author":[{"embeddable":true,"href":"https:\/\/luchonoticias.com\/editor\/wp-json\/wp\/v2\/users\/1"}],"replies":[{"embeddable":true,"href":"https:\/\/luchonoticias.com\/editor\/wp-json\/wp\/v2\/comments?post=30015"}],"version-history":[{"count":0,"href":"https:\/\/luchonoticias.com\/editor\/wp-json\/wp\/v2\/posts\/30015\/revisions"}],"wp:attachment":[{"href":"https:\/\/luchonoticias.com\/editor\/wp-json\/wp\/v2\/media?parent=30015"}],"wp:term":[{"taxonomy":"category","embeddable":true,"href":"https:\/\/luchonoticias.com\/editor\/wp-json\/wp\/v2\/categories?post=30015"},{"taxonomy":"post_tag","embeddable":true,"href":"https:\/\/luchonoticias.com\/editor\/wp-json\/wp\/v2\/tags?post=30015"}],"curies":[{"name":"wp","href":"https:\/\/api.w.org\/{rel}","templated":true}]}}