{"id":30625,"date":"2022-07-27T13:56:39","date_gmt":"2022-07-27T18:56:39","guid":{"rendered":"https:\/\/luchonoticias.com\/?p=30625"},"modified":"2022-07-27T13:56:40","modified_gmt":"2022-07-27T18:56:40","slug":"a-buen-ritmo-avanza-plan-de-expansion-en-alumbrado-publico-en-neiva","status":"publish","type":"post","link":"https:\/\/luchonoticias.com\/editor\/a-buen-ritmo-avanza-plan-de-expansion-en-alumbrado-publico-en-neiva\/","title":{"rendered":"A buen ritmo avanza plan de expansi\u00f3n en alumbrado p\u00fablico en Neiva"},"content":{"rendered":"\n<p>Tras terminar el proceso de modernizaci\u00f3n de las l\u00e1mparas del alumbrado p\u00fablico de Neiva, la Empresa de Servicios de Iluminaci\u00f3n y Desarrollo Tecnol\u00f3gico, ESIP, avanza en la primer fase de expansi\u00f3n en alumbrado p\u00fablico, en el tramo de la v\u00eda al corregimiento de Fortalecillas, en d\u00f3nde se instalaron 372 metros de red trenzada, con 11 postes de luminarias modernas. Esto con el fin de mitigar la inseguridad que se estaba presentando en dicho sector, por algunos casos de hurtos a la comunidad.<\/p>\n\n\n\n<p>Esta es la tercera intervenci\u00f3n que se realiza en temas de expansi\u00f3n, luego de haber llevado el servicio de alumbrado p\u00fablico a la vereda Santa Helena del corregimiento R\u00edo Ceibas, a la Avenida Alberto Galindo desde la Transversal 16 hasta la 68, d\u00f3nde se realiz\u00f3 una expansi\u00f3n de red subterr\u00e1nea a a\u00e9rea.<\/p>\n\n\n\n<figure class=\"wp-block-gallery has-nested-images columns-default is-cropped wp-block-gallery-1 is-layout-flex wp-block-gallery-is-layout-flex\">\n<figure class=\"wp-block-image size-large\"><img decoding=\"async\" data-id=\"30628\" src=\"https:\/\/luchonoticias.com\/wp-content\/uploads\/2022\/07\/WhatsApp-Image-2022-07-27-at-12.56.21-PM-2-1024x692.jpeg\" alt=\"\" class=\"wp-image-30628\"\/><\/figure>\n\n\n\n<figure class=\"wp-block-image size-large\"><img decoding=\"async\" data-id=\"30629\" src=\"https:\/\/luchonoticias.com\/wp-content\/uploads\/2022\/07\/WhatsApp-Image-2022-07-27-at-12.56.21-PM-1024x683.jpeg\" alt=\"\" class=\"wp-image-30629\"\/><\/figure>\n\n\n\n<figure class=\"wp-block-image size-large\"><img decoding=\"async\" data-id=\"30627\" src=\"https:\/\/luchonoticias.com\/wp-content\/uploads\/2022\/07\/WhatsApp-Image-2022-07-27-at-12.56.20-PM-2-1024x683.jpeg\" alt=\"\" class=\"wp-image-30627\"\/><\/figure>\n<\/figure>\n\n\n\n<p><strong>Mejores condiciones<\/strong><\/p>\n\n\n\n<p>El proceso de expansi\u00f3n, como se conoce la llegada del servicio de alumbrado a sectores donde antes no exist\u00eda, hace parte de una de las metas trazadas en el<\/p>\n\n\n\n<p>Plan de Desarrollo, mandato ciudadano, territorio de vida y paz, que ejecuta el alcalde Gorky Mu\u00f1oz Calder\u00f3n, con el prop\u00f3sito de generar&nbsp; dignificaci\u00f3n de la calidad de vida de los ciudadanos, a trav\u00e9s de una mayor seguridad.<\/p>\n\n\n\n<p>\u00abLes queremos informar a todos los neivanos, que comenzamos la primera fase de expansi\u00f3n en alumbrado p\u00fablico en el municipio de Neiva, iniciando con el tramo de v\u00eda Fortalecillas, debido a solicitudes por la comunidad, en tema&nbsp; de inseguridad. Esperamos muy pronto continuar con el resto de expansiones y el proyecto total de Fortalecillas,\u00bb dijo Javier Alexander Mora, profesional t\u00e9cnico de alumbrado p\u00fablico del ESIP.<\/p>\n\n\n\n<p>La empresa a trav\u00e9s de distintas reuniones previas con las comunidades de la zona urbana y rural, ha priorizado la expansi\u00f3n de 180 proyectos en la ciudad, en este segundo semestre del a\u00f1os y el primer semestre de 2023.<\/p>\n","protected":false},"excerpt":{"rendered":"<p>Tras terminar el proceso de modernizaci\u00f3n de las l\u00e1mparas del alumbrado p\u00fablico de Neiva, la Empresa de Servicios de Iluminaci\u00f3n y Desarrollo Tecnol\u00f3gico, ESIP, avanza en la primer fase de expansi\u00f3n en alumbrado p\u00fablico, en el tramo de la v\u00eda al corregimiento de Fortalecillas, en d\u00f3nde se instalaron 372 metros de red trenzada, con 11 [&hellip;]<\/p>\n","protected":false},"author":1,"featured_media":0,"comment_status":"open","ping_status":"open","sticky":false,"template":"","format":"standard","meta":{"footnotes":""},"categories":[36,53],"tags":[],"class_list":["post-30625","post","type-post","status-publish","format-standard","hentry","category-destacado","category-neiva"],"yoast_head":"<!-- This site is optimized with the Yoast SEO plugin v26.6 - https:\/\/yoast.com\/wordpress\/plugins\/seo\/ -->\n<title>A buen ritmo avanza plan de expansi\u00f3n en alumbrado p\u00fablico en Neiva -<\/title>\n<meta name=\"robots\" content=\"index, follow, max-snippet:-1, max-image-preview:large, max-video-preview:-1\" \/>\n<link rel=\"canonical\" href=\"https:\/\/luchonoticias.com\/editor\/a-buen-ritmo-avanza-plan-de-expansion-en-alumbrado-publico-en-neiva\/\" \/>\n<meta property=\"og:locale\" content=\"es_ES\" \/>\n<meta property=\"og:type\" content=\"article\" \/>\n<meta property=\"og:title\" content=\"A buen ritmo avanza plan de expansi\u00f3n en alumbrado p\u00fablico en Neiva -\" \/>\n<meta property=\"og:url\" content=\"https:\/\/luchonoticias.com\/editor\/a-buen-ritmo-avanza-plan-de-expansion-en-alumbrado-publico-en-neiva\/\" \/>\n<meta property=\"article:publisher\" content=\"https:\/\/www.facebook.com\/luchonoticiasneiva\" \/>\n<meta property=\"article:author\" content=\"https:\/\/www.facebook.com\/luchonoticiasneiva\" \/>\n<meta property=\"article:published_time\" content=\"2022-07-27T18:56:39+00:00\" \/>\n<meta property=\"article:modified_time\" content=\"2022-07-27T18:56:40+00:00\" \/>\n<meta property=\"og:image\" content=\"https:\/\/luchonoticias.com\/wp-content\/uploads\/2022\/07\/WhatsApp-Image-2022-07-27-at-12.56.21-PM-2-1024x692.jpeg\" \/>\n<meta name=\"author\" content=\"admin\" \/>\n<meta name=\"twitter:card\" content=\"summary_large_image\" \/>\n<meta name=\"twitter:label1\" content=\"Escrito por\" \/>\n\t<meta name=\"twitter:data1\" content=\"admin\" \/>\n\t<meta name=\"twitter:label2\" content=\"Tiempo de lectura\" \/>\n\t<meta name=\"twitter:data2\" content=\"2 minutos\" \/>\n<script type=\"application\/ld+json\" class=\"yoast-schema-graph\">{\"@context\":\"https:\/\/schema.org\",\"@graph\":[{\"@type\":\"Article\",\"@id\":\"https:\/\/luchonoticias.com\/editor\/a-buen-ritmo-avanza-plan-de-expansion-en-alumbrado-publico-en-neiva\/#article\",\"isPartOf\":{\"@id\":\"https:\/\/luchonoticias.com\/editor\/a-buen-ritmo-avanza-plan-de-expansion-en-alumbrado-publico-en-neiva\/\"},\"author\":{\"name\":\"admin\",\"@id\":\"https:\/\/luchonoticias.com\/editor\/#\/schema\/person\/7a7fd911f58561fd056dbac7b55af9cd\"},\"headline\":\"A buen ritmo avanza plan de expansi\u00f3n en alumbrado p\u00fablico en Neiva\",\"datePublished\":\"2022-07-27T18:56:39+00:00\",\"dateModified\":\"2022-07-27T18:56:40+00:00\",\"mainEntityOfPage\":{\"@id\":\"https:\/\/luchonoticias.com\/editor\/a-buen-ritmo-avanza-plan-de-expansion-en-alumbrado-publico-en-neiva\/\"},\"wordCount\":348,\"commentCount\":0,\"publisher\":{\"@id\":\"https:\/\/luchonoticias.com\/editor\/#\/schema\/person\/7a7fd911f58561fd056dbac7b55af9cd\"},\"image\":{\"@id\":\"https:\/\/luchonoticias.com\/editor\/a-buen-ritmo-avanza-plan-de-expansion-en-alumbrado-publico-en-neiva\/#primaryimage\"},\"thumbnailUrl\":\"https:\/\/luchonoticias.com\/wp-content\/uploads\/2022\/07\/WhatsApp-Image-2022-07-27-at-12.56.21-PM-2-1024x692.jpeg\",\"articleSection\":[\"Destacado\",\"Neiva\"],\"inLanguage\":\"es\",\"potentialAction\":[{\"@type\":\"CommentAction\",\"name\":\"Comment\",\"target\":[\"https:\/\/luchonoticias.com\/editor\/a-buen-ritmo-avanza-plan-de-expansion-en-alumbrado-publico-en-neiva\/#respond\"]}]},{\"@type\":\"WebPage\",\"@id\":\"https:\/\/luchonoticias.com\/editor\/a-buen-ritmo-avanza-plan-de-expansion-en-alumbrado-publico-en-neiva\/\",\"url\":\"https:\/\/luchonoticias.com\/editor\/a-buen-ritmo-avanza-plan-de-expansion-en-alumbrado-publico-en-neiva\/\",\"name\":\"A buen ritmo avanza plan de expansi\u00f3n en alumbrado p\u00fablico en Neiva -\",\"isPartOf\":{\"@id\":\"https:\/\/luchonoticias.com\/editor\/#website\"},\"primaryImageOfPage\":{\"@id\":\"https:\/\/luchonoticias.com\/editor\/a-buen-ritmo-avanza-plan-de-expansion-en-alumbrado-publico-en-neiva\/#primaryimage\"},\"image\":{\"@id\":\"https:\/\/luchonoticias.com\/editor\/a-buen-ritmo-avanza-plan-de-expansion-en-alumbrado-publico-en-neiva\/#primaryimage\"},\"thumbnailUrl\":\"https:\/\/luchonoticias.com\/wp-content\/uploads\/2022\/07\/WhatsApp-Image-2022-07-27-at-12.56.21-PM-2-1024x692.jpeg\",\"datePublished\":\"2022-07-27T18:56:39+00:00\",\"dateModified\":\"2022-07-27T18:56:40+00:00\",\"breadcrumb\":{\"@id\":\"https:\/\/luchonoticias.com\/editor\/a-buen-ritmo-avanza-plan-de-expansion-en-alumbrado-publico-en-neiva\/#breadcrumb\"},\"inLanguage\":\"es\",\"potentialAction\":[{\"@type\":\"ReadAction\",\"target\":[\"https:\/\/luchonoticias.com\/editor\/a-buen-ritmo-avanza-plan-de-expansion-en-alumbrado-publico-en-neiva\/\"]}]},{\"@type\":\"ImageObject\",\"inLanguage\":\"es\",\"@id\":\"https:\/\/luchonoticias.com\/editor\/a-buen-ritmo-avanza-plan-de-expansion-en-alumbrado-publico-en-neiva\/#primaryimage\",\"url\":\"https:\/\/luchonoticias.com\/wp-content\/uploads\/2022\/07\/WhatsApp-Image-2022-07-27-at-12.56.21-PM-2-1024x692.jpeg\",\"contentUrl\":\"https:\/\/luchonoticias.com\/wp-content\/uploads\/2022\/07\/WhatsApp-Image-2022-07-27-at-12.56.21-PM-2-1024x692.jpeg\"},{\"@type\":\"BreadcrumbList\",\"@id\":\"https:\/\/luchonoticias.com\/editor\/a-buen-ritmo-avanza-plan-de-expansion-en-alumbrado-publico-en-neiva\/#breadcrumb\",\"itemListElement\":[{\"@type\":\"ListItem\",\"position\":1,\"name\":\"Portada\",\"item\":\"https:\/\/luchonoticias.com\/editor\/\"},{\"@type\":\"ListItem\",\"position\":2,\"name\":\"A buen ritmo avanza plan de expansi\u00f3n en alumbrado p\u00fablico en Neiva\"}]},{\"@type\":\"WebSite\",\"@id\":\"https:\/\/luchonoticias.com\/editor\/#website\",\"url\":\"https:\/\/luchonoticias.com\/editor\/\",\"name\":\"\",\"description\":\"\",\"publisher\":{\"@id\":\"https:\/\/luchonoticias.com\/editor\/#\/schema\/person\/7a7fd911f58561fd056dbac7b55af9cd\"},\"potentialAction\":[{\"@type\":\"SearchAction\",\"target\":{\"@type\":\"EntryPoint\",\"urlTemplate\":\"https:\/\/luchonoticias.com\/editor\/?s={search_term_string}\"},\"query-input\":{\"@type\":\"PropertyValueSpecification\",\"valueRequired\":true,\"valueName\":\"search_term_string\"}}],\"inLanguage\":\"es\"},{\"@type\":[\"Person\",\"Organization\"],\"@id\":\"https:\/\/luchonoticias.com\/editor\/#\/schema\/person\/7a7fd911f58561fd056dbac7b55af9cd\",\"name\":\"admin\",\"image\":{\"@type\":\"ImageObject\",\"inLanguage\":\"es\",\"@id\":\"https:\/\/luchonoticias.com\/editor\/#\/schema\/person\/image\/\",\"url\":\"https:\/\/luchonoticias.com\/editor\/wp-content\/uploads\/2024\/02\/cropped-cropped-logolu.webp\",\"contentUrl\":\"https:\/\/luchonoticias.com\/editor\/wp-content\/uploads\/2024\/02\/cropped-cropped-logolu.webp\",\"width\":382,\"height\":170,\"caption\":\"admin\"},\"logo\":{\"@id\":\"https:\/\/luchonoticias.com\/editor\/#\/schema\/person\/image\/\"},\"sameAs\":[\"https:\/\/www.facebook.com\/luchonoticiasneiva\"],\"url\":\"https:\/\/luchonoticias.com\/editor\/author\/admin\/\"}]}<\/script>\n<!-- \/ Yoast SEO plugin. -->","yoast_head_json":{"title":"A buen ritmo avanza plan de expansi\u00f3n en alumbrado p\u00fablico en Neiva -","robots":{"index":"index","follow":"follow","max-snippet":"max-snippet:-1","max-image-preview":"max-image-preview:large","max-video-preview":"max-video-preview:-1"},"canonical":"https:\/\/luchonoticias.com\/editor\/a-buen-ritmo-avanza-plan-de-expansion-en-alumbrado-publico-en-neiva\/","og_locale":"es_ES","og_type":"article","og_title":"A buen ritmo avanza plan de expansi\u00f3n en alumbrado p\u00fablico en Neiva -","og_url":"https:\/\/luchonoticias.com\/editor\/a-buen-ritmo-avanza-plan-de-expansion-en-alumbrado-publico-en-neiva\/","article_publisher":"https:\/\/www.facebook.com\/luchonoticiasneiva","article_author":"https:\/\/www.facebook.com\/luchonoticiasneiva","article_published_time":"2022-07-27T18:56:39+00:00","article_modified_time":"2022-07-27T18:56:40+00:00","og_image":[{"url":"https:\/\/luchonoticias.com\/wp-content\/uploads\/2022\/07\/WhatsApp-Image-2022-07-27-at-12.56.21-PM-2-1024x692.jpeg","type":"","width":"","height":""}],"author":"admin","twitter_card":"summary_large_image","twitter_misc":{"Escrito por":"admin","Tiempo de lectura":"2 minutos"},"schema":{"@context":"https:\/\/schema.org","@graph":[{"@type":"Article","@id":"https:\/\/luchonoticias.com\/editor\/a-buen-ritmo-avanza-plan-de-expansion-en-alumbrado-publico-en-neiva\/#article","isPartOf":{"@id":"https:\/\/luchonoticias.com\/editor\/a-buen-ritmo-avanza-plan-de-expansion-en-alumbrado-publico-en-neiva\/"},"author":{"name":"admin","@id":"https:\/\/luchonoticias.com\/editor\/#\/schema\/person\/7a7fd911f58561fd056dbac7b55af9cd"},"headline":"A buen ritmo avanza plan de expansi\u00f3n en alumbrado p\u00fablico en Neiva","datePublished":"2022-07-27T18:56:39+00:00","dateModified":"2022-07-27T18:56:40+00:00","mainEntityOfPage":{"@id":"https:\/\/luchonoticias.com\/editor\/a-buen-ritmo-avanza-plan-de-expansion-en-alumbrado-publico-en-neiva\/"},"wordCount":348,"commentCount":0,"publisher":{"@id":"https:\/\/luchonoticias.com\/editor\/#\/schema\/person\/7a7fd911f58561fd056dbac7b55af9cd"},"image":{"@id":"https:\/\/luchonoticias.com\/editor\/a-buen-ritmo-avanza-plan-de-expansion-en-alumbrado-publico-en-neiva\/#primaryimage"},"thumbnailUrl":"https:\/\/luchonoticias.com\/wp-content\/uploads\/2022\/07\/WhatsApp-Image-2022-07-27-at-12.56.21-PM-2-1024x692.jpeg","articleSection":["Destacado","Neiva"],"inLanguage":"es","potentialAction":[{"@type":"CommentAction","name":"Comment","target":["https:\/\/luchonoticias.com\/editor\/a-buen-ritmo-avanza-plan-de-expansion-en-alumbrado-publico-en-neiva\/#respond"]}]},{"@type":"WebPage","@id":"https:\/\/luchonoticias.com\/editor\/a-buen-ritmo-avanza-plan-de-expansion-en-alumbrado-publico-en-neiva\/","url":"https:\/\/luchonoticias.com\/editor\/a-buen-ritmo-avanza-plan-de-expansion-en-alumbrado-publico-en-neiva\/","name":"A buen ritmo avanza plan de expansi\u00f3n en alumbrado p\u00fablico en Neiva -","isPartOf":{"@id":"https:\/\/luchonoticias.com\/editor\/#website"},"primaryImageOfPage":{"@id":"https:\/\/luchonoticias.com\/editor\/a-buen-ritmo-avanza-plan-de-expansion-en-alumbrado-publico-en-neiva\/#primaryimage"},"image":{"@id":"https:\/\/luchonoticias.com\/editor\/a-buen-ritmo-avanza-plan-de-expansion-en-alumbrado-publico-en-neiva\/#primaryimage"},"thumbnailUrl":"https:\/\/luchonoticias.com\/wp-content\/uploads\/2022\/07\/WhatsApp-Image-2022-07-27-at-12.56.21-PM-2-1024x692.jpeg","datePublished":"2022-07-27T18:56:39+00:00","dateModified":"2022-07-27T18:56:40+00:00","breadcrumb":{"@id":"https:\/\/luchonoticias.com\/editor\/a-buen-ritmo-avanza-plan-de-expansion-en-alumbrado-publico-en-neiva\/#breadcrumb"},"inLanguage":"es","potentialAction":[{"@type":"ReadAction","target":["https:\/\/luchonoticias.com\/editor\/a-buen-ritmo-avanza-plan-de-expansion-en-alumbrado-publico-en-neiva\/"]}]},{"@type":"ImageObject","inLanguage":"es","@id":"https:\/\/luchonoticias.com\/editor\/a-buen-ritmo-avanza-plan-de-expansion-en-alumbrado-publico-en-neiva\/#primaryimage","url":"https:\/\/luchonoticias.com\/wp-content\/uploads\/2022\/07\/WhatsApp-Image-2022-07-27-at-12.56.21-PM-2-1024x692.jpeg","contentUrl":"https:\/\/luchonoticias.com\/wp-content\/uploads\/2022\/07\/WhatsApp-Image-2022-07-27-at-12.56.21-PM-2-1024x692.jpeg"},{"@type":"BreadcrumbList","@id":"https:\/\/luchonoticias.com\/editor\/a-buen-ritmo-avanza-plan-de-expansion-en-alumbrado-publico-en-neiva\/#breadcrumb","itemListElement":[{"@type":"ListItem","position":1,"name":"Portada","item":"https:\/\/luchonoticias.com\/editor\/"},{"@type":"ListItem","position":2,"name":"A buen ritmo avanza plan de expansi\u00f3n en alumbrado p\u00fablico en Neiva"}]},{"@type":"WebSite","@id":"https:\/\/luchonoticias.com\/editor\/#website","url":"https:\/\/luchonoticias.com\/editor\/","name":"","description":"","publisher":{"@id":"https:\/\/luchonoticias.com\/editor\/#\/schema\/person\/7a7fd911f58561fd056dbac7b55af9cd"},"potentialAction":[{"@type":"SearchAction","target":{"@type":"EntryPoint","urlTemplate":"https:\/\/luchonoticias.com\/editor\/?s={search_term_string}"},"query-input":{"@type":"PropertyValueSpecification","valueRequired":true,"valueName":"search_term_string"}}],"inLanguage":"es"},{"@type":["Person","Organization"],"@id":"https:\/\/luchonoticias.com\/editor\/#\/schema\/person\/7a7fd911f58561fd056dbac7b55af9cd","name":"admin","image":{"@type":"ImageObject","inLanguage":"es","@id":"https:\/\/luchonoticias.com\/editor\/#\/schema\/person\/image\/","url":"https:\/\/luchonoticias.com\/editor\/wp-content\/uploads\/2024\/02\/cropped-cropped-logolu.webp","contentUrl":"https:\/\/luchonoticias.com\/editor\/wp-content\/uploads\/2024\/02\/cropped-cropped-logolu.webp","width":382,"height":170,"caption":"admin"},"logo":{"@id":"https:\/\/luchonoticias.com\/editor\/#\/schema\/person\/image\/"},"sameAs":["https:\/\/www.facebook.com\/luchonoticiasneiva"],"url":"https:\/\/luchonoticias.com\/editor\/author\/admin\/"}]}},"_links":{"self":[{"href":"https:\/\/luchonoticias.com\/editor\/wp-json\/wp\/v2\/posts\/30625","targetHints":{"allow":["GET"]}}],"collection":[{"href":"https:\/\/luchonoticias.com\/editor\/wp-json\/wp\/v2\/posts"}],"about":[{"href":"https:\/\/luchonoticias.com\/editor\/wp-json\/wp\/v2\/types\/post"}],"author":[{"embeddable":true,"href":"https:\/\/luchonoticias.com\/editor\/wp-json\/wp\/v2\/users\/1"}],"replies":[{"embeddable":true,"href":"https:\/\/luchonoticias.com\/editor\/wp-json\/wp\/v2\/comments?post=30625"}],"version-history":[{"count":0,"href":"https:\/\/luchonoticias.com\/editor\/wp-json\/wp\/v2\/posts\/30625\/revisions"}],"wp:attachment":[{"href":"https:\/\/luchonoticias.com\/editor\/wp-json\/wp\/v2\/media?parent=30625"}],"wp:term":[{"taxonomy":"category","embeddable":true,"href":"https:\/\/luchonoticias.com\/editor\/wp-json\/wp\/v2\/categories?post=30625"},{"taxonomy":"post_tag","embeddable":true,"href":"https:\/\/luchonoticias.com\/editor\/wp-json\/wp\/v2\/tags?post=30625"}],"curies":[{"name":"wp","href":"https:\/\/api.w.org\/{rel}","templated":true}]}}