{"id":30682,"date":"2022-07-28T04:59:31","date_gmt":"2022-07-28T09:59:31","guid":{"rendered":"https:\/\/luchonoticias.com\/?p=30682"},"modified":"2022-07-28T04:59:32","modified_gmt":"2022-07-28T09:59:32","slug":"huilense-compitio-en-nacional-de-voleibol-femenino-por-risaralda","status":"publish","type":"post","link":"https:\/\/luchonoticias.com\/editor\/huilense-compitio-en-nacional-de-voleibol-femenino-por-risaralda\/","title":{"rendered":"Huilense compiti\u00f3 en nacional de voleibol femenino por Risaralda"},"content":{"rendered":"\n<p><strong>Huila&nbsp;<\/strong>tuvo&nbsp;<strong>doble presentaci\u00f3n<\/strong>&nbsp;en el pasado&nbsp;<strong>nacional de voleibol femenino<\/strong>&nbsp;cumplido en Espinal (Tolima), adicional al equipo femenil tambi\u00e9n hubo&nbsp;<strong>presencia de huilense a nivel individual&nbsp;<\/strong>dentro de las delegaciones.<\/p>\n\n\n\n<p>En este caso se trat\u00f3 de&nbsp;<strong>Laura Sof\u00eda Rojas<\/strong>, quien intervino como&nbsp;<strong>parte del elenco de Risaralda<\/strong>&nbsp;que termin\u00f3 el torneo en la sexta casilla.<\/p>\n\n\n\n<p>Rojas, quien viene&nbsp;<strong>compitiendo desde hace unos a\u00f1os con Risaralda<\/strong>&nbsp;y con buenas resultados, espera ser tenida en cuenta en futuros compromisos nacionales, adem\u00e1s de conseguir y ser parte de los Juegos Nacionales del a\u00f1o entrante.<\/p>\n","protected":false},"excerpt":{"rendered":"<p>Huila&nbsp;tuvo&nbsp;doble presentaci\u00f3n&nbsp;en el pasado&nbsp;nacional de voleibol femenino&nbsp;cumplido en Espinal (Tolima), adicional al equipo femenil tambi\u00e9n hubo&nbsp;presencia de huilense a nivel individual&nbsp;dentro de las delegaciones. En este caso se trat\u00f3 de&nbsp;Laura Sof\u00eda Rojas, quien intervino como&nbsp;parte del elenco de Risaralda&nbsp;que termin\u00f3 el torneo en la sexta casilla. Rojas, quien viene&nbsp;compitiendo desde hace unos a\u00f1os con Risaralda&nbsp;y [&hellip;]<\/p>\n","protected":false},"author":1,"featured_media":0,"comment_status":"open","ping_status":"open","sticky":false,"template":"","format":"standard","meta":{"footnotes":""},"categories":[34],"tags":[],"class_list":["post-30682","post","type-post","status-publish","format-standard","hentry","category-deportes"],"yoast_head":"<!-- This site is optimized with the Yoast SEO plugin v26.6 - https:\/\/yoast.com\/wordpress\/plugins\/seo\/ -->\n<title>Huilense compiti\u00f3 en nacional de voleibol femenino por Risaralda -<\/title>\n<meta name=\"robots\" content=\"index, follow, max-snippet:-1, max-image-preview:large, max-video-preview:-1\" \/>\n<link rel=\"canonical\" href=\"https:\/\/luchonoticias.com\/editor\/huilense-compitio-en-nacional-de-voleibol-femenino-por-risaralda\/\" \/>\n<meta property=\"og:locale\" content=\"es_ES\" \/>\n<meta property=\"og:type\" content=\"article\" \/>\n<meta property=\"og:title\" content=\"Huilense compiti\u00f3 en nacional de voleibol femenino por Risaralda -\" \/>\n<meta property=\"og:url\" content=\"https:\/\/luchonoticias.com\/editor\/huilense-compitio-en-nacional-de-voleibol-femenino-por-risaralda\/\" \/>\n<meta property=\"article:publisher\" content=\"https:\/\/www.facebook.com\/luchonoticiasneiva\" \/>\n<meta property=\"article:author\" content=\"https:\/\/www.facebook.com\/luchonoticiasneiva\" \/>\n<meta property=\"article:published_time\" content=\"2022-07-28T09:59:31+00:00\" \/>\n<meta property=\"article:modified_time\" content=\"2022-07-28T09:59:32+00:00\" \/>\n<meta name=\"author\" content=\"admin\" \/>\n<meta name=\"twitter:card\" content=\"summary_large_image\" \/>\n<meta name=\"twitter:label1\" content=\"Escrito por\" \/>\n\t<meta name=\"twitter:data1\" content=\"admin\" \/>\n\t<meta name=\"twitter:label2\" content=\"Tiempo de lectura\" \/>\n\t<meta name=\"twitter:data2\" content=\"1 minuto\" \/>\n<script type=\"application\/ld+json\" class=\"yoast-schema-graph\">{\"@context\":\"https:\/\/schema.org\",\"@graph\":[{\"@type\":\"Article\",\"@id\":\"https:\/\/luchonoticias.com\/editor\/huilense-compitio-en-nacional-de-voleibol-femenino-por-risaralda\/#article\",\"isPartOf\":{\"@id\":\"https:\/\/luchonoticias.com\/editor\/huilense-compitio-en-nacional-de-voleibol-femenino-por-risaralda\/\"},\"author\":{\"name\":\"admin\",\"@id\":\"https:\/\/luchonoticias.com\/editor\/#\/schema\/person\/7a7fd911f58561fd056dbac7b55af9cd\"},\"headline\":\"Huilense compiti\u00f3 en nacional de voleibol femenino por Risaralda\",\"datePublished\":\"2022-07-28T09:59:31+00:00\",\"dateModified\":\"2022-07-28T09:59:32+00:00\",\"mainEntityOfPage\":{\"@id\":\"https:\/\/luchonoticias.com\/editor\/huilense-compitio-en-nacional-de-voleibol-femenino-por-risaralda\/\"},\"wordCount\":119,\"commentCount\":0,\"publisher\":{\"@id\":\"https:\/\/luchonoticias.com\/editor\/#\/schema\/person\/7a7fd911f58561fd056dbac7b55af9cd\"},\"articleSection\":[\"Deportes\"],\"inLanguage\":\"es\",\"potentialAction\":[{\"@type\":\"CommentAction\",\"name\":\"Comment\",\"target\":[\"https:\/\/luchonoticias.com\/editor\/huilense-compitio-en-nacional-de-voleibol-femenino-por-risaralda\/#respond\"]}]},{\"@type\":\"WebPage\",\"@id\":\"https:\/\/luchonoticias.com\/editor\/huilense-compitio-en-nacional-de-voleibol-femenino-por-risaralda\/\",\"url\":\"https:\/\/luchonoticias.com\/editor\/huilense-compitio-en-nacional-de-voleibol-femenino-por-risaralda\/\",\"name\":\"Huilense compiti\u00f3 en nacional de voleibol femenino por Risaralda -\",\"isPartOf\":{\"@id\":\"https:\/\/luchonoticias.com\/editor\/#website\"},\"datePublished\":\"2022-07-28T09:59:31+00:00\",\"dateModified\":\"2022-07-28T09:59:32+00:00\",\"breadcrumb\":{\"@id\":\"https:\/\/luchonoticias.com\/editor\/huilense-compitio-en-nacional-de-voleibol-femenino-por-risaralda\/#breadcrumb\"},\"inLanguage\":\"es\",\"potentialAction\":[{\"@type\":\"ReadAction\",\"target\":[\"https:\/\/luchonoticias.com\/editor\/huilense-compitio-en-nacional-de-voleibol-femenino-por-risaralda\/\"]}]},{\"@type\":\"BreadcrumbList\",\"@id\":\"https:\/\/luchonoticias.com\/editor\/huilense-compitio-en-nacional-de-voleibol-femenino-por-risaralda\/#breadcrumb\",\"itemListElement\":[{\"@type\":\"ListItem\",\"position\":1,\"name\":\"Portada\",\"item\":\"https:\/\/luchonoticias.com\/editor\/\"},{\"@type\":\"ListItem\",\"position\":2,\"name\":\"Huilense compiti\u00f3 en nacional de voleibol femenino por Risaralda\"}]},{\"@type\":\"WebSite\",\"@id\":\"https:\/\/luchonoticias.com\/editor\/#website\",\"url\":\"https:\/\/luchonoticias.com\/editor\/\",\"name\":\"\",\"description\":\"\",\"publisher\":{\"@id\":\"https:\/\/luchonoticias.com\/editor\/#\/schema\/person\/7a7fd911f58561fd056dbac7b55af9cd\"},\"potentialAction\":[{\"@type\":\"SearchAction\",\"target\":{\"@type\":\"EntryPoint\",\"urlTemplate\":\"https:\/\/luchonoticias.com\/editor\/?s={search_term_string}\"},\"query-input\":{\"@type\":\"PropertyValueSpecification\",\"valueRequired\":true,\"valueName\":\"search_term_string\"}}],\"inLanguage\":\"es\"},{\"@type\":[\"Person\",\"Organization\"],\"@id\":\"https:\/\/luchonoticias.com\/editor\/#\/schema\/person\/7a7fd911f58561fd056dbac7b55af9cd\",\"name\":\"admin\",\"image\":{\"@type\":\"ImageObject\",\"inLanguage\":\"es\",\"@id\":\"https:\/\/luchonoticias.com\/editor\/#\/schema\/person\/image\/\",\"url\":\"https:\/\/luchonoticias.com\/editor\/wp-content\/uploads\/2024\/02\/cropped-cropped-logolu.webp\",\"contentUrl\":\"https:\/\/luchonoticias.com\/editor\/wp-content\/uploads\/2024\/02\/cropped-cropped-logolu.webp\",\"width\":382,\"height\":170,\"caption\":\"admin\"},\"logo\":{\"@id\":\"https:\/\/luchonoticias.com\/editor\/#\/schema\/person\/image\/\"},\"sameAs\":[\"https:\/\/www.facebook.com\/luchonoticiasneiva\"],\"url\":\"https:\/\/luchonoticias.com\/editor\/author\/admin\/\"}]}<\/script>\n<!-- \/ Yoast SEO plugin. -->","yoast_head_json":{"title":"Huilense compiti\u00f3 en nacional de voleibol femenino por Risaralda -","robots":{"index":"index","follow":"follow","max-snippet":"max-snippet:-1","max-image-preview":"max-image-preview:large","max-video-preview":"max-video-preview:-1"},"canonical":"https:\/\/luchonoticias.com\/editor\/huilense-compitio-en-nacional-de-voleibol-femenino-por-risaralda\/","og_locale":"es_ES","og_type":"article","og_title":"Huilense compiti\u00f3 en nacional de voleibol femenino por Risaralda -","og_url":"https:\/\/luchonoticias.com\/editor\/huilense-compitio-en-nacional-de-voleibol-femenino-por-risaralda\/","article_publisher":"https:\/\/www.facebook.com\/luchonoticiasneiva","article_author":"https:\/\/www.facebook.com\/luchonoticiasneiva","article_published_time":"2022-07-28T09:59:31+00:00","article_modified_time":"2022-07-28T09:59:32+00:00","author":"admin","twitter_card":"summary_large_image","twitter_misc":{"Escrito por":"admin","Tiempo de lectura":"1 minuto"},"schema":{"@context":"https:\/\/schema.org","@graph":[{"@type":"Article","@id":"https:\/\/luchonoticias.com\/editor\/huilense-compitio-en-nacional-de-voleibol-femenino-por-risaralda\/#article","isPartOf":{"@id":"https:\/\/luchonoticias.com\/editor\/huilense-compitio-en-nacional-de-voleibol-femenino-por-risaralda\/"},"author":{"name":"admin","@id":"https:\/\/luchonoticias.com\/editor\/#\/schema\/person\/7a7fd911f58561fd056dbac7b55af9cd"},"headline":"Huilense compiti\u00f3 en nacional de voleibol femenino por Risaralda","datePublished":"2022-07-28T09:59:31+00:00","dateModified":"2022-07-28T09:59:32+00:00","mainEntityOfPage":{"@id":"https:\/\/luchonoticias.com\/editor\/huilense-compitio-en-nacional-de-voleibol-femenino-por-risaralda\/"},"wordCount":119,"commentCount":0,"publisher":{"@id":"https:\/\/luchonoticias.com\/editor\/#\/schema\/person\/7a7fd911f58561fd056dbac7b55af9cd"},"articleSection":["Deportes"],"inLanguage":"es","potentialAction":[{"@type":"CommentAction","name":"Comment","target":["https:\/\/luchonoticias.com\/editor\/huilense-compitio-en-nacional-de-voleibol-femenino-por-risaralda\/#respond"]}]},{"@type":"WebPage","@id":"https:\/\/luchonoticias.com\/editor\/huilense-compitio-en-nacional-de-voleibol-femenino-por-risaralda\/","url":"https:\/\/luchonoticias.com\/editor\/huilense-compitio-en-nacional-de-voleibol-femenino-por-risaralda\/","name":"Huilense compiti\u00f3 en nacional de voleibol femenino por Risaralda -","isPartOf":{"@id":"https:\/\/luchonoticias.com\/editor\/#website"},"datePublished":"2022-07-28T09:59:31+00:00","dateModified":"2022-07-28T09:59:32+00:00","breadcrumb":{"@id":"https:\/\/luchonoticias.com\/editor\/huilense-compitio-en-nacional-de-voleibol-femenino-por-risaralda\/#breadcrumb"},"inLanguage":"es","potentialAction":[{"@type":"ReadAction","target":["https:\/\/luchonoticias.com\/editor\/huilense-compitio-en-nacional-de-voleibol-femenino-por-risaralda\/"]}]},{"@type":"BreadcrumbList","@id":"https:\/\/luchonoticias.com\/editor\/huilense-compitio-en-nacional-de-voleibol-femenino-por-risaralda\/#breadcrumb","itemListElement":[{"@type":"ListItem","position":1,"name":"Portada","item":"https:\/\/luchonoticias.com\/editor\/"},{"@type":"ListItem","position":2,"name":"Huilense compiti\u00f3 en nacional de voleibol femenino por Risaralda"}]},{"@type":"WebSite","@id":"https:\/\/luchonoticias.com\/editor\/#website","url":"https:\/\/luchonoticias.com\/editor\/","name":"","description":"","publisher":{"@id":"https:\/\/luchonoticias.com\/editor\/#\/schema\/person\/7a7fd911f58561fd056dbac7b55af9cd"},"potentialAction":[{"@type":"SearchAction","target":{"@type":"EntryPoint","urlTemplate":"https:\/\/luchonoticias.com\/editor\/?s={search_term_string}"},"query-input":{"@type":"PropertyValueSpecification","valueRequired":true,"valueName":"search_term_string"}}],"inLanguage":"es"},{"@type":["Person","Organization"],"@id":"https:\/\/luchonoticias.com\/editor\/#\/schema\/person\/7a7fd911f58561fd056dbac7b55af9cd","name":"admin","image":{"@type":"ImageObject","inLanguage":"es","@id":"https:\/\/luchonoticias.com\/editor\/#\/schema\/person\/image\/","url":"https:\/\/luchonoticias.com\/editor\/wp-content\/uploads\/2024\/02\/cropped-cropped-logolu.webp","contentUrl":"https:\/\/luchonoticias.com\/editor\/wp-content\/uploads\/2024\/02\/cropped-cropped-logolu.webp","width":382,"height":170,"caption":"admin"},"logo":{"@id":"https:\/\/luchonoticias.com\/editor\/#\/schema\/person\/image\/"},"sameAs":["https:\/\/www.facebook.com\/luchonoticiasneiva"],"url":"https:\/\/luchonoticias.com\/editor\/author\/admin\/"}]}},"_links":{"self":[{"href":"https:\/\/luchonoticias.com\/editor\/wp-json\/wp\/v2\/posts\/30682","targetHints":{"allow":["GET"]}}],"collection":[{"href":"https:\/\/luchonoticias.com\/editor\/wp-json\/wp\/v2\/posts"}],"about":[{"href":"https:\/\/luchonoticias.com\/editor\/wp-json\/wp\/v2\/types\/post"}],"author":[{"embeddable":true,"href":"https:\/\/luchonoticias.com\/editor\/wp-json\/wp\/v2\/users\/1"}],"replies":[{"embeddable":true,"href":"https:\/\/luchonoticias.com\/editor\/wp-json\/wp\/v2\/comments?post=30682"}],"version-history":[{"count":0,"href":"https:\/\/luchonoticias.com\/editor\/wp-json\/wp\/v2\/posts\/30682\/revisions"}],"wp:attachment":[{"href":"https:\/\/luchonoticias.com\/editor\/wp-json\/wp\/v2\/media?parent=30682"}],"wp:term":[{"taxonomy":"category","embeddable":true,"href":"https:\/\/luchonoticias.com\/editor\/wp-json\/wp\/v2\/categories?post=30682"},{"taxonomy":"post_tag","embeddable":true,"href":"https:\/\/luchonoticias.com\/editor\/wp-json\/wp\/v2\/tags?post=30682"}],"curies":[{"name":"wp","href":"https:\/\/api.w.org\/{rel}","templated":true}]}}