{"id":30685,"date":"2022-07-28T05:01:08","date_gmt":"2022-07-28T10:01:08","guid":{"rendered":"https:\/\/luchonoticias.com\/?p=30685"},"modified":"2022-07-28T05:01:09","modified_gmt":"2022-07-28T10:01:09","slug":"jornada-de-entrega-de-pasaportes-para-manana-en-neiva","status":"publish","type":"post","link":"https:\/\/luchonoticias.com\/editor\/jornada-de-entrega-de-pasaportes-para-manana-en-neiva\/","title":{"rendered":"Jornada de entrega de pasaportes para ma\u00f1ana en Neiva"},"content":{"rendered":"\n<p>La Gobernaci\u00f3n del Huila invita a toda la comunidad huilense a que<strong>&nbsp;se acerquen a reclamar su pasaporte<\/strong>&nbsp;este viernes 29 de julio de 2022.<\/p>\n\n\n\n<p>\u201cTodo el d\u00eda&nbsp;<strong>estaremos haciendo el entregat\u00f3n y&nbsp; marat\u00f3n de pasaportes&nbsp;<\/strong>desde las 7:15 A.M. hasta las 12 P.M. y&nbsp; de&nbsp; 2:00 P.M. a 5:00 P.M;&nbsp; para este d\u00eda&nbsp; no se agendaron ni se atender\u00e1n ningunas citas\u201d, indic\u00f3 la secretaria General, Liza Adriana Carvajal.&nbsp;<\/p>\n\n\n\n<p>Para este d\u00eda&nbsp;<strong>habr\u00e1 una log\u00edstica preparada<\/strong>&nbsp;para que todas las personas que ya hayan hecho su tr\u00e1mite se desplacen a la Gobernaci\u00f3n del Huila&nbsp; y reclamen el pasaporte.<\/p>\n\n\n\n<p>\u201cTenemos<strong>&nbsp;m\u00e1s de 3.000 pasaportes para entregar, de los cuales est\u00e1n a punto de vencerse 1.200.<\/strong>&nbsp;Despu\u00e9s que pasen 6 meses de expedido&nbsp; nos toca devolverlos a la Canciller\u00eda y ellos de inmediato&nbsp;los destruyen. De este modo,&nbsp;las personas tendr\u00edan que hacer nuevamente el ejercicio de sacar su pasaporte\u201d, explic\u00f3 la funcionaria.&nbsp;<\/p>\n\n\n\n<p>Cabe recordar que debe llegar la persona que realiz\u00f3 los tr\u00e1mites, si es un menor de edad debe venir el padre o madre del menor.&nbsp;<\/p>\n\n\n\n<p>Se recuerda que la plataforma virtual para sacar la cita de la expedici\u00f3n del pasaporte se abre el domingo a las 12:00&nbsp; p.m. y se&nbsp; agenda todas las 1.200 citas de la semana.<\/p>\n","protected":false},"excerpt":{"rendered":"<p>La Gobernaci\u00f3n del Huila invita a toda la comunidad huilense a que&nbsp;se acerquen a reclamar su pasaporte&nbsp;este viernes 29 de julio de 2022. \u201cTodo el d\u00eda&nbsp;estaremos haciendo el entregat\u00f3n y&nbsp; marat\u00f3n de pasaportes&nbsp;desde las 7:15 A.M. hasta las 12 P.M. y&nbsp; de&nbsp; 2:00 P.M. a 5:00 P.M;&nbsp; para este d\u00eda&nbsp; no se agendaron ni se [&hellip;]<\/p>\n","protected":false},"author":1,"featured_media":0,"comment_status":"open","ping_status":"open","sticky":false,"template":"","format":"standard","meta":{"footnotes":""},"categories":[33],"tags":[],"class_list":["post-30685","post","type-post","status-publish","format-standard","hentry","category-huila"],"yoast_head":"<!-- This site is optimized with the Yoast SEO plugin v26.6 - https:\/\/yoast.com\/wordpress\/plugins\/seo\/ -->\n<title>Jornada de entrega de pasaportes para ma\u00f1ana en Neiva -<\/title>\n<meta name=\"robots\" content=\"index, follow, max-snippet:-1, max-image-preview:large, max-video-preview:-1\" \/>\n<link rel=\"canonical\" href=\"https:\/\/luchonoticias.com\/editor\/jornada-de-entrega-de-pasaportes-para-manana-en-neiva\/\" \/>\n<meta property=\"og:locale\" content=\"es_ES\" \/>\n<meta property=\"og:type\" content=\"article\" \/>\n<meta property=\"og:title\" content=\"Jornada de entrega de pasaportes para ma\u00f1ana en Neiva -\" \/>\n<meta property=\"og:url\" content=\"https:\/\/luchonoticias.com\/editor\/jornada-de-entrega-de-pasaportes-para-manana-en-neiva\/\" \/>\n<meta property=\"article:publisher\" content=\"https:\/\/www.facebook.com\/luchonoticiasneiva\" \/>\n<meta property=\"article:author\" content=\"https:\/\/www.facebook.com\/luchonoticiasneiva\" \/>\n<meta property=\"article:published_time\" content=\"2022-07-28T10:01:08+00:00\" \/>\n<meta property=\"article:modified_time\" content=\"2022-07-28T10:01:09+00:00\" \/>\n<meta name=\"author\" content=\"admin\" \/>\n<meta name=\"twitter:card\" content=\"summary_large_image\" \/>\n<meta name=\"twitter:label1\" content=\"Escrito por\" \/>\n\t<meta name=\"twitter:data1\" content=\"admin\" \/>\n\t<meta name=\"twitter:label2\" content=\"Tiempo de lectura\" \/>\n\t<meta name=\"twitter:data2\" content=\"1 minuto\" \/>\n<script type=\"application\/ld+json\" class=\"yoast-schema-graph\">{\"@context\":\"https:\/\/schema.org\",\"@graph\":[{\"@type\":\"Article\",\"@id\":\"https:\/\/luchonoticias.com\/editor\/jornada-de-entrega-de-pasaportes-para-manana-en-neiva\/#article\",\"isPartOf\":{\"@id\":\"https:\/\/luchonoticias.com\/editor\/jornada-de-entrega-de-pasaportes-para-manana-en-neiva\/\"},\"author\":{\"name\":\"admin\",\"@id\":\"https:\/\/luchonoticias.com\/editor\/#\/schema\/person\/7a7fd911f58561fd056dbac7b55af9cd\"},\"headline\":\"Jornada de entrega de pasaportes para ma\u00f1ana en Neiva\",\"datePublished\":\"2022-07-28T10:01:08+00:00\",\"dateModified\":\"2022-07-28T10:01:09+00:00\",\"mainEntityOfPage\":{\"@id\":\"https:\/\/luchonoticias.com\/editor\/jornada-de-entrega-de-pasaportes-para-manana-en-neiva\/\"},\"wordCount\":252,\"commentCount\":0,\"publisher\":{\"@id\":\"https:\/\/luchonoticias.com\/editor\/#\/schema\/person\/7a7fd911f58561fd056dbac7b55af9cd\"},\"articleSection\":[\"Huila\"],\"inLanguage\":\"es\",\"potentialAction\":[{\"@type\":\"CommentAction\",\"name\":\"Comment\",\"target\":[\"https:\/\/luchonoticias.com\/editor\/jornada-de-entrega-de-pasaportes-para-manana-en-neiva\/#respond\"]}]},{\"@type\":\"WebPage\",\"@id\":\"https:\/\/luchonoticias.com\/editor\/jornada-de-entrega-de-pasaportes-para-manana-en-neiva\/\",\"url\":\"https:\/\/luchonoticias.com\/editor\/jornada-de-entrega-de-pasaportes-para-manana-en-neiva\/\",\"name\":\"Jornada de entrega de pasaportes para ma\u00f1ana en Neiva -\",\"isPartOf\":{\"@id\":\"https:\/\/luchonoticias.com\/editor\/#website\"},\"datePublished\":\"2022-07-28T10:01:08+00:00\",\"dateModified\":\"2022-07-28T10:01:09+00:00\",\"breadcrumb\":{\"@id\":\"https:\/\/luchonoticias.com\/editor\/jornada-de-entrega-de-pasaportes-para-manana-en-neiva\/#breadcrumb\"},\"inLanguage\":\"es\",\"potentialAction\":[{\"@type\":\"ReadAction\",\"target\":[\"https:\/\/luchonoticias.com\/editor\/jornada-de-entrega-de-pasaportes-para-manana-en-neiva\/\"]}]},{\"@type\":\"BreadcrumbList\",\"@id\":\"https:\/\/luchonoticias.com\/editor\/jornada-de-entrega-de-pasaportes-para-manana-en-neiva\/#breadcrumb\",\"itemListElement\":[{\"@type\":\"ListItem\",\"position\":1,\"name\":\"Portada\",\"item\":\"https:\/\/luchonoticias.com\/editor\/\"},{\"@type\":\"ListItem\",\"position\":2,\"name\":\"Jornada de entrega de pasaportes para ma\u00f1ana en Neiva\"}]},{\"@type\":\"WebSite\",\"@id\":\"https:\/\/luchonoticias.com\/editor\/#website\",\"url\":\"https:\/\/luchonoticias.com\/editor\/\",\"name\":\"\",\"description\":\"\",\"publisher\":{\"@id\":\"https:\/\/luchonoticias.com\/editor\/#\/schema\/person\/7a7fd911f58561fd056dbac7b55af9cd\"},\"potentialAction\":[{\"@type\":\"SearchAction\",\"target\":{\"@type\":\"EntryPoint\",\"urlTemplate\":\"https:\/\/luchonoticias.com\/editor\/?s={search_term_string}\"},\"query-input\":{\"@type\":\"PropertyValueSpecification\",\"valueRequired\":true,\"valueName\":\"search_term_string\"}}],\"inLanguage\":\"es\"},{\"@type\":[\"Person\",\"Organization\"],\"@id\":\"https:\/\/luchonoticias.com\/editor\/#\/schema\/person\/7a7fd911f58561fd056dbac7b55af9cd\",\"name\":\"admin\",\"image\":{\"@type\":\"ImageObject\",\"inLanguage\":\"es\",\"@id\":\"https:\/\/luchonoticias.com\/editor\/#\/schema\/person\/image\/\",\"url\":\"https:\/\/luchonoticias.com\/editor\/wp-content\/uploads\/2024\/02\/cropped-cropped-logolu.webp\",\"contentUrl\":\"https:\/\/luchonoticias.com\/editor\/wp-content\/uploads\/2024\/02\/cropped-cropped-logolu.webp\",\"width\":382,\"height\":170,\"caption\":\"admin\"},\"logo\":{\"@id\":\"https:\/\/luchonoticias.com\/editor\/#\/schema\/person\/image\/\"},\"sameAs\":[\"https:\/\/www.facebook.com\/luchonoticiasneiva\"],\"url\":\"https:\/\/luchonoticias.com\/editor\/author\/admin\/\"}]}<\/script>\n<!-- \/ Yoast SEO plugin. -->","yoast_head_json":{"title":"Jornada de entrega de pasaportes para ma\u00f1ana en Neiva -","robots":{"index":"index","follow":"follow","max-snippet":"max-snippet:-1","max-image-preview":"max-image-preview:large","max-video-preview":"max-video-preview:-1"},"canonical":"https:\/\/luchonoticias.com\/editor\/jornada-de-entrega-de-pasaportes-para-manana-en-neiva\/","og_locale":"es_ES","og_type":"article","og_title":"Jornada de entrega de pasaportes para ma\u00f1ana en Neiva -","og_url":"https:\/\/luchonoticias.com\/editor\/jornada-de-entrega-de-pasaportes-para-manana-en-neiva\/","article_publisher":"https:\/\/www.facebook.com\/luchonoticiasneiva","article_author":"https:\/\/www.facebook.com\/luchonoticiasneiva","article_published_time":"2022-07-28T10:01:08+00:00","article_modified_time":"2022-07-28T10:01:09+00:00","author":"admin","twitter_card":"summary_large_image","twitter_misc":{"Escrito por":"admin","Tiempo de lectura":"1 minuto"},"schema":{"@context":"https:\/\/schema.org","@graph":[{"@type":"Article","@id":"https:\/\/luchonoticias.com\/editor\/jornada-de-entrega-de-pasaportes-para-manana-en-neiva\/#article","isPartOf":{"@id":"https:\/\/luchonoticias.com\/editor\/jornada-de-entrega-de-pasaportes-para-manana-en-neiva\/"},"author":{"name":"admin","@id":"https:\/\/luchonoticias.com\/editor\/#\/schema\/person\/7a7fd911f58561fd056dbac7b55af9cd"},"headline":"Jornada de entrega de pasaportes para ma\u00f1ana en Neiva","datePublished":"2022-07-28T10:01:08+00:00","dateModified":"2022-07-28T10:01:09+00:00","mainEntityOfPage":{"@id":"https:\/\/luchonoticias.com\/editor\/jornada-de-entrega-de-pasaportes-para-manana-en-neiva\/"},"wordCount":252,"commentCount":0,"publisher":{"@id":"https:\/\/luchonoticias.com\/editor\/#\/schema\/person\/7a7fd911f58561fd056dbac7b55af9cd"},"articleSection":["Huila"],"inLanguage":"es","potentialAction":[{"@type":"CommentAction","name":"Comment","target":["https:\/\/luchonoticias.com\/editor\/jornada-de-entrega-de-pasaportes-para-manana-en-neiva\/#respond"]}]},{"@type":"WebPage","@id":"https:\/\/luchonoticias.com\/editor\/jornada-de-entrega-de-pasaportes-para-manana-en-neiva\/","url":"https:\/\/luchonoticias.com\/editor\/jornada-de-entrega-de-pasaportes-para-manana-en-neiva\/","name":"Jornada de entrega de pasaportes para ma\u00f1ana en Neiva -","isPartOf":{"@id":"https:\/\/luchonoticias.com\/editor\/#website"},"datePublished":"2022-07-28T10:01:08+00:00","dateModified":"2022-07-28T10:01:09+00:00","breadcrumb":{"@id":"https:\/\/luchonoticias.com\/editor\/jornada-de-entrega-de-pasaportes-para-manana-en-neiva\/#breadcrumb"},"inLanguage":"es","potentialAction":[{"@type":"ReadAction","target":["https:\/\/luchonoticias.com\/editor\/jornada-de-entrega-de-pasaportes-para-manana-en-neiva\/"]}]},{"@type":"BreadcrumbList","@id":"https:\/\/luchonoticias.com\/editor\/jornada-de-entrega-de-pasaportes-para-manana-en-neiva\/#breadcrumb","itemListElement":[{"@type":"ListItem","position":1,"name":"Portada","item":"https:\/\/luchonoticias.com\/editor\/"},{"@type":"ListItem","position":2,"name":"Jornada de entrega de pasaportes para ma\u00f1ana en Neiva"}]},{"@type":"WebSite","@id":"https:\/\/luchonoticias.com\/editor\/#website","url":"https:\/\/luchonoticias.com\/editor\/","name":"","description":"","publisher":{"@id":"https:\/\/luchonoticias.com\/editor\/#\/schema\/person\/7a7fd911f58561fd056dbac7b55af9cd"},"potentialAction":[{"@type":"SearchAction","target":{"@type":"EntryPoint","urlTemplate":"https:\/\/luchonoticias.com\/editor\/?s={search_term_string}"},"query-input":{"@type":"PropertyValueSpecification","valueRequired":true,"valueName":"search_term_string"}}],"inLanguage":"es"},{"@type":["Person","Organization"],"@id":"https:\/\/luchonoticias.com\/editor\/#\/schema\/person\/7a7fd911f58561fd056dbac7b55af9cd","name":"admin","image":{"@type":"ImageObject","inLanguage":"es","@id":"https:\/\/luchonoticias.com\/editor\/#\/schema\/person\/image\/","url":"https:\/\/luchonoticias.com\/editor\/wp-content\/uploads\/2024\/02\/cropped-cropped-logolu.webp","contentUrl":"https:\/\/luchonoticias.com\/editor\/wp-content\/uploads\/2024\/02\/cropped-cropped-logolu.webp","width":382,"height":170,"caption":"admin"},"logo":{"@id":"https:\/\/luchonoticias.com\/editor\/#\/schema\/person\/image\/"},"sameAs":["https:\/\/www.facebook.com\/luchonoticiasneiva"],"url":"https:\/\/luchonoticias.com\/editor\/author\/admin\/"}]}},"_links":{"self":[{"href":"https:\/\/luchonoticias.com\/editor\/wp-json\/wp\/v2\/posts\/30685","targetHints":{"allow":["GET"]}}],"collection":[{"href":"https:\/\/luchonoticias.com\/editor\/wp-json\/wp\/v2\/posts"}],"about":[{"href":"https:\/\/luchonoticias.com\/editor\/wp-json\/wp\/v2\/types\/post"}],"author":[{"embeddable":true,"href":"https:\/\/luchonoticias.com\/editor\/wp-json\/wp\/v2\/users\/1"}],"replies":[{"embeddable":true,"href":"https:\/\/luchonoticias.com\/editor\/wp-json\/wp\/v2\/comments?post=30685"}],"version-history":[{"count":0,"href":"https:\/\/luchonoticias.com\/editor\/wp-json\/wp\/v2\/posts\/30685\/revisions"}],"wp:attachment":[{"href":"https:\/\/luchonoticias.com\/editor\/wp-json\/wp\/v2\/media?parent=30685"}],"wp:term":[{"taxonomy":"category","embeddable":true,"href":"https:\/\/luchonoticias.com\/editor\/wp-json\/wp\/v2\/categories?post=30685"},{"taxonomy":"post_tag","embeddable":true,"href":"https:\/\/luchonoticias.com\/editor\/wp-json\/wp\/v2\/tags?post=30685"}],"curies":[{"name":"wp","href":"https:\/\/api.w.org\/{rel}","templated":true}]}}