{"id":31040,"date":"2022-08-02T06:48:52","date_gmt":"2022-08-02T11:48:52","guid":{"rendered":"https:\/\/luchonoticias.com\/?p=31040"},"modified":"2022-08-02T06:48:53","modified_gmt":"2022-08-02T11:48:53","slug":"inicio-en-neiva-semana-mundial-de-la-lactancia-materna","status":"publish","type":"post","link":"https:\/\/luchonoticias.com\/editor\/inicio-en-neiva-semana-mundial-de-la-lactancia-materna\/","title":{"rendered":"Inici\u00f3 en Neiva, semana mundial de La Lactancia Materna"},"content":{"rendered":"\n<p>El gerente de la ESE \u2018Carmen Emilia Ospina\u2019 Jos\u00e9 Antonio Mu\u00f1oz Paz, dio apertura este lunes 1\u00ba de agosto al evento conmemorativo de la Semana Mundial de la Lactancia Materna, un espacio que busca impulsar, apoyar y educar a la poblaci\u00f3n sobre la importancia de este alimento que proporciona los nutrientes necesarios para lograr que los beb\u00e9s tengan un crecimiento y desarrollo adecuados.<\/p>\n\n\n\n<p>\u201cNuestra instituci\u00f3n, haciendo eco a una labor importante que a nivel mundial se ha venido realizando, se une a una semana en la cual hemos programado m\u00faltiples eventos donde queremos recalcar y resaltar la importancia de la lactancia materna\u201d, sostuvo el Gerente de la ESE \u2018Carmen Emilia Ospina\u2019.<\/p>\n\n\n\n<figure class=\"wp-block-gallery has-nested-images columns-default is-cropped wp-block-gallery-1 is-layout-flex wp-block-gallery-is-layout-flex\">\n<figure class=\"wp-block-image size-large\"><img decoding=\"async\" data-id=\"31042\" src=\"https:\/\/luchonoticias.com\/wp-content\/uploads\/2022\/08\/WhatsApp-Image-2022-08-01-at-7.22.11-PM-1-1024x682.jpeg\" alt=\"\" class=\"wp-image-31042\"\/><\/figure>\n\n\n\n<figure class=\"wp-block-image size-large\"><img decoding=\"async\" data-id=\"31043\" src=\"https:\/\/luchonoticias.com\/wp-content\/uploads\/2022\/08\/WhatsApp-Image-2022-08-01-at-7.22.09-PM-2-1024x768.jpeg\" alt=\"\" class=\"wp-image-31043\"\/><\/figure>\n\n\n\n<figure class=\"wp-block-image size-large\"><img decoding=\"async\" data-id=\"31044\" src=\"https:\/\/luchonoticias.com\/wp-content\/uploads\/2022\/08\/WhatsApp-Image-2022-08-01-at-7.22.09-PM-1-1024x768.jpeg\" alt=\"\" class=\"wp-image-31044\"\/><\/figure>\n<\/figure>\n\n\n\n<p>Con el lema \u2018Impulsemos la lactancia materna: educar y apoyar\u2019, la ESE \u2018Carmen Emilia Ospina\u2019 inicia la programaci\u00f3n que comprende actividades educativas, l\u00fadicas y recreativas en torno a la lactancia materna.<\/p>\n\n\n\n<p>\u201cQueremos que vengan, se vinculen y participen, porque, primero que todo, hay conferencistas internacionales dando unos datos y tips muy importantes para la vida de nuestros hijos. Tambi\u00e9n estaremos entregando diferentes incentivos y desarrollando actividades para que la gente se sienta muy contenta aqu\u00ed, en este evento de la Semana de la Lactancia Materna\u201d, sostuvo el gerente Jos\u00e9 Antonio Mu\u00f1oz.<\/p>\n\n\n\n<figure class=\"wp-block-gallery has-nested-images columns-default is-cropped wp-block-gallery-2 is-layout-flex wp-block-gallery-is-layout-flex\">\n<figure class=\"wp-block-image size-large\"><img decoding=\"async\" data-id=\"31045\" src=\"https:\/\/luchonoticias.com\/wp-content\/uploads\/2022\/08\/WhatsApp-Image-2022-08-01-at-7.22.10-PM-2-682x1024.jpeg\" alt=\"\" class=\"wp-image-31045\"\/><\/figure>\n\n\n\n<figure class=\"wp-block-image size-large\"><img decoding=\"async\" data-id=\"31046\" src=\"https:\/\/luchonoticias.com\/wp-content\/uploads\/2022\/08\/WhatsApp-Image-2022-08-01-at-7.22.10-PM-1-1024x682.jpeg\" alt=\"\" class=\"wp-image-31046\"\/><\/figure>\n\n\n\n<figure class=\"wp-block-image size-large\"><img decoding=\"async\" data-id=\"31047\" src=\"https:\/\/luchonoticias.com\/wp-content\/uploads\/2022\/08\/WhatsApp-Image-2022-08-01-at-7.22.10-PM-1024x768.jpeg\" alt=\"\" class=\"wp-image-31047\"\/><\/figure>\n<\/figure>\n\n\n\n<p>La conferencista Nany Campos, fue la invitada especial en esta primera jornada, quien se encarg\u00f3 de brindar asesor\u00eda sobre la importancia de lactar a los beb\u00e9s, dado que protege al ni\u00f1o o a la ni\u00f1a contra enfermedades frecuentes de la infancia al ser un alimento natural y sostenible para el medio ambiente.<\/p>\n\n\n\n<p>\u201cMe siento s\u00faper honrada. Para m\u00ed es muy bonito. Yo siempre viajo a Cali, Medell\u00edn y Bogot\u00e1 invitada para hablar sobre esto, pero ahora lo hice a mi tierra. Vi a la gente s\u00faper presta, con el coraz\u00f3n abierto, dispuesta a aprender\u201d, expres\u00f3 Campos.<\/p>\n\n\n\n<p>Es de precisar que, durante toda la primera semana del mes de agosto, se estar\u00e1 desarrollando en el Parque de la M\u00fasica \u2018Jorge Villamil Cordovez\u2019, diferentes charlas sobre lactancia materna, posparto, pautas de crianza y nutrici\u00f3n; adem\u00e1s, se realizar\u00e1n diferentes ferias y concursos en el que los participantes podr\u00e1n ser beneficiarios de obsequios para el beb\u00e9.<\/p>\n","protected":false},"excerpt":{"rendered":"<p>El gerente de la ESE \u2018Carmen Emilia Ospina\u2019 Jos\u00e9 Antonio Mu\u00f1oz Paz, dio apertura este lunes 1\u00ba de agosto al evento conmemorativo de la Semana Mundial de la Lactancia Materna, un espacio que busca impulsar, apoyar y educar a la poblaci\u00f3n sobre la importancia de este alimento que proporciona los nutrientes necesarios para lograr que [&hellip;]<\/p>\n","protected":false},"author":1,"featured_media":0,"comment_status":"open","ping_status":"open","sticky":false,"template":"","format":"standard","meta":{"footnotes":""},"categories":[36,31],"tags":[],"class_list":["post-31040","post","type-post","status-publish","format-standard","hentry","category-destacado","category-local"],"yoast_head":"<!-- This site is optimized with the Yoast SEO plugin v26.6 - https:\/\/yoast.com\/wordpress\/plugins\/seo\/ -->\n<title>Inici\u00f3 en Neiva, semana mundial de La Lactancia Materna -<\/title>\n<meta name=\"robots\" content=\"index, follow, max-snippet:-1, max-image-preview:large, max-video-preview:-1\" \/>\n<link rel=\"canonical\" href=\"https:\/\/luchonoticias.com\/editor\/inicio-en-neiva-semana-mundial-de-la-lactancia-materna\/\" \/>\n<meta property=\"og:locale\" content=\"es_ES\" \/>\n<meta property=\"og:type\" content=\"article\" \/>\n<meta property=\"og:title\" content=\"Inici\u00f3 en Neiva, semana mundial de La Lactancia Materna -\" \/>\n<meta property=\"og:url\" content=\"https:\/\/luchonoticias.com\/editor\/inicio-en-neiva-semana-mundial-de-la-lactancia-materna\/\" \/>\n<meta property=\"article:publisher\" content=\"https:\/\/www.facebook.com\/luchonoticiasneiva\" \/>\n<meta property=\"article:author\" content=\"https:\/\/www.facebook.com\/luchonoticiasneiva\" \/>\n<meta property=\"article:published_time\" content=\"2022-08-02T11:48:52+00:00\" \/>\n<meta property=\"article:modified_time\" content=\"2022-08-02T11:48:53+00:00\" \/>\n<meta property=\"og:image\" content=\"https:\/\/luchonoticias.com\/wp-content\/uploads\/2022\/08\/WhatsApp-Image-2022-08-01-at-7.22.11-PM-1-1024x682.jpeg\" \/>\n<meta name=\"author\" content=\"admin\" \/>\n<meta name=\"twitter:card\" content=\"summary_large_image\" \/>\n<meta name=\"twitter:label1\" content=\"Escrito por\" \/>\n\t<meta name=\"twitter:data1\" content=\"admin\" \/>\n\t<meta name=\"twitter:label2\" content=\"Tiempo de lectura\" \/>\n\t<meta name=\"twitter:data2\" content=\"2 minutos\" \/>\n<script type=\"application\/ld+json\" class=\"yoast-schema-graph\">{\"@context\":\"https:\/\/schema.org\",\"@graph\":[{\"@type\":\"Article\",\"@id\":\"https:\/\/luchonoticias.com\/editor\/inicio-en-neiva-semana-mundial-de-la-lactancia-materna\/#article\",\"isPartOf\":{\"@id\":\"https:\/\/luchonoticias.com\/editor\/inicio-en-neiva-semana-mundial-de-la-lactancia-materna\/\"},\"author\":{\"name\":\"admin\",\"@id\":\"https:\/\/luchonoticias.com\/editor\/#\/schema\/person\/7a7fd911f58561fd056dbac7b55af9cd\"},\"headline\":\"Inici\u00f3 en Neiva, semana mundial de La Lactancia Materna\",\"datePublished\":\"2022-08-02T11:48:52+00:00\",\"dateModified\":\"2022-08-02T11:48:53+00:00\",\"mainEntityOfPage\":{\"@id\":\"https:\/\/luchonoticias.com\/editor\/inicio-en-neiva-semana-mundial-de-la-lactancia-materna\/\"},\"wordCount\":384,\"commentCount\":0,\"publisher\":{\"@id\":\"https:\/\/luchonoticias.com\/editor\/#\/schema\/person\/7a7fd911f58561fd056dbac7b55af9cd\"},\"image\":{\"@id\":\"https:\/\/luchonoticias.com\/editor\/inicio-en-neiva-semana-mundial-de-la-lactancia-materna\/#primaryimage\"},\"thumbnailUrl\":\"https:\/\/luchonoticias.com\/wp-content\/uploads\/2022\/08\/WhatsApp-Image-2022-08-01-at-7.22.11-PM-1-1024x682.jpeg\",\"articleSection\":[\"Destacado\",\"Local\"],\"inLanguage\":\"es\",\"potentialAction\":[{\"@type\":\"CommentAction\",\"name\":\"Comment\",\"target\":[\"https:\/\/luchonoticias.com\/editor\/inicio-en-neiva-semana-mundial-de-la-lactancia-materna\/#respond\"]}]},{\"@type\":\"WebPage\",\"@id\":\"https:\/\/luchonoticias.com\/editor\/inicio-en-neiva-semana-mundial-de-la-lactancia-materna\/\",\"url\":\"https:\/\/luchonoticias.com\/editor\/inicio-en-neiva-semana-mundial-de-la-lactancia-materna\/\",\"name\":\"Inici\u00f3 en Neiva, semana mundial de La Lactancia Materna -\",\"isPartOf\":{\"@id\":\"https:\/\/luchonoticias.com\/editor\/#website\"},\"primaryImageOfPage\":{\"@id\":\"https:\/\/luchonoticias.com\/editor\/inicio-en-neiva-semana-mundial-de-la-lactancia-materna\/#primaryimage\"},\"image\":{\"@id\":\"https:\/\/luchonoticias.com\/editor\/inicio-en-neiva-semana-mundial-de-la-lactancia-materna\/#primaryimage\"},\"thumbnailUrl\":\"https:\/\/luchonoticias.com\/wp-content\/uploads\/2022\/08\/WhatsApp-Image-2022-08-01-at-7.22.11-PM-1-1024x682.jpeg\",\"datePublished\":\"2022-08-02T11:48:52+00:00\",\"dateModified\":\"2022-08-02T11:48:53+00:00\",\"breadcrumb\":{\"@id\":\"https:\/\/luchonoticias.com\/editor\/inicio-en-neiva-semana-mundial-de-la-lactancia-materna\/#breadcrumb\"},\"inLanguage\":\"es\",\"potentialAction\":[{\"@type\":\"ReadAction\",\"target\":[\"https:\/\/luchonoticias.com\/editor\/inicio-en-neiva-semana-mundial-de-la-lactancia-materna\/\"]}]},{\"@type\":\"ImageObject\",\"inLanguage\":\"es\",\"@id\":\"https:\/\/luchonoticias.com\/editor\/inicio-en-neiva-semana-mundial-de-la-lactancia-materna\/#primaryimage\",\"url\":\"https:\/\/luchonoticias.com\/wp-content\/uploads\/2022\/08\/WhatsApp-Image-2022-08-01-at-7.22.11-PM-1-1024x682.jpeg\",\"contentUrl\":\"https:\/\/luchonoticias.com\/wp-content\/uploads\/2022\/08\/WhatsApp-Image-2022-08-01-at-7.22.11-PM-1-1024x682.jpeg\"},{\"@type\":\"BreadcrumbList\",\"@id\":\"https:\/\/luchonoticias.com\/editor\/inicio-en-neiva-semana-mundial-de-la-lactancia-materna\/#breadcrumb\",\"itemListElement\":[{\"@type\":\"ListItem\",\"position\":1,\"name\":\"Portada\",\"item\":\"https:\/\/luchonoticias.com\/editor\/\"},{\"@type\":\"ListItem\",\"position\":2,\"name\":\"Inici\u00f3 en Neiva, semana mundial de La Lactancia Materna\"}]},{\"@type\":\"WebSite\",\"@id\":\"https:\/\/luchonoticias.com\/editor\/#website\",\"url\":\"https:\/\/luchonoticias.com\/editor\/\",\"name\":\"\",\"description\":\"\",\"publisher\":{\"@id\":\"https:\/\/luchonoticias.com\/editor\/#\/schema\/person\/7a7fd911f58561fd056dbac7b55af9cd\"},\"potentialAction\":[{\"@type\":\"SearchAction\",\"target\":{\"@type\":\"EntryPoint\",\"urlTemplate\":\"https:\/\/luchonoticias.com\/editor\/?s={search_term_string}\"},\"query-input\":{\"@type\":\"PropertyValueSpecification\",\"valueRequired\":true,\"valueName\":\"search_term_string\"}}],\"inLanguage\":\"es\"},{\"@type\":[\"Person\",\"Organization\"],\"@id\":\"https:\/\/luchonoticias.com\/editor\/#\/schema\/person\/7a7fd911f58561fd056dbac7b55af9cd\",\"name\":\"admin\",\"image\":{\"@type\":\"ImageObject\",\"inLanguage\":\"es\",\"@id\":\"https:\/\/luchonoticias.com\/editor\/#\/schema\/person\/image\/\",\"url\":\"https:\/\/luchonoticias.com\/editor\/wp-content\/uploads\/2024\/02\/cropped-cropped-logolu.webp\",\"contentUrl\":\"https:\/\/luchonoticias.com\/editor\/wp-content\/uploads\/2024\/02\/cropped-cropped-logolu.webp\",\"width\":382,\"height\":170,\"caption\":\"admin\"},\"logo\":{\"@id\":\"https:\/\/luchonoticias.com\/editor\/#\/schema\/person\/image\/\"},\"sameAs\":[\"https:\/\/www.facebook.com\/luchonoticiasneiva\"],\"url\":\"https:\/\/luchonoticias.com\/editor\/author\/admin\/\"}]}<\/script>\n<!-- \/ Yoast SEO plugin. -->","yoast_head_json":{"title":"Inici\u00f3 en Neiva, semana mundial de La Lactancia Materna -","robots":{"index":"index","follow":"follow","max-snippet":"max-snippet:-1","max-image-preview":"max-image-preview:large","max-video-preview":"max-video-preview:-1"},"canonical":"https:\/\/luchonoticias.com\/editor\/inicio-en-neiva-semana-mundial-de-la-lactancia-materna\/","og_locale":"es_ES","og_type":"article","og_title":"Inici\u00f3 en Neiva, semana mundial de La Lactancia Materna -","og_url":"https:\/\/luchonoticias.com\/editor\/inicio-en-neiva-semana-mundial-de-la-lactancia-materna\/","article_publisher":"https:\/\/www.facebook.com\/luchonoticiasneiva","article_author":"https:\/\/www.facebook.com\/luchonoticiasneiva","article_published_time":"2022-08-02T11:48:52+00:00","article_modified_time":"2022-08-02T11:48:53+00:00","og_image":[{"url":"https:\/\/luchonoticias.com\/wp-content\/uploads\/2022\/08\/WhatsApp-Image-2022-08-01-at-7.22.11-PM-1-1024x682.jpeg","type":"","width":"","height":""}],"author":"admin","twitter_card":"summary_large_image","twitter_misc":{"Escrito por":"admin","Tiempo de lectura":"2 minutos"},"schema":{"@context":"https:\/\/schema.org","@graph":[{"@type":"Article","@id":"https:\/\/luchonoticias.com\/editor\/inicio-en-neiva-semana-mundial-de-la-lactancia-materna\/#article","isPartOf":{"@id":"https:\/\/luchonoticias.com\/editor\/inicio-en-neiva-semana-mundial-de-la-lactancia-materna\/"},"author":{"name":"admin","@id":"https:\/\/luchonoticias.com\/editor\/#\/schema\/person\/7a7fd911f58561fd056dbac7b55af9cd"},"headline":"Inici\u00f3 en Neiva, semana mundial de La Lactancia Materna","datePublished":"2022-08-02T11:48:52+00:00","dateModified":"2022-08-02T11:48:53+00:00","mainEntityOfPage":{"@id":"https:\/\/luchonoticias.com\/editor\/inicio-en-neiva-semana-mundial-de-la-lactancia-materna\/"},"wordCount":384,"commentCount":0,"publisher":{"@id":"https:\/\/luchonoticias.com\/editor\/#\/schema\/person\/7a7fd911f58561fd056dbac7b55af9cd"},"image":{"@id":"https:\/\/luchonoticias.com\/editor\/inicio-en-neiva-semana-mundial-de-la-lactancia-materna\/#primaryimage"},"thumbnailUrl":"https:\/\/luchonoticias.com\/wp-content\/uploads\/2022\/08\/WhatsApp-Image-2022-08-01-at-7.22.11-PM-1-1024x682.jpeg","articleSection":["Destacado","Local"],"inLanguage":"es","potentialAction":[{"@type":"CommentAction","name":"Comment","target":["https:\/\/luchonoticias.com\/editor\/inicio-en-neiva-semana-mundial-de-la-lactancia-materna\/#respond"]}]},{"@type":"WebPage","@id":"https:\/\/luchonoticias.com\/editor\/inicio-en-neiva-semana-mundial-de-la-lactancia-materna\/","url":"https:\/\/luchonoticias.com\/editor\/inicio-en-neiva-semana-mundial-de-la-lactancia-materna\/","name":"Inici\u00f3 en Neiva, semana mundial de La Lactancia Materna -","isPartOf":{"@id":"https:\/\/luchonoticias.com\/editor\/#website"},"primaryImageOfPage":{"@id":"https:\/\/luchonoticias.com\/editor\/inicio-en-neiva-semana-mundial-de-la-lactancia-materna\/#primaryimage"},"image":{"@id":"https:\/\/luchonoticias.com\/editor\/inicio-en-neiva-semana-mundial-de-la-lactancia-materna\/#primaryimage"},"thumbnailUrl":"https:\/\/luchonoticias.com\/wp-content\/uploads\/2022\/08\/WhatsApp-Image-2022-08-01-at-7.22.11-PM-1-1024x682.jpeg","datePublished":"2022-08-02T11:48:52+00:00","dateModified":"2022-08-02T11:48:53+00:00","breadcrumb":{"@id":"https:\/\/luchonoticias.com\/editor\/inicio-en-neiva-semana-mundial-de-la-lactancia-materna\/#breadcrumb"},"inLanguage":"es","potentialAction":[{"@type":"ReadAction","target":["https:\/\/luchonoticias.com\/editor\/inicio-en-neiva-semana-mundial-de-la-lactancia-materna\/"]}]},{"@type":"ImageObject","inLanguage":"es","@id":"https:\/\/luchonoticias.com\/editor\/inicio-en-neiva-semana-mundial-de-la-lactancia-materna\/#primaryimage","url":"https:\/\/luchonoticias.com\/wp-content\/uploads\/2022\/08\/WhatsApp-Image-2022-08-01-at-7.22.11-PM-1-1024x682.jpeg","contentUrl":"https:\/\/luchonoticias.com\/wp-content\/uploads\/2022\/08\/WhatsApp-Image-2022-08-01-at-7.22.11-PM-1-1024x682.jpeg"},{"@type":"BreadcrumbList","@id":"https:\/\/luchonoticias.com\/editor\/inicio-en-neiva-semana-mundial-de-la-lactancia-materna\/#breadcrumb","itemListElement":[{"@type":"ListItem","position":1,"name":"Portada","item":"https:\/\/luchonoticias.com\/editor\/"},{"@type":"ListItem","position":2,"name":"Inici\u00f3 en Neiva, semana mundial de La Lactancia Materna"}]},{"@type":"WebSite","@id":"https:\/\/luchonoticias.com\/editor\/#website","url":"https:\/\/luchonoticias.com\/editor\/","name":"","description":"","publisher":{"@id":"https:\/\/luchonoticias.com\/editor\/#\/schema\/person\/7a7fd911f58561fd056dbac7b55af9cd"},"potentialAction":[{"@type":"SearchAction","target":{"@type":"EntryPoint","urlTemplate":"https:\/\/luchonoticias.com\/editor\/?s={search_term_string}"},"query-input":{"@type":"PropertyValueSpecification","valueRequired":true,"valueName":"search_term_string"}}],"inLanguage":"es"},{"@type":["Person","Organization"],"@id":"https:\/\/luchonoticias.com\/editor\/#\/schema\/person\/7a7fd911f58561fd056dbac7b55af9cd","name":"admin","image":{"@type":"ImageObject","inLanguage":"es","@id":"https:\/\/luchonoticias.com\/editor\/#\/schema\/person\/image\/","url":"https:\/\/luchonoticias.com\/editor\/wp-content\/uploads\/2024\/02\/cropped-cropped-logolu.webp","contentUrl":"https:\/\/luchonoticias.com\/editor\/wp-content\/uploads\/2024\/02\/cropped-cropped-logolu.webp","width":382,"height":170,"caption":"admin"},"logo":{"@id":"https:\/\/luchonoticias.com\/editor\/#\/schema\/person\/image\/"},"sameAs":["https:\/\/www.facebook.com\/luchonoticiasneiva"],"url":"https:\/\/luchonoticias.com\/editor\/author\/admin\/"}]}},"_links":{"self":[{"href":"https:\/\/luchonoticias.com\/editor\/wp-json\/wp\/v2\/posts\/31040","targetHints":{"allow":["GET"]}}],"collection":[{"href":"https:\/\/luchonoticias.com\/editor\/wp-json\/wp\/v2\/posts"}],"about":[{"href":"https:\/\/luchonoticias.com\/editor\/wp-json\/wp\/v2\/types\/post"}],"author":[{"embeddable":true,"href":"https:\/\/luchonoticias.com\/editor\/wp-json\/wp\/v2\/users\/1"}],"replies":[{"embeddable":true,"href":"https:\/\/luchonoticias.com\/editor\/wp-json\/wp\/v2\/comments?post=31040"}],"version-history":[{"count":0,"href":"https:\/\/luchonoticias.com\/editor\/wp-json\/wp\/v2\/posts\/31040\/revisions"}],"wp:attachment":[{"href":"https:\/\/luchonoticias.com\/editor\/wp-json\/wp\/v2\/media?parent=31040"}],"wp:term":[{"taxonomy":"category","embeddable":true,"href":"https:\/\/luchonoticias.com\/editor\/wp-json\/wp\/v2\/categories?post=31040"},{"taxonomy":"post_tag","embeddable":true,"href":"https:\/\/luchonoticias.com\/editor\/wp-json\/wp\/v2\/tags?post=31040"}],"curies":[{"name":"wp","href":"https:\/\/api.w.org\/{rel}","templated":true}]}}