{"id":31049,"date":"2022-08-02T06:51:59","date_gmt":"2022-08-02T11:51:59","guid":{"rendered":"https:\/\/luchonoticias.com\/?p=31049"},"modified":"2022-08-02T06:52:00","modified_gmt":"2022-08-02T11:52:00","slug":"liberando-especies-la-cam-se-unio-a-la-celebracion-del-dia-nacional-de-la-vida-silvestre","status":"publish","type":"post","link":"https:\/\/luchonoticias.com\/editor\/liberando-especies-la-cam-se-unio-a-la-celebracion-del-dia-nacional-de-la-vida-silvestre\/","title":{"rendered":"Liberando especies, la CAM se uni\u00f3 a la celebraci\u00f3n del D\u00eda Nacional de la Vida Silvestre"},"content":{"rendered":"\n<p>El 30 de julio fue declarado el D\u00eda Nacional de la Vida Silvestre, con el objetivo de generar conciencia acerca del valor que tiene la flora y fauna silvestre as\u00ed como la importancia de conservar los h\u00e1bitats para la supervivencia de todas las especies del planeta y por ende de los humanos.<\/p>\n\n\n\n<p>Una de las mayores afectaciones a los ecosistemas del Huila y el resto del pa\u00eds es el tr\u00e1fico de fauna y flora silvestre, situaci\u00f3n que somete a las especies a un proceso doloroso donde pocos sobreviven para ser comercializados.&nbsp;<\/p>\n\n\n\n<p>Y si le sumamos a esto que las personas ven con normalidad tener en su casa animales silvestres como compa\u00f1\u00eda, de adorno o para el consumo humano, la situaci\u00f3n es preocupante.<\/p>\n\n\n\n<figure class=\"wp-block-gallery has-nested-images columns-default is-cropped wp-block-gallery-1 is-layout-flex wp-block-gallery-is-layout-flex\">\n<figure class=\"wp-block-image size-large\"><img decoding=\"async\" data-id=\"31053\" src=\"https:\/\/luchonoticias.com\/wp-content\/uploads\/2022\/08\/WhatsApp-Image-2022-08-01-at-4.03.01-PM-1024x682.jpeg\" alt=\"\" class=\"wp-image-31053\"\/><\/figure>\n\n\n\n<figure class=\"wp-block-image size-large\"><img decoding=\"async\" data-id=\"31051\" src=\"https:\/\/luchonoticias.com\/wp-content\/uploads\/2022\/08\/WhatsApp-Image-2022-08-01-at-4.02.57-PM-1024x682.jpeg\" alt=\"\" class=\"wp-image-31051\"\/><\/figure>\n\n\n\n<figure class=\"wp-block-image size-large\"><img decoding=\"async\" data-id=\"31052\" src=\"https:\/\/luchonoticias.com\/wp-content\/uploads\/2022\/08\/WhatsApp-Image-2022-08-01-at-4.02.55-PM-1024x574.jpeg\" alt=\"\" class=\"wp-image-31052\"\/><\/figure>\n<\/figure>\n\n\n\n<p>Por esta raz\u00f3n, en el marco del D\u00eda Nacional de la Vida Silvestre, la Corporaci\u00f3n Aut\u00f3noma Regional del Alto Magdalena \u2013 CAM, logr\u00f3 la liberaci\u00f3n de seis Zarig\u00fceyas, dos Tinguas Azules, una Tortuga Charapa, cuatro Tortugas Estuche, dos Boas, dos Babillas, una Garza Bueyera y un B\u00faho Currucut\u00fa que fueron rescatados en diferentes lugares del departamento y tras ser valorados por el equipo de veterinarios y bi\u00f3logos lograron ser devueltos a su h\u00e1bitat natural.<\/p>\n\n\n\n<p>\u201cUna vez ingresan varios ejemplares de fauna silvestre provenientes de rescate en todo Neiva se procede a hacer la valoraci\u00f3n m\u00e9dica encontrando que hab\u00eda unos en perfecto estado y otros ten\u00edan algunas lesiones leves, as\u00ed que posteriormente tambi\u00e9n se inicia todo el proceso para descartar alguna enfermedad peligrosa para otro animal o para el ser humano\u201d. indic\u00f3 Mario Su\u00e1rez, profesional de Fauna Silvestre de la CAM.<\/p>\n\n\n\n<p>Seg\u00fan el profesional una vez terminada la valoraci\u00f3n, los animales, entre ellos especies en peligro de extinci\u00f3n, fueron liberados en lugares adecuados para cada especie.<\/p>\n\n\n\n<figure class=\"wp-block-gallery has-nested-images columns-default is-cropped wp-block-gallery-2 is-layout-flex wp-block-gallery-is-layout-flex\">\n<figure class=\"wp-block-image size-large\"><img decoding=\"async\" data-id=\"31055\" src=\"https:\/\/luchonoticias.com\/wp-content\/uploads\/2022\/08\/WhatsApp-Image-2022-08-01-at-4.02.52-PM-1024x682.jpeg\" alt=\"\" class=\"wp-image-31055\"\/><\/figure>\n\n\n\n<figure class=\"wp-block-image size-large\"><img decoding=\"async\" data-id=\"31056\" src=\"https:\/\/luchonoticias.com\/wp-content\/uploads\/2022\/08\/WhatsApp-Image-2022-08-01-at-4.02.44-PM-1024x682.jpeg\" alt=\"\" class=\"wp-image-31056\"\/><\/figure>\n\n\n\n<figure class=\"wp-block-image size-large\"><img decoding=\"async\" data-id=\"31054\" src=\"https:\/\/luchonoticias.com\/wp-content\/uploads\/2022\/08\/WhatsApp-Image-2022-08-01-at-4.02.26-PM.jpeg\" alt=\"\" class=\"wp-image-31054\"\/><\/figure>\n<\/figure>\n\n\n\n<p><strong>Liberados en el 2022<\/strong><\/p>\n\n\n\n<p>La autoridad ambiental del Huila dio a conocer que en lo corrido del a\u00f1o 2022 se han liberado 394 animales silvestres contribuyendo as\u00ed a mantener el equilibrio de los ecosistemas.<\/p>\n\n\n\n<p>Por eso desde la CAM se hizo un llamado a la ciudadan\u00eda para que siga colaborando con el respeto por la vida de los animales silvestres, a informar acerca de cualquier situaci\u00f3n que ponga en peligro el bienestar de estas especies y a que no se tenga fauna silvestre como mascota.<\/p>\n\n\n\n<p>\u201cCuando alguien les vaya a vender u ofrecer animales silvestres, queremos que se abstengan de tenerlos, porque al adquirir fauna silvestre estamos fomentando que los traficantes sigan sacando los animales del bosque para venderlos en la ciudad\u201d, explic\u00f3 Su\u00e1rez.<\/p>\n","protected":false},"excerpt":{"rendered":"<p>El 30 de julio fue declarado el D\u00eda Nacional de la Vida Silvestre, con el objetivo de generar conciencia acerca del valor que tiene la flora y fauna silvestre as\u00ed como la importancia de conservar los h\u00e1bitats para la supervivencia de todas las especies del planeta y por ende de los humanos. Una de las [&hellip;]<\/p>\n","protected":false},"author":1,"featured_media":0,"comment_status":"open","ping_status":"open","sticky":false,"template":"","format":"standard","meta":{"footnotes":""},"categories":[3961,36],"tags":[],"class_list":["post-31049","post","type-post","status-publish","format-standard","hentry","category-comunidad","category-destacado"],"yoast_head":"<!-- This site is optimized with the Yoast SEO plugin v26.6 - https:\/\/yoast.com\/wordpress\/plugins\/seo\/ -->\n<title>Liberando especies, la CAM se uni\u00f3 a la celebraci\u00f3n del D\u00eda Nacional de la Vida Silvestre -<\/title>\n<meta name=\"robots\" content=\"index, follow, max-snippet:-1, max-image-preview:large, max-video-preview:-1\" \/>\n<link rel=\"canonical\" href=\"https:\/\/luchonoticias.com\/editor\/liberando-especies-la-cam-se-unio-a-la-celebracion-del-dia-nacional-de-la-vida-silvestre\/\" \/>\n<meta property=\"og:locale\" content=\"es_ES\" \/>\n<meta property=\"og:type\" content=\"article\" \/>\n<meta property=\"og:title\" content=\"Liberando especies, la CAM se uni\u00f3 a la celebraci\u00f3n del D\u00eda Nacional de la Vida Silvestre -\" \/>\n<meta property=\"og:url\" content=\"https:\/\/luchonoticias.com\/editor\/liberando-especies-la-cam-se-unio-a-la-celebracion-del-dia-nacional-de-la-vida-silvestre\/\" \/>\n<meta property=\"article:publisher\" content=\"https:\/\/www.facebook.com\/luchonoticiasneiva\" \/>\n<meta property=\"article:author\" content=\"https:\/\/www.facebook.com\/luchonoticiasneiva\" \/>\n<meta property=\"article:published_time\" content=\"2022-08-02T11:51:59+00:00\" \/>\n<meta property=\"article:modified_time\" content=\"2022-08-02T11:52:00+00:00\" \/>\n<meta property=\"og:image\" content=\"https:\/\/luchonoticias.com\/wp-content\/uploads\/2022\/08\/WhatsApp-Image-2022-08-01-at-4.03.01-PM-1024x682.jpeg\" \/>\n<meta name=\"author\" content=\"admin\" \/>\n<meta name=\"twitter:card\" content=\"summary_large_image\" \/>\n<meta name=\"twitter:label1\" content=\"Escrito por\" \/>\n\t<meta name=\"twitter:data1\" content=\"admin\" \/>\n\t<meta name=\"twitter:label2\" content=\"Tiempo de lectura\" \/>\n\t<meta name=\"twitter:data2\" content=\"2 minutos\" \/>\n<script type=\"application\/ld+json\" class=\"yoast-schema-graph\">{\"@context\":\"https:\/\/schema.org\",\"@graph\":[{\"@type\":\"Article\",\"@id\":\"https:\/\/luchonoticias.com\/editor\/liberando-especies-la-cam-se-unio-a-la-celebracion-del-dia-nacional-de-la-vida-silvestre\/#article\",\"isPartOf\":{\"@id\":\"https:\/\/luchonoticias.com\/editor\/liberando-especies-la-cam-se-unio-a-la-celebracion-del-dia-nacional-de-la-vida-silvestre\/\"},\"author\":{\"name\":\"admin\",\"@id\":\"https:\/\/luchonoticias.com\/editor\/#\/schema\/person\/7a7fd911f58561fd056dbac7b55af9cd\"},\"headline\":\"Liberando especies, la CAM se uni\u00f3 a la celebraci\u00f3n del D\u00eda Nacional de la Vida Silvestre\",\"datePublished\":\"2022-08-02T11:51:59+00:00\",\"dateModified\":\"2022-08-02T11:52:00+00:00\",\"mainEntityOfPage\":{\"@id\":\"https:\/\/luchonoticias.com\/editor\/liberando-especies-la-cam-se-unio-a-la-celebracion-del-dia-nacional-de-la-vida-silvestre\/\"},\"wordCount\":454,\"commentCount\":0,\"publisher\":{\"@id\":\"https:\/\/luchonoticias.com\/editor\/#\/schema\/person\/7a7fd911f58561fd056dbac7b55af9cd\"},\"image\":{\"@id\":\"https:\/\/luchonoticias.com\/editor\/liberando-especies-la-cam-se-unio-a-la-celebracion-del-dia-nacional-de-la-vida-silvestre\/#primaryimage\"},\"thumbnailUrl\":\"https:\/\/luchonoticias.com\/wp-content\/uploads\/2022\/08\/WhatsApp-Image-2022-08-01-at-4.03.01-PM-1024x682.jpeg\",\"articleSection\":[\"Comunidad\",\"Destacado\"],\"inLanguage\":\"es\",\"potentialAction\":[{\"@type\":\"CommentAction\",\"name\":\"Comment\",\"target\":[\"https:\/\/luchonoticias.com\/editor\/liberando-especies-la-cam-se-unio-a-la-celebracion-del-dia-nacional-de-la-vida-silvestre\/#respond\"]}]},{\"@type\":\"WebPage\",\"@id\":\"https:\/\/luchonoticias.com\/editor\/liberando-especies-la-cam-se-unio-a-la-celebracion-del-dia-nacional-de-la-vida-silvestre\/\",\"url\":\"https:\/\/luchonoticias.com\/editor\/liberando-especies-la-cam-se-unio-a-la-celebracion-del-dia-nacional-de-la-vida-silvestre\/\",\"name\":\"Liberando especies, la CAM se uni\u00f3 a la celebraci\u00f3n del D\u00eda Nacional de la Vida Silvestre -\",\"isPartOf\":{\"@id\":\"https:\/\/luchonoticias.com\/editor\/#website\"},\"primaryImageOfPage\":{\"@id\":\"https:\/\/luchonoticias.com\/editor\/liberando-especies-la-cam-se-unio-a-la-celebracion-del-dia-nacional-de-la-vida-silvestre\/#primaryimage\"},\"image\":{\"@id\":\"https:\/\/luchonoticias.com\/editor\/liberando-especies-la-cam-se-unio-a-la-celebracion-del-dia-nacional-de-la-vida-silvestre\/#primaryimage\"},\"thumbnailUrl\":\"https:\/\/luchonoticias.com\/wp-content\/uploads\/2022\/08\/WhatsApp-Image-2022-08-01-at-4.03.01-PM-1024x682.jpeg\",\"datePublished\":\"2022-08-02T11:51:59+00:00\",\"dateModified\":\"2022-08-02T11:52:00+00:00\",\"breadcrumb\":{\"@id\":\"https:\/\/luchonoticias.com\/editor\/liberando-especies-la-cam-se-unio-a-la-celebracion-del-dia-nacional-de-la-vida-silvestre\/#breadcrumb\"},\"inLanguage\":\"es\",\"potentialAction\":[{\"@type\":\"ReadAction\",\"target\":[\"https:\/\/luchonoticias.com\/editor\/liberando-especies-la-cam-se-unio-a-la-celebracion-del-dia-nacional-de-la-vida-silvestre\/\"]}]},{\"@type\":\"ImageObject\",\"inLanguage\":\"es\",\"@id\":\"https:\/\/luchonoticias.com\/editor\/liberando-especies-la-cam-se-unio-a-la-celebracion-del-dia-nacional-de-la-vida-silvestre\/#primaryimage\",\"url\":\"https:\/\/luchonoticias.com\/wp-content\/uploads\/2022\/08\/WhatsApp-Image-2022-08-01-at-4.03.01-PM-1024x682.jpeg\",\"contentUrl\":\"https:\/\/luchonoticias.com\/wp-content\/uploads\/2022\/08\/WhatsApp-Image-2022-08-01-at-4.03.01-PM-1024x682.jpeg\"},{\"@type\":\"BreadcrumbList\",\"@id\":\"https:\/\/luchonoticias.com\/editor\/liberando-especies-la-cam-se-unio-a-la-celebracion-del-dia-nacional-de-la-vida-silvestre\/#breadcrumb\",\"itemListElement\":[{\"@type\":\"ListItem\",\"position\":1,\"name\":\"Portada\",\"item\":\"https:\/\/luchonoticias.com\/editor\/\"},{\"@type\":\"ListItem\",\"position\":2,\"name\":\"Liberando especies, la CAM se uni\u00f3 a la celebraci\u00f3n del D\u00eda Nacional de la Vida Silvestre\"}]},{\"@type\":\"WebSite\",\"@id\":\"https:\/\/luchonoticias.com\/editor\/#website\",\"url\":\"https:\/\/luchonoticias.com\/editor\/\",\"name\":\"\",\"description\":\"\",\"publisher\":{\"@id\":\"https:\/\/luchonoticias.com\/editor\/#\/schema\/person\/7a7fd911f58561fd056dbac7b55af9cd\"},\"potentialAction\":[{\"@type\":\"SearchAction\",\"target\":{\"@type\":\"EntryPoint\",\"urlTemplate\":\"https:\/\/luchonoticias.com\/editor\/?s={search_term_string}\"},\"query-input\":{\"@type\":\"PropertyValueSpecification\",\"valueRequired\":true,\"valueName\":\"search_term_string\"}}],\"inLanguage\":\"es\"},{\"@type\":[\"Person\",\"Organization\"],\"@id\":\"https:\/\/luchonoticias.com\/editor\/#\/schema\/person\/7a7fd911f58561fd056dbac7b55af9cd\",\"name\":\"admin\",\"image\":{\"@type\":\"ImageObject\",\"inLanguage\":\"es\",\"@id\":\"https:\/\/luchonoticias.com\/editor\/#\/schema\/person\/image\/\",\"url\":\"https:\/\/luchonoticias.com\/editor\/wp-content\/uploads\/2024\/02\/cropped-cropped-logolu.webp\",\"contentUrl\":\"https:\/\/luchonoticias.com\/editor\/wp-content\/uploads\/2024\/02\/cropped-cropped-logolu.webp\",\"width\":382,\"height\":170,\"caption\":\"admin\"},\"logo\":{\"@id\":\"https:\/\/luchonoticias.com\/editor\/#\/schema\/person\/image\/\"},\"sameAs\":[\"https:\/\/www.facebook.com\/luchonoticiasneiva\"],\"url\":\"https:\/\/luchonoticias.com\/editor\/author\/admin\/\"}]}<\/script>\n<!-- \/ Yoast SEO plugin. -->","yoast_head_json":{"title":"Liberando especies, la CAM se uni\u00f3 a la celebraci\u00f3n del D\u00eda Nacional de la Vida Silvestre -","robots":{"index":"index","follow":"follow","max-snippet":"max-snippet:-1","max-image-preview":"max-image-preview:large","max-video-preview":"max-video-preview:-1"},"canonical":"https:\/\/luchonoticias.com\/editor\/liberando-especies-la-cam-se-unio-a-la-celebracion-del-dia-nacional-de-la-vida-silvestre\/","og_locale":"es_ES","og_type":"article","og_title":"Liberando especies, la CAM se uni\u00f3 a la celebraci\u00f3n del D\u00eda Nacional de la Vida Silvestre -","og_url":"https:\/\/luchonoticias.com\/editor\/liberando-especies-la-cam-se-unio-a-la-celebracion-del-dia-nacional-de-la-vida-silvestre\/","article_publisher":"https:\/\/www.facebook.com\/luchonoticiasneiva","article_author":"https:\/\/www.facebook.com\/luchonoticiasneiva","article_published_time":"2022-08-02T11:51:59+00:00","article_modified_time":"2022-08-02T11:52:00+00:00","og_image":[{"url":"https:\/\/luchonoticias.com\/wp-content\/uploads\/2022\/08\/WhatsApp-Image-2022-08-01-at-4.03.01-PM-1024x682.jpeg","type":"","width":"","height":""}],"author":"admin","twitter_card":"summary_large_image","twitter_misc":{"Escrito por":"admin","Tiempo de lectura":"2 minutos"},"schema":{"@context":"https:\/\/schema.org","@graph":[{"@type":"Article","@id":"https:\/\/luchonoticias.com\/editor\/liberando-especies-la-cam-se-unio-a-la-celebracion-del-dia-nacional-de-la-vida-silvestre\/#article","isPartOf":{"@id":"https:\/\/luchonoticias.com\/editor\/liberando-especies-la-cam-se-unio-a-la-celebracion-del-dia-nacional-de-la-vida-silvestre\/"},"author":{"name":"admin","@id":"https:\/\/luchonoticias.com\/editor\/#\/schema\/person\/7a7fd911f58561fd056dbac7b55af9cd"},"headline":"Liberando especies, la CAM se uni\u00f3 a la celebraci\u00f3n del D\u00eda Nacional de la Vida Silvestre","datePublished":"2022-08-02T11:51:59+00:00","dateModified":"2022-08-02T11:52:00+00:00","mainEntityOfPage":{"@id":"https:\/\/luchonoticias.com\/editor\/liberando-especies-la-cam-se-unio-a-la-celebracion-del-dia-nacional-de-la-vida-silvestre\/"},"wordCount":454,"commentCount":0,"publisher":{"@id":"https:\/\/luchonoticias.com\/editor\/#\/schema\/person\/7a7fd911f58561fd056dbac7b55af9cd"},"image":{"@id":"https:\/\/luchonoticias.com\/editor\/liberando-especies-la-cam-se-unio-a-la-celebracion-del-dia-nacional-de-la-vida-silvestre\/#primaryimage"},"thumbnailUrl":"https:\/\/luchonoticias.com\/wp-content\/uploads\/2022\/08\/WhatsApp-Image-2022-08-01-at-4.03.01-PM-1024x682.jpeg","articleSection":["Comunidad","Destacado"],"inLanguage":"es","potentialAction":[{"@type":"CommentAction","name":"Comment","target":["https:\/\/luchonoticias.com\/editor\/liberando-especies-la-cam-se-unio-a-la-celebracion-del-dia-nacional-de-la-vida-silvestre\/#respond"]}]},{"@type":"WebPage","@id":"https:\/\/luchonoticias.com\/editor\/liberando-especies-la-cam-se-unio-a-la-celebracion-del-dia-nacional-de-la-vida-silvestre\/","url":"https:\/\/luchonoticias.com\/editor\/liberando-especies-la-cam-se-unio-a-la-celebracion-del-dia-nacional-de-la-vida-silvestre\/","name":"Liberando especies, la CAM se uni\u00f3 a la celebraci\u00f3n del D\u00eda Nacional de la Vida Silvestre -","isPartOf":{"@id":"https:\/\/luchonoticias.com\/editor\/#website"},"primaryImageOfPage":{"@id":"https:\/\/luchonoticias.com\/editor\/liberando-especies-la-cam-se-unio-a-la-celebracion-del-dia-nacional-de-la-vida-silvestre\/#primaryimage"},"image":{"@id":"https:\/\/luchonoticias.com\/editor\/liberando-especies-la-cam-se-unio-a-la-celebracion-del-dia-nacional-de-la-vida-silvestre\/#primaryimage"},"thumbnailUrl":"https:\/\/luchonoticias.com\/wp-content\/uploads\/2022\/08\/WhatsApp-Image-2022-08-01-at-4.03.01-PM-1024x682.jpeg","datePublished":"2022-08-02T11:51:59+00:00","dateModified":"2022-08-02T11:52:00+00:00","breadcrumb":{"@id":"https:\/\/luchonoticias.com\/editor\/liberando-especies-la-cam-se-unio-a-la-celebracion-del-dia-nacional-de-la-vida-silvestre\/#breadcrumb"},"inLanguage":"es","potentialAction":[{"@type":"ReadAction","target":["https:\/\/luchonoticias.com\/editor\/liberando-especies-la-cam-se-unio-a-la-celebracion-del-dia-nacional-de-la-vida-silvestre\/"]}]},{"@type":"ImageObject","inLanguage":"es","@id":"https:\/\/luchonoticias.com\/editor\/liberando-especies-la-cam-se-unio-a-la-celebracion-del-dia-nacional-de-la-vida-silvestre\/#primaryimage","url":"https:\/\/luchonoticias.com\/wp-content\/uploads\/2022\/08\/WhatsApp-Image-2022-08-01-at-4.03.01-PM-1024x682.jpeg","contentUrl":"https:\/\/luchonoticias.com\/wp-content\/uploads\/2022\/08\/WhatsApp-Image-2022-08-01-at-4.03.01-PM-1024x682.jpeg"},{"@type":"BreadcrumbList","@id":"https:\/\/luchonoticias.com\/editor\/liberando-especies-la-cam-se-unio-a-la-celebracion-del-dia-nacional-de-la-vida-silvestre\/#breadcrumb","itemListElement":[{"@type":"ListItem","position":1,"name":"Portada","item":"https:\/\/luchonoticias.com\/editor\/"},{"@type":"ListItem","position":2,"name":"Liberando especies, la CAM se uni\u00f3 a la celebraci\u00f3n del D\u00eda Nacional de la Vida Silvestre"}]},{"@type":"WebSite","@id":"https:\/\/luchonoticias.com\/editor\/#website","url":"https:\/\/luchonoticias.com\/editor\/","name":"","description":"","publisher":{"@id":"https:\/\/luchonoticias.com\/editor\/#\/schema\/person\/7a7fd911f58561fd056dbac7b55af9cd"},"potentialAction":[{"@type":"SearchAction","target":{"@type":"EntryPoint","urlTemplate":"https:\/\/luchonoticias.com\/editor\/?s={search_term_string}"},"query-input":{"@type":"PropertyValueSpecification","valueRequired":true,"valueName":"search_term_string"}}],"inLanguage":"es"},{"@type":["Person","Organization"],"@id":"https:\/\/luchonoticias.com\/editor\/#\/schema\/person\/7a7fd911f58561fd056dbac7b55af9cd","name":"admin","image":{"@type":"ImageObject","inLanguage":"es","@id":"https:\/\/luchonoticias.com\/editor\/#\/schema\/person\/image\/","url":"https:\/\/luchonoticias.com\/editor\/wp-content\/uploads\/2024\/02\/cropped-cropped-logolu.webp","contentUrl":"https:\/\/luchonoticias.com\/editor\/wp-content\/uploads\/2024\/02\/cropped-cropped-logolu.webp","width":382,"height":170,"caption":"admin"},"logo":{"@id":"https:\/\/luchonoticias.com\/editor\/#\/schema\/person\/image\/"},"sameAs":["https:\/\/www.facebook.com\/luchonoticiasneiva"],"url":"https:\/\/luchonoticias.com\/editor\/author\/admin\/"}]}},"_links":{"self":[{"href":"https:\/\/luchonoticias.com\/editor\/wp-json\/wp\/v2\/posts\/31049","targetHints":{"allow":["GET"]}}],"collection":[{"href":"https:\/\/luchonoticias.com\/editor\/wp-json\/wp\/v2\/posts"}],"about":[{"href":"https:\/\/luchonoticias.com\/editor\/wp-json\/wp\/v2\/types\/post"}],"author":[{"embeddable":true,"href":"https:\/\/luchonoticias.com\/editor\/wp-json\/wp\/v2\/users\/1"}],"replies":[{"embeddable":true,"href":"https:\/\/luchonoticias.com\/editor\/wp-json\/wp\/v2\/comments?post=31049"}],"version-history":[{"count":0,"href":"https:\/\/luchonoticias.com\/editor\/wp-json\/wp\/v2\/posts\/31049\/revisions"}],"wp:attachment":[{"href":"https:\/\/luchonoticias.com\/editor\/wp-json\/wp\/v2\/media?parent=31049"}],"wp:term":[{"taxonomy":"category","embeddable":true,"href":"https:\/\/luchonoticias.com\/editor\/wp-json\/wp\/v2\/categories?post=31049"},{"taxonomy":"post_tag","embeddable":true,"href":"https:\/\/luchonoticias.com\/editor\/wp-json\/wp\/v2\/tags?post=31049"}],"curies":[{"name":"wp","href":"https:\/\/api.w.org\/{rel}","templated":true}]}}