{"id":31107,"date":"2022-08-03T05:46:54","date_gmt":"2022-08-03T10:46:54","guid":{"rendered":"https:\/\/luchonoticias.com\/?p=31107"},"modified":"2022-08-03T05:46:55","modified_gmt":"2022-08-03T10:46:55","slug":"kits-de-maquinaria-atendiendo-la-emergencia-vial","status":"publish","type":"post","link":"https:\/\/luchonoticias.com\/editor\/kits-de-maquinaria-atendiendo-la-emergencia-vial\/","title":{"rendered":"Kits de maquinaria atendiendo la emergencia vial"},"content":{"rendered":"\n<p>Los&nbsp;<strong>siete kits de maquinaria<\/strong>&nbsp;de la Gobernaci\u00f3n del Huila&nbsp;<strong>trabajan a marchas forzadas<\/strong>&nbsp;para poder&nbsp;<strong>atender la emergencia vial<\/strong>&nbsp;que padecen varios municipios del Huila afectados por el invierno.<\/p>\n\n\n\n<p>De acuerdo al ingeniero, Hernando Quezada, director de maquinaria de Aguas del Huila, quienes son los operadores de la maquinaria de la Gobernaci\u00f3n del departamento.&nbsp;<strong>Los kits de maquinaria est\u00e1n a lo largo y ancho del departamento atendiendo las emergencias viales.<\/strong>&nbsp;Caso especial, el&nbsp;<strong>municipio de La Plata con afectaci\u00f3n de su v\u00eda principal que comunica a este municipio con el Cauca<\/strong>&nbsp;y donde varias de sus veredas resultaron afectadas por el invierno.&nbsp;<\/p>\n\n\n\n<p>\u201cEn el municipio de la Plata se present\u00f3 una e<strong>mergencia en la v\u00eda que va de La Plata hac\u00eda Inz\u00e1. Esta es una v\u00eda nacional a cargo de Inv\u00edas<\/strong>, donde fall\u00f3 totalmente la banca, el r\u00edo la destruy\u00f3 y alrededor de este sitio hubo lluvias intensas, afectando varias v\u00edas terciarias que pertenecen al municipio de La Plata,&nbsp;<strong>nosotros en este momento estamos trabajando en el sector de la vereda Getzen<\/strong>, all\u00ed estamos sacando derrumbes y hay otros sectores afectados por las lluvias en los cuales poco a poco apoyaremos\u201d.<\/p>\n\n\n\n<p>El ingeniero Quezada manifest\u00f3 que&nbsp;<strong>se atienden emergencias en municipios como Garz\u00f3n, Santa Mar\u00eda y Suaza, entre otros.&nbsp;<\/strong><\/p>\n\n\n\n<p>\u201cTambi\u00e9n&nbsp;<strong>estamos en el municipio de Santa Mar\u00eda&nbsp;<\/strong>donde se present\u00f3 perdida de banca en el sector de Los Cisnes, tambi\u00e9n hay perdida de banca en el sector que va de la v\u00eda de Santa Mar\u00eda a San Joaqu\u00edn, all\u00ed estamos interviniendo con una retro excavadora sobre oruga y estamos con volquetas tratando de hacer jarillones de protecci\u00f3n a la v\u00eda, tratando de controlar el cauce del rio Bach\u00e9 y estamos trabajando tambi\u00e9n en este municipio en otros sectores tambi\u00e9n afectados por el invierno. Estamos tambi\u00e9n&nbsp;<strong>atendiendo las emergencias en el municipio de Garz\u00f3n<\/strong>, tenemos a cargo la v\u00eda Zuluaga-Garz\u00f3n-Gigante, all\u00ed se han presentado unos derrumbes que taponaron totalmente la v\u00eda y estamos retir\u00e1ndolos en este momento, lo mismo que estamos&nbsp;<strong>en la v\u00eda Garz\u00f3n \u2013 Cruce Para\u00edso \u2013 Caguancito \u2013 San Antonio<\/strong>, donde tambi\u00e9n ha sido tapada la v\u00eda y estamos retirando estos derrumbes. Terminado all\u00ed vamos a pasar a atender las v\u00edas del municipio de Suaza tambi\u00e9n donde trabajaremos en un mantenimiento, si nos deja el invierno hacia la localidad de Gallardo. Donde tambi\u00e9n retiraremos derrumbes\u201d.<\/p>\n\n\n\n<h5 class=\"wp-block-heading\">Atenci\u00f3n en el centro y sur del Huila<\/h5>\n\n\n\n<p>De otro lado&nbsp;<strong>el invierno no da tregua tanto en el sur, como en el norte del departamento,<\/strong>&nbsp;por eso se atienden emergencias viales en municipios como Pitalito, Acevedo, Oporapa, Saladoblanco, Guadalupe y Baraya.&nbsp;<\/p>\n\n\n\n<p>\u201c<strong>Est\u00e1n en emergencia en el municipio de Guadalupe,<\/strong>&nbsp;donde hay un 30, 40% de v\u00edas tapadas, que no le corresponden al departamento, son del municipio, pero vamos a colaborarles porque est\u00e1 colapsado este municipio. Estamos&nbsp;<strong>laborando en la v\u00eda Baraya-La Troja-Miramar,<\/strong>&nbsp;all\u00ed estamos retirando tambi\u00e9n derrumbes y estamos tratando de hacer un mejoramiento de esta v\u00eda. En la&nbsp;<strong>v\u00eda del cruce a Saladoblanco -Oporapa<\/strong>&nbsp;tambi\u00e9n se est\u00e1 trabajando en un derrumbe inmenso con una retroexcavadora sobre Oruga y estamos tratando de evacuar todo este terreno para dejarle v\u00eda libre tambi\u00e9n al municipio de Oporapa y as\u00ed habilitar la v\u00eda que conduce de Oporapa a Pitalito. Estamos&nbsp;<strong>trabajando actualmente en la v\u00eda Pitalito \u2013 Acevedo,&nbsp;<\/strong>con derrumbes que tapaban medio carril, estamos habilitando totalmente toda la v\u00eda y estamos actualmente en ese trabajo\u201d indic\u00f3.<\/p>\n","protected":false},"excerpt":{"rendered":"<p>Los&nbsp;siete kits de maquinaria&nbsp;de la Gobernaci\u00f3n del Huila&nbsp;trabajan a marchas forzadas&nbsp;para poder&nbsp;atender la emergencia vial&nbsp;que padecen varios municipios del Huila afectados por el invierno. De acuerdo al ingeniero, Hernando Quezada, director de maquinaria de Aguas del Huila, quienes son los operadores de la maquinaria de la Gobernaci\u00f3n del departamento.&nbsp;Los kits de maquinaria est\u00e1n a lo [&hellip;]<\/p>\n","protected":false},"author":1,"featured_media":0,"comment_status":"open","ping_status":"open","sticky":false,"template":"","format":"standard","meta":{"footnotes":""},"categories":[33],"tags":[],"class_list":["post-31107","post","type-post","status-publish","format-standard","hentry","category-huila"],"yoast_head":"<!-- This site is optimized with the Yoast SEO plugin v26.6 - https:\/\/yoast.com\/wordpress\/plugins\/seo\/ -->\n<title>Kits de maquinaria atendiendo la emergencia vial -<\/title>\n<meta name=\"robots\" content=\"index, follow, max-snippet:-1, max-image-preview:large, max-video-preview:-1\" \/>\n<link rel=\"canonical\" href=\"https:\/\/luchonoticias.com\/editor\/kits-de-maquinaria-atendiendo-la-emergencia-vial\/\" \/>\n<meta property=\"og:locale\" content=\"es_ES\" \/>\n<meta property=\"og:type\" content=\"article\" \/>\n<meta property=\"og:title\" content=\"Kits de maquinaria atendiendo la emergencia vial -\" \/>\n<meta property=\"og:url\" content=\"https:\/\/luchonoticias.com\/editor\/kits-de-maquinaria-atendiendo-la-emergencia-vial\/\" \/>\n<meta property=\"article:publisher\" content=\"https:\/\/www.facebook.com\/luchonoticiasneiva\" \/>\n<meta property=\"article:author\" content=\"https:\/\/www.facebook.com\/luchonoticiasneiva\" \/>\n<meta property=\"article:published_time\" content=\"2022-08-03T10:46:54+00:00\" \/>\n<meta property=\"article:modified_time\" content=\"2022-08-03T10:46:55+00:00\" \/>\n<meta name=\"author\" content=\"admin\" \/>\n<meta name=\"twitter:card\" content=\"summary_large_image\" \/>\n<meta name=\"twitter:label1\" content=\"Escrito por\" \/>\n\t<meta name=\"twitter:data1\" content=\"admin\" \/>\n\t<meta name=\"twitter:label2\" content=\"Tiempo de lectura\" \/>\n\t<meta name=\"twitter:data2\" content=\"3 minutos\" \/>\n<script type=\"application\/ld+json\" class=\"yoast-schema-graph\">{\"@context\":\"https:\/\/schema.org\",\"@graph\":[{\"@type\":\"Article\",\"@id\":\"https:\/\/luchonoticias.com\/editor\/kits-de-maquinaria-atendiendo-la-emergencia-vial\/#article\",\"isPartOf\":{\"@id\":\"https:\/\/luchonoticias.com\/editor\/kits-de-maquinaria-atendiendo-la-emergencia-vial\/\"},\"author\":{\"name\":\"admin\",\"@id\":\"https:\/\/luchonoticias.com\/editor\/#\/schema\/person\/7a7fd911f58561fd056dbac7b55af9cd\"},\"headline\":\"Kits de maquinaria atendiendo la emergencia vial\",\"datePublished\":\"2022-08-03T10:46:54+00:00\",\"dateModified\":\"2022-08-03T10:46:55+00:00\",\"mainEntityOfPage\":{\"@id\":\"https:\/\/luchonoticias.com\/editor\/kits-de-maquinaria-atendiendo-la-emergencia-vial\/\"},\"wordCount\":642,\"commentCount\":0,\"publisher\":{\"@id\":\"https:\/\/luchonoticias.com\/editor\/#\/schema\/person\/7a7fd911f58561fd056dbac7b55af9cd\"},\"articleSection\":[\"Huila\"],\"inLanguage\":\"es\",\"potentialAction\":[{\"@type\":\"CommentAction\",\"name\":\"Comment\",\"target\":[\"https:\/\/luchonoticias.com\/editor\/kits-de-maquinaria-atendiendo-la-emergencia-vial\/#respond\"]}]},{\"@type\":\"WebPage\",\"@id\":\"https:\/\/luchonoticias.com\/editor\/kits-de-maquinaria-atendiendo-la-emergencia-vial\/\",\"url\":\"https:\/\/luchonoticias.com\/editor\/kits-de-maquinaria-atendiendo-la-emergencia-vial\/\",\"name\":\"Kits de maquinaria atendiendo la emergencia vial -\",\"isPartOf\":{\"@id\":\"https:\/\/luchonoticias.com\/editor\/#website\"},\"datePublished\":\"2022-08-03T10:46:54+00:00\",\"dateModified\":\"2022-08-03T10:46:55+00:00\",\"breadcrumb\":{\"@id\":\"https:\/\/luchonoticias.com\/editor\/kits-de-maquinaria-atendiendo-la-emergencia-vial\/#breadcrumb\"},\"inLanguage\":\"es\",\"potentialAction\":[{\"@type\":\"ReadAction\",\"target\":[\"https:\/\/luchonoticias.com\/editor\/kits-de-maquinaria-atendiendo-la-emergencia-vial\/\"]}]},{\"@type\":\"BreadcrumbList\",\"@id\":\"https:\/\/luchonoticias.com\/editor\/kits-de-maquinaria-atendiendo-la-emergencia-vial\/#breadcrumb\",\"itemListElement\":[{\"@type\":\"ListItem\",\"position\":1,\"name\":\"Portada\",\"item\":\"https:\/\/luchonoticias.com\/editor\/\"},{\"@type\":\"ListItem\",\"position\":2,\"name\":\"Kits de maquinaria atendiendo la emergencia vial\"}]},{\"@type\":\"WebSite\",\"@id\":\"https:\/\/luchonoticias.com\/editor\/#website\",\"url\":\"https:\/\/luchonoticias.com\/editor\/\",\"name\":\"\",\"description\":\"\",\"publisher\":{\"@id\":\"https:\/\/luchonoticias.com\/editor\/#\/schema\/person\/7a7fd911f58561fd056dbac7b55af9cd\"},\"potentialAction\":[{\"@type\":\"SearchAction\",\"target\":{\"@type\":\"EntryPoint\",\"urlTemplate\":\"https:\/\/luchonoticias.com\/editor\/?s={search_term_string}\"},\"query-input\":{\"@type\":\"PropertyValueSpecification\",\"valueRequired\":true,\"valueName\":\"search_term_string\"}}],\"inLanguage\":\"es\"},{\"@type\":[\"Person\",\"Organization\"],\"@id\":\"https:\/\/luchonoticias.com\/editor\/#\/schema\/person\/7a7fd911f58561fd056dbac7b55af9cd\",\"name\":\"admin\",\"image\":{\"@type\":\"ImageObject\",\"inLanguage\":\"es\",\"@id\":\"https:\/\/luchonoticias.com\/editor\/#\/schema\/person\/image\/\",\"url\":\"https:\/\/luchonoticias.com\/editor\/wp-content\/uploads\/2024\/02\/cropped-cropped-logolu.webp\",\"contentUrl\":\"https:\/\/luchonoticias.com\/editor\/wp-content\/uploads\/2024\/02\/cropped-cropped-logolu.webp\",\"width\":382,\"height\":170,\"caption\":\"admin\"},\"logo\":{\"@id\":\"https:\/\/luchonoticias.com\/editor\/#\/schema\/person\/image\/\"},\"sameAs\":[\"https:\/\/www.facebook.com\/luchonoticiasneiva\"],\"url\":\"https:\/\/luchonoticias.com\/editor\/author\/admin\/\"}]}<\/script>\n<!-- \/ Yoast SEO plugin. -->","yoast_head_json":{"title":"Kits de maquinaria atendiendo la emergencia vial -","robots":{"index":"index","follow":"follow","max-snippet":"max-snippet:-1","max-image-preview":"max-image-preview:large","max-video-preview":"max-video-preview:-1"},"canonical":"https:\/\/luchonoticias.com\/editor\/kits-de-maquinaria-atendiendo-la-emergencia-vial\/","og_locale":"es_ES","og_type":"article","og_title":"Kits de maquinaria atendiendo la emergencia vial -","og_url":"https:\/\/luchonoticias.com\/editor\/kits-de-maquinaria-atendiendo-la-emergencia-vial\/","article_publisher":"https:\/\/www.facebook.com\/luchonoticiasneiva","article_author":"https:\/\/www.facebook.com\/luchonoticiasneiva","article_published_time":"2022-08-03T10:46:54+00:00","article_modified_time":"2022-08-03T10:46:55+00:00","author":"admin","twitter_card":"summary_large_image","twitter_misc":{"Escrito por":"admin","Tiempo de lectura":"3 minutos"},"schema":{"@context":"https:\/\/schema.org","@graph":[{"@type":"Article","@id":"https:\/\/luchonoticias.com\/editor\/kits-de-maquinaria-atendiendo-la-emergencia-vial\/#article","isPartOf":{"@id":"https:\/\/luchonoticias.com\/editor\/kits-de-maquinaria-atendiendo-la-emergencia-vial\/"},"author":{"name":"admin","@id":"https:\/\/luchonoticias.com\/editor\/#\/schema\/person\/7a7fd911f58561fd056dbac7b55af9cd"},"headline":"Kits de maquinaria atendiendo la emergencia vial","datePublished":"2022-08-03T10:46:54+00:00","dateModified":"2022-08-03T10:46:55+00:00","mainEntityOfPage":{"@id":"https:\/\/luchonoticias.com\/editor\/kits-de-maquinaria-atendiendo-la-emergencia-vial\/"},"wordCount":642,"commentCount":0,"publisher":{"@id":"https:\/\/luchonoticias.com\/editor\/#\/schema\/person\/7a7fd911f58561fd056dbac7b55af9cd"},"articleSection":["Huila"],"inLanguage":"es","potentialAction":[{"@type":"CommentAction","name":"Comment","target":["https:\/\/luchonoticias.com\/editor\/kits-de-maquinaria-atendiendo-la-emergencia-vial\/#respond"]}]},{"@type":"WebPage","@id":"https:\/\/luchonoticias.com\/editor\/kits-de-maquinaria-atendiendo-la-emergencia-vial\/","url":"https:\/\/luchonoticias.com\/editor\/kits-de-maquinaria-atendiendo-la-emergencia-vial\/","name":"Kits de maquinaria atendiendo la emergencia vial -","isPartOf":{"@id":"https:\/\/luchonoticias.com\/editor\/#website"},"datePublished":"2022-08-03T10:46:54+00:00","dateModified":"2022-08-03T10:46:55+00:00","breadcrumb":{"@id":"https:\/\/luchonoticias.com\/editor\/kits-de-maquinaria-atendiendo-la-emergencia-vial\/#breadcrumb"},"inLanguage":"es","potentialAction":[{"@type":"ReadAction","target":["https:\/\/luchonoticias.com\/editor\/kits-de-maquinaria-atendiendo-la-emergencia-vial\/"]}]},{"@type":"BreadcrumbList","@id":"https:\/\/luchonoticias.com\/editor\/kits-de-maquinaria-atendiendo-la-emergencia-vial\/#breadcrumb","itemListElement":[{"@type":"ListItem","position":1,"name":"Portada","item":"https:\/\/luchonoticias.com\/editor\/"},{"@type":"ListItem","position":2,"name":"Kits de maquinaria atendiendo la emergencia vial"}]},{"@type":"WebSite","@id":"https:\/\/luchonoticias.com\/editor\/#website","url":"https:\/\/luchonoticias.com\/editor\/","name":"","description":"","publisher":{"@id":"https:\/\/luchonoticias.com\/editor\/#\/schema\/person\/7a7fd911f58561fd056dbac7b55af9cd"},"potentialAction":[{"@type":"SearchAction","target":{"@type":"EntryPoint","urlTemplate":"https:\/\/luchonoticias.com\/editor\/?s={search_term_string}"},"query-input":{"@type":"PropertyValueSpecification","valueRequired":true,"valueName":"search_term_string"}}],"inLanguage":"es"},{"@type":["Person","Organization"],"@id":"https:\/\/luchonoticias.com\/editor\/#\/schema\/person\/7a7fd911f58561fd056dbac7b55af9cd","name":"admin","image":{"@type":"ImageObject","inLanguage":"es","@id":"https:\/\/luchonoticias.com\/editor\/#\/schema\/person\/image\/","url":"https:\/\/luchonoticias.com\/editor\/wp-content\/uploads\/2024\/02\/cropped-cropped-logolu.webp","contentUrl":"https:\/\/luchonoticias.com\/editor\/wp-content\/uploads\/2024\/02\/cropped-cropped-logolu.webp","width":382,"height":170,"caption":"admin"},"logo":{"@id":"https:\/\/luchonoticias.com\/editor\/#\/schema\/person\/image\/"},"sameAs":["https:\/\/www.facebook.com\/luchonoticiasneiva"],"url":"https:\/\/luchonoticias.com\/editor\/author\/admin\/"}]}},"_links":{"self":[{"href":"https:\/\/luchonoticias.com\/editor\/wp-json\/wp\/v2\/posts\/31107","targetHints":{"allow":["GET"]}}],"collection":[{"href":"https:\/\/luchonoticias.com\/editor\/wp-json\/wp\/v2\/posts"}],"about":[{"href":"https:\/\/luchonoticias.com\/editor\/wp-json\/wp\/v2\/types\/post"}],"author":[{"embeddable":true,"href":"https:\/\/luchonoticias.com\/editor\/wp-json\/wp\/v2\/users\/1"}],"replies":[{"embeddable":true,"href":"https:\/\/luchonoticias.com\/editor\/wp-json\/wp\/v2\/comments?post=31107"}],"version-history":[{"count":0,"href":"https:\/\/luchonoticias.com\/editor\/wp-json\/wp\/v2\/posts\/31107\/revisions"}],"wp:attachment":[{"href":"https:\/\/luchonoticias.com\/editor\/wp-json\/wp\/v2\/media?parent=31107"}],"wp:term":[{"taxonomy":"category","embeddable":true,"href":"https:\/\/luchonoticias.com\/editor\/wp-json\/wp\/v2\/categories?post=31107"},{"taxonomy":"post_tag","embeddable":true,"href":"https:\/\/luchonoticias.com\/editor\/wp-json\/wp\/v2\/tags?post=31107"}],"curies":[{"name":"wp","href":"https:\/\/api.w.org\/{rel}","templated":true}]}}