{"id":31287,"date":"2022-08-05T05:09:41","date_gmt":"2022-08-05T10:09:41","guid":{"rendered":"https:\/\/luchonoticias.com\/?p=31287"},"modified":"2022-08-05T05:09:42","modified_gmt":"2022-08-05T10:09:42","slug":"cafeteros-huilenses-a-participar-de-concurso-nacional","status":"publish","type":"post","link":"https:\/\/luchonoticias.com\/editor\/cafeteros-huilenses-a-participar-de-concurso-nacional\/","title":{"rendered":"Cafeteros huilenses a participar de concurso nacional"},"content":{"rendered":"\n<p><strong>Cafeteros huilenses<\/strong>&nbsp;tendr\u00e1n la&nbsp;<strong>oportunidad de mejorar su calidad de vida&nbsp;<\/strong>participando del concurso nacional Colombia Tierra de Diversidad, hasta el pr\u00f3ximo lunes 15 de agosto.&nbsp;<\/p>\n\n\n\n<p>Hasta el momento&nbsp;<strong>del Huila solo se han presentado 16 lotes<\/strong>&nbsp;mientras que Santander lleva entre 60 y 70, por su parte Antioquia 50, el llamado del gobierno \u201cHuila Crece\u201d es a que los cafeteros huilenses se motiven a participar masivamente y que los primeros lugares se queden en casa.<\/p>\n\n\n\n<p>\u201cImportante recordarles a los cafeteros del Huila que somos anfitriones de Colombia Tierra de Diversidad, el concurso de caf\u00e9s especiales m\u00e1s importante a nivel nacional, organizado por la Federaci\u00f3n Nacional de Cafeteros y que por primera vez sale de Bogot\u00e1 y viene al departamento del Huila.&nbsp;<strong>Debemos ratificar ese&nbsp; liderazgo de 11 a\u00f1os en ser los mejores productores de caf\u00e9 y de mayor calidad&nbsp;<\/strong>y esa es la oportunidad precisa para ganar el concurso en casa\u201d, resalt\u00f3 Leonardo Sanmiguel, gerente de la Feria Internacional de Caf\u00e9, Cacao y Agroturismo.&nbsp;&nbsp;<\/p>\n\n\n\n<p>Este concurso de caf\u00e9s especiales&nbsp;<strong>evaluar\u00e1&nbsp; los atributos de acidez, cuerpo, suavidad, balance y ex\u00f3tico con distinci\u00f3n por atributo de $25.000.000<\/strong>, \u201cla invitaci\u00f3n es a tener sentido de pertenencia y entregar los lotes. Son 5 categor\u00edas, cada una entrega $25 millones al primer lugar. En total son $125 millones en efectivo y adicional hay 30 finalistas que tendr\u00e1n la oportunidad de compartir en espacios sociales con los compradores internacionales con la oportunidad de viajar al desierto de La Tatacoa a un coctel para crear lazos de amistad y comerciales que ayudar\u00e1n a mejorar su calidad de vida. Luego, esos 30 finalistas podr\u00e1n estar en la subasta con m\u00e1s de&nbsp; 50 agentes comerciales internacionales dispuestos a pagar el mejor precio posible\u201d, agreg\u00f3 el gerente de la FICCA.&nbsp;<\/p>\n\n\n\n<p>El concurso de caf\u00e9s especiales Colombia Tierra de Diversidad, se realizar\u00e1<strong>&nbsp;en el marco de la segunda versi\u00f3n de la Feria Internacional de Caf\u00e9, Cacao, y Muestra Agrotur\u00edstica<\/strong>, del 30 de septiembre al 2 de octubre, y&nbsp; que acoger\u00e1 de manera especial a los departamentos que integran el nuevo eje cafetero, as\u00ed como pa\u00edses invitados.<\/p>\n\n\n\n<p>\u201cEn la categor\u00eda de lavados se recibir\u00e1n lotes desde 320 hasta 640 kilogramos, con un factor de rendimiento de 90, defectos del primer y segundo grupo m\u00e1ximo del 1%, humedad del 10.5 al 11.5%; tambi\u00e9n tenemos la categor\u00eda de naturales donde el factor de rendimiento es de m\u00e1ximo 150, y donde los lotes ser\u00e1n entre 480&nbsp; y&nbsp; 960 kilos; en la categor\u00eda de honey un factor de rendimiento de 110 con lotes desde 320 a 640 kilogramos\u201d, indic\u00f3 Sanmiguel.<\/p>\n","protected":false},"excerpt":{"rendered":"<p>Cafeteros huilenses&nbsp;tendr\u00e1n la&nbsp;oportunidad de mejorar su calidad de vida&nbsp;participando del concurso nacional Colombia Tierra de Diversidad, hasta el pr\u00f3ximo lunes 15 de agosto.&nbsp; Hasta el momento&nbsp;del Huila solo se han presentado 16 lotes&nbsp;mientras que Santander lleva entre 60 y 70, por su parte Antioquia 50, el llamado del gobierno \u201cHuila Crece\u201d es a que los [&hellip;]<\/p>\n","protected":false},"author":1,"featured_media":0,"comment_status":"open","ping_status":"open","sticky":false,"template":"","format":"standard","meta":{"footnotes":""},"categories":[33],"tags":[],"class_list":["post-31287","post","type-post","status-publish","format-standard","hentry","category-huila"],"yoast_head":"<!-- This site is optimized with the Yoast SEO plugin v26.6 - https:\/\/yoast.com\/wordpress\/plugins\/seo\/ -->\n<title>Cafeteros huilenses a participar de concurso nacional -<\/title>\n<meta name=\"robots\" content=\"index, follow, max-snippet:-1, max-image-preview:large, max-video-preview:-1\" \/>\n<link rel=\"canonical\" href=\"https:\/\/luchonoticias.com\/editor\/cafeteros-huilenses-a-participar-de-concurso-nacional\/\" \/>\n<meta property=\"og:locale\" content=\"es_ES\" \/>\n<meta property=\"og:type\" content=\"article\" \/>\n<meta property=\"og:title\" content=\"Cafeteros huilenses a participar de concurso nacional -\" \/>\n<meta property=\"og:url\" content=\"https:\/\/luchonoticias.com\/editor\/cafeteros-huilenses-a-participar-de-concurso-nacional\/\" \/>\n<meta property=\"article:publisher\" content=\"https:\/\/www.facebook.com\/luchonoticiasneiva\" \/>\n<meta property=\"article:author\" content=\"https:\/\/www.facebook.com\/luchonoticiasneiva\" \/>\n<meta property=\"article:published_time\" content=\"2022-08-05T10:09:41+00:00\" \/>\n<meta property=\"article:modified_time\" content=\"2022-08-05T10:09:42+00:00\" \/>\n<meta name=\"author\" content=\"admin\" \/>\n<meta name=\"twitter:card\" content=\"summary_large_image\" \/>\n<meta name=\"twitter:label1\" content=\"Escrito por\" \/>\n\t<meta name=\"twitter:data1\" content=\"admin\" \/>\n\t<meta name=\"twitter:label2\" content=\"Tiempo de lectura\" \/>\n\t<meta name=\"twitter:data2\" content=\"2 minutos\" \/>\n<script type=\"application\/ld+json\" class=\"yoast-schema-graph\">{\"@context\":\"https:\/\/schema.org\",\"@graph\":[{\"@type\":\"Article\",\"@id\":\"https:\/\/luchonoticias.com\/editor\/cafeteros-huilenses-a-participar-de-concurso-nacional\/#article\",\"isPartOf\":{\"@id\":\"https:\/\/luchonoticias.com\/editor\/cafeteros-huilenses-a-participar-de-concurso-nacional\/\"},\"author\":{\"name\":\"admin\",\"@id\":\"https:\/\/luchonoticias.com\/editor\/#\/schema\/person\/7a7fd911f58561fd056dbac7b55af9cd\"},\"headline\":\"Cafeteros huilenses a participar de concurso nacional\",\"datePublished\":\"2022-08-05T10:09:41+00:00\",\"dateModified\":\"2022-08-05T10:09:42+00:00\",\"mainEntityOfPage\":{\"@id\":\"https:\/\/luchonoticias.com\/editor\/cafeteros-huilenses-a-participar-de-concurso-nacional\/\"},\"wordCount\":451,\"commentCount\":0,\"publisher\":{\"@id\":\"https:\/\/luchonoticias.com\/editor\/#\/schema\/person\/7a7fd911f58561fd056dbac7b55af9cd\"},\"articleSection\":[\"Huila\"],\"inLanguage\":\"es\",\"potentialAction\":[{\"@type\":\"CommentAction\",\"name\":\"Comment\",\"target\":[\"https:\/\/luchonoticias.com\/editor\/cafeteros-huilenses-a-participar-de-concurso-nacional\/#respond\"]}]},{\"@type\":\"WebPage\",\"@id\":\"https:\/\/luchonoticias.com\/editor\/cafeteros-huilenses-a-participar-de-concurso-nacional\/\",\"url\":\"https:\/\/luchonoticias.com\/editor\/cafeteros-huilenses-a-participar-de-concurso-nacional\/\",\"name\":\"Cafeteros huilenses a participar de concurso nacional -\",\"isPartOf\":{\"@id\":\"https:\/\/luchonoticias.com\/editor\/#website\"},\"datePublished\":\"2022-08-05T10:09:41+00:00\",\"dateModified\":\"2022-08-05T10:09:42+00:00\",\"breadcrumb\":{\"@id\":\"https:\/\/luchonoticias.com\/editor\/cafeteros-huilenses-a-participar-de-concurso-nacional\/#breadcrumb\"},\"inLanguage\":\"es\",\"potentialAction\":[{\"@type\":\"ReadAction\",\"target\":[\"https:\/\/luchonoticias.com\/editor\/cafeteros-huilenses-a-participar-de-concurso-nacional\/\"]}]},{\"@type\":\"BreadcrumbList\",\"@id\":\"https:\/\/luchonoticias.com\/editor\/cafeteros-huilenses-a-participar-de-concurso-nacional\/#breadcrumb\",\"itemListElement\":[{\"@type\":\"ListItem\",\"position\":1,\"name\":\"Portada\",\"item\":\"https:\/\/luchonoticias.com\/editor\/\"},{\"@type\":\"ListItem\",\"position\":2,\"name\":\"Cafeteros huilenses a participar de concurso nacional\"}]},{\"@type\":\"WebSite\",\"@id\":\"https:\/\/luchonoticias.com\/editor\/#website\",\"url\":\"https:\/\/luchonoticias.com\/editor\/\",\"name\":\"\",\"description\":\"\",\"publisher\":{\"@id\":\"https:\/\/luchonoticias.com\/editor\/#\/schema\/person\/7a7fd911f58561fd056dbac7b55af9cd\"},\"potentialAction\":[{\"@type\":\"SearchAction\",\"target\":{\"@type\":\"EntryPoint\",\"urlTemplate\":\"https:\/\/luchonoticias.com\/editor\/?s={search_term_string}\"},\"query-input\":{\"@type\":\"PropertyValueSpecification\",\"valueRequired\":true,\"valueName\":\"search_term_string\"}}],\"inLanguage\":\"es\"},{\"@type\":[\"Person\",\"Organization\"],\"@id\":\"https:\/\/luchonoticias.com\/editor\/#\/schema\/person\/7a7fd911f58561fd056dbac7b55af9cd\",\"name\":\"admin\",\"image\":{\"@type\":\"ImageObject\",\"inLanguage\":\"es\",\"@id\":\"https:\/\/luchonoticias.com\/editor\/#\/schema\/person\/image\/\",\"url\":\"https:\/\/luchonoticias.com\/editor\/wp-content\/uploads\/2024\/02\/cropped-cropped-logolu.webp\",\"contentUrl\":\"https:\/\/luchonoticias.com\/editor\/wp-content\/uploads\/2024\/02\/cropped-cropped-logolu.webp\",\"width\":382,\"height\":170,\"caption\":\"admin\"},\"logo\":{\"@id\":\"https:\/\/luchonoticias.com\/editor\/#\/schema\/person\/image\/\"},\"sameAs\":[\"https:\/\/www.facebook.com\/luchonoticiasneiva\"],\"url\":\"https:\/\/luchonoticias.com\/editor\/author\/admin\/\"}]}<\/script>\n<!-- \/ Yoast SEO plugin. -->","yoast_head_json":{"title":"Cafeteros huilenses a participar de concurso nacional -","robots":{"index":"index","follow":"follow","max-snippet":"max-snippet:-1","max-image-preview":"max-image-preview:large","max-video-preview":"max-video-preview:-1"},"canonical":"https:\/\/luchonoticias.com\/editor\/cafeteros-huilenses-a-participar-de-concurso-nacional\/","og_locale":"es_ES","og_type":"article","og_title":"Cafeteros huilenses a participar de concurso nacional -","og_url":"https:\/\/luchonoticias.com\/editor\/cafeteros-huilenses-a-participar-de-concurso-nacional\/","article_publisher":"https:\/\/www.facebook.com\/luchonoticiasneiva","article_author":"https:\/\/www.facebook.com\/luchonoticiasneiva","article_published_time":"2022-08-05T10:09:41+00:00","article_modified_time":"2022-08-05T10:09:42+00:00","author":"admin","twitter_card":"summary_large_image","twitter_misc":{"Escrito por":"admin","Tiempo de lectura":"2 minutos"},"schema":{"@context":"https:\/\/schema.org","@graph":[{"@type":"Article","@id":"https:\/\/luchonoticias.com\/editor\/cafeteros-huilenses-a-participar-de-concurso-nacional\/#article","isPartOf":{"@id":"https:\/\/luchonoticias.com\/editor\/cafeteros-huilenses-a-participar-de-concurso-nacional\/"},"author":{"name":"admin","@id":"https:\/\/luchonoticias.com\/editor\/#\/schema\/person\/7a7fd911f58561fd056dbac7b55af9cd"},"headline":"Cafeteros huilenses a participar de concurso nacional","datePublished":"2022-08-05T10:09:41+00:00","dateModified":"2022-08-05T10:09:42+00:00","mainEntityOfPage":{"@id":"https:\/\/luchonoticias.com\/editor\/cafeteros-huilenses-a-participar-de-concurso-nacional\/"},"wordCount":451,"commentCount":0,"publisher":{"@id":"https:\/\/luchonoticias.com\/editor\/#\/schema\/person\/7a7fd911f58561fd056dbac7b55af9cd"},"articleSection":["Huila"],"inLanguage":"es","potentialAction":[{"@type":"CommentAction","name":"Comment","target":["https:\/\/luchonoticias.com\/editor\/cafeteros-huilenses-a-participar-de-concurso-nacional\/#respond"]}]},{"@type":"WebPage","@id":"https:\/\/luchonoticias.com\/editor\/cafeteros-huilenses-a-participar-de-concurso-nacional\/","url":"https:\/\/luchonoticias.com\/editor\/cafeteros-huilenses-a-participar-de-concurso-nacional\/","name":"Cafeteros huilenses a participar de concurso nacional -","isPartOf":{"@id":"https:\/\/luchonoticias.com\/editor\/#website"},"datePublished":"2022-08-05T10:09:41+00:00","dateModified":"2022-08-05T10:09:42+00:00","breadcrumb":{"@id":"https:\/\/luchonoticias.com\/editor\/cafeteros-huilenses-a-participar-de-concurso-nacional\/#breadcrumb"},"inLanguage":"es","potentialAction":[{"@type":"ReadAction","target":["https:\/\/luchonoticias.com\/editor\/cafeteros-huilenses-a-participar-de-concurso-nacional\/"]}]},{"@type":"BreadcrumbList","@id":"https:\/\/luchonoticias.com\/editor\/cafeteros-huilenses-a-participar-de-concurso-nacional\/#breadcrumb","itemListElement":[{"@type":"ListItem","position":1,"name":"Portada","item":"https:\/\/luchonoticias.com\/editor\/"},{"@type":"ListItem","position":2,"name":"Cafeteros huilenses a participar de concurso nacional"}]},{"@type":"WebSite","@id":"https:\/\/luchonoticias.com\/editor\/#website","url":"https:\/\/luchonoticias.com\/editor\/","name":"","description":"","publisher":{"@id":"https:\/\/luchonoticias.com\/editor\/#\/schema\/person\/7a7fd911f58561fd056dbac7b55af9cd"},"potentialAction":[{"@type":"SearchAction","target":{"@type":"EntryPoint","urlTemplate":"https:\/\/luchonoticias.com\/editor\/?s={search_term_string}"},"query-input":{"@type":"PropertyValueSpecification","valueRequired":true,"valueName":"search_term_string"}}],"inLanguage":"es"},{"@type":["Person","Organization"],"@id":"https:\/\/luchonoticias.com\/editor\/#\/schema\/person\/7a7fd911f58561fd056dbac7b55af9cd","name":"admin","image":{"@type":"ImageObject","inLanguage":"es","@id":"https:\/\/luchonoticias.com\/editor\/#\/schema\/person\/image\/","url":"https:\/\/luchonoticias.com\/editor\/wp-content\/uploads\/2024\/02\/cropped-cropped-logolu.webp","contentUrl":"https:\/\/luchonoticias.com\/editor\/wp-content\/uploads\/2024\/02\/cropped-cropped-logolu.webp","width":382,"height":170,"caption":"admin"},"logo":{"@id":"https:\/\/luchonoticias.com\/editor\/#\/schema\/person\/image\/"},"sameAs":["https:\/\/www.facebook.com\/luchonoticiasneiva"],"url":"https:\/\/luchonoticias.com\/editor\/author\/admin\/"}]}},"_links":{"self":[{"href":"https:\/\/luchonoticias.com\/editor\/wp-json\/wp\/v2\/posts\/31287","targetHints":{"allow":["GET"]}}],"collection":[{"href":"https:\/\/luchonoticias.com\/editor\/wp-json\/wp\/v2\/posts"}],"about":[{"href":"https:\/\/luchonoticias.com\/editor\/wp-json\/wp\/v2\/types\/post"}],"author":[{"embeddable":true,"href":"https:\/\/luchonoticias.com\/editor\/wp-json\/wp\/v2\/users\/1"}],"replies":[{"embeddable":true,"href":"https:\/\/luchonoticias.com\/editor\/wp-json\/wp\/v2\/comments?post=31287"}],"version-history":[{"count":0,"href":"https:\/\/luchonoticias.com\/editor\/wp-json\/wp\/v2\/posts\/31287\/revisions"}],"wp:attachment":[{"href":"https:\/\/luchonoticias.com\/editor\/wp-json\/wp\/v2\/media?parent=31287"}],"wp:term":[{"taxonomy":"category","embeddable":true,"href":"https:\/\/luchonoticias.com\/editor\/wp-json\/wp\/v2\/categories?post=31287"},{"taxonomy":"post_tag","embeddable":true,"href":"https:\/\/luchonoticias.com\/editor\/wp-json\/wp\/v2\/tags?post=31287"}],"curies":[{"name":"wp","href":"https:\/\/api.w.org\/{rel}","templated":true}]}}