{"id":31515,"date":"2022-08-07T06:31:28","date_gmt":"2022-08-07T11:31:28","guid":{"rendered":"https:\/\/luchonoticias.com\/?p=31515"},"modified":"2022-08-07T06:31:29","modified_gmt":"2022-08-07T11:31:29","slug":"neivanos-firmaron-pacto-ambiental-por-el-rio-del-oro","status":"publish","type":"post","link":"https:\/\/luchonoticias.com\/editor\/neivanos-firmaron-pacto-ambiental-por-el-rio-del-oro\/","title":{"rendered":"Neivanos firmaron pacto ambiental por el R\u00edo del Oro"},"content":{"rendered":"\n<p>Cuarenta toneladas y un volumen de 225 m3, fue el total de los residuos s\u00f3lidos que se recogieron durante las tres jornadas consecutivas de limpieza y embellecimiento del R\u00edo del Oro, as\u00ed lo confirm\u00f3 el alcalde de Neiva Gorky Mu\u00f1oz Calder\u00f3n, en el cierre de la actividad que se realiz\u00f3 a orillas de este afluente.<\/p>\n\n\n\n<p>Junto al balance, un acto simb\u00f3lico en que el gabinete municipal, la comunidad, el Grupo de Ornato, Las Ceibas &#8211; Empresas P\u00fablicas de Neiva, el Batall\u00f3n de Artiller\u00eda No. 9 Tenerife, la Polic\u00eda Metropolitana de Neiva, Fenalco, Hielo Foca, entre otras entidades, firmaron el Primer Pacto Ambiental por el R\u00edo del Oro.<\/p>\n\n\n\n<figure class=\"wp-block-gallery has-nested-images columns-default is-cropped wp-block-gallery-1 is-layout-flex wp-block-gallery-is-layout-flex\">\n<figure class=\"wp-block-image size-large\"><img decoding=\"async\" data-id=\"31518\" src=\"https:\/\/luchonoticias.com\/wp-content\/uploads\/2022\/08\/WhatsApp-Image-2022-08-06-at-5.53.48-PM-2-1024x576.jpeg\" alt=\"\" class=\"wp-image-31518\"\/><\/figure>\n\n\n\n<figure class=\"wp-block-image size-large\"><img decoding=\"async\" data-id=\"31517\" src=\"https:\/\/luchonoticias.com\/wp-content\/uploads\/2022\/08\/WhatsApp-Image-2022-08-06-at-5.53.48-PM-1-1024x576.jpeg\" alt=\"\" class=\"wp-image-31517\"\/><\/figure>\n\n\n\n<figure class=\"wp-block-image size-large\"><img decoding=\"async\" data-id=\"31519\" src=\"https:\/\/luchonoticias.com\/wp-content\/uploads\/2022\/08\/WhatsApp-Image-2022-08-06-at-5.53.48-PM-1024x768.jpeg\" alt=\"\" class=\"wp-image-31519\"\/><\/figure>\n<\/figure>\n\n\n\n<p>El evento de clausura se realiz\u00f3 sobre la avenida Circunvalar, junto al puente de la Carrera 15, donde se cont\u00f3 con la presencia de los l\u00edderes y lideresas de las comunas de la ciudad y algunos vecinos del sector. \u201cVenimos hoy a firmar el Pacto y a apoyar a nuestro querido Alcalde, es un gusto para Neiva tener estas actividades para recuperar las fuentes h\u00eddricas\u201d, expres\u00f3 Rosario Astrid Tamayo, edilesa de la Comuna 1.<\/p>\n\n\n\n<p>As\u00ed mismo, Esperanza Bola\u00f1os, presidenta de la Junta de Acci\u00f3n Comunal del barrio Bogot\u00e1 agreg\u00f3 que \u201ces aterrador la cantidad de basura recogida, queda pedirle a la comunidad en general para que tenga cultura y conciencia ciudadana, para proteger los r\u00edos y las zonas comunes\u201d.<\/p>\n\n\n\n<figure class=\"wp-block-gallery has-nested-images columns-default is-cropped wp-block-gallery-2 is-layout-flex wp-block-gallery-is-layout-flex\">\n<figure class=\"wp-block-image size-large\"><img decoding=\"async\" data-id=\"31521\" src=\"https:\/\/luchonoticias.com\/wp-content\/uploads\/2022\/08\/WhatsApp-Image-2022-08-06-at-5.53.49-PM-1024x768.jpeg\" alt=\"\" class=\"wp-image-31521\"\/><\/figure>\n\n\n\n<figure class=\"wp-block-image size-large\"><img decoding=\"async\" data-id=\"31522\" src=\"https:\/\/luchonoticias.com\/wp-content\/uploads\/2022\/08\/WhatsApp-Image-2022-08-06-at-5.53.48-PM-2-1-1024x576.jpeg\" alt=\"\" class=\"wp-image-31522\"\/><\/figure>\n\n\n\n<figure class=\"wp-block-image size-large\"><img decoding=\"async\" data-id=\"31520\" src=\"https:\/\/luchonoticias.com\/wp-content\/uploads\/2022\/08\/WhatsApp-Image-2022-08-06-at-5.53.48-PM-1-1-1024x576.jpeg\" alt=\"\" class=\"wp-image-31520\"\/><\/figure>\n<\/figure>\n\n\n\n<p><strong>Neiva veedora y protectora de los r\u00edos<\/strong><\/p>\n\n\n\n<p>Dentro de las tem\u00e1ticas tratadas durante la actividad, est\u00e1 el trabajo articulado con la ciudadan\u00eda, sobre lo que el Alcalde de Neiva manifest\u00f3 que \u201cse requiere que la ciudadan\u00eda tome conciencia y ayude. Hoy el municipio est\u00e1 cumpliendo con su deber al garantizar espacios verdes y limpios, ahora la ciudadan\u00eda debe comprometerse a protegerlos, a hacer veedur\u00edas y a participar de las actividades que el municipio lidera\u201d.<\/p>\n\n\n\n<p>Sin embargo, se hizo un llamado a la ciudadan\u00eda, especialmente a los due\u00f1os de negocios aleda\u00f1os al sector, y transe\u00fantes que no cumplan con la normativa en materia ambiental que ser\u00e1n sancionados con comparendos ambientales.<\/p>\n\n\n\n<figure class=\"wp-block-gallery has-nested-images columns-default is-cropped wp-block-gallery-3 is-layout-flex wp-block-gallery-is-layout-flex\">\n<figure class=\"wp-block-image size-large\"><img decoding=\"async\" data-id=\"31525\" src=\"https:\/\/luchonoticias.com\/wp-content\/uploads\/2022\/08\/WhatsApp-Image-2022-08-06-at-5.53.48-PM-3-1024x768.jpeg\" alt=\"\" class=\"wp-image-31525\"\/><\/figure>\n\n\n\n<figure class=\"wp-block-image size-large\"><img decoding=\"async\" data-id=\"31523\" src=\"https:\/\/luchonoticias.com\/wp-content\/uploads\/2022\/08\/WhatsApp-Image-2022-08-06-at-5.53.47-PM-1-1024x576.jpeg\" alt=\"\" class=\"wp-image-31523\"\/><\/figure>\n\n\n\n<figure class=\"wp-block-image size-large\"><img decoding=\"async\" data-id=\"31524\" src=\"https:\/\/luchonoticias.com\/wp-content\/uploads\/2022\/08\/WhatsApp-Image-2022-08-06-at-5.53.47-PM-1024x576.jpeg\" alt=\"\" class=\"wp-image-31524\"\/><\/figure>\n<\/figure>\n\n\n\n<p><strong>\u201cQuiero ver pajaritos y peces\u201d<\/strong><\/p>\n\n\n\n<p>Los ni\u00f1os y ni\u00f1as de Neiva tambi\u00e9n asistieron a esta actividad, demostrando que con poes\u00eda y cuentos se puede concientizar a la ciudan\u00eda en la protecci\u00f3n de los r\u00edos, as\u00ed lo demostr\u00f3 Valery Sof\u00eda Aragon\u00e9s, ganadora de cuatro concursos de cuento nacionales y departamentales. \u201cTodos los ni\u00f1os podemos el medio ambiente cuidar, porque es nuestra riqueza y as\u00ed poderla disfrutar\u201d. Valery, quien asisti\u00f3 al evento con su t\u00eda, indic\u00f3 que \u201cno botemos basuras a las calles y a los r\u00edos porque todo se mira bonito, limpio. Yo quiero que el medio ambiente est\u00e9 limpio, porque yo quiero ver pajaritos y peces\u201d.<\/p>\n\n\n\n<figure class=\"wp-block-gallery has-nested-images columns-default is-cropped wp-block-gallery-4 is-layout-flex wp-block-gallery-is-layout-flex\">\n<figure class=\"wp-block-image size-large\"><img decoding=\"async\" data-id=\"31526\" src=\"https:\/\/luchonoticias.com\/wp-content\/uploads\/2022\/08\/WhatsApp-Image-2022-08-06-at-5.53.40-PM-1024x682.jpeg\" alt=\"\" class=\"wp-image-31526\"\/><\/figure>\n<\/figure>\n\n\n\n<p><strong>Las acciones contin\u00faan<\/strong> El secretario de Medio Ambiente, Hernando Duarte, se mostr\u00f3 comprometido con las labores y agreg\u00f3 que \u201cqueda a corto plazo constituir y consolidar el Comit\u00e9 de Defensa Ambiental, que involucra a l\u00edderes comunales, ambientalistas, comerciantes, porque entre todos debemos apropiarnos de los espacios comunes, tener sentido de pertenencia para que con su vigilancia y su comportamiento sancionen al que falla en contra del medio ambiente<\/p>\n","protected":false},"excerpt":{"rendered":"<p>Cuarenta toneladas y un volumen de 225 m3, fue el total de los residuos s\u00f3lidos que se recogieron durante las tres jornadas consecutivas de limpieza y embellecimiento del R\u00edo del Oro, as\u00ed lo confirm\u00f3 el alcalde de Neiva Gorky Mu\u00f1oz Calder\u00f3n, en el cierre de la actividad que se realiz\u00f3 a orillas de este afluente. [&hellip;]<\/p>\n","protected":false},"author":1,"featured_media":0,"comment_status":"open","ping_status":"open","sticky":false,"template":"","format":"standard","meta":{"footnotes":""},"categories":[36,53],"tags":[],"class_list":["post-31515","post","type-post","status-publish","format-standard","hentry","category-destacado","category-neiva"],"yoast_head":"<!-- This site is optimized with the Yoast SEO plugin v26.6 - https:\/\/yoast.com\/wordpress\/plugins\/seo\/ -->\n<title>Neivanos firmaron pacto ambiental por el R\u00edo del Oro -<\/title>\n<meta name=\"robots\" content=\"index, follow, max-snippet:-1, max-image-preview:large, max-video-preview:-1\" \/>\n<link rel=\"canonical\" href=\"https:\/\/luchonoticias.com\/editor\/neivanos-firmaron-pacto-ambiental-por-el-rio-del-oro\/\" \/>\n<meta property=\"og:locale\" content=\"es_ES\" \/>\n<meta property=\"og:type\" content=\"article\" \/>\n<meta property=\"og:title\" content=\"Neivanos firmaron pacto ambiental por el R\u00edo del Oro -\" \/>\n<meta property=\"og:url\" content=\"https:\/\/luchonoticias.com\/editor\/neivanos-firmaron-pacto-ambiental-por-el-rio-del-oro\/\" \/>\n<meta property=\"article:publisher\" content=\"https:\/\/www.facebook.com\/luchonoticiasneiva\" \/>\n<meta property=\"article:author\" content=\"https:\/\/www.facebook.com\/luchonoticiasneiva\" \/>\n<meta property=\"article:published_time\" content=\"2022-08-07T11:31:28+00:00\" \/>\n<meta property=\"article:modified_time\" content=\"2022-08-07T11:31:29+00:00\" \/>\n<meta property=\"og:image\" content=\"https:\/\/luchonoticias.com\/wp-content\/uploads\/2022\/08\/WhatsApp-Image-2022-08-06-at-5.53.48-PM-2-1024x576.jpeg\" \/>\n<meta name=\"author\" content=\"admin\" \/>\n<meta name=\"twitter:card\" content=\"summary_large_image\" \/>\n<meta name=\"twitter:label1\" content=\"Escrito por\" \/>\n\t<meta name=\"twitter:data1\" content=\"admin\" \/>\n\t<meta name=\"twitter:label2\" content=\"Tiempo de lectura\" \/>\n\t<meta name=\"twitter:data2\" content=\"3 minutos\" \/>\n<script type=\"application\/ld+json\" class=\"yoast-schema-graph\">{\"@context\":\"https:\/\/schema.org\",\"@graph\":[{\"@type\":\"Article\",\"@id\":\"https:\/\/luchonoticias.com\/editor\/neivanos-firmaron-pacto-ambiental-por-el-rio-del-oro\/#article\",\"isPartOf\":{\"@id\":\"https:\/\/luchonoticias.com\/editor\/neivanos-firmaron-pacto-ambiental-por-el-rio-del-oro\/\"},\"author\":{\"name\":\"admin\",\"@id\":\"https:\/\/luchonoticias.com\/editor\/#\/schema\/person\/7a7fd911f58561fd056dbac7b55af9cd\"},\"headline\":\"Neivanos firmaron pacto ambiental por el R\u00edo del Oro\",\"datePublished\":\"2022-08-07T11:31:28+00:00\",\"dateModified\":\"2022-08-07T11:31:29+00:00\",\"mainEntityOfPage\":{\"@id\":\"https:\/\/luchonoticias.com\/editor\/neivanos-firmaron-pacto-ambiental-por-el-rio-del-oro\/\"},\"wordCount\":555,\"commentCount\":0,\"publisher\":{\"@id\":\"https:\/\/luchonoticias.com\/editor\/#\/schema\/person\/7a7fd911f58561fd056dbac7b55af9cd\"},\"image\":{\"@id\":\"https:\/\/luchonoticias.com\/editor\/neivanos-firmaron-pacto-ambiental-por-el-rio-del-oro\/#primaryimage\"},\"thumbnailUrl\":\"https:\/\/luchonoticias.com\/wp-content\/uploads\/2022\/08\/WhatsApp-Image-2022-08-06-at-5.53.48-PM-2-1024x576.jpeg\",\"articleSection\":[\"Destacado\",\"Neiva\"],\"inLanguage\":\"es\",\"potentialAction\":[{\"@type\":\"CommentAction\",\"name\":\"Comment\",\"target\":[\"https:\/\/luchonoticias.com\/editor\/neivanos-firmaron-pacto-ambiental-por-el-rio-del-oro\/#respond\"]}]},{\"@type\":\"WebPage\",\"@id\":\"https:\/\/luchonoticias.com\/editor\/neivanos-firmaron-pacto-ambiental-por-el-rio-del-oro\/\",\"url\":\"https:\/\/luchonoticias.com\/editor\/neivanos-firmaron-pacto-ambiental-por-el-rio-del-oro\/\",\"name\":\"Neivanos firmaron pacto ambiental por el R\u00edo del Oro -\",\"isPartOf\":{\"@id\":\"https:\/\/luchonoticias.com\/editor\/#website\"},\"primaryImageOfPage\":{\"@id\":\"https:\/\/luchonoticias.com\/editor\/neivanos-firmaron-pacto-ambiental-por-el-rio-del-oro\/#primaryimage\"},\"image\":{\"@id\":\"https:\/\/luchonoticias.com\/editor\/neivanos-firmaron-pacto-ambiental-por-el-rio-del-oro\/#primaryimage\"},\"thumbnailUrl\":\"https:\/\/luchonoticias.com\/wp-content\/uploads\/2022\/08\/WhatsApp-Image-2022-08-06-at-5.53.48-PM-2-1024x576.jpeg\",\"datePublished\":\"2022-08-07T11:31:28+00:00\",\"dateModified\":\"2022-08-07T11:31:29+00:00\",\"breadcrumb\":{\"@id\":\"https:\/\/luchonoticias.com\/editor\/neivanos-firmaron-pacto-ambiental-por-el-rio-del-oro\/#breadcrumb\"},\"inLanguage\":\"es\",\"potentialAction\":[{\"@type\":\"ReadAction\",\"target\":[\"https:\/\/luchonoticias.com\/editor\/neivanos-firmaron-pacto-ambiental-por-el-rio-del-oro\/\"]}]},{\"@type\":\"ImageObject\",\"inLanguage\":\"es\",\"@id\":\"https:\/\/luchonoticias.com\/editor\/neivanos-firmaron-pacto-ambiental-por-el-rio-del-oro\/#primaryimage\",\"url\":\"https:\/\/luchonoticias.com\/wp-content\/uploads\/2022\/08\/WhatsApp-Image-2022-08-06-at-5.53.48-PM-2-1024x576.jpeg\",\"contentUrl\":\"https:\/\/luchonoticias.com\/wp-content\/uploads\/2022\/08\/WhatsApp-Image-2022-08-06-at-5.53.48-PM-2-1024x576.jpeg\"},{\"@type\":\"BreadcrumbList\",\"@id\":\"https:\/\/luchonoticias.com\/editor\/neivanos-firmaron-pacto-ambiental-por-el-rio-del-oro\/#breadcrumb\",\"itemListElement\":[{\"@type\":\"ListItem\",\"position\":1,\"name\":\"Portada\",\"item\":\"https:\/\/luchonoticias.com\/editor\/\"},{\"@type\":\"ListItem\",\"position\":2,\"name\":\"Neivanos firmaron pacto ambiental por el R\u00edo del Oro\"}]},{\"@type\":\"WebSite\",\"@id\":\"https:\/\/luchonoticias.com\/editor\/#website\",\"url\":\"https:\/\/luchonoticias.com\/editor\/\",\"name\":\"\",\"description\":\"\",\"publisher\":{\"@id\":\"https:\/\/luchonoticias.com\/editor\/#\/schema\/person\/7a7fd911f58561fd056dbac7b55af9cd\"},\"potentialAction\":[{\"@type\":\"SearchAction\",\"target\":{\"@type\":\"EntryPoint\",\"urlTemplate\":\"https:\/\/luchonoticias.com\/editor\/?s={search_term_string}\"},\"query-input\":{\"@type\":\"PropertyValueSpecification\",\"valueRequired\":true,\"valueName\":\"search_term_string\"}}],\"inLanguage\":\"es\"},{\"@type\":[\"Person\",\"Organization\"],\"@id\":\"https:\/\/luchonoticias.com\/editor\/#\/schema\/person\/7a7fd911f58561fd056dbac7b55af9cd\",\"name\":\"admin\",\"image\":{\"@type\":\"ImageObject\",\"inLanguage\":\"es\",\"@id\":\"https:\/\/luchonoticias.com\/editor\/#\/schema\/person\/image\/\",\"url\":\"https:\/\/luchonoticias.com\/editor\/wp-content\/uploads\/2024\/02\/cropped-cropped-logolu.webp\",\"contentUrl\":\"https:\/\/luchonoticias.com\/editor\/wp-content\/uploads\/2024\/02\/cropped-cropped-logolu.webp\",\"width\":382,\"height\":170,\"caption\":\"admin\"},\"logo\":{\"@id\":\"https:\/\/luchonoticias.com\/editor\/#\/schema\/person\/image\/\"},\"sameAs\":[\"https:\/\/www.facebook.com\/luchonoticiasneiva\"],\"url\":\"https:\/\/luchonoticias.com\/editor\/author\/admin\/\"}]}<\/script>\n<!-- \/ Yoast SEO plugin. -->","yoast_head_json":{"title":"Neivanos firmaron pacto ambiental por el R\u00edo del Oro -","robots":{"index":"index","follow":"follow","max-snippet":"max-snippet:-1","max-image-preview":"max-image-preview:large","max-video-preview":"max-video-preview:-1"},"canonical":"https:\/\/luchonoticias.com\/editor\/neivanos-firmaron-pacto-ambiental-por-el-rio-del-oro\/","og_locale":"es_ES","og_type":"article","og_title":"Neivanos firmaron pacto ambiental por el R\u00edo del Oro -","og_url":"https:\/\/luchonoticias.com\/editor\/neivanos-firmaron-pacto-ambiental-por-el-rio-del-oro\/","article_publisher":"https:\/\/www.facebook.com\/luchonoticiasneiva","article_author":"https:\/\/www.facebook.com\/luchonoticiasneiva","article_published_time":"2022-08-07T11:31:28+00:00","article_modified_time":"2022-08-07T11:31:29+00:00","og_image":[{"url":"https:\/\/luchonoticias.com\/wp-content\/uploads\/2022\/08\/WhatsApp-Image-2022-08-06-at-5.53.48-PM-2-1024x576.jpeg","type":"","width":"","height":""}],"author":"admin","twitter_card":"summary_large_image","twitter_misc":{"Escrito por":"admin","Tiempo de lectura":"3 minutos"},"schema":{"@context":"https:\/\/schema.org","@graph":[{"@type":"Article","@id":"https:\/\/luchonoticias.com\/editor\/neivanos-firmaron-pacto-ambiental-por-el-rio-del-oro\/#article","isPartOf":{"@id":"https:\/\/luchonoticias.com\/editor\/neivanos-firmaron-pacto-ambiental-por-el-rio-del-oro\/"},"author":{"name":"admin","@id":"https:\/\/luchonoticias.com\/editor\/#\/schema\/person\/7a7fd911f58561fd056dbac7b55af9cd"},"headline":"Neivanos firmaron pacto ambiental por el R\u00edo del Oro","datePublished":"2022-08-07T11:31:28+00:00","dateModified":"2022-08-07T11:31:29+00:00","mainEntityOfPage":{"@id":"https:\/\/luchonoticias.com\/editor\/neivanos-firmaron-pacto-ambiental-por-el-rio-del-oro\/"},"wordCount":555,"commentCount":0,"publisher":{"@id":"https:\/\/luchonoticias.com\/editor\/#\/schema\/person\/7a7fd911f58561fd056dbac7b55af9cd"},"image":{"@id":"https:\/\/luchonoticias.com\/editor\/neivanos-firmaron-pacto-ambiental-por-el-rio-del-oro\/#primaryimage"},"thumbnailUrl":"https:\/\/luchonoticias.com\/wp-content\/uploads\/2022\/08\/WhatsApp-Image-2022-08-06-at-5.53.48-PM-2-1024x576.jpeg","articleSection":["Destacado","Neiva"],"inLanguage":"es","potentialAction":[{"@type":"CommentAction","name":"Comment","target":["https:\/\/luchonoticias.com\/editor\/neivanos-firmaron-pacto-ambiental-por-el-rio-del-oro\/#respond"]}]},{"@type":"WebPage","@id":"https:\/\/luchonoticias.com\/editor\/neivanos-firmaron-pacto-ambiental-por-el-rio-del-oro\/","url":"https:\/\/luchonoticias.com\/editor\/neivanos-firmaron-pacto-ambiental-por-el-rio-del-oro\/","name":"Neivanos firmaron pacto ambiental por el R\u00edo del Oro -","isPartOf":{"@id":"https:\/\/luchonoticias.com\/editor\/#website"},"primaryImageOfPage":{"@id":"https:\/\/luchonoticias.com\/editor\/neivanos-firmaron-pacto-ambiental-por-el-rio-del-oro\/#primaryimage"},"image":{"@id":"https:\/\/luchonoticias.com\/editor\/neivanos-firmaron-pacto-ambiental-por-el-rio-del-oro\/#primaryimage"},"thumbnailUrl":"https:\/\/luchonoticias.com\/wp-content\/uploads\/2022\/08\/WhatsApp-Image-2022-08-06-at-5.53.48-PM-2-1024x576.jpeg","datePublished":"2022-08-07T11:31:28+00:00","dateModified":"2022-08-07T11:31:29+00:00","breadcrumb":{"@id":"https:\/\/luchonoticias.com\/editor\/neivanos-firmaron-pacto-ambiental-por-el-rio-del-oro\/#breadcrumb"},"inLanguage":"es","potentialAction":[{"@type":"ReadAction","target":["https:\/\/luchonoticias.com\/editor\/neivanos-firmaron-pacto-ambiental-por-el-rio-del-oro\/"]}]},{"@type":"ImageObject","inLanguage":"es","@id":"https:\/\/luchonoticias.com\/editor\/neivanos-firmaron-pacto-ambiental-por-el-rio-del-oro\/#primaryimage","url":"https:\/\/luchonoticias.com\/wp-content\/uploads\/2022\/08\/WhatsApp-Image-2022-08-06-at-5.53.48-PM-2-1024x576.jpeg","contentUrl":"https:\/\/luchonoticias.com\/wp-content\/uploads\/2022\/08\/WhatsApp-Image-2022-08-06-at-5.53.48-PM-2-1024x576.jpeg"},{"@type":"BreadcrumbList","@id":"https:\/\/luchonoticias.com\/editor\/neivanos-firmaron-pacto-ambiental-por-el-rio-del-oro\/#breadcrumb","itemListElement":[{"@type":"ListItem","position":1,"name":"Portada","item":"https:\/\/luchonoticias.com\/editor\/"},{"@type":"ListItem","position":2,"name":"Neivanos firmaron pacto ambiental por el R\u00edo del Oro"}]},{"@type":"WebSite","@id":"https:\/\/luchonoticias.com\/editor\/#website","url":"https:\/\/luchonoticias.com\/editor\/","name":"","description":"","publisher":{"@id":"https:\/\/luchonoticias.com\/editor\/#\/schema\/person\/7a7fd911f58561fd056dbac7b55af9cd"},"potentialAction":[{"@type":"SearchAction","target":{"@type":"EntryPoint","urlTemplate":"https:\/\/luchonoticias.com\/editor\/?s={search_term_string}"},"query-input":{"@type":"PropertyValueSpecification","valueRequired":true,"valueName":"search_term_string"}}],"inLanguage":"es"},{"@type":["Person","Organization"],"@id":"https:\/\/luchonoticias.com\/editor\/#\/schema\/person\/7a7fd911f58561fd056dbac7b55af9cd","name":"admin","image":{"@type":"ImageObject","inLanguage":"es","@id":"https:\/\/luchonoticias.com\/editor\/#\/schema\/person\/image\/","url":"https:\/\/luchonoticias.com\/editor\/wp-content\/uploads\/2024\/02\/cropped-cropped-logolu.webp","contentUrl":"https:\/\/luchonoticias.com\/editor\/wp-content\/uploads\/2024\/02\/cropped-cropped-logolu.webp","width":382,"height":170,"caption":"admin"},"logo":{"@id":"https:\/\/luchonoticias.com\/editor\/#\/schema\/person\/image\/"},"sameAs":["https:\/\/www.facebook.com\/luchonoticiasneiva"],"url":"https:\/\/luchonoticias.com\/editor\/author\/admin\/"}]}},"_links":{"self":[{"href":"https:\/\/luchonoticias.com\/editor\/wp-json\/wp\/v2\/posts\/31515","targetHints":{"allow":["GET"]}}],"collection":[{"href":"https:\/\/luchonoticias.com\/editor\/wp-json\/wp\/v2\/posts"}],"about":[{"href":"https:\/\/luchonoticias.com\/editor\/wp-json\/wp\/v2\/types\/post"}],"author":[{"embeddable":true,"href":"https:\/\/luchonoticias.com\/editor\/wp-json\/wp\/v2\/users\/1"}],"replies":[{"embeddable":true,"href":"https:\/\/luchonoticias.com\/editor\/wp-json\/wp\/v2\/comments?post=31515"}],"version-history":[{"count":0,"href":"https:\/\/luchonoticias.com\/editor\/wp-json\/wp\/v2\/posts\/31515\/revisions"}],"wp:attachment":[{"href":"https:\/\/luchonoticias.com\/editor\/wp-json\/wp\/v2\/media?parent=31515"}],"wp:term":[{"taxonomy":"category","embeddable":true,"href":"https:\/\/luchonoticias.com\/editor\/wp-json\/wp\/v2\/categories?post=31515"},{"taxonomy":"post_tag","embeddable":true,"href":"https:\/\/luchonoticias.com\/editor\/wp-json\/wp\/v2\/tags?post=31515"}],"curies":[{"name":"wp","href":"https:\/\/api.w.org\/{rel}","templated":true}]}}