{"id":31538,"date":"2022-08-07T06:38:26","date_gmt":"2022-08-07T11:38:26","guid":{"rendered":"https:\/\/luchonoticias.com\/?p=31538"},"modified":"2022-08-07T06:38:27","modified_gmt":"2022-08-07T11:38:27","slug":"quiero-expresarles-el-orgullo-y-el-honor-que-siento-de-haber-servido-a-colombia-duque","status":"publish","type":"post","link":"https:\/\/luchonoticias.com\/editor\/quiero-expresarles-el-orgullo-y-el-honor-que-siento-de-haber-servido-a-colombia-duque\/","title":{"rendered":"Quiero expresarles el orgullo y el honor que siento de haber servido a Colombia: Duque"},"content":{"rendered":"\n<p>\u201cQuiero expresarles el orgullo y el honor que siento de haber servido a nuestro pa\u00eds\u201d, afirm\u00f3 en la noche de este s\u00e1bado el Presidente Iv\u00e1n Duque M\u00e1rquez, en su alocuci\u00f3n de despedida a los colombianos, en la cual tambi\u00e9n resalt\u00f3 que el legado de su Gobierno fue construido con hechos innegables.<\/p>\n\n\n\n<p>\u201cUn legado es aquello que alguien deja o transmite a quien en adelante continuar\u00e1 el camino. Los logros nos dan la tranquilidad de entrar a sus casas y decirles que el nuestro es un legado construido con hechos, con hechos innegables\u201d, destac\u00f3 el Jefe de Estado en su mensaje.<\/p>\n\n\n\n<p>En ese contexto, enumer\u00f3 algunos de los logros m\u00e1s importantes de su cuatrienio, alcanzados a pesar de la pandemia del covid-19.<\/p>\n\n\n\n<p>\u201cEs con hechos y no con discursos, que hoy entregamos un pa\u00eds con una infraestructura m\u00e1s competitiva. Sin precedente alguno, ponemos al servicio de los colombianos miles de kil\u00f3metros de v\u00edas rurales intervenidas, mejoradas y pavimentadas. Adicionalmente, en materia de concesiones entregamos m\u00e1s kil\u00f3metros que lo alcanzado en los 25 a\u00f1os de historia de las v\u00edas de \u00faltima generaci\u00f3n\u201d, dijo el Mandatario.<\/p>\n\n\n\n<p>Asimismo, en materia de infraestructura educativa recalc\u00f3 que esta qued\u00f3 fortalecida \u201ccon 318 nuevas instituciones p\u00fablicas, para la generaci\u00f3n de mejores entornos que beneficiar\u00e1n a ni\u00f1as, ni\u00f1os, adolescentes y j\u00f3venes\u201d.<\/p>\n\n\n\n<p><strong>\u2018Revoluci\u00f3n social\u2019 favoreci\u00f3 a 11 millones de hogares<\/strong><\/p>\n\n\n\n<p>El Jefe de Estado tambi\u00e9n se refiri\u00f3 a lo que llam\u00f3 \u201cla revoluci\u00f3n social\u201d de su Gobierno, gracias a la inversi\u00f3n destinada a las poblaciones m\u00e1s vulnerables.<\/p>\n\n\n\n<p>\u201cEste fue el Gobierno de la revoluci\u00f3n social. Pasamos de m\u00e1s de 3 millones de hogares atendidos, a 11 millones con programas como la Devoluci\u00f3n del IVA, Ingreso Solidario, multiplicando la cobertura de los programas de J\u00f3venes en Acci\u00f3n, Familias en Acci\u00f3n y Adulto Mayor\u201d, explic\u00f3.<\/p>\n\n\n\n<p>Con relaci\u00f3n a la pol\u00edtica de Paz con Legalidad, manifest\u00f3 que su Gobierno \u201cgarantiz\u00f3 el cumplimiento de la implementaci\u00f3n de los acuerdos de paz. M\u00e1s de 1.500 obras en zonas PDET propenden por mejorar las condiciones de vida de v\u00edctimas, reincorporados y las comunidades de estos territorios\u201d.<\/p>\n\n\n\n<p>En la alocuci\u00f3n, el Presidente hizo especial menci\u00f3n a su estrategia de apoyo a los migrantes venezolanos, que fue exaltada a nivel global.<\/p>\n\n\n\n<p>\u201cOtro importante hito, que hoy es ejemplo en el mundo, es el Estatuto Temporal de Protecci\u00f3n, que permiti\u00f3 hacer visibles a 1,8 millones de migrantes\u201d, indic\u00f3.<\/p>\n\n\n\n<p>El Mandatario record\u00f3 que hace un a\u00f1o se comprometi\u00f3 con los colombianos con el cumplimiento de seis puntos fundamentales por parte de su Gobierno, y resalt\u00f3 que cada uno de ellos se hizo realidad.<\/p>\n\n\n\n<p>\u201cHace un a\u00f1o me compromet\u00ed que al finalizar mi mandato cumplir\u00edamos con seis puntos principales: la vacunaci\u00f3n, la reactivaci\u00f3n econ\u00f3mica, la atenci\u00f3n a los colombianos m\u00e1s vulnerables, las finanzas p\u00fablicas, los j\u00f3venes y la legalidad. El avance es enorme en cada uno de ellos\u201d, asever\u00f3.<\/p>\n\n\n\n<p>De hecho, precis\u00f3 que \u201crespondimos de manera efectiva con un Plan Nacional de Vacunaci\u00f3n s\u00f3lido, en el que hasta la fecha se han aplicado m\u00e1s de 90 millones de dosis\u201d.<\/p>\n\n\n\n<p>Durante su mensaje de despedida al pa\u00eds, Duque se refiri\u00f3 a la forma como enfrent\u00f3 a las bandas criminales del narcotr\u00e1fico.&nbsp;<\/p>\n\n\n\n<p>\u201cEnfrentamos a las bandas criminales con todo el poder leg\u00edtimo del Estado, y aunque el accionar de quienes contin\u00faan delinquiendo financiados por el narcotr\u00e1fico, a\u00fan causa la muerte de l\u00edderes sociales e infunden temor en distintos lugares del territorio, logramos obtener la menor tasa promedio de homicidios en 40 a\u00f1os\u201d, se\u00f1al\u00f3.<\/p>\n\n\n\n<p><strong>Isla de Providencia, renovada m\u00e1s del 95%<\/strong><\/p>\n\n\n\n<p>El Jefe de Estado hizo \u00e9nfasis en la determinaci\u00f3n con la que su Gobierno actu\u00f3 para responder a la emergencia provocada por el paso del hurac\u00e1n Iota, de categor\u00eda cinco, que caus\u00f3 una grave afectaci\u00f3n en la isla de Providencia.<\/p>\n\n\n\n<p>\u201cHoy, despu\u00e9s de la desesperanza y la desolaci\u00f3n tras el impacto arrasador de la naturaleza, hay una isla de Providencia renovada, colorida, que recrea los mejores sentimientos de nuestro pueblo raizal. M\u00e1s del 95 por ciento de la isla est\u00e1 recuperada, y las familias cuentan con mejores viviendas y servicios que antes\u201d, se\u00f1al\u00f3.<\/p>\n\n\n\n<p>Por \u00faltimo, el Presidente Duque puntualiz\u00f3 que \u201choy somos mejores que hace cinco a\u00f1os, que hace diez, y que hace veinte. De ah\u00ed, que podamos so\u00f1ar tambi\u00e9n con que, en cinco, en diez y en quince a\u00f1os, seremos mejores que hoy\u201d.<\/p>\n","protected":false},"excerpt":{"rendered":"<p>\u201cQuiero expresarles el orgullo y el honor que siento de haber servido a nuestro pa\u00eds\u201d, afirm\u00f3 en la noche de este s\u00e1bado el Presidente Iv\u00e1n Duque M\u00e1rquez, en su alocuci\u00f3n de despedida a los colombianos, en la cual tambi\u00e9n resalt\u00f3 que el legado de su Gobierno fue construido con hechos innegables. \u201cUn legado es aquello [&hellip;]<\/p>\n","protected":false},"author":1,"featured_media":0,"comment_status":"open","ping_status":"open","sticky":false,"template":"","format":"standard","meta":{"footnotes":""},"categories":[36,32],"tags":[],"class_list":["post-31538","post","type-post","status-publish","format-standard","hentry","category-destacado","category-nacional"],"yoast_head":"<!-- This site is optimized with the Yoast SEO plugin v26.6 - https:\/\/yoast.com\/wordpress\/plugins\/seo\/ -->\n<title>Quiero expresarles el orgullo y el honor que siento de haber servido a Colombia: Duque -<\/title>\n<meta name=\"robots\" content=\"index, follow, max-snippet:-1, max-image-preview:large, max-video-preview:-1\" \/>\n<link rel=\"canonical\" href=\"https:\/\/luchonoticias.com\/editor\/quiero-expresarles-el-orgullo-y-el-honor-que-siento-de-haber-servido-a-colombia-duque\/\" \/>\n<meta property=\"og:locale\" content=\"es_ES\" \/>\n<meta property=\"og:type\" content=\"article\" \/>\n<meta property=\"og:title\" content=\"Quiero expresarles el orgullo y el honor que siento de haber servido a Colombia: Duque -\" \/>\n<meta property=\"og:url\" content=\"https:\/\/luchonoticias.com\/editor\/quiero-expresarles-el-orgullo-y-el-honor-que-siento-de-haber-servido-a-colombia-duque\/\" \/>\n<meta property=\"article:publisher\" content=\"https:\/\/www.facebook.com\/luchonoticiasneiva\" \/>\n<meta property=\"article:author\" content=\"https:\/\/www.facebook.com\/luchonoticiasneiva\" \/>\n<meta property=\"article:published_time\" content=\"2022-08-07T11:38:26+00:00\" \/>\n<meta property=\"article:modified_time\" content=\"2022-08-07T11:38:27+00:00\" \/>\n<meta name=\"author\" content=\"admin\" \/>\n<meta name=\"twitter:card\" content=\"summary_large_image\" \/>\n<meta name=\"twitter:label1\" content=\"Escrito por\" \/>\n\t<meta name=\"twitter:data1\" content=\"admin\" \/>\n\t<meta name=\"twitter:label2\" content=\"Tiempo de lectura\" \/>\n\t<meta name=\"twitter:data2\" content=\"4 minutos\" \/>\n<script type=\"application\/ld+json\" class=\"yoast-schema-graph\">{\"@context\":\"https:\/\/schema.org\",\"@graph\":[{\"@type\":\"Article\",\"@id\":\"https:\/\/luchonoticias.com\/editor\/quiero-expresarles-el-orgullo-y-el-honor-que-siento-de-haber-servido-a-colombia-duque\/#article\",\"isPartOf\":{\"@id\":\"https:\/\/luchonoticias.com\/editor\/quiero-expresarles-el-orgullo-y-el-honor-que-siento-de-haber-servido-a-colombia-duque\/\"},\"author\":{\"name\":\"admin\",\"@id\":\"https:\/\/luchonoticias.com\/editor\/#\/schema\/person\/7a7fd911f58561fd056dbac7b55af9cd\"},\"headline\":\"Quiero expresarles el orgullo y el honor que siento de haber servido a Colombia: Duque\",\"datePublished\":\"2022-08-07T11:38:26+00:00\",\"dateModified\":\"2022-08-07T11:38:27+00:00\",\"mainEntityOfPage\":{\"@id\":\"https:\/\/luchonoticias.com\/editor\/quiero-expresarles-el-orgullo-y-el-honor-que-siento-de-haber-servido-a-colombia-duque\/\"},\"wordCount\":793,\"commentCount\":0,\"publisher\":{\"@id\":\"https:\/\/luchonoticias.com\/editor\/#\/schema\/person\/7a7fd911f58561fd056dbac7b55af9cd\"},\"articleSection\":[\"Destacado\",\"Nacional\"],\"inLanguage\":\"es\",\"potentialAction\":[{\"@type\":\"CommentAction\",\"name\":\"Comment\",\"target\":[\"https:\/\/luchonoticias.com\/editor\/quiero-expresarles-el-orgullo-y-el-honor-que-siento-de-haber-servido-a-colombia-duque\/#respond\"]}]},{\"@type\":\"WebPage\",\"@id\":\"https:\/\/luchonoticias.com\/editor\/quiero-expresarles-el-orgullo-y-el-honor-que-siento-de-haber-servido-a-colombia-duque\/\",\"url\":\"https:\/\/luchonoticias.com\/editor\/quiero-expresarles-el-orgullo-y-el-honor-que-siento-de-haber-servido-a-colombia-duque\/\",\"name\":\"Quiero expresarles el orgullo y el honor que siento de haber servido a Colombia: Duque -\",\"isPartOf\":{\"@id\":\"https:\/\/luchonoticias.com\/editor\/#website\"},\"datePublished\":\"2022-08-07T11:38:26+00:00\",\"dateModified\":\"2022-08-07T11:38:27+00:00\",\"breadcrumb\":{\"@id\":\"https:\/\/luchonoticias.com\/editor\/quiero-expresarles-el-orgullo-y-el-honor-que-siento-de-haber-servido-a-colombia-duque\/#breadcrumb\"},\"inLanguage\":\"es\",\"potentialAction\":[{\"@type\":\"ReadAction\",\"target\":[\"https:\/\/luchonoticias.com\/editor\/quiero-expresarles-el-orgullo-y-el-honor-que-siento-de-haber-servido-a-colombia-duque\/\"]}]},{\"@type\":\"BreadcrumbList\",\"@id\":\"https:\/\/luchonoticias.com\/editor\/quiero-expresarles-el-orgullo-y-el-honor-que-siento-de-haber-servido-a-colombia-duque\/#breadcrumb\",\"itemListElement\":[{\"@type\":\"ListItem\",\"position\":1,\"name\":\"Portada\",\"item\":\"https:\/\/luchonoticias.com\/editor\/\"},{\"@type\":\"ListItem\",\"position\":2,\"name\":\"Quiero expresarles el orgullo y el honor que siento de haber servido a Colombia: Duque\"}]},{\"@type\":\"WebSite\",\"@id\":\"https:\/\/luchonoticias.com\/editor\/#website\",\"url\":\"https:\/\/luchonoticias.com\/editor\/\",\"name\":\"\",\"description\":\"\",\"publisher\":{\"@id\":\"https:\/\/luchonoticias.com\/editor\/#\/schema\/person\/7a7fd911f58561fd056dbac7b55af9cd\"},\"potentialAction\":[{\"@type\":\"SearchAction\",\"target\":{\"@type\":\"EntryPoint\",\"urlTemplate\":\"https:\/\/luchonoticias.com\/editor\/?s={search_term_string}\"},\"query-input\":{\"@type\":\"PropertyValueSpecification\",\"valueRequired\":true,\"valueName\":\"search_term_string\"}}],\"inLanguage\":\"es\"},{\"@type\":[\"Person\",\"Organization\"],\"@id\":\"https:\/\/luchonoticias.com\/editor\/#\/schema\/person\/7a7fd911f58561fd056dbac7b55af9cd\",\"name\":\"admin\",\"image\":{\"@type\":\"ImageObject\",\"inLanguage\":\"es\",\"@id\":\"https:\/\/luchonoticias.com\/editor\/#\/schema\/person\/image\/\",\"url\":\"https:\/\/luchonoticias.com\/editor\/wp-content\/uploads\/2024\/02\/cropped-cropped-logolu.webp\",\"contentUrl\":\"https:\/\/luchonoticias.com\/editor\/wp-content\/uploads\/2024\/02\/cropped-cropped-logolu.webp\",\"width\":382,\"height\":170,\"caption\":\"admin\"},\"logo\":{\"@id\":\"https:\/\/luchonoticias.com\/editor\/#\/schema\/person\/image\/\"},\"sameAs\":[\"https:\/\/www.facebook.com\/luchonoticiasneiva\"],\"url\":\"https:\/\/luchonoticias.com\/editor\/author\/admin\/\"}]}<\/script>\n<!-- \/ Yoast SEO plugin. -->","yoast_head_json":{"title":"Quiero expresarles el orgullo y el honor que siento de haber servido a Colombia: Duque -","robots":{"index":"index","follow":"follow","max-snippet":"max-snippet:-1","max-image-preview":"max-image-preview:large","max-video-preview":"max-video-preview:-1"},"canonical":"https:\/\/luchonoticias.com\/editor\/quiero-expresarles-el-orgullo-y-el-honor-que-siento-de-haber-servido-a-colombia-duque\/","og_locale":"es_ES","og_type":"article","og_title":"Quiero expresarles el orgullo y el honor que siento de haber servido a Colombia: Duque -","og_url":"https:\/\/luchonoticias.com\/editor\/quiero-expresarles-el-orgullo-y-el-honor-que-siento-de-haber-servido-a-colombia-duque\/","article_publisher":"https:\/\/www.facebook.com\/luchonoticiasneiva","article_author":"https:\/\/www.facebook.com\/luchonoticiasneiva","article_published_time":"2022-08-07T11:38:26+00:00","article_modified_time":"2022-08-07T11:38:27+00:00","author":"admin","twitter_card":"summary_large_image","twitter_misc":{"Escrito por":"admin","Tiempo de lectura":"4 minutos"},"schema":{"@context":"https:\/\/schema.org","@graph":[{"@type":"Article","@id":"https:\/\/luchonoticias.com\/editor\/quiero-expresarles-el-orgullo-y-el-honor-que-siento-de-haber-servido-a-colombia-duque\/#article","isPartOf":{"@id":"https:\/\/luchonoticias.com\/editor\/quiero-expresarles-el-orgullo-y-el-honor-que-siento-de-haber-servido-a-colombia-duque\/"},"author":{"name":"admin","@id":"https:\/\/luchonoticias.com\/editor\/#\/schema\/person\/7a7fd911f58561fd056dbac7b55af9cd"},"headline":"Quiero expresarles el orgullo y el honor que siento de haber servido a Colombia: Duque","datePublished":"2022-08-07T11:38:26+00:00","dateModified":"2022-08-07T11:38:27+00:00","mainEntityOfPage":{"@id":"https:\/\/luchonoticias.com\/editor\/quiero-expresarles-el-orgullo-y-el-honor-que-siento-de-haber-servido-a-colombia-duque\/"},"wordCount":793,"commentCount":0,"publisher":{"@id":"https:\/\/luchonoticias.com\/editor\/#\/schema\/person\/7a7fd911f58561fd056dbac7b55af9cd"},"articleSection":["Destacado","Nacional"],"inLanguage":"es","potentialAction":[{"@type":"CommentAction","name":"Comment","target":["https:\/\/luchonoticias.com\/editor\/quiero-expresarles-el-orgullo-y-el-honor-que-siento-de-haber-servido-a-colombia-duque\/#respond"]}]},{"@type":"WebPage","@id":"https:\/\/luchonoticias.com\/editor\/quiero-expresarles-el-orgullo-y-el-honor-que-siento-de-haber-servido-a-colombia-duque\/","url":"https:\/\/luchonoticias.com\/editor\/quiero-expresarles-el-orgullo-y-el-honor-que-siento-de-haber-servido-a-colombia-duque\/","name":"Quiero expresarles el orgullo y el honor que siento de haber servido a Colombia: Duque -","isPartOf":{"@id":"https:\/\/luchonoticias.com\/editor\/#website"},"datePublished":"2022-08-07T11:38:26+00:00","dateModified":"2022-08-07T11:38:27+00:00","breadcrumb":{"@id":"https:\/\/luchonoticias.com\/editor\/quiero-expresarles-el-orgullo-y-el-honor-que-siento-de-haber-servido-a-colombia-duque\/#breadcrumb"},"inLanguage":"es","potentialAction":[{"@type":"ReadAction","target":["https:\/\/luchonoticias.com\/editor\/quiero-expresarles-el-orgullo-y-el-honor-que-siento-de-haber-servido-a-colombia-duque\/"]}]},{"@type":"BreadcrumbList","@id":"https:\/\/luchonoticias.com\/editor\/quiero-expresarles-el-orgullo-y-el-honor-que-siento-de-haber-servido-a-colombia-duque\/#breadcrumb","itemListElement":[{"@type":"ListItem","position":1,"name":"Portada","item":"https:\/\/luchonoticias.com\/editor\/"},{"@type":"ListItem","position":2,"name":"Quiero expresarles el orgullo y el honor que siento de haber servido a Colombia: Duque"}]},{"@type":"WebSite","@id":"https:\/\/luchonoticias.com\/editor\/#website","url":"https:\/\/luchonoticias.com\/editor\/","name":"","description":"","publisher":{"@id":"https:\/\/luchonoticias.com\/editor\/#\/schema\/person\/7a7fd911f58561fd056dbac7b55af9cd"},"potentialAction":[{"@type":"SearchAction","target":{"@type":"EntryPoint","urlTemplate":"https:\/\/luchonoticias.com\/editor\/?s={search_term_string}"},"query-input":{"@type":"PropertyValueSpecification","valueRequired":true,"valueName":"search_term_string"}}],"inLanguage":"es"},{"@type":["Person","Organization"],"@id":"https:\/\/luchonoticias.com\/editor\/#\/schema\/person\/7a7fd911f58561fd056dbac7b55af9cd","name":"admin","image":{"@type":"ImageObject","inLanguage":"es","@id":"https:\/\/luchonoticias.com\/editor\/#\/schema\/person\/image\/","url":"https:\/\/luchonoticias.com\/editor\/wp-content\/uploads\/2024\/02\/cropped-cropped-logolu.webp","contentUrl":"https:\/\/luchonoticias.com\/editor\/wp-content\/uploads\/2024\/02\/cropped-cropped-logolu.webp","width":382,"height":170,"caption":"admin"},"logo":{"@id":"https:\/\/luchonoticias.com\/editor\/#\/schema\/person\/image\/"},"sameAs":["https:\/\/www.facebook.com\/luchonoticiasneiva"],"url":"https:\/\/luchonoticias.com\/editor\/author\/admin\/"}]}},"_links":{"self":[{"href":"https:\/\/luchonoticias.com\/editor\/wp-json\/wp\/v2\/posts\/31538","targetHints":{"allow":["GET"]}}],"collection":[{"href":"https:\/\/luchonoticias.com\/editor\/wp-json\/wp\/v2\/posts"}],"about":[{"href":"https:\/\/luchonoticias.com\/editor\/wp-json\/wp\/v2\/types\/post"}],"author":[{"embeddable":true,"href":"https:\/\/luchonoticias.com\/editor\/wp-json\/wp\/v2\/users\/1"}],"replies":[{"embeddable":true,"href":"https:\/\/luchonoticias.com\/editor\/wp-json\/wp\/v2\/comments?post=31538"}],"version-history":[{"count":0,"href":"https:\/\/luchonoticias.com\/editor\/wp-json\/wp\/v2\/posts\/31538\/revisions"}],"wp:attachment":[{"href":"https:\/\/luchonoticias.com\/editor\/wp-json\/wp\/v2\/media?parent=31538"}],"wp:term":[{"taxonomy":"category","embeddable":true,"href":"https:\/\/luchonoticias.com\/editor\/wp-json\/wp\/v2\/categories?post=31538"},{"taxonomy":"post_tag","embeddable":true,"href":"https:\/\/luchonoticias.com\/editor\/wp-json\/wp\/v2\/tags?post=31538"}],"curies":[{"name":"wp","href":"https:\/\/api.w.org\/{rel}","templated":true}]}}