{"id":31541,"date":"2022-08-07T06:54:35","date_gmt":"2022-08-07T11:54:35","guid":{"rendered":"https:\/\/luchonoticias.com\/?p=31541"},"modified":"2022-08-07T06:54:36","modified_gmt":"2022-08-07T11:54:36","slug":"gustavo-petro-se-posesiono-ante-los-pueblos-indigenas","status":"publish","type":"post","link":"https:\/\/luchonoticias.com\/editor\/gustavo-petro-se-posesiono-ante-los-pueblos-indigenas\/","title":{"rendered":"Gustavo Petro se posesion\u00f3 ante los pueblos ind\u00edgenas"},"content":{"rendered":"\n<p>El presidente electo de la Rep\u00fablica, Gustavo Petro, junto a la vicepresidente electa, Francia M\u00e1rquez, asistieron este s\u00e1bado a una ceremonia de los pueblos ind\u00edgenas en Bogot\u00e1 como s\u00edmbolo de posesi\u00f3n del nuevo gobierno.<\/p>\n\n\n\n<p>El mandatario electo se comprometi\u00f3 a reconocer a los movimientos populares organizados como interlocutores pol\u00edticos en el marco de su nuevo gobierno, que inicia formalmente hoy 7 agosto luego del acto de posesi\u00f3n como nuevo presidente de la Rep\u00fablica.<\/p>\n\n\n\n<p>\u201cDel pueblo colombiano necesitamos organizaci\u00f3n. Hay una parte organizada, ustedes son una parte de ella, pero profundamente importante para los d\u00edas que est\u00e1n por venir aumentar la calidad y la cantidad de la organizaci\u00f3n popular en Colombia\u201d, afirm\u00f3.<\/p>\n\n\n\n<p>La&#8217; Posesi\u00f3n Popular y Espiritual&#8217;, como fue denominado el acto simb\u00f3lico, tuvo lugar en la ma\u00f1ana de este s\u00e1bado en el Parque Tercer Milenio, en el centro de Bogot\u00e1.<\/p>\n","protected":false},"excerpt":{"rendered":"<p>El presidente electo de la Rep\u00fablica, Gustavo Petro, junto a la vicepresidente electa, Francia M\u00e1rquez, asistieron este s\u00e1bado a una ceremonia de los pueblos ind\u00edgenas en Bogot\u00e1 como s\u00edmbolo de posesi\u00f3n del nuevo gobierno. El mandatario electo se comprometi\u00f3 a reconocer a los movimientos populares organizados como interlocutores pol\u00edticos en el marco de su nuevo [&hellip;]<\/p>\n","protected":false},"author":1,"featured_media":0,"comment_status":"open","ping_status":"open","sticky":false,"template":"","format":"standard","meta":{"footnotes":""},"categories":[36,32],"tags":[],"class_list":["post-31541","post","type-post","status-publish","format-standard","hentry","category-destacado","category-nacional"],"yoast_head":"<!-- This site is optimized with the Yoast SEO plugin v26.6 - https:\/\/yoast.com\/wordpress\/plugins\/seo\/ -->\n<title>Gustavo Petro se posesion\u00f3 ante los pueblos ind\u00edgenas -<\/title>\n<meta name=\"robots\" content=\"index, follow, max-snippet:-1, max-image-preview:large, max-video-preview:-1\" \/>\n<link rel=\"canonical\" href=\"https:\/\/luchonoticias.com\/editor\/gustavo-petro-se-posesiono-ante-los-pueblos-indigenas\/\" \/>\n<meta property=\"og:locale\" content=\"es_ES\" \/>\n<meta property=\"og:type\" content=\"article\" \/>\n<meta property=\"og:title\" content=\"Gustavo Petro se posesion\u00f3 ante los pueblos ind\u00edgenas -\" \/>\n<meta property=\"og:url\" content=\"https:\/\/luchonoticias.com\/editor\/gustavo-petro-se-posesiono-ante-los-pueblos-indigenas\/\" \/>\n<meta property=\"article:publisher\" content=\"https:\/\/www.facebook.com\/luchonoticiasneiva\" \/>\n<meta property=\"article:author\" content=\"https:\/\/www.facebook.com\/luchonoticiasneiva\" \/>\n<meta property=\"article:published_time\" content=\"2022-08-07T11:54:35+00:00\" \/>\n<meta property=\"article:modified_time\" content=\"2022-08-07T11:54:36+00:00\" \/>\n<meta name=\"author\" content=\"admin\" \/>\n<meta name=\"twitter:card\" content=\"summary_large_image\" \/>\n<meta name=\"twitter:label1\" content=\"Escrito por\" \/>\n\t<meta name=\"twitter:data1\" content=\"admin\" \/>\n\t<meta name=\"twitter:label2\" content=\"Tiempo de lectura\" \/>\n\t<meta name=\"twitter:data2\" content=\"1 minuto\" \/>\n<script type=\"application\/ld+json\" class=\"yoast-schema-graph\">{\"@context\":\"https:\/\/schema.org\",\"@graph\":[{\"@type\":\"Article\",\"@id\":\"https:\/\/luchonoticias.com\/editor\/gustavo-petro-se-posesiono-ante-los-pueblos-indigenas\/#article\",\"isPartOf\":{\"@id\":\"https:\/\/luchonoticias.com\/editor\/gustavo-petro-se-posesiono-ante-los-pueblos-indigenas\/\"},\"author\":{\"name\":\"admin\",\"@id\":\"https:\/\/luchonoticias.com\/editor\/#\/schema\/person\/7a7fd911f58561fd056dbac7b55af9cd\"},\"headline\":\"Gustavo Petro se posesion\u00f3 ante los pueblos ind\u00edgenas\",\"datePublished\":\"2022-08-07T11:54:35+00:00\",\"dateModified\":\"2022-08-07T11:54:36+00:00\",\"mainEntityOfPage\":{\"@id\":\"https:\/\/luchonoticias.com\/editor\/gustavo-petro-se-posesiono-ante-los-pueblos-indigenas\/\"},\"wordCount\":165,\"commentCount\":0,\"publisher\":{\"@id\":\"https:\/\/luchonoticias.com\/editor\/#\/schema\/person\/7a7fd911f58561fd056dbac7b55af9cd\"},\"articleSection\":[\"Destacado\",\"Nacional\"],\"inLanguage\":\"es\",\"potentialAction\":[{\"@type\":\"CommentAction\",\"name\":\"Comment\",\"target\":[\"https:\/\/luchonoticias.com\/editor\/gustavo-petro-se-posesiono-ante-los-pueblos-indigenas\/#respond\"]}]},{\"@type\":\"WebPage\",\"@id\":\"https:\/\/luchonoticias.com\/editor\/gustavo-petro-se-posesiono-ante-los-pueblos-indigenas\/\",\"url\":\"https:\/\/luchonoticias.com\/editor\/gustavo-petro-se-posesiono-ante-los-pueblos-indigenas\/\",\"name\":\"Gustavo Petro se posesion\u00f3 ante los pueblos ind\u00edgenas -\",\"isPartOf\":{\"@id\":\"https:\/\/luchonoticias.com\/editor\/#website\"},\"datePublished\":\"2022-08-07T11:54:35+00:00\",\"dateModified\":\"2022-08-07T11:54:36+00:00\",\"breadcrumb\":{\"@id\":\"https:\/\/luchonoticias.com\/editor\/gustavo-petro-se-posesiono-ante-los-pueblos-indigenas\/#breadcrumb\"},\"inLanguage\":\"es\",\"potentialAction\":[{\"@type\":\"ReadAction\",\"target\":[\"https:\/\/luchonoticias.com\/editor\/gustavo-petro-se-posesiono-ante-los-pueblos-indigenas\/\"]}]},{\"@type\":\"BreadcrumbList\",\"@id\":\"https:\/\/luchonoticias.com\/editor\/gustavo-petro-se-posesiono-ante-los-pueblos-indigenas\/#breadcrumb\",\"itemListElement\":[{\"@type\":\"ListItem\",\"position\":1,\"name\":\"Portada\",\"item\":\"https:\/\/luchonoticias.com\/editor\/\"},{\"@type\":\"ListItem\",\"position\":2,\"name\":\"Gustavo Petro se posesion\u00f3 ante los pueblos ind\u00edgenas\"}]},{\"@type\":\"WebSite\",\"@id\":\"https:\/\/luchonoticias.com\/editor\/#website\",\"url\":\"https:\/\/luchonoticias.com\/editor\/\",\"name\":\"\",\"description\":\"\",\"publisher\":{\"@id\":\"https:\/\/luchonoticias.com\/editor\/#\/schema\/person\/7a7fd911f58561fd056dbac7b55af9cd\"},\"potentialAction\":[{\"@type\":\"SearchAction\",\"target\":{\"@type\":\"EntryPoint\",\"urlTemplate\":\"https:\/\/luchonoticias.com\/editor\/?s={search_term_string}\"},\"query-input\":{\"@type\":\"PropertyValueSpecification\",\"valueRequired\":true,\"valueName\":\"search_term_string\"}}],\"inLanguage\":\"es\"},{\"@type\":[\"Person\",\"Organization\"],\"@id\":\"https:\/\/luchonoticias.com\/editor\/#\/schema\/person\/7a7fd911f58561fd056dbac7b55af9cd\",\"name\":\"admin\",\"image\":{\"@type\":\"ImageObject\",\"inLanguage\":\"es\",\"@id\":\"https:\/\/luchonoticias.com\/editor\/#\/schema\/person\/image\/\",\"url\":\"https:\/\/luchonoticias.com\/editor\/wp-content\/uploads\/2024\/02\/cropped-cropped-logolu.webp\",\"contentUrl\":\"https:\/\/luchonoticias.com\/editor\/wp-content\/uploads\/2024\/02\/cropped-cropped-logolu.webp\",\"width\":382,\"height\":170,\"caption\":\"admin\"},\"logo\":{\"@id\":\"https:\/\/luchonoticias.com\/editor\/#\/schema\/person\/image\/\"},\"sameAs\":[\"https:\/\/www.facebook.com\/luchonoticiasneiva\"],\"url\":\"https:\/\/luchonoticias.com\/editor\/author\/admin\/\"}]}<\/script>\n<!-- \/ Yoast SEO plugin. -->","yoast_head_json":{"title":"Gustavo Petro se posesion\u00f3 ante los pueblos ind\u00edgenas -","robots":{"index":"index","follow":"follow","max-snippet":"max-snippet:-1","max-image-preview":"max-image-preview:large","max-video-preview":"max-video-preview:-1"},"canonical":"https:\/\/luchonoticias.com\/editor\/gustavo-petro-se-posesiono-ante-los-pueblos-indigenas\/","og_locale":"es_ES","og_type":"article","og_title":"Gustavo Petro se posesion\u00f3 ante los pueblos ind\u00edgenas -","og_url":"https:\/\/luchonoticias.com\/editor\/gustavo-petro-se-posesiono-ante-los-pueblos-indigenas\/","article_publisher":"https:\/\/www.facebook.com\/luchonoticiasneiva","article_author":"https:\/\/www.facebook.com\/luchonoticiasneiva","article_published_time":"2022-08-07T11:54:35+00:00","article_modified_time":"2022-08-07T11:54:36+00:00","author":"admin","twitter_card":"summary_large_image","twitter_misc":{"Escrito por":"admin","Tiempo de lectura":"1 minuto"},"schema":{"@context":"https:\/\/schema.org","@graph":[{"@type":"Article","@id":"https:\/\/luchonoticias.com\/editor\/gustavo-petro-se-posesiono-ante-los-pueblos-indigenas\/#article","isPartOf":{"@id":"https:\/\/luchonoticias.com\/editor\/gustavo-petro-se-posesiono-ante-los-pueblos-indigenas\/"},"author":{"name":"admin","@id":"https:\/\/luchonoticias.com\/editor\/#\/schema\/person\/7a7fd911f58561fd056dbac7b55af9cd"},"headline":"Gustavo Petro se posesion\u00f3 ante los pueblos ind\u00edgenas","datePublished":"2022-08-07T11:54:35+00:00","dateModified":"2022-08-07T11:54:36+00:00","mainEntityOfPage":{"@id":"https:\/\/luchonoticias.com\/editor\/gustavo-petro-se-posesiono-ante-los-pueblos-indigenas\/"},"wordCount":165,"commentCount":0,"publisher":{"@id":"https:\/\/luchonoticias.com\/editor\/#\/schema\/person\/7a7fd911f58561fd056dbac7b55af9cd"},"articleSection":["Destacado","Nacional"],"inLanguage":"es","potentialAction":[{"@type":"CommentAction","name":"Comment","target":["https:\/\/luchonoticias.com\/editor\/gustavo-petro-se-posesiono-ante-los-pueblos-indigenas\/#respond"]}]},{"@type":"WebPage","@id":"https:\/\/luchonoticias.com\/editor\/gustavo-petro-se-posesiono-ante-los-pueblos-indigenas\/","url":"https:\/\/luchonoticias.com\/editor\/gustavo-petro-se-posesiono-ante-los-pueblos-indigenas\/","name":"Gustavo Petro se posesion\u00f3 ante los pueblos ind\u00edgenas -","isPartOf":{"@id":"https:\/\/luchonoticias.com\/editor\/#website"},"datePublished":"2022-08-07T11:54:35+00:00","dateModified":"2022-08-07T11:54:36+00:00","breadcrumb":{"@id":"https:\/\/luchonoticias.com\/editor\/gustavo-petro-se-posesiono-ante-los-pueblos-indigenas\/#breadcrumb"},"inLanguage":"es","potentialAction":[{"@type":"ReadAction","target":["https:\/\/luchonoticias.com\/editor\/gustavo-petro-se-posesiono-ante-los-pueblos-indigenas\/"]}]},{"@type":"BreadcrumbList","@id":"https:\/\/luchonoticias.com\/editor\/gustavo-petro-se-posesiono-ante-los-pueblos-indigenas\/#breadcrumb","itemListElement":[{"@type":"ListItem","position":1,"name":"Portada","item":"https:\/\/luchonoticias.com\/editor\/"},{"@type":"ListItem","position":2,"name":"Gustavo Petro se posesion\u00f3 ante los pueblos ind\u00edgenas"}]},{"@type":"WebSite","@id":"https:\/\/luchonoticias.com\/editor\/#website","url":"https:\/\/luchonoticias.com\/editor\/","name":"","description":"","publisher":{"@id":"https:\/\/luchonoticias.com\/editor\/#\/schema\/person\/7a7fd911f58561fd056dbac7b55af9cd"},"potentialAction":[{"@type":"SearchAction","target":{"@type":"EntryPoint","urlTemplate":"https:\/\/luchonoticias.com\/editor\/?s={search_term_string}"},"query-input":{"@type":"PropertyValueSpecification","valueRequired":true,"valueName":"search_term_string"}}],"inLanguage":"es"},{"@type":["Person","Organization"],"@id":"https:\/\/luchonoticias.com\/editor\/#\/schema\/person\/7a7fd911f58561fd056dbac7b55af9cd","name":"admin","image":{"@type":"ImageObject","inLanguage":"es","@id":"https:\/\/luchonoticias.com\/editor\/#\/schema\/person\/image\/","url":"https:\/\/luchonoticias.com\/editor\/wp-content\/uploads\/2024\/02\/cropped-cropped-logolu.webp","contentUrl":"https:\/\/luchonoticias.com\/editor\/wp-content\/uploads\/2024\/02\/cropped-cropped-logolu.webp","width":382,"height":170,"caption":"admin"},"logo":{"@id":"https:\/\/luchonoticias.com\/editor\/#\/schema\/person\/image\/"},"sameAs":["https:\/\/www.facebook.com\/luchonoticiasneiva"],"url":"https:\/\/luchonoticias.com\/editor\/author\/admin\/"}]}},"_links":{"self":[{"href":"https:\/\/luchonoticias.com\/editor\/wp-json\/wp\/v2\/posts\/31541","targetHints":{"allow":["GET"]}}],"collection":[{"href":"https:\/\/luchonoticias.com\/editor\/wp-json\/wp\/v2\/posts"}],"about":[{"href":"https:\/\/luchonoticias.com\/editor\/wp-json\/wp\/v2\/types\/post"}],"author":[{"embeddable":true,"href":"https:\/\/luchonoticias.com\/editor\/wp-json\/wp\/v2\/users\/1"}],"replies":[{"embeddable":true,"href":"https:\/\/luchonoticias.com\/editor\/wp-json\/wp\/v2\/comments?post=31541"}],"version-history":[{"count":0,"href":"https:\/\/luchonoticias.com\/editor\/wp-json\/wp\/v2\/posts\/31541\/revisions"}],"wp:attachment":[{"href":"https:\/\/luchonoticias.com\/editor\/wp-json\/wp\/v2\/media?parent=31541"}],"wp:term":[{"taxonomy":"category","embeddable":true,"href":"https:\/\/luchonoticias.com\/editor\/wp-json\/wp\/v2\/categories?post=31541"},{"taxonomy":"post_tag","embeddable":true,"href":"https:\/\/luchonoticias.com\/editor\/wp-json\/wp\/v2\/tags?post=31541"}],"curies":[{"name":"wp","href":"https:\/\/api.w.org\/{rel}","templated":true}]}}