{"id":31742,"date":"2022-08-10T05:04:35","date_gmt":"2022-08-10T10:04:35","guid":{"rendered":"https:\/\/luchonoticias.com\/?p=31742"},"modified":"2022-08-10T05:04:36","modified_gmt":"2022-08-10T10:04:36","slug":"primera-variedad-de-frijol-para-el-huila","status":"publish","type":"post","link":"https:\/\/luchonoticias.com\/editor\/primera-variedad-de-frijol-para-el-huila\/","title":{"rendered":"Primera variedad de frijol para el Huila"},"content":{"rendered":"\n<p>Actualmente el&nbsp;<strong>Huila es reconocido como el primer productor de frijol del pa\u00eds,<\/strong>&nbsp;con un volumen estimado de 29.554 toneladas anuales entre variedades tecnificadas y tradicionales, de acuerdo a los registros de la evaluaci\u00f3n agropecuaria 2020, que gracias a su calidad tienen como d<strong>estino principal los mercados de Cundinamarca, Meta y Antioquia.<\/strong><\/p>\n\n\n\n<p>Desde hace varios a\u00f1os los&nbsp;<strong>productores del departamento han venido haciendo esfuerzos<\/strong>&nbsp;para t<strong>ecnificar sus cultivos<\/strong>, principalmente en las zonas de pisos t\u00e9rmicos altos, sobre los 2.000 m.s.n.m. donde se cultivan variedades elite como el Bola Roja, y Cargamanto, logrando importantes resultados.<\/p>\n\n\n\n<p>En este proceso han venido recibiendo acompa\u00f1amiento interinstitucional, principalmente de la la Secretar\u00eda de Agricultura y Miner\u00eda,&nbsp; buscando principalmente mayores rendimientos de producci\u00f3n por hect\u00e1rea, y resistencia a las enfermedades que m\u00e1s generan perdidas en el cultivo, a fin de hacer el rengl\u00f3n m\u00e1s rentable y competitivo.<\/p>\n\n\n\n<p>Gracias a este trabajo articulado, de la mano de Fenalce y el Centro Internacional de Agricultura Tropical \u2013 CIAT,&nbsp;<strong>se logr\u00f3 producir una variedad resistente a la antracnosis<\/strong>, que para el caso del frijol se manifiesta con quemaduras en hojas y nervaduras, de color rojizo oscuro, as\u00ed como manchas redondas, hundidas con borde rojizo en las vainas.&nbsp;<\/p>\n\n\n\n<p>Esta<strong>&nbsp;nueva variedad de frijol<\/strong>&nbsp;que se adapta perfectamente a las condiciones agroclim\u00e1ticas del Huila, se ha denominado&nbsp;<strong>Cargamanto Huila 199,<\/strong>&nbsp;y tendr\u00e1 un positivo impacto, tanto en temas productivos, como de sostenibilidad al reducir el uso de agroqu\u00edmicas destinados al control de la enfermedad, como lo explica el ingeniero Harold Hern\u00e1ndez, Extensionista Agropecuario de Fenalce.<\/p>\n\n\n\n<p>As\u00ed este producto&nbsp;<strong>se suma a la gran oferta que tiene el Huila<\/strong>&nbsp;y que se registra en la organizaci\u00f3n del territorio con municipios con mayor vocaci\u00f3n para este cultivo, trabajo que viene liderando la Gobernaci\u00f3n del Huila con su Plan de Ordenamiento Productivo y Social de la Propiedad Rural.<\/p>\n","protected":false},"excerpt":{"rendered":"<p>Actualmente el&nbsp;Huila es reconocido como el primer productor de frijol del pa\u00eds,&nbsp;con un volumen estimado de 29.554 toneladas anuales entre variedades tecnificadas y tradicionales, de acuerdo a los registros de la evaluaci\u00f3n agropecuaria 2020, que gracias a su calidad tienen como destino principal los mercados de Cundinamarca, Meta y Antioquia. Desde hace varios a\u00f1os los&nbsp;productores [&hellip;]<\/p>\n","protected":false},"author":1,"featured_media":0,"comment_status":"open","ping_status":"open","sticky":false,"template":"","format":"standard","meta":{"footnotes":""},"categories":[33],"tags":[],"class_list":["post-31742","post","type-post","status-publish","format-standard","hentry","category-huila"],"yoast_head":"<!-- This site is optimized with the Yoast SEO plugin v26.6 - https:\/\/yoast.com\/wordpress\/plugins\/seo\/ -->\n<title>Primera variedad de frijol para el Huila -<\/title>\n<meta name=\"robots\" content=\"index, follow, max-snippet:-1, max-image-preview:large, max-video-preview:-1\" \/>\n<link rel=\"canonical\" href=\"https:\/\/luchonoticias.com\/editor\/primera-variedad-de-frijol-para-el-huila\/\" \/>\n<meta property=\"og:locale\" content=\"es_ES\" \/>\n<meta property=\"og:type\" content=\"article\" \/>\n<meta property=\"og:title\" content=\"Primera variedad de frijol para el Huila -\" \/>\n<meta property=\"og:url\" content=\"https:\/\/luchonoticias.com\/editor\/primera-variedad-de-frijol-para-el-huila\/\" \/>\n<meta property=\"article:publisher\" content=\"https:\/\/www.facebook.com\/luchonoticiasneiva\" \/>\n<meta property=\"article:author\" content=\"https:\/\/www.facebook.com\/luchonoticiasneiva\" \/>\n<meta property=\"article:published_time\" content=\"2022-08-10T10:04:35+00:00\" \/>\n<meta property=\"article:modified_time\" content=\"2022-08-10T10:04:36+00:00\" \/>\n<meta name=\"author\" content=\"admin\" \/>\n<meta name=\"twitter:card\" content=\"summary_large_image\" \/>\n<meta name=\"twitter:label1\" content=\"Escrito por\" \/>\n\t<meta name=\"twitter:data1\" content=\"admin\" \/>\n\t<meta name=\"twitter:label2\" content=\"Tiempo de lectura\" \/>\n\t<meta name=\"twitter:data2\" content=\"2 minutos\" \/>\n<script type=\"application\/ld+json\" class=\"yoast-schema-graph\">{\"@context\":\"https:\/\/schema.org\",\"@graph\":[{\"@type\":\"Article\",\"@id\":\"https:\/\/luchonoticias.com\/editor\/primera-variedad-de-frijol-para-el-huila\/#article\",\"isPartOf\":{\"@id\":\"https:\/\/luchonoticias.com\/editor\/primera-variedad-de-frijol-para-el-huila\/\"},\"author\":{\"name\":\"admin\",\"@id\":\"https:\/\/luchonoticias.com\/editor\/#\/schema\/person\/7a7fd911f58561fd056dbac7b55af9cd\"},\"headline\":\"Primera variedad de frijol para el Huila\",\"datePublished\":\"2022-08-10T10:04:35+00:00\",\"dateModified\":\"2022-08-10T10:04:36+00:00\",\"mainEntityOfPage\":{\"@id\":\"https:\/\/luchonoticias.com\/editor\/primera-variedad-de-frijol-para-el-huila\/\"},\"wordCount\":340,\"commentCount\":0,\"publisher\":{\"@id\":\"https:\/\/luchonoticias.com\/editor\/#\/schema\/person\/7a7fd911f58561fd056dbac7b55af9cd\"},\"articleSection\":[\"Huila\"],\"inLanguage\":\"es\",\"potentialAction\":[{\"@type\":\"CommentAction\",\"name\":\"Comment\",\"target\":[\"https:\/\/luchonoticias.com\/editor\/primera-variedad-de-frijol-para-el-huila\/#respond\"]}]},{\"@type\":\"WebPage\",\"@id\":\"https:\/\/luchonoticias.com\/editor\/primera-variedad-de-frijol-para-el-huila\/\",\"url\":\"https:\/\/luchonoticias.com\/editor\/primera-variedad-de-frijol-para-el-huila\/\",\"name\":\"Primera variedad de frijol para el Huila -\",\"isPartOf\":{\"@id\":\"https:\/\/luchonoticias.com\/editor\/#website\"},\"datePublished\":\"2022-08-10T10:04:35+00:00\",\"dateModified\":\"2022-08-10T10:04:36+00:00\",\"breadcrumb\":{\"@id\":\"https:\/\/luchonoticias.com\/editor\/primera-variedad-de-frijol-para-el-huila\/#breadcrumb\"},\"inLanguage\":\"es\",\"potentialAction\":[{\"@type\":\"ReadAction\",\"target\":[\"https:\/\/luchonoticias.com\/editor\/primera-variedad-de-frijol-para-el-huila\/\"]}]},{\"@type\":\"BreadcrumbList\",\"@id\":\"https:\/\/luchonoticias.com\/editor\/primera-variedad-de-frijol-para-el-huila\/#breadcrumb\",\"itemListElement\":[{\"@type\":\"ListItem\",\"position\":1,\"name\":\"Portada\",\"item\":\"https:\/\/luchonoticias.com\/editor\/\"},{\"@type\":\"ListItem\",\"position\":2,\"name\":\"Primera variedad de frijol para el Huila\"}]},{\"@type\":\"WebSite\",\"@id\":\"https:\/\/luchonoticias.com\/editor\/#website\",\"url\":\"https:\/\/luchonoticias.com\/editor\/\",\"name\":\"\",\"description\":\"\",\"publisher\":{\"@id\":\"https:\/\/luchonoticias.com\/editor\/#\/schema\/person\/7a7fd911f58561fd056dbac7b55af9cd\"},\"potentialAction\":[{\"@type\":\"SearchAction\",\"target\":{\"@type\":\"EntryPoint\",\"urlTemplate\":\"https:\/\/luchonoticias.com\/editor\/?s={search_term_string}\"},\"query-input\":{\"@type\":\"PropertyValueSpecification\",\"valueRequired\":true,\"valueName\":\"search_term_string\"}}],\"inLanguage\":\"es\"},{\"@type\":[\"Person\",\"Organization\"],\"@id\":\"https:\/\/luchonoticias.com\/editor\/#\/schema\/person\/7a7fd911f58561fd056dbac7b55af9cd\",\"name\":\"admin\",\"image\":{\"@type\":\"ImageObject\",\"inLanguage\":\"es\",\"@id\":\"https:\/\/luchonoticias.com\/editor\/#\/schema\/person\/image\/\",\"url\":\"https:\/\/luchonoticias.com\/editor\/wp-content\/uploads\/2024\/02\/cropped-cropped-logolu.webp\",\"contentUrl\":\"https:\/\/luchonoticias.com\/editor\/wp-content\/uploads\/2024\/02\/cropped-cropped-logolu.webp\",\"width\":382,\"height\":170,\"caption\":\"admin\"},\"logo\":{\"@id\":\"https:\/\/luchonoticias.com\/editor\/#\/schema\/person\/image\/\"},\"sameAs\":[\"https:\/\/www.facebook.com\/luchonoticiasneiva\"],\"url\":\"https:\/\/luchonoticias.com\/editor\/author\/admin\/\"}]}<\/script>\n<!-- \/ Yoast SEO plugin. -->","yoast_head_json":{"title":"Primera variedad de frijol para el Huila -","robots":{"index":"index","follow":"follow","max-snippet":"max-snippet:-1","max-image-preview":"max-image-preview:large","max-video-preview":"max-video-preview:-1"},"canonical":"https:\/\/luchonoticias.com\/editor\/primera-variedad-de-frijol-para-el-huila\/","og_locale":"es_ES","og_type":"article","og_title":"Primera variedad de frijol para el Huila -","og_url":"https:\/\/luchonoticias.com\/editor\/primera-variedad-de-frijol-para-el-huila\/","article_publisher":"https:\/\/www.facebook.com\/luchonoticiasneiva","article_author":"https:\/\/www.facebook.com\/luchonoticiasneiva","article_published_time":"2022-08-10T10:04:35+00:00","article_modified_time":"2022-08-10T10:04:36+00:00","author":"admin","twitter_card":"summary_large_image","twitter_misc":{"Escrito por":"admin","Tiempo de lectura":"2 minutos"},"schema":{"@context":"https:\/\/schema.org","@graph":[{"@type":"Article","@id":"https:\/\/luchonoticias.com\/editor\/primera-variedad-de-frijol-para-el-huila\/#article","isPartOf":{"@id":"https:\/\/luchonoticias.com\/editor\/primera-variedad-de-frijol-para-el-huila\/"},"author":{"name":"admin","@id":"https:\/\/luchonoticias.com\/editor\/#\/schema\/person\/7a7fd911f58561fd056dbac7b55af9cd"},"headline":"Primera variedad de frijol para el Huila","datePublished":"2022-08-10T10:04:35+00:00","dateModified":"2022-08-10T10:04:36+00:00","mainEntityOfPage":{"@id":"https:\/\/luchonoticias.com\/editor\/primera-variedad-de-frijol-para-el-huila\/"},"wordCount":340,"commentCount":0,"publisher":{"@id":"https:\/\/luchonoticias.com\/editor\/#\/schema\/person\/7a7fd911f58561fd056dbac7b55af9cd"},"articleSection":["Huila"],"inLanguage":"es","potentialAction":[{"@type":"CommentAction","name":"Comment","target":["https:\/\/luchonoticias.com\/editor\/primera-variedad-de-frijol-para-el-huila\/#respond"]}]},{"@type":"WebPage","@id":"https:\/\/luchonoticias.com\/editor\/primera-variedad-de-frijol-para-el-huila\/","url":"https:\/\/luchonoticias.com\/editor\/primera-variedad-de-frijol-para-el-huila\/","name":"Primera variedad de frijol para el Huila -","isPartOf":{"@id":"https:\/\/luchonoticias.com\/editor\/#website"},"datePublished":"2022-08-10T10:04:35+00:00","dateModified":"2022-08-10T10:04:36+00:00","breadcrumb":{"@id":"https:\/\/luchonoticias.com\/editor\/primera-variedad-de-frijol-para-el-huila\/#breadcrumb"},"inLanguage":"es","potentialAction":[{"@type":"ReadAction","target":["https:\/\/luchonoticias.com\/editor\/primera-variedad-de-frijol-para-el-huila\/"]}]},{"@type":"BreadcrumbList","@id":"https:\/\/luchonoticias.com\/editor\/primera-variedad-de-frijol-para-el-huila\/#breadcrumb","itemListElement":[{"@type":"ListItem","position":1,"name":"Portada","item":"https:\/\/luchonoticias.com\/editor\/"},{"@type":"ListItem","position":2,"name":"Primera variedad de frijol para el Huila"}]},{"@type":"WebSite","@id":"https:\/\/luchonoticias.com\/editor\/#website","url":"https:\/\/luchonoticias.com\/editor\/","name":"","description":"","publisher":{"@id":"https:\/\/luchonoticias.com\/editor\/#\/schema\/person\/7a7fd911f58561fd056dbac7b55af9cd"},"potentialAction":[{"@type":"SearchAction","target":{"@type":"EntryPoint","urlTemplate":"https:\/\/luchonoticias.com\/editor\/?s={search_term_string}"},"query-input":{"@type":"PropertyValueSpecification","valueRequired":true,"valueName":"search_term_string"}}],"inLanguage":"es"},{"@type":["Person","Organization"],"@id":"https:\/\/luchonoticias.com\/editor\/#\/schema\/person\/7a7fd911f58561fd056dbac7b55af9cd","name":"admin","image":{"@type":"ImageObject","inLanguage":"es","@id":"https:\/\/luchonoticias.com\/editor\/#\/schema\/person\/image\/","url":"https:\/\/luchonoticias.com\/editor\/wp-content\/uploads\/2024\/02\/cropped-cropped-logolu.webp","contentUrl":"https:\/\/luchonoticias.com\/editor\/wp-content\/uploads\/2024\/02\/cropped-cropped-logolu.webp","width":382,"height":170,"caption":"admin"},"logo":{"@id":"https:\/\/luchonoticias.com\/editor\/#\/schema\/person\/image\/"},"sameAs":["https:\/\/www.facebook.com\/luchonoticiasneiva"],"url":"https:\/\/luchonoticias.com\/editor\/author\/admin\/"}]}},"_links":{"self":[{"href":"https:\/\/luchonoticias.com\/editor\/wp-json\/wp\/v2\/posts\/31742","targetHints":{"allow":["GET"]}}],"collection":[{"href":"https:\/\/luchonoticias.com\/editor\/wp-json\/wp\/v2\/posts"}],"about":[{"href":"https:\/\/luchonoticias.com\/editor\/wp-json\/wp\/v2\/types\/post"}],"author":[{"embeddable":true,"href":"https:\/\/luchonoticias.com\/editor\/wp-json\/wp\/v2\/users\/1"}],"replies":[{"embeddable":true,"href":"https:\/\/luchonoticias.com\/editor\/wp-json\/wp\/v2\/comments?post=31742"}],"version-history":[{"count":0,"href":"https:\/\/luchonoticias.com\/editor\/wp-json\/wp\/v2\/posts\/31742\/revisions"}],"wp:attachment":[{"href":"https:\/\/luchonoticias.com\/editor\/wp-json\/wp\/v2\/media?parent=31742"}],"wp:term":[{"taxonomy":"category","embeddable":true,"href":"https:\/\/luchonoticias.com\/editor\/wp-json\/wp\/v2\/categories?post=31742"},{"taxonomy":"post_tag","embeddable":true,"href":"https:\/\/luchonoticias.com\/editor\/wp-json\/wp\/v2\/tags?post=31742"}],"curies":[{"name":"wp","href":"https:\/\/api.w.org\/{rel}","templated":true}]}}