{"id":31865,"date":"2022-08-11T05:05:12","date_gmt":"2022-08-11T10:05:12","guid":{"rendered":"https:\/\/luchonoticias.com\/?p=31865"},"modified":"2022-08-11T05:05:13","modified_gmt":"2022-08-11T10:05:13","slug":"estudiantes-afros-del-huila-tendran-kits-escolares","status":"publish","type":"post","link":"https:\/\/luchonoticias.com\/editor\/estudiantes-afros-del-huila-tendran-kits-escolares\/","title":{"rendered":"Estudiantes afros del Huila tendr\u00e1n kits escolares"},"content":{"rendered":"\n<p>El Gobernador del Departamento, Luis Enrique Duss\u00e1n, contrat\u00f3 con comunidad afro la&nbsp;<strong>dotaci\u00f3n de 123 kits escolares y 1.770 cartillas pedag\u00f3gicas,<\/strong>&nbsp;\u00e9stas \u00faltimas, para&nbsp;<strong>ampliar el conocimiento sobre la afrocolombianidad<\/strong>&nbsp;en todas las 1.447 sedes educativas de los 35 municipios no certificados en educaci\u00f3n a cargo de la Gobernaci\u00f3n.<\/p>\n\n\n\n<p>As\u00ed lo se\u00f1al\u00f3 recientemente la Secretaria (E) de Educaci\u00f3n, Adriana Alarc\u00f3n, haciendo entrega de 123&nbsp;<strong>kits escolares destinados a igual n\u00famero de estudiantes afro&nbsp;<\/strong>en algunas Instituciones Educativas del Huila.<\/p>\n\n\n\n<p>\u201cA trav\u00e9s del contrato de colaboraci\u00f3n 1166 de 2022, con la Asociaci\u00f3n de Afrocolombianos V\u00edctimas del conflicto interno armado en Colombia, el Gobierno Departamental invirti\u00f3 $120\u2019000.000 para hacer esta importante dotaci\u00f3n que, en cuanto a las cartillas, incluye&nbsp;<strong>la importancia de la comunidad afro en el territorio<\/strong>, con la c\u00e1tedra de estudios afrocolombianos\u201d, afirm\u00f3 la funcionaria.<\/p>\n\n\n\n<p>\u201cEste es un compromiso del gobernador con la comunidad estudiantil afro caracterizada en el Simat, y con la comunidad educativa general del territorio huilense, para avanzar en el conocimiento de estas comunidades hist\u00f3ricamente excluidas de la sociedad, y aprender de su historia, de su producci\u00f3n cultural y sus emprendimientos que tanto le han aportado al pa\u00eds\u201d, a\u00f1adi\u00f3.<\/p>\n\n\n\n<p>Cada kit escolar entregado consta de 1 morral, 5 cuadernos, 1 lapicero negro, 1 lapicero rojo, 1 caja de colores, zacapunta, borrador, l\u00e1piz y una cartuchera. Va dirigido a 123 estudiantes afro que est\u00e1n registrados en el Simat y estudian en las distintas sedes educativas del Huila.<\/p>\n\n\n\n<p>Las&nbsp;<strong>cartillas de estudios sobre afrocolombianidad,<\/strong>&nbsp;contienen cuentos afro colombianos, de la mitolog\u00eda de ancestros que fueron esclavos y que todav\u00eda en el pac\u00edfico colombiano se preserva esta cultura, historia que incluso, es novedad para la propia infancia afrodescendiente debido a una escasa educaci\u00f3n sobre estas poblaciones y su impacto en Colombia. Estas cartillas van a toda la comunidad educativa en general del Huila en las 1.447 sedes educativas de los 35 municipios no certificados en educaci\u00f3n.<\/p>\n","protected":false},"excerpt":{"rendered":"<p>El Gobernador del Departamento, Luis Enrique Duss\u00e1n, contrat\u00f3 con comunidad afro la&nbsp;dotaci\u00f3n de 123 kits escolares y 1.770 cartillas pedag\u00f3gicas,&nbsp;\u00e9stas \u00faltimas, para&nbsp;ampliar el conocimiento sobre la afrocolombianidad&nbsp;en todas las 1.447 sedes educativas de los 35 municipios no certificados en educaci\u00f3n a cargo de la Gobernaci\u00f3n. As\u00ed lo se\u00f1al\u00f3 recientemente la Secretaria (E) de Educaci\u00f3n, Adriana [&hellip;]<\/p>\n","protected":false},"author":1,"featured_media":0,"comment_status":"open","ping_status":"open","sticky":false,"template":"","format":"standard","meta":{"footnotes":""},"categories":[33],"tags":[],"class_list":["post-31865","post","type-post","status-publish","format-standard","hentry","category-huila"],"yoast_head":"<!-- This site is optimized with the Yoast SEO plugin v26.6 - https:\/\/yoast.com\/wordpress\/plugins\/seo\/ -->\n<title>Estudiantes afros del Huila tendr\u00e1n kits escolares -<\/title>\n<meta name=\"robots\" content=\"index, follow, max-snippet:-1, max-image-preview:large, max-video-preview:-1\" \/>\n<link rel=\"canonical\" href=\"https:\/\/luchonoticias.com\/editor\/estudiantes-afros-del-huila-tendran-kits-escolares\/\" \/>\n<meta property=\"og:locale\" content=\"es_ES\" \/>\n<meta property=\"og:type\" content=\"article\" \/>\n<meta property=\"og:title\" content=\"Estudiantes afros del Huila tendr\u00e1n kits escolares -\" \/>\n<meta property=\"og:url\" content=\"https:\/\/luchonoticias.com\/editor\/estudiantes-afros-del-huila-tendran-kits-escolares\/\" \/>\n<meta property=\"article:publisher\" content=\"https:\/\/www.facebook.com\/luchonoticiasneiva\" \/>\n<meta property=\"article:author\" content=\"https:\/\/www.facebook.com\/luchonoticiasneiva\" \/>\n<meta property=\"article:published_time\" content=\"2022-08-11T10:05:12+00:00\" \/>\n<meta property=\"article:modified_time\" content=\"2022-08-11T10:05:13+00:00\" \/>\n<meta name=\"author\" content=\"admin\" \/>\n<meta name=\"twitter:card\" content=\"summary_large_image\" \/>\n<meta name=\"twitter:label1\" content=\"Escrito por\" \/>\n\t<meta name=\"twitter:data1\" content=\"admin\" \/>\n\t<meta name=\"twitter:label2\" content=\"Tiempo de lectura\" \/>\n\t<meta name=\"twitter:data2\" content=\"2 minutos\" \/>\n<script type=\"application\/ld+json\" class=\"yoast-schema-graph\">{\"@context\":\"https:\/\/schema.org\",\"@graph\":[{\"@type\":\"Article\",\"@id\":\"https:\/\/luchonoticias.com\/editor\/estudiantes-afros-del-huila-tendran-kits-escolares\/#article\",\"isPartOf\":{\"@id\":\"https:\/\/luchonoticias.com\/editor\/estudiantes-afros-del-huila-tendran-kits-escolares\/\"},\"author\":{\"name\":\"admin\",\"@id\":\"https:\/\/luchonoticias.com\/editor\/#\/schema\/person\/7a7fd911f58561fd056dbac7b55af9cd\"},\"headline\":\"Estudiantes afros del Huila tendr\u00e1n kits escolares\",\"datePublished\":\"2022-08-11T10:05:12+00:00\",\"dateModified\":\"2022-08-11T10:05:13+00:00\",\"mainEntityOfPage\":{\"@id\":\"https:\/\/luchonoticias.com\/editor\/estudiantes-afros-del-huila-tendran-kits-escolares\/\"},\"wordCount\":343,\"commentCount\":0,\"publisher\":{\"@id\":\"https:\/\/luchonoticias.com\/editor\/#\/schema\/person\/7a7fd911f58561fd056dbac7b55af9cd\"},\"articleSection\":[\"Huila\"],\"inLanguage\":\"es\",\"potentialAction\":[{\"@type\":\"CommentAction\",\"name\":\"Comment\",\"target\":[\"https:\/\/luchonoticias.com\/editor\/estudiantes-afros-del-huila-tendran-kits-escolares\/#respond\"]}]},{\"@type\":\"WebPage\",\"@id\":\"https:\/\/luchonoticias.com\/editor\/estudiantes-afros-del-huila-tendran-kits-escolares\/\",\"url\":\"https:\/\/luchonoticias.com\/editor\/estudiantes-afros-del-huila-tendran-kits-escolares\/\",\"name\":\"Estudiantes afros del Huila tendr\u00e1n kits escolares -\",\"isPartOf\":{\"@id\":\"https:\/\/luchonoticias.com\/editor\/#website\"},\"datePublished\":\"2022-08-11T10:05:12+00:00\",\"dateModified\":\"2022-08-11T10:05:13+00:00\",\"breadcrumb\":{\"@id\":\"https:\/\/luchonoticias.com\/editor\/estudiantes-afros-del-huila-tendran-kits-escolares\/#breadcrumb\"},\"inLanguage\":\"es\",\"potentialAction\":[{\"@type\":\"ReadAction\",\"target\":[\"https:\/\/luchonoticias.com\/editor\/estudiantes-afros-del-huila-tendran-kits-escolares\/\"]}]},{\"@type\":\"BreadcrumbList\",\"@id\":\"https:\/\/luchonoticias.com\/editor\/estudiantes-afros-del-huila-tendran-kits-escolares\/#breadcrumb\",\"itemListElement\":[{\"@type\":\"ListItem\",\"position\":1,\"name\":\"Portada\",\"item\":\"https:\/\/luchonoticias.com\/editor\/\"},{\"@type\":\"ListItem\",\"position\":2,\"name\":\"Estudiantes afros del Huila tendr\u00e1n kits escolares\"}]},{\"@type\":\"WebSite\",\"@id\":\"https:\/\/luchonoticias.com\/editor\/#website\",\"url\":\"https:\/\/luchonoticias.com\/editor\/\",\"name\":\"\",\"description\":\"\",\"publisher\":{\"@id\":\"https:\/\/luchonoticias.com\/editor\/#\/schema\/person\/7a7fd911f58561fd056dbac7b55af9cd\"},\"potentialAction\":[{\"@type\":\"SearchAction\",\"target\":{\"@type\":\"EntryPoint\",\"urlTemplate\":\"https:\/\/luchonoticias.com\/editor\/?s={search_term_string}\"},\"query-input\":{\"@type\":\"PropertyValueSpecification\",\"valueRequired\":true,\"valueName\":\"search_term_string\"}}],\"inLanguage\":\"es\"},{\"@type\":[\"Person\",\"Organization\"],\"@id\":\"https:\/\/luchonoticias.com\/editor\/#\/schema\/person\/7a7fd911f58561fd056dbac7b55af9cd\",\"name\":\"admin\",\"image\":{\"@type\":\"ImageObject\",\"inLanguage\":\"es\",\"@id\":\"https:\/\/luchonoticias.com\/editor\/#\/schema\/person\/image\/\",\"url\":\"https:\/\/luchonoticias.com\/editor\/wp-content\/uploads\/2024\/02\/cropped-cropped-logolu.webp\",\"contentUrl\":\"https:\/\/luchonoticias.com\/editor\/wp-content\/uploads\/2024\/02\/cropped-cropped-logolu.webp\",\"width\":382,\"height\":170,\"caption\":\"admin\"},\"logo\":{\"@id\":\"https:\/\/luchonoticias.com\/editor\/#\/schema\/person\/image\/\"},\"sameAs\":[\"https:\/\/www.facebook.com\/luchonoticiasneiva\"],\"url\":\"https:\/\/luchonoticias.com\/editor\/author\/admin\/\"}]}<\/script>\n<!-- \/ Yoast SEO plugin. -->","yoast_head_json":{"title":"Estudiantes afros del Huila tendr\u00e1n kits escolares -","robots":{"index":"index","follow":"follow","max-snippet":"max-snippet:-1","max-image-preview":"max-image-preview:large","max-video-preview":"max-video-preview:-1"},"canonical":"https:\/\/luchonoticias.com\/editor\/estudiantes-afros-del-huila-tendran-kits-escolares\/","og_locale":"es_ES","og_type":"article","og_title":"Estudiantes afros del Huila tendr\u00e1n kits escolares -","og_url":"https:\/\/luchonoticias.com\/editor\/estudiantes-afros-del-huila-tendran-kits-escolares\/","article_publisher":"https:\/\/www.facebook.com\/luchonoticiasneiva","article_author":"https:\/\/www.facebook.com\/luchonoticiasneiva","article_published_time":"2022-08-11T10:05:12+00:00","article_modified_time":"2022-08-11T10:05:13+00:00","author":"admin","twitter_card":"summary_large_image","twitter_misc":{"Escrito por":"admin","Tiempo de lectura":"2 minutos"},"schema":{"@context":"https:\/\/schema.org","@graph":[{"@type":"Article","@id":"https:\/\/luchonoticias.com\/editor\/estudiantes-afros-del-huila-tendran-kits-escolares\/#article","isPartOf":{"@id":"https:\/\/luchonoticias.com\/editor\/estudiantes-afros-del-huila-tendran-kits-escolares\/"},"author":{"name":"admin","@id":"https:\/\/luchonoticias.com\/editor\/#\/schema\/person\/7a7fd911f58561fd056dbac7b55af9cd"},"headline":"Estudiantes afros del Huila tendr\u00e1n kits escolares","datePublished":"2022-08-11T10:05:12+00:00","dateModified":"2022-08-11T10:05:13+00:00","mainEntityOfPage":{"@id":"https:\/\/luchonoticias.com\/editor\/estudiantes-afros-del-huila-tendran-kits-escolares\/"},"wordCount":343,"commentCount":0,"publisher":{"@id":"https:\/\/luchonoticias.com\/editor\/#\/schema\/person\/7a7fd911f58561fd056dbac7b55af9cd"},"articleSection":["Huila"],"inLanguage":"es","potentialAction":[{"@type":"CommentAction","name":"Comment","target":["https:\/\/luchonoticias.com\/editor\/estudiantes-afros-del-huila-tendran-kits-escolares\/#respond"]}]},{"@type":"WebPage","@id":"https:\/\/luchonoticias.com\/editor\/estudiantes-afros-del-huila-tendran-kits-escolares\/","url":"https:\/\/luchonoticias.com\/editor\/estudiantes-afros-del-huila-tendran-kits-escolares\/","name":"Estudiantes afros del Huila tendr\u00e1n kits escolares -","isPartOf":{"@id":"https:\/\/luchonoticias.com\/editor\/#website"},"datePublished":"2022-08-11T10:05:12+00:00","dateModified":"2022-08-11T10:05:13+00:00","breadcrumb":{"@id":"https:\/\/luchonoticias.com\/editor\/estudiantes-afros-del-huila-tendran-kits-escolares\/#breadcrumb"},"inLanguage":"es","potentialAction":[{"@type":"ReadAction","target":["https:\/\/luchonoticias.com\/editor\/estudiantes-afros-del-huila-tendran-kits-escolares\/"]}]},{"@type":"BreadcrumbList","@id":"https:\/\/luchonoticias.com\/editor\/estudiantes-afros-del-huila-tendran-kits-escolares\/#breadcrumb","itemListElement":[{"@type":"ListItem","position":1,"name":"Portada","item":"https:\/\/luchonoticias.com\/editor\/"},{"@type":"ListItem","position":2,"name":"Estudiantes afros del Huila tendr\u00e1n kits escolares"}]},{"@type":"WebSite","@id":"https:\/\/luchonoticias.com\/editor\/#website","url":"https:\/\/luchonoticias.com\/editor\/","name":"","description":"","publisher":{"@id":"https:\/\/luchonoticias.com\/editor\/#\/schema\/person\/7a7fd911f58561fd056dbac7b55af9cd"},"potentialAction":[{"@type":"SearchAction","target":{"@type":"EntryPoint","urlTemplate":"https:\/\/luchonoticias.com\/editor\/?s={search_term_string}"},"query-input":{"@type":"PropertyValueSpecification","valueRequired":true,"valueName":"search_term_string"}}],"inLanguage":"es"},{"@type":["Person","Organization"],"@id":"https:\/\/luchonoticias.com\/editor\/#\/schema\/person\/7a7fd911f58561fd056dbac7b55af9cd","name":"admin","image":{"@type":"ImageObject","inLanguage":"es","@id":"https:\/\/luchonoticias.com\/editor\/#\/schema\/person\/image\/","url":"https:\/\/luchonoticias.com\/editor\/wp-content\/uploads\/2024\/02\/cropped-cropped-logolu.webp","contentUrl":"https:\/\/luchonoticias.com\/editor\/wp-content\/uploads\/2024\/02\/cropped-cropped-logolu.webp","width":382,"height":170,"caption":"admin"},"logo":{"@id":"https:\/\/luchonoticias.com\/editor\/#\/schema\/person\/image\/"},"sameAs":["https:\/\/www.facebook.com\/luchonoticiasneiva"],"url":"https:\/\/luchonoticias.com\/editor\/author\/admin\/"}]}},"_links":{"self":[{"href":"https:\/\/luchonoticias.com\/editor\/wp-json\/wp\/v2\/posts\/31865","targetHints":{"allow":["GET"]}}],"collection":[{"href":"https:\/\/luchonoticias.com\/editor\/wp-json\/wp\/v2\/posts"}],"about":[{"href":"https:\/\/luchonoticias.com\/editor\/wp-json\/wp\/v2\/types\/post"}],"author":[{"embeddable":true,"href":"https:\/\/luchonoticias.com\/editor\/wp-json\/wp\/v2\/users\/1"}],"replies":[{"embeddable":true,"href":"https:\/\/luchonoticias.com\/editor\/wp-json\/wp\/v2\/comments?post=31865"}],"version-history":[{"count":0,"href":"https:\/\/luchonoticias.com\/editor\/wp-json\/wp\/v2\/posts\/31865\/revisions"}],"wp:attachment":[{"href":"https:\/\/luchonoticias.com\/editor\/wp-json\/wp\/v2\/media?parent=31865"}],"wp:term":[{"taxonomy":"category","embeddable":true,"href":"https:\/\/luchonoticias.com\/editor\/wp-json\/wp\/v2\/categories?post=31865"},{"taxonomy":"post_tag","embeddable":true,"href":"https:\/\/luchonoticias.com\/editor\/wp-json\/wp\/v2\/tags?post=31865"}],"curies":[{"name":"wp","href":"https:\/\/api.w.org\/{rel}","templated":true}]}}