{"id":31871,"date":"2022-08-11T06:26:59","date_gmt":"2022-08-11T11:26:59","guid":{"rendered":"https:\/\/luchonoticias.com\/?p=31871"},"modified":"2022-08-11T06:27:00","modified_gmt":"2022-08-11T11:27:00","slug":"petro-anuncia-priorizacion-de-inversion-en-el-litoral-pacifico-region-mas-pobre-de-colombia","status":"publish","type":"post","link":"https:\/\/luchonoticias.com\/editor\/petro-anuncia-priorizacion-de-inversion-en-el-litoral-pacifico-region-mas-pobre-de-colombia\/","title":{"rendered":"Petro anuncia priorizaci\u00f3n de inversi\u00f3n en el Litoral Pac\u00edfico, regi\u00f3n m\u00e1s pobre de Colombia"},"content":{"rendered":"\n<p>El Presidente de la Rep\u00fablica, Gustavo Petro, anunci\u00f3 este mi\u00e9rcoles que su Gobierno priorizar\u00e1 la inversi\u00f3n en el Litoral Pac\u00edfico, la regi\u00f3n m\u00e1s pobre de Colombia, y agreg\u00f3 que la Vicepresidenta Francia M\u00e1rquez ser\u00e1 la responsable de liderar ese plan, porque se trata de un tema de equidad y de igualdad.<\/p>\n\n\n\n<p>\u201cCada ministro, cuando haga sus planes \u2014la Ministra de Vivienda para disminuir el d\u00e9ficit de vivienda cuantitativa y cualitativa; el Ministro de Educaci\u00f3n, en su plan de aumentar la cobertura de educaci\u00f3n superior; la Ministra de Agricultura, en su plan de soberan\u00eda alimentaria; la Ministra del Deporte, en su plan de construcci\u00f3n de infraestructura deportiva\u2014, todos los ministros y ministras, aqu\u00ed presentes, comienzan primero por las regiones m\u00e1s pobres de Colombia, es decir, la m\u00e1s pobre (el Litoral Pac\u00edfico). Por aqu\u00ed comienza todo\u201d, resalt\u00f3 el Jefe de Estado.<\/p>\n\n\n\n<p>\u201cEse es el mandato que se nos ha dado por parte del pueblo y, mayoritariamente, por el pueblo del Pac\u00edfico\u201d, recalc\u00f3.<\/p>\n\n\n\n<p>El Mandatario hizo el anuncio en el marco de la Primera Cumbre de Alcaldesas y Alcaldes del Litoral Pac\u00edfico, que tuvo lugar en la ciudad de Cali con la participaci\u00f3n de las autoridades territoriales del Choc\u00f3, Valle del Cauca, Cauca y Nari\u00f1o.<\/p>\n\n\n\n<p>En este evento, el Gobierno Nacional recibi\u00f3 las propuestas de mandatarios y mandatarias regionales y locales del Pac\u00edfico, con miras a nutrir el Plan Nacional de Desarrollo 2022-2026.<\/p>\n\n\n\n<p>En ese contexto, el Presidente asever\u00f3 que esa priorizaci\u00f3n o privilegio en la orientaci\u00f3n de los recursos para la regi\u00f3n m\u00e1s excluida y pobre de Colombia se har\u00e1 con base en la Constituci\u00f3n Pol\u00edtica, con el fin de garantizar derechos universales como la educaci\u00f3n, la salud, la vivienda y el agua potable, entre otros.<\/p>\n\n\n\n<p>Asimismo, el Presidente Petro indic\u00f3 que la Vicepresidenta Francia M\u00e1rquez ser\u00e1 la responsable de los temas de equidad y de la igualdad regional.<\/p>\n\n\n\n<p>\u201cLa Vicepresidenta de la Rep\u00fablica va a ser la primera responsable del tema de la equidad regional en Colombia, del tema de la igualdad, y por eso hemos hablado del Ministerio de Igualdad, que ella dirigir\u00e1\u201d, manifest\u00f3.<\/p>\n\n\n\n<p>Finalmente, se\u00f1al\u00f3 que una de las formas de enfrentar al narcotr\u00e1fico y acabar con la coca\u00edna en el pa\u00eds es con \u201cigualdad social y con prosperidad social\u201d.<\/p>\n\n\n\n<p>\u201cLa manera de enfrentar la coca\u00edna no es con fusiles; la manera de enfrentar la coca\u00edna es con igualdad social, con prosperidad social, con las oportunidades de la vida\u201d, concluy\u00f3.&nbsp;<\/p>\n","protected":false},"excerpt":{"rendered":"<p>El Presidente de la Rep\u00fablica, Gustavo Petro, anunci\u00f3 este mi\u00e9rcoles que su Gobierno priorizar\u00e1 la inversi\u00f3n en el Litoral Pac\u00edfico, la regi\u00f3n m\u00e1s pobre de Colombia, y agreg\u00f3 que la Vicepresidenta Francia M\u00e1rquez ser\u00e1 la responsable de liderar ese plan, porque se trata de un tema de equidad y de igualdad. \u201cCada ministro, cuando haga [&hellip;]<\/p>\n","protected":false},"author":1,"featured_media":0,"comment_status":"open","ping_status":"open","sticky":false,"template":"","format":"standard","meta":{"footnotes":""},"categories":[36,32],"tags":[],"class_list":["post-31871","post","type-post","status-publish","format-standard","hentry","category-destacado","category-nacional"],"yoast_head":"<!-- This site is optimized with the Yoast SEO plugin v26.6 - https:\/\/yoast.com\/wordpress\/plugins\/seo\/ -->\n<title>Petro anuncia priorizaci\u00f3n de inversi\u00f3n en el Litoral Pac\u00edfico, regi\u00f3n m\u00e1s pobre de Colombia -<\/title>\n<meta name=\"robots\" content=\"index, follow, max-snippet:-1, max-image-preview:large, max-video-preview:-1\" \/>\n<link rel=\"canonical\" href=\"https:\/\/luchonoticias.com\/editor\/petro-anuncia-priorizacion-de-inversion-en-el-litoral-pacifico-region-mas-pobre-de-colombia\/\" \/>\n<meta property=\"og:locale\" content=\"es_ES\" \/>\n<meta property=\"og:type\" content=\"article\" \/>\n<meta property=\"og:title\" content=\"Petro anuncia priorizaci\u00f3n de inversi\u00f3n en el Litoral Pac\u00edfico, regi\u00f3n m\u00e1s pobre de Colombia -\" \/>\n<meta property=\"og:url\" content=\"https:\/\/luchonoticias.com\/editor\/petro-anuncia-priorizacion-de-inversion-en-el-litoral-pacifico-region-mas-pobre-de-colombia\/\" \/>\n<meta property=\"article:publisher\" content=\"https:\/\/www.facebook.com\/luchonoticiasneiva\" \/>\n<meta property=\"article:author\" content=\"https:\/\/www.facebook.com\/luchonoticiasneiva\" \/>\n<meta property=\"article:published_time\" content=\"2022-08-11T11:26:59+00:00\" \/>\n<meta property=\"article:modified_time\" content=\"2022-08-11T11:27:00+00:00\" \/>\n<meta name=\"author\" content=\"admin\" \/>\n<meta name=\"twitter:card\" content=\"summary_large_image\" \/>\n<meta name=\"twitter:label1\" content=\"Escrito por\" \/>\n\t<meta name=\"twitter:data1\" content=\"admin\" \/>\n\t<meta name=\"twitter:label2\" content=\"Tiempo de lectura\" \/>\n\t<meta name=\"twitter:data2\" content=\"2 minutos\" \/>\n<script type=\"application\/ld+json\" class=\"yoast-schema-graph\">{\"@context\":\"https:\/\/schema.org\",\"@graph\":[{\"@type\":\"Article\",\"@id\":\"https:\/\/luchonoticias.com\/editor\/petro-anuncia-priorizacion-de-inversion-en-el-litoral-pacifico-region-mas-pobre-de-colombia\/#article\",\"isPartOf\":{\"@id\":\"https:\/\/luchonoticias.com\/editor\/petro-anuncia-priorizacion-de-inversion-en-el-litoral-pacifico-region-mas-pobre-de-colombia\/\"},\"author\":{\"name\":\"admin\",\"@id\":\"https:\/\/luchonoticias.com\/editor\/#\/schema\/person\/7a7fd911f58561fd056dbac7b55af9cd\"},\"headline\":\"Petro anuncia priorizaci\u00f3n de inversi\u00f3n en el Litoral Pac\u00edfico, regi\u00f3n m\u00e1s pobre de Colombia\",\"datePublished\":\"2022-08-11T11:26:59+00:00\",\"dateModified\":\"2022-08-11T11:27:00+00:00\",\"mainEntityOfPage\":{\"@id\":\"https:\/\/luchonoticias.com\/editor\/petro-anuncia-priorizacion-de-inversion-en-el-litoral-pacifico-region-mas-pobre-de-colombia\/\"},\"wordCount\":456,\"commentCount\":0,\"publisher\":{\"@id\":\"https:\/\/luchonoticias.com\/editor\/#\/schema\/person\/7a7fd911f58561fd056dbac7b55af9cd\"},\"articleSection\":[\"Destacado\",\"Nacional\"],\"inLanguage\":\"es\",\"potentialAction\":[{\"@type\":\"CommentAction\",\"name\":\"Comment\",\"target\":[\"https:\/\/luchonoticias.com\/editor\/petro-anuncia-priorizacion-de-inversion-en-el-litoral-pacifico-region-mas-pobre-de-colombia\/#respond\"]}]},{\"@type\":\"WebPage\",\"@id\":\"https:\/\/luchonoticias.com\/editor\/petro-anuncia-priorizacion-de-inversion-en-el-litoral-pacifico-region-mas-pobre-de-colombia\/\",\"url\":\"https:\/\/luchonoticias.com\/editor\/petro-anuncia-priorizacion-de-inversion-en-el-litoral-pacifico-region-mas-pobre-de-colombia\/\",\"name\":\"Petro anuncia priorizaci\u00f3n de inversi\u00f3n en el Litoral Pac\u00edfico, regi\u00f3n m\u00e1s pobre de Colombia -\",\"isPartOf\":{\"@id\":\"https:\/\/luchonoticias.com\/editor\/#website\"},\"datePublished\":\"2022-08-11T11:26:59+00:00\",\"dateModified\":\"2022-08-11T11:27:00+00:00\",\"breadcrumb\":{\"@id\":\"https:\/\/luchonoticias.com\/editor\/petro-anuncia-priorizacion-de-inversion-en-el-litoral-pacifico-region-mas-pobre-de-colombia\/#breadcrumb\"},\"inLanguage\":\"es\",\"potentialAction\":[{\"@type\":\"ReadAction\",\"target\":[\"https:\/\/luchonoticias.com\/editor\/petro-anuncia-priorizacion-de-inversion-en-el-litoral-pacifico-region-mas-pobre-de-colombia\/\"]}]},{\"@type\":\"BreadcrumbList\",\"@id\":\"https:\/\/luchonoticias.com\/editor\/petro-anuncia-priorizacion-de-inversion-en-el-litoral-pacifico-region-mas-pobre-de-colombia\/#breadcrumb\",\"itemListElement\":[{\"@type\":\"ListItem\",\"position\":1,\"name\":\"Portada\",\"item\":\"https:\/\/luchonoticias.com\/editor\/\"},{\"@type\":\"ListItem\",\"position\":2,\"name\":\"Petro anuncia priorizaci\u00f3n de inversi\u00f3n en el Litoral Pac\u00edfico, regi\u00f3n m\u00e1s pobre de Colombia\"}]},{\"@type\":\"WebSite\",\"@id\":\"https:\/\/luchonoticias.com\/editor\/#website\",\"url\":\"https:\/\/luchonoticias.com\/editor\/\",\"name\":\"\",\"description\":\"\",\"publisher\":{\"@id\":\"https:\/\/luchonoticias.com\/editor\/#\/schema\/person\/7a7fd911f58561fd056dbac7b55af9cd\"},\"potentialAction\":[{\"@type\":\"SearchAction\",\"target\":{\"@type\":\"EntryPoint\",\"urlTemplate\":\"https:\/\/luchonoticias.com\/editor\/?s={search_term_string}\"},\"query-input\":{\"@type\":\"PropertyValueSpecification\",\"valueRequired\":true,\"valueName\":\"search_term_string\"}}],\"inLanguage\":\"es\"},{\"@type\":[\"Person\",\"Organization\"],\"@id\":\"https:\/\/luchonoticias.com\/editor\/#\/schema\/person\/7a7fd911f58561fd056dbac7b55af9cd\",\"name\":\"admin\",\"image\":{\"@type\":\"ImageObject\",\"inLanguage\":\"es\",\"@id\":\"https:\/\/luchonoticias.com\/editor\/#\/schema\/person\/image\/\",\"url\":\"https:\/\/luchonoticias.com\/editor\/wp-content\/uploads\/2024\/02\/cropped-cropped-logolu.webp\",\"contentUrl\":\"https:\/\/luchonoticias.com\/editor\/wp-content\/uploads\/2024\/02\/cropped-cropped-logolu.webp\",\"width\":382,\"height\":170,\"caption\":\"admin\"},\"logo\":{\"@id\":\"https:\/\/luchonoticias.com\/editor\/#\/schema\/person\/image\/\"},\"sameAs\":[\"https:\/\/www.facebook.com\/luchonoticiasneiva\"],\"url\":\"https:\/\/luchonoticias.com\/editor\/author\/admin\/\"}]}<\/script>\n<!-- \/ Yoast SEO plugin. -->","yoast_head_json":{"title":"Petro anuncia priorizaci\u00f3n de inversi\u00f3n en el Litoral Pac\u00edfico, regi\u00f3n m\u00e1s pobre de Colombia -","robots":{"index":"index","follow":"follow","max-snippet":"max-snippet:-1","max-image-preview":"max-image-preview:large","max-video-preview":"max-video-preview:-1"},"canonical":"https:\/\/luchonoticias.com\/editor\/petro-anuncia-priorizacion-de-inversion-en-el-litoral-pacifico-region-mas-pobre-de-colombia\/","og_locale":"es_ES","og_type":"article","og_title":"Petro anuncia priorizaci\u00f3n de inversi\u00f3n en el Litoral Pac\u00edfico, regi\u00f3n m\u00e1s pobre de Colombia -","og_url":"https:\/\/luchonoticias.com\/editor\/petro-anuncia-priorizacion-de-inversion-en-el-litoral-pacifico-region-mas-pobre-de-colombia\/","article_publisher":"https:\/\/www.facebook.com\/luchonoticiasneiva","article_author":"https:\/\/www.facebook.com\/luchonoticiasneiva","article_published_time":"2022-08-11T11:26:59+00:00","article_modified_time":"2022-08-11T11:27:00+00:00","author":"admin","twitter_card":"summary_large_image","twitter_misc":{"Escrito por":"admin","Tiempo de lectura":"2 minutos"},"schema":{"@context":"https:\/\/schema.org","@graph":[{"@type":"Article","@id":"https:\/\/luchonoticias.com\/editor\/petro-anuncia-priorizacion-de-inversion-en-el-litoral-pacifico-region-mas-pobre-de-colombia\/#article","isPartOf":{"@id":"https:\/\/luchonoticias.com\/editor\/petro-anuncia-priorizacion-de-inversion-en-el-litoral-pacifico-region-mas-pobre-de-colombia\/"},"author":{"name":"admin","@id":"https:\/\/luchonoticias.com\/editor\/#\/schema\/person\/7a7fd911f58561fd056dbac7b55af9cd"},"headline":"Petro anuncia priorizaci\u00f3n de inversi\u00f3n en el Litoral Pac\u00edfico, regi\u00f3n m\u00e1s pobre de Colombia","datePublished":"2022-08-11T11:26:59+00:00","dateModified":"2022-08-11T11:27:00+00:00","mainEntityOfPage":{"@id":"https:\/\/luchonoticias.com\/editor\/petro-anuncia-priorizacion-de-inversion-en-el-litoral-pacifico-region-mas-pobre-de-colombia\/"},"wordCount":456,"commentCount":0,"publisher":{"@id":"https:\/\/luchonoticias.com\/editor\/#\/schema\/person\/7a7fd911f58561fd056dbac7b55af9cd"},"articleSection":["Destacado","Nacional"],"inLanguage":"es","potentialAction":[{"@type":"CommentAction","name":"Comment","target":["https:\/\/luchonoticias.com\/editor\/petro-anuncia-priorizacion-de-inversion-en-el-litoral-pacifico-region-mas-pobre-de-colombia\/#respond"]}]},{"@type":"WebPage","@id":"https:\/\/luchonoticias.com\/editor\/petro-anuncia-priorizacion-de-inversion-en-el-litoral-pacifico-region-mas-pobre-de-colombia\/","url":"https:\/\/luchonoticias.com\/editor\/petro-anuncia-priorizacion-de-inversion-en-el-litoral-pacifico-region-mas-pobre-de-colombia\/","name":"Petro anuncia priorizaci\u00f3n de inversi\u00f3n en el Litoral Pac\u00edfico, regi\u00f3n m\u00e1s pobre de Colombia -","isPartOf":{"@id":"https:\/\/luchonoticias.com\/editor\/#website"},"datePublished":"2022-08-11T11:26:59+00:00","dateModified":"2022-08-11T11:27:00+00:00","breadcrumb":{"@id":"https:\/\/luchonoticias.com\/editor\/petro-anuncia-priorizacion-de-inversion-en-el-litoral-pacifico-region-mas-pobre-de-colombia\/#breadcrumb"},"inLanguage":"es","potentialAction":[{"@type":"ReadAction","target":["https:\/\/luchonoticias.com\/editor\/petro-anuncia-priorizacion-de-inversion-en-el-litoral-pacifico-region-mas-pobre-de-colombia\/"]}]},{"@type":"BreadcrumbList","@id":"https:\/\/luchonoticias.com\/editor\/petro-anuncia-priorizacion-de-inversion-en-el-litoral-pacifico-region-mas-pobre-de-colombia\/#breadcrumb","itemListElement":[{"@type":"ListItem","position":1,"name":"Portada","item":"https:\/\/luchonoticias.com\/editor\/"},{"@type":"ListItem","position":2,"name":"Petro anuncia priorizaci\u00f3n de inversi\u00f3n en el Litoral Pac\u00edfico, regi\u00f3n m\u00e1s pobre de Colombia"}]},{"@type":"WebSite","@id":"https:\/\/luchonoticias.com\/editor\/#website","url":"https:\/\/luchonoticias.com\/editor\/","name":"","description":"","publisher":{"@id":"https:\/\/luchonoticias.com\/editor\/#\/schema\/person\/7a7fd911f58561fd056dbac7b55af9cd"},"potentialAction":[{"@type":"SearchAction","target":{"@type":"EntryPoint","urlTemplate":"https:\/\/luchonoticias.com\/editor\/?s={search_term_string}"},"query-input":{"@type":"PropertyValueSpecification","valueRequired":true,"valueName":"search_term_string"}}],"inLanguage":"es"},{"@type":["Person","Organization"],"@id":"https:\/\/luchonoticias.com\/editor\/#\/schema\/person\/7a7fd911f58561fd056dbac7b55af9cd","name":"admin","image":{"@type":"ImageObject","inLanguage":"es","@id":"https:\/\/luchonoticias.com\/editor\/#\/schema\/person\/image\/","url":"https:\/\/luchonoticias.com\/editor\/wp-content\/uploads\/2024\/02\/cropped-cropped-logolu.webp","contentUrl":"https:\/\/luchonoticias.com\/editor\/wp-content\/uploads\/2024\/02\/cropped-cropped-logolu.webp","width":382,"height":170,"caption":"admin"},"logo":{"@id":"https:\/\/luchonoticias.com\/editor\/#\/schema\/person\/image\/"},"sameAs":["https:\/\/www.facebook.com\/luchonoticiasneiva"],"url":"https:\/\/luchonoticias.com\/editor\/author\/admin\/"}]}},"_links":{"self":[{"href":"https:\/\/luchonoticias.com\/editor\/wp-json\/wp\/v2\/posts\/31871","targetHints":{"allow":["GET"]}}],"collection":[{"href":"https:\/\/luchonoticias.com\/editor\/wp-json\/wp\/v2\/posts"}],"about":[{"href":"https:\/\/luchonoticias.com\/editor\/wp-json\/wp\/v2\/types\/post"}],"author":[{"embeddable":true,"href":"https:\/\/luchonoticias.com\/editor\/wp-json\/wp\/v2\/users\/1"}],"replies":[{"embeddable":true,"href":"https:\/\/luchonoticias.com\/editor\/wp-json\/wp\/v2\/comments?post=31871"}],"version-history":[{"count":0,"href":"https:\/\/luchonoticias.com\/editor\/wp-json\/wp\/v2\/posts\/31871\/revisions"}],"wp:attachment":[{"href":"https:\/\/luchonoticias.com\/editor\/wp-json\/wp\/v2\/media?parent=31871"}],"wp:term":[{"taxonomy":"category","embeddable":true,"href":"https:\/\/luchonoticias.com\/editor\/wp-json\/wp\/v2\/categories?post=31871"},{"taxonomy":"post_tag","embeddable":true,"href":"https:\/\/luchonoticias.com\/editor\/wp-json\/wp\/v2\/tags?post=31871"}],"curies":[{"name":"wp","href":"https:\/\/api.w.org\/{rel}","templated":true}]}}