{"id":31874,"date":"2022-08-11T06:28:53","date_gmt":"2022-08-11T11:28:53","guid":{"rendered":"https:\/\/luchonoticias.com\/?p=31874"},"modified":"2022-08-11T06:28:54","modified_gmt":"2022-08-11T11:28:54","slug":"petro-ratifica-ante-alcaldesas-y-alcaldes-del-litoral-pacifico-que-esta-abierto-al-dialogo-regional","status":"publish","type":"post","link":"https:\/\/luchonoticias.com\/editor\/petro-ratifica-ante-alcaldesas-y-alcaldes-del-litoral-pacifico-que-esta-abierto-al-dialogo-regional\/","title":{"rendered":"Petro ratifica ante alcaldesas y alcaldes del litoral Pac\u00edfico que est\u00e1 abierto al di\u00e1logo regional"},"content":{"rendered":"\n<p>Enfrentar la desigualdad que soporta desde hace d\u00e9cadas y siglos el Litoral Pac\u00edfico, pasa por acciones como los di\u00e1logos regionales planteados por el Presidente, Gustavo Petro, quien ratific\u00f3 que el Gobierno est\u00e1 abierto a escuchar a las y los mandatarios locales.<\/p>\n\n\n\n<p>As\u00ed lo manifest\u00f3 durante la Primera Cumbre de Alcaldesas y Alcaldes de esta regi\u00f3n, que se llev\u00f3 a cabo en la capital vallecaucana, este martes y mi\u00e9rcoles, con la presencia de m\u00e1s de 60 mandatarios y mandatarias del litoral chocoano, caucano, vallecaucano y nari\u00f1ense, as\u00ed como de los gobernadores y gobernadoras.<\/p>\n\n\n\n<p>En su intervenci\u00f3n, el Presidente agreg\u00f3 que son ellos y ellas quienes tienen un papel fundamental en el impulso al potencial de desarrollo que caracterizan a las regiones de Colombia, como el Pac\u00edfico colombiano.<\/p>\n\n\n\n<p>\u201cEl di\u00e1logo regional es para incidir en el Plan (Nacional) de Desarrollo. Por eso, se llama \u2018vinculante\u2019; es para entrar a la ley de inversiones del Plan de Desarrollo de los pr\u00f3ximos cuatro a\u00f1os. Los alcaldes y las alcaldesas aqu\u00ed tienen un papel, que son parte y constructores del di\u00e1logo regional\u201d, afirm\u00f3.<\/p>\n\n\n\n<p>Por ejemplo, mencion\u00f3 que este di\u00e1logo tambi\u00e9n es clave para la resoluci\u00f3n de conflictos, como el que se registra en el norte del departamento del Cauca.<\/p>\n\n\n\n<p>\u201cS\u00ed, los se\u00f1ores de la ca\u00f1a, tanto los que usan la tierra como los propietarios, que son afro, como los ind\u00edgenas \u2014que entonces quieren tierra\u2014, para ver si es posible una salida concertada que no termine, a trav\u00e9s de la violencia, agudizando las relaciones en el norte del Cauca\u201d, declar\u00f3.<\/p>\n\n\n\n<p>El Jefe de Estado escuch\u00f3 a los alcaldes y alcaldesas, quienes le entregaron un recado, el medio de comunicaci\u00f3n tradicional del Pac\u00edfico, con el que las comunidades rurales y urbanas de la regi\u00f3n se env\u00edan noticias, razones, remedios, dinero, canciones, an\u00e9cdotas y bebidas tradicionales, entre otros elementos.<\/p>\n\n\n\n<p>En esta ocasi\u00f3n, el recado contiene las propuestas de los y las alcaldesas para que se incluyan en las discusiones del pr\u00f3ximo Plan Nacional de Desarrollo del Gobierno que escucha a las regiones de Colombia.<\/p>\n","protected":false},"excerpt":{"rendered":"<p>Enfrentar la desigualdad que soporta desde hace d\u00e9cadas y siglos el Litoral Pac\u00edfico, pasa por acciones como los di\u00e1logos regionales planteados por el Presidente, Gustavo Petro, quien ratific\u00f3 que el Gobierno est\u00e1 abierto a escuchar a las y los mandatarios locales. As\u00ed lo manifest\u00f3 durante la Primera Cumbre de Alcaldesas y Alcaldes de esta regi\u00f3n, [&hellip;]<\/p>\n","protected":false},"author":1,"featured_media":0,"comment_status":"open","ping_status":"open","sticky":false,"template":"","format":"standard","meta":{"footnotes":""},"categories":[36,32],"tags":[],"class_list":["post-31874","post","type-post","status-publish","format-standard","hentry","category-destacado","category-nacional"],"yoast_head":"<!-- This site is optimized with the Yoast SEO plugin v26.6 - https:\/\/yoast.com\/wordpress\/plugins\/seo\/ -->\n<title>Petro ratifica ante alcaldesas y alcaldes del litoral Pac\u00edfico que est\u00e1 abierto al di\u00e1logo regional -<\/title>\n<meta name=\"robots\" content=\"index, follow, max-snippet:-1, max-image-preview:large, max-video-preview:-1\" \/>\n<link rel=\"canonical\" href=\"https:\/\/luchonoticias.com\/editor\/petro-ratifica-ante-alcaldesas-y-alcaldes-del-litoral-pacifico-que-esta-abierto-al-dialogo-regional\/\" \/>\n<meta property=\"og:locale\" content=\"es_ES\" \/>\n<meta property=\"og:type\" content=\"article\" \/>\n<meta property=\"og:title\" content=\"Petro ratifica ante alcaldesas y alcaldes del litoral Pac\u00edfico que est\u00e1 abierto al di\u00e1logo regional -\" \/>\n<meta property=\"og:url\" content=\"https:\/\/luchonoticias.com\/editor\/petro-ratifica-ante-alcaldesas-y-alcaldes-del-litoral-pacifico-que-esta-abierto-al-dialogo-regional\/\" \/>\n<meta property=\"article:publisher\" content=\"https:\/\/www.facebook.com\/luchonoticiasneiva\" \/>\n<meta property=\"article:author\" content=\"https:\/\/www.facebook.com\/luchonoticiasneiva\" \/>\n<meta property=\"article:published_time\" content=\"2022-08-11T11:28:53+00:00\" \/>\n<meta property=\"article:modified_time\" content=\"2022-08-11T11:28:54+00:00\" \/>\n<meta name=\"author\" content=\"admin\" \/>\n<meta name=\"twitter:card\" content=\"summary_large_image\" \/>\n<meta name=\"twitter:label1\" content=\"Escrito por\" \/>\n\t<meta name=\"twitter:data1\" content=\"admin\" \/>\n\t<meta name=\"twitter:label2\" content=\"Tiempo de lectura\" \/>\n\t<meta name=\"twitter:data2\" content=\"2 minutos\" \/>\n<script type=\"application\/ld+json\" class=\"yoast-schema-graph\">{\"@context\":\"https:\/\/schema.org\",\"@graph\":[{\"@type\":\"Article\",\"@id\":\"https:\/\/luchonoticias.com\/editor\/petro-ratifica-ante-alcaldesas-y-alcaldes-del-litoral-pacifico-que-esta-abierto-al-dialogo-regional\/#article\",\"isPartOf\":{\"@id\":\"https:\/\/luchonoticias.com\/editor\/petro-ratifica-ante-alcaldesas-y-alcaldes-del-litoral-pacifico-que-esta-abierto-al-dialogo-regional\/\"},\"author\":{\"name\":\"admin\",\"@id\":\"https:\/\/luchonoticias.com\/editor\/#\/schema\/person\/7a7fd911f58561fd056dbac7b55af9cd\"},\"headline\":\"Petro ratifica ante alcaldesas y alcaldes del litoral Pac\u00edfico que est\u00e1 abierto al di\u00e1logo regional\",\"datePublished\":\"2022-08-11T11:28:53+00:00\",\"dateModified\":\"2022-08-11T11:28:54+00:00\",\"mainEntityOfPage\":{\"@id\":\"https:\/\/luchonoticias.com\/editor\/petro-ratifica-ante-alcaldesas-y-alcaldes-del-litoral-pacifico-que-esta-abierto-al-dialogo-regional\/\"},\"wordCount\":379,\"commentCount\":0,\"publisher\":{\"@id\":\"https:\/\/luchonoticias.com\/editor\/#\/schema\/person\/7a7fd911f58561fd056dbac7b55af9cd\"},\"articleSection\":[\"Destacado\",\"Nacional\"],\"inLanguage\":\"es\",\"potentialAction\":[{\"@type\":\"CommentAction\",\"name\":\"Comment\",\"target\":[\"https:\/\/luchonoticias.com\/editor\/petro-ratifica-ante-alcaldesas-y-alcaldes-del-litoral-pacifico-que-esta-abierto-al-dialogo-regional\/#respond\"]}]},{\"@type\":\"WebPage\",\"@id\":\"https:\/\/luchonoticias.com\/editor\/petro-ratifica-ante-alcaldesas-y-alcaldes-del-litoral-pacifico-que-esta-abierto-al-dialogo-regional\/\",\"url\":\"https:\/\/luchonoticias.com\/editor\/petro-ratifica-ante-alcaldesas-y-alcaldes-del-litoral-pacifico-que-esta-abierto-al-dialogo-regional\/\",\"name\":\"Petro ratifica ante alcaldesas y alcaldes del litoral Pac\u00edfico que est\u00e1 abierto al di\u00e1logo regional -\",\"isPartOf\":{\"@id\":\"https:\/\/luchonoticias.com\/editor\/#website\"},\"datePublished\":\"2022-08-11T11:28:53+00:00\",\"dateModified\":\"2022-08-11T11:28:54+00:00\",\"breadcrumb\":{\"@id\":\"https:\/\/luchonoticias.com\/editor\/petro-ratifica-ante-alcaldesas-y-alcaldes-del-litoral-pacifico-que-esta-abierto-al-dialogo-regional\/#breadcrumb\"},\"inLanguage\":\"es\",\"potentialAction\":[{\"@type\":\"ReadAction\",\"target\":[\"https:\/\/luchonoticias.com\/editor\/petro-ratifica-ante-alcaldesas-y-alcaldes-del-litoral-pacifico-que-esta-abierto-al-dialogo-regional\/\"]}]},{\"@type\":\"BreadcrumbList\",\"@id\":\"https:\/\/luchonoticias.com\/editor\/petro-ratifica-ante-alcaldesas-y-alcaldes-del-litoral-pacifico-que-esta-abierto-al-dialogo-regional\/#breadcrumb\",\"itemListElement\":[{\"@type\":\"ListItem\",\"position\":1,\"name\":\"Portada\",\"item\":\"https:\/\/luchonoticias.com\/editor\/\"},{\"@type\":\"ListItem\",\"position\":2,\"name\":\"Petro ratifica ante alcaldesas y alcaldes del litoral Pac\u00edfico que est\u00e1 abierto al di\u00e1logo regional\"}]},{\"@type\":\"WebSite\",\"@id\":\"https:\/\/luchonoticias.com\/editor\/#website\",\"url\":\"https:\/\/luchonoticias.com\/editor\/\",\"name\":\"\",\"description\":\"\",\"publisher\":{\"@id\":\"https:\/\/luchonoticias.com\/editor\/#\/schema\/person\/7a7fd911f58561fd056dbac7b55af9cd\"},\"potentialAction\":[{\"@type\":\"SearchAction\",\"target\":{\"@type\":\"EntryPoint\",\"urlTemplate\":\"https:\/\/luchonoticias.com\/editor\/?s={search_term_string}\"},\"query-input\":{\"@type\":\"PropertyValueSpecification\",\"valueRequired\":true,\"valueName\":\"search_term_string\"}}],\"inLanguage\":\"es\"},{\"@type\":[\"Person\",\"Organization\"],\"@id\":\"https:\/\/luchonoticias.com\/editor\/#\/schema\/person\/7a7fd911f58561fd056dbac7b55af9cd\",\"name\":\"admin\",\"image\":{\"@type\":\"ImageObject\",\"inLanguage\":\"es\",\"@id\":\"https:\/\/luchonoticias.com\/editor\/#\/schema\/person\/image\/\",\"url\":\"https:\/\/luchonoticias.com\/editor\/wp-content\/uploads\/2024\/02\/cropped-cropped-logolu.webp\",\"contentUrl\":\"https:\/\/luchonoticias.com\/editor\/wp-content\/uploads\/2024\/02\/cropped-cropped-logolu.webp\",\"width\":382,\"height\":170,\"caption\":\"admin\"},\"logo\":{\"@id\":\"https:\/\/luchonoticias.com\/editor\/#\/schema\/person\/image\/\"},\"sameAs\":[\"https:\/\/www.facebook.com\/luchonoticiasneiva\"],\"url\":\"https:\/\/luchonoticias.com\/editor\/author\/admin\/\"}]}<\/script>\n<!-- \/ Yoast SEO plugin. -->","yoast_head_json":{"title":"Petro ratifica ante alcaldesas y alcaldes del litoral Pac\u00edfico que est\u00e1 abierto al di\u00e1logo regional -","robots":{"index":"index","follow":"follow","max-snippet":"max-snippet:-1","max-image-preview":"max-image-preview:large","max-video-preview":"max-video-preview:-1"},"canonical":"https:\/\/luchonoticias.com\/editor\/petro-ratifica-ante-alcaldesas-y-alcaldes-del-litoral-pacifico-que-esta-abierto-al-dialogo-regional\/","og_locale":"es_ES","og_type":"article","og_title":"Petro ratifica ante alcaldesas y alcaldes del litoral Pac\u00edfico que est\u00e1 abierto al di\u00e1logo regional -","og_url":"https:\/\/luchonoticias.com\/editor\/petro-ratifica-ante-alcaldesas-y-alcaldes-del-litoral-pacifico-que-esta-abierto-al-dialogo-regional\/","article_publisher":"https:\/\/www.facebook.com\/luchonoticiasneiva","article_author":"https:\/\/www.facebook.com\/luchonoticiasneiva","article_published_time":"2022-08-11T11:28:53+00:00","article_modified_time":"2022-08-11T11:28:54+00:00","author":"admin","twitter_card":"summary_large_image","twitter_misc":{"Escrito por":"admin","Tiempo de lectura":"2 minutos"},"schema":{"@context":"https:\/\/schema.org","@graph":[{"@type":"Article","@id":"https:\/\/luchonoticias.com\/editor\/petro-ratifica-ante-alcaldesas-y-alcaldes-del-litoral-pacifico-que-esta-abierto-al-dialogo-regional\/#article","isPartOf":{"@id":"https:\/\/luchonoticias.com\/editor\/petro-ratifica-ante-alcaldesas-y-alcaldes-del-litoral-pacifico-que-esta-abierto-al-dialogo-regional\/"},"author":{"name":"admin","@id":"https:\/\/luchonoticias.com\/editor\/#\/schema\/person\/7a7fd911f58561fd056dbac7b55af9cd"},"headline":"Petro ratifica ante alcaldesas y alcaldes del litoral Pac\u00edfico que est\u00e1 abierto al di\u00e1logo regional","datePublished":"2022-08-11T11:28:53+00:00","dateModified":"2022-08-11T11:28:54+00:00","mainEntityOfPage":{"@id":"https:\/\/luchonoticias.com\/editor\/petro-ratifica-ante-alcaldesas-y-alcaldes-del-litoral-pacifico-que-esta-abierto-al-dialogo-regional\/"},"wordCount":379,"commentCount":0,"publisher":{"@id":"https:\/\/luchonoticias.com\/editor\/#\/schema\/person\/7a7fd911f58561fd056dbac7b55af9cd"},"articleSection":["Destacado","Nacional"],"inLanguage":"es","potentialAction":[{"@type":"CommentAction","name":"Comment","target":["https:\/\/luchonoticias.com\/editor\/petro-ratifica-ante-alcaldesas-y-alcaldes-del-litoral-pacifico-que-esta-abierto-al-dialogo-regional\/#respond"]}]},{"@type":"WebPage","@id":"https:\/\/luchonoticias.com\/editor\/petro-ratifica-ante-alcaldesas-y-alcaldes-del-litoral-pacifico-que-esta-abierto-al-dialogo-regional\/","url":"https:\/\/luchonoticias.com\/editor\/petro-ratifica-ante-alcaldesas-y-alcaldes-del-litoral-pacifico-que-esta-abierto-al-dialogo-regional\/","name":"Petro ratifica ante alcaldesas y alcaldes del litoral Pac\u00edfico que est\u00e1 abierto al di\u00e1logo regional -","isPartOf":{"@id":"https:\/\/luchonoticias.com\/editor\/#website"},"datePublished":"2022-08-11T11:28:53+00:00","dateModified":"2022-08-11T11:28:54+00:00","breadcrumb":{"@id":"https:\/\/luchonoticias.com\/editor\/petro-ratifica-ante-alcaldesas-y-alcaldes-del-litoral-pacifico-que-esta-abierto-al-dialogo-regional\/#breadcrumb"},"inLanguage":"es","potentialAction":[{"@type":"ReadAction","target":["https:\/\/luchonoticias.com\/editor\/petro-ratifica-ante-alcaldesas-y-alcaldes-del-litoral-pacifico-que-esta-abierto-al-dialogo-regional\/"]}]},{"@type":"BreadcrumbList","@id":"https:\/\/luchonoticias.com\/editor\/petro-ratifica-ante-alcaldesas-y-alcaldes-del-litoral-pacifico-que-esta-abierto-al-dialogo-regional\/#breadcrumb","itemListElement":[{"@type":"ListItem","position":1,"name":"Portada","item":"https:\/\/luchonoticias.com\/editor\/"},{"@type":"ListItem","position":2,"name":"Petro ratifica ante alcaldesas y alcaldes del litoral Pac\u00edfico que est\u00e1 abierto al di\u00e1logo regional"}]},{"@type":"WebSite","@id":"https:\/\/luchonoticias.com\/editor\/#website","url":"https:\/\/luchonoticias.com\/editor\/","name":"","description":"","publisher":{"@id":"https:\/\/luchonoticias.com\/editor\/#\/schema\/person\/7a7fd911f58561fd056dbac7b55af9cd"},"potentialAction":[{"@type":"SearchAction","target":{"@type":"EntryPoint","urlTemplate":"https:\/\/luchonoticias.com\/editor\/?s={search_term_string}"},"query-input":{"@type":"PropertyValueSpecification","valueRequired":true,"valueName":"search_term_string"}}],"inLanguage":"es"},{"@type":["Person","Organization"],"@id":"https:\/\/luchonoticias.com\/editor\/#\/schema\/person\/7a7fd911f58561fd056dbac7b55af9cd","name":"admin","image":{"@type":"ImageObject","inLanguage":"es","@id":"https:\/\/luchonoticias.com\/editor\/#\/schema\/person\/image\/","url":"https:\/\/luchonoticias.com\/editor\/wp-content\/uploads\/2024\/02\/cropped-cropped-logolu.webp","contentUrl":"https:\/\/luchonoticias.com\/editor\/wp-content\/uploads\/2024\/02\/cropped-cropped-logolu.webp","width":382,"height":170,"caption":"admin"},"logo":{"@id":"https:\/\/luchonoticias.com\/editor\/#\/schema\/person\/image\/"},"sameAs":["https:\/\/www.facebook.com\/luchonoticiasneiva"],"url":"https:\/\/luchonoticias.com\/editor\/author\/admin\/"}]}},"_links":{"self":[{"href":"https:\/\/luchonoticias.com\/editor\/wp-json\/wp\/v2\/posts\/31874","targetHints":{"allow":["GET"]}}],"collection":[{"href":"https:\/\/luchonoticias.com\/editor\/wp-json\/wp\/v2\/posts"}],"about":[{"href":"https:\/\/luchonoticias.com\/editor\/wp-json\/wp\/v2\/types\/post"}],"author":[{"embeddable":true,"href":"https:\/\/luchonoticias.com\/editor\/wp-json\/wp\/v2\/users\/1"}],"replies":[{"embeddable":true,"href":"https:\/\/luchonoticias.com\/editor\/wp-json\/wp\/v2\/comments?post=31874"}],"version-history":[{"count":0,"href":"https:\/\/luchonoticias.com\/editor\/wp-json\/wp\/v2\/posts\/31874\/revisions"}],"wp:attachment":[{"href":"https:\/\/luchonoticias.com\/editor\/wp-json\/wp\/v2\/media?parent=31874"}],"wp:term":[{"taxonomy":"category","embeddable":true,"href":"https:\/\/luchonoticias.com\/editor\/wp-json\/wp\/v2\/categories?post=31874"},{"taxonomy":"post_tag","embeddable":true,"href":"https:\/\/luchonoticias.com\/editor\/wp-json\/wp\/v2\/tags?post=31874"}],"curies":[{"name":"wp","href":"https:\/\/api.w.org\/{rel}","templated":true}]}}