{"id":31877,"date":"2022-08-11T06:32:54","date_gmt":"2022-08-11T11:32:54","guid":{"rendered":"https:\/\/luchonoticias.com\/?p=31877"},"modified":"2022-08-11T06:32:55","modified_gmt":"2022-08-11T11:32:55","slug":"a-pocos-dias-de-vivir-paladar-el-evento-gastronomico-mas-grande-de-neiva","status":"publish","type":"post","link":"https:\/\/luchonoticias.com\/editor\/a-pocos-dias-de-vivir-paladar-el-evento-gastronomico-mas-grande-de-neiva\/","title":{"rendered":"A pocos d\u00edas de vivir \u2018Paladar\u2019, el evento gastron\u00f3mico m\u00e1s grande de Neiva"},"content":{"rendered":"\n<p>El prop\u00f3sito de la Administraci\u00f3n Municipal es seguir reactivando la econom\u00eda en el municipio de Neiva, por eso a trav\u00e9s de la Oficina de Internacionalizaci\u00f3n y Proyectos se llevar\u00e1 a cabo un evento gastron\u00f3mico de talla mundial: \u2018Paladar\u2019, que contar\u00e1 con invitados internacionales, nacionales y locales.<\/p>\n\n\n\n<p>\u201cEsto se realiza con el objetivo de poco a poco seguir trabajando, no solamente en el tema internacional para que Neiva sea tenido en cuenta, visualizado en el turismo rural, y otros aspectos como la gastronom\u00eda, la hoteler\u00eda, el transporte, y todo lo que conlleva la reactivaci\u00f3n econ\u00f3mica, es atacar el desempleo, organizar y motivarnos para que nos tengan en cuenta con m\u00e1s rutas a\u00e9reas\u201d, expres\u00f3 el alcalde de Neiva, Gorky Mu\u00f1oz Calder\u00f3n.<\/p>\n\n\n\n<figure class=\"wp-block-gallery has-nested-images columns-default is-cropped wp-block-gallery-1 is-layout-flex wp-block-gallery-is-layout-flex\">\n<figure class=\"wp-block-image size-large\"><img decoding=\"async\" data-id=\"31880\" src=\"https:\/\/luchonoticias.com\/wp-content\/uploads\/2022\/08\/WhatsApp-Image-2022-08-10-at-7.10.00-PM-1-1024x682.jpeg\" alt=\"\" class=\"wp-image-31880\"\/><\/figure>\n\n\n\n<figure class=\"wp-block-image size-large\"><img decoding=\"async\" data-id=\"31879\" src=\"https:\/\/luchonoticias.com\/wp-content\/uploads\/2022\/08\/WhatsApp-Image-2022-08-10-at-7.10.00-PM-1024x682.jpeg\" alt=\"\" class=\"wp-image-31879\"\/><\/figure>\n<\/figure>\n\n\n\n<p>A su vez reiter\u00f3 lo importante que ha sido la hoja de ruta que se ha trazado con el fin de seguir aumentando el empleo en la ciudad, y de c\u00f3mo se ha ido mejorando luego de pasar por un largo periodo de pandemia.<\/p>\n\n\n\n<p>\u201cLa hoja de ruta ha sido maravillosa, planeada, no hay nada al azar, y en la medida que hemos venido avanzando, ah\u00ed est\u00e1n los resultados, 11.1% despu\u00e9s de estar en el 40%, la quinta ciudad con menos desempleo y eso es lo que hemos venido realizando\u201d, sostuvo el mandatario local.<\/p>\n\n\n\n<p>Es transcendental destacar que, el objetivo de Paladar es atraer cada vez m\u00e1s visitantes internacionales, pero que tambi\u00e9n poblaci\u00f3n local y nacional pueda visitarnos. Es as\u00ed como este viernes, se dar\u00e1 apertura a Paladar, donde Neiva vivir\u00e1 tres d\u00edas llenos de mucha gastronom\u00eda, m\u00fasica, y fiesta.<\/p>\n\n\n\n<figure class=\"wp-block-gallery has-nested-images columns-default is-cropped wp-block-gallery-2 is-layout-flex wp-block-gallery-is-layout-flex\">\n<figure class=\"wp-block-image size-large\"><img decoding=\"async\" data-id=\"31881\" src=\"https:\/\/luchonoticias.com\/wp-content\/uploads\/2022\/08\/WhatsApp-Image-2022-08-10-at-7.10.01-PM-2-1024x682.jpeg\" alt=\"\" class=\"wp-image-31881\"\/><\/figure>\n\n\n\n<figure class=\"wp-block-image size-large\"><img decoding=\"async\" data-id=\"31882\" src=\"https:\/\/luchonoticias.com\/wp-content\/uploads\/2022\/08\/WhatsApp-Image-2022-08-10-at-7.10.01-PM-1-1024x682.jpeg\" alt=\"\" class=\"wp-image-31882\"\/><\/figure>\n<\/figure>\n\n\n\n<p>\u201cTuvimos la \u00faltima reuni\u00f3n con los restaurantes que participar\u00e1n, muchos de ellos beneficiarios que se inscribieron en el link gratuito, la convocatoria abierta que hizo la Alcald\u00eda, en total son 42 experiencias gastron\u00f3micas que van a estar all\u00ed, incluyendo emprendedores. Quiero invitarlos para que desde este viernes a las cuatro de la tarde asistan a la plazoleta del Malec\u00f3n del R\u00edo Magdalena y podamos disfrutar de tres d\u00edas de gastronom\u00eda, con invitados nacionales e internacionales y sobre todo disfrutar y degustar de lo que somos a nivel gastron\u00f3mico y de cocina en la ciudad de Neiva\u201d, indic\u00f3 Rafael S\u00e1nchez D\u00edaz, jefe de la Oficina de Internacionalizaci\u00f3n y Proyectos.<\/p>\n","protected":false},"excerpt":{"rendered":"<p>El prop\u00f3sito de la Administraci\u00f3n Municipal es seguir reactivando la econom\u00eda en el municipio de Neiva, por eso a trav\u00e9s de la Oficina de Internacionalizaci\u00f3n y Proyectos se llevar\u00e1 a cabo un evento gastron\u00f3mico de talla mundial: \u2018Paladar\u2019, que contar\u00e1 con invitados internacionales, nacionales y locales. \u201cEsto se realiza con el objetivo de poco a [&hellip;]<\/p>\n","protected":false},"author":1,"featured_media":0,"comment_status":"open","ping_status":"open","sticky":false,"template":"","format":"standard","meta":{"footnotes":""},"categories":[36,53],"tags":[],"class_list":["post-31877","post","type-post","status-publish","format-standard","hentry","category-destacado","category-neiva"],"yoast_head":"<!-- This site is optimized with the Yoast SEO plugin v26.6 - https:\/\/yoast.com\/wordpress\/plugins\/seo\/ -->\n<title>A pocos d\u00edas de vivir \u2018Paladar\u2019, el evento gastron\u00f3mico m\u00e1s grande de Neiva -<\/title>\n<meta name=\"robots\" content=\"index, follow, max-snippet:-1, max-image-preview:large, max-video-preview:-1\" \/>\n<link rel=\"canonical\" href=\"https:\/\/luchonoticias.com\/editor\/a-pocos-dias-de-vivir-paladar-el-evento-gastronomico-mas-grande-de-neiva\/\" \/>\n<meta property=\"og:locale\" content=\"es_ES\" \/>\n<meta property=\"og:type\" content=\"article\" \/>\n<meta property=\"og:title\" content=\"A pocos d\u00edas de vivir \u2018Paladar\u2019, el evento gastron\u00f3mico m\u00e1s grande de Neiva -\" \/>\n<meta property=\"og:url\" content=\"https:\/\/luchonoticias.com\/editor\/a-pocos-dias-de-vivir-paladar-el-evento-gastronomico-mas-grande-de-neiva\/\" \/>\n<meta property=\"article:publisher\" content=\"https:\/\/www.facebook.com\/luchonoticiasneiva\" \/>\n<meta property=\"article:author\" content=\"https:\/\/www.facebook.com\/luchonoticiasneiva\" \/>\n<meta property=\"article:published_time\" content=\"2022-08-11T11:32:54+00:00\" \/>\n<meta property=\"article:modified_time\" content=\"2022-08-11T11:32:55+00:00\" \/>\n<meta property=\"og:image\" content=\"https:\/\/luchonoticias.com\/wp-content\/uploads\/2022\/08\/WhatsApp-Image-2022-08-10-at-7.10.00-PM-1-1024x682.jpeg\" \/>\n<meta name=\"author\" content=\"admin\" \/>\n<meta name=\"twitter:card\" content=\"summary_large_image\" \/>\n<meta name=\"twitter:label1\" content=\"Escrito por\" \/>\n\t<meta name=\"twitter:data1\" content=\"admin\" \/>\n\t<meta name=\"twitter:label2\" content=\"Tiempo de lectura\" \/>\n\t<meta name=\"twitter:data2\" content=\"2 minutos\" \/>\n<script type=\"application\/ld+json\" class=\"yoast-schema-graph\">{\"@context\":\"https:\/\/schema.org\",\"@graph\":[{\"@type\":\"Article\",\"@id\":\"https:\/\/luchonoticias.com\/editor\/a-pocos-dias-de-vivir-paladar-el-evento-gastronomico-mas-grande-de-neiva\/#article\",\"isPartOf\":{\"@id\":\"https:\/\/luchonoticias.com\/editor\/a-pocos-dias-de-vivir-paladar-el-evento-gastronomico-mas-grande-de-neiva\/\"},\"author\":{\"name\":\"admin\",\"@id\":\"https:\/\/luchonoticias.com\/editor\/#\/schema\/person\/7a7fd911f58561fd056dbac7b55af9cd\"},\"headline\":\"A pocos d\u00edas de vivir \u2018Paladar\u2019, el evento gastron\u00f3mico m\u00e1s grande de Neiva\",\"datePublished\":\"2022-08-11T11:32:54+00:00\",\"dateModified\":\"2022-08-11T11:32:55+00:00\",\"mainEntityOfPage\":{\"@id\":\"https:\/\/luchonoticias.com\/editor\/a-pocos-dias-de-vivir-paladar-el-evento-gastronomico-mas-grande-de-neiva\/\"},\"wordCount\":415,\"commentCount\":0,\"publisher\":{\"@id\":\"https:\/\/luchonoticias.com\/editor\/#\/schema\/person\/7a7fd911f58561fd056dbac7b55af9cd\"},\"image\":{\"@id\":\"https:\/\/luchonoticias.com\/editor\/a-pocos-dias-de-vivir-paladar-el-evento-gastronomico-mas-grande-de-neiva\/#primaryimage\"},\"thumbnailUrl\":\"https:\/\/luchonoticias.com\/wp-content\/uploads\/2022\/08\/WhatsApp-Image-2022-08-10-at-7.10.00-PM-1-1024x682.jpeg\",\"articleSection\":[\"Destacado\",\"Neiva\"],\"inLanguage\":\"es\",\"potentialAction\":[{\"@type\":\"CommentAction\",\"name\":\"Comment\",\"target\":[\"https:\/\/luchonoticias.com\/editor\/a-pocos-dias-de-vivir-paladar-el-evento-gastronomico-mas-grande-de-neiva\/#respond\"]}]},{\"@type\":\"WebPage\",\"@id\":\"https:\/\/luchonoticias.com\/editor\/a-pocos-dias-de-vivir-paladar-el-evento-gastronomico-mas-grande-de-neiva\/\",\"url\":\"https:\/\/luchonoticias.com\/editor\/a-pocos-dias-de-vivir-paladar-el-evento-gastronomico-mas-grande-de-neiva\/\",\"name\":\"A pocos d\u00edas de vivir \u2018Paladar\u2019, el evento gastron\u00f3mico m\u00e1s grande de Neiva -\",\"isPartOf\":{\"@id\":\"https:\/\/luchonoticias.com\/editor\/#website\"},\"primaryImageOfPage\":{\"@id\":\"https:\/\/luchonoticias.com\/editor\/a-pocos-dias-de-vivir-paladar-el-evento-gastronomico-mas-grande-de-neiva\/#primaryimage\"},\"image\":{\"@id\":\"https:\/\/luchonoticias.com\/editor\/a-pocos-dias-de-vivir-paladar-el-evento-gastronomico-mas-grande-de-neiva\/#primaryimage\"},\"thumbnailUrl\":\"https:\/\/luchonoticias.com\/wp-content\/uploads\/2022\/08\/WhatsApp-Image-2022-08-10-at-7.10.00-PM-1-1024x682.jpeg\",\"datePublished\":\"2022-08-11T11:32:54+00:00\",\"dateModified\":\"2022-08-11T11:32:55+00:00\",\"breadcrumb\":{\"@id\":\"https:\/\/luchonoticias.com\/editor\/a-pocos-dias-de-vivir-paladar-el-evento-gastronomico-mas-grande-de-neiva\/#breadcrumb\"},\"inLanguage\":\"es\",\"potentialAction\":[{\"@type\":\"ReadAction\",\"target\":[\"https:\/\/luchonoticias.com\/editor\/a-pocos-dias-de-vivir-paladar-el-evento-gastronomico-mas-grande-de-neiva\/\"]}]},{\"@type\":\"ImageObject\",\"inLanguage\":\"es\",\"@id\":\"https:\/\/luchonoticias.com\/editor\/a-pocos-dias-de-vivir-paladar-el-evento-gastronomico-mas-grande-de-neiva\/#primaryimage\",\"url\":\"https:\/\/luchonoticias.com\/wp-content\/uploads\/2022\/08\/WhatsApp-Image-2022-08-10-at-7.10.00-PM-1-1024x682.jpeg\",\"contentUrl\":\"https:\/\/luchonoticias.com\/wp-content\/uploads\/2022\/08\/WhatsApp-Image-2022-08-10-at-7.10.00-PM-1-1024x682.jpeg\"},{\"@type\":\"BreadcrumbList\",\"@id\":\"https:\/\/luchonoticias.com\/editor\/a-pocos-dias-de-vivir-paladar-el-evento-gastronomico-mas-grande-de-neiva\/#breadcrumb\",\"itemListElement\":[{\"@type\":\"ListItem\",\"position\":1,\"name\":\"Portada\",\"item\":\"https:\/\/luchonoticias.com\/editor\/\"},{\"@type\":\"ListItem\",\"position\":2,\"name\":\"A pocos d\u00edas de vivir \u2018Paladar\u2019, el evento gastron\u00f3mico m\u00e1s grande de Neiva\"}]},{\"@type\":\"WebSite\",\"@id\":\"https:\/\/luchonoticias.com\/editor\/#website\",\"url\":\"https:\/\/luchonoticias.com\/editor\/\",\"name\":\"\",\"description\":\"\",\"publisher\":{\"@id\":\"https:\/\/luchonoticias.com\/editor\/#\/schema\/person\/7a7fd911f58561fd056dbac7b55af9cd\"},\"potentialAction\":[{\"@type\":\"SearchAction\",\"target\":{\"@type\":\"EntryPoint\",\"urlTemplate\":\"https:\/\/luchonoticias.com\/editor\/?s={search_term_string}\"},\"query-input\":{\"@type\":\"PropertyValueSpecification\",\"valueRequired\":true,\"valueName\":\"search_term_string\"}}],\"inLanguage\":\"es\"},{\"@type\":[\"Person\",\"Organization\"],\"@id\":\"https:\/\/luchonoticias.com\/editor\/#\/schema\/person\/7a7fd911f58561fd056dbac7b55af9cd\",\"name\":\"admin\",\"image\":{\"@type\":\"ImageObject\",\"inLanguage\":\"es\",\"@id\":\"https:\/\/luchonoticias.com\/editor\/#\/schema\/person\/image\/\",\"url\":\"https:\/\/luchonoticias.com\/editor\/wp-content\/uploads\/2024\/02\/cropped-cropped-logolu.webp\",\"contentUrl\":\"https:\/\/luchonoticias.com\/editor\/wp-content\/uploads\/2024\/02\/cropped-cropped-logolu.webp\",\"width\":382,\"height\":170,\"caption\":\"admin\"},\"logo\":{\"@id\":\"https:\/\/luchonoticias.com\/editor\/#\/schema\/person\/image\/\"},\"sameAs\":[\"https:\/\/www.facebook.com\/luchonoticiasneiva\"],\"url\":\"https:\/\/luchonoticias.com\/editor\/author\/admin\/\"}]}<\/script>\n<!-- \/ Yoast SEO plugin. -->","yoast_head_json":{"title":"A pocos d\u00edas de vivir \u2018Paladar\u2019, el evento gastron\u00f3mico m\u00e1s grande de Neiva -","robots":{"index":"index","follow":"follow","max-snippet":"max-snippet:-1","max-image-preview":"max-image-preview:large","max-video-preview":"max-video-preview:-1"},"canonical":"https:\/\/luchonoticias.com\/editor\/a-pocos-dias-de-vivir-paladar-el-evento-gastronomico-mas-grande-de-neiva\/","og_locale":"es_ES","og_type":"article","og_title":"A pocos d\u00edas de vivir \u2018Paladar\u2019, el evento gastron\u00f3mico m\u00e1s grande de Neiva -","og_url":"https:\/\/luchonoticias.com\/editor\/a-pocos-dias-de-vivir-paladar-el-evento-gastronomico-mas-grande-de-neiva\/","article_publisher":"https:\/\/www.facebook.com\/luchonoticiasneiva","article_author":"https:\/\/www.facebook.com\/luchonoticiasneiva","article_published_time":"2022-08-11T11:32:54+00:00","article_modified_time":"2022-08-11T11:32:55+00:00","og_image":[{"url":"https:\/\/luchonoticias.com\/wp-content\/uploads\/2022\/08\/WhatsApp-Image-2022-08-10-at-7.10.00-PM-1-1024x682.jpeg","type":"","width":"","height":""}],"author":"admin","twitter_card":"summary_large_image","twitter_misc":{"Escrito por":"admin","Tiempo de lectura":"2 minutos"},"schema":{"@context":"https:\/\/schema.org","@graph":[{"@type":"Article","@id":"https:\/\/luchonoticias.com\/editor\/a-pocos-dias-de-vivir-paladar-el-evento-gastronomico-mas-grande-de-neiva\/#article","isPartOf":{"@id":"https:\/\/luchonoticias.com\/editor\/a-pocos-dias-de-vivir-paladar-el-evento-gastronomico-mas-grande-de-neiva\/"},"author":{"name":"admin","@id":"https:\/\/luchonoticias.com\/editor\/#\/schema\/person\/7a7fd911f58561fd056dbac7b55af9cd"},"headline":"A pocos d\u00edas de vivir \u2018Paladar\u2019, el evento gastron\u00f3mico m\u00e1s grande de Neiva","datePublished":"2022-08-11T11:32:54+00:00","dateModified":"2022-08-11T11:32:55+00:00","mainEntityOfPage":{"@id":"https:\/\/luchonoticias.com\/editor\/a-pocos-dias-de-vivir-paladar-el-evento-gastronomico-mas-grande-de-neiva\/"},"wordCount":415,"commentCount":0,"publisher":{"@id":"https:\/\/luchonoticias.com\/editor\/#\/schema\/person\/7a7fd911f58561fd056dbac7b55af9cd"},"image":{"@id":"https:\/\/luchonoticias.com\/editor\/a-pocos-dias-de-vivir-paladar-el-evento-gastronomico-mas-grande-de-neiva\/#primaryimage"},"thumbnailUrl":"https:\/\/luchonoticias.com\/wp-content\/uploads\/2022\/08\/WhatsApp-Image-2022-08-10-at-7.10.00-PM-1-1024x682.jpeg","articleSection":["Destacado","Neiva"],"inLanguage":"es","potentialAction":[{"@type":"CommentAction","name":"Comment","target":["https:\/\/luchonoticias.com\/editor\/a-pocos-dias-de-vivir-paladar-el-evento-gastronomico-mas-grande-de-neiva\/#respond"]}]},{"@type":"WebPage","@id":"https:\/\/luchonoticias.com\/editor\/a-pocos-dias-de-vivir-paladar-el-evento-gastronomico-mas-grande-de-neiva\/","url":"https:\/\/luchonoticias.com\/editor\/a-pocos-dias-de-vivir-paladar-el-evento-gastronomico-mas-grande-de-neiva\/","name":"A pocos d\u00edas de vivir \u2018Paladar\u2019, el evento gastron\u00f3mico m\u00e1s grande de Neiva -","isPartOf":{"@id":"https:\/\/luchonoticias.com\/editor\/#website"},"primaryImageOfPage":{"@id":"https:\/\/luchonoticias.com\/editor\/a-pocos-dias-de-vivir-paladar-el-evento-gastronomico-mas-grande-de-neiva\/#primaryimage"},"image":{"@id":"https:\/\/luchonoticias.com\/editor\/a-pocos-dias-de-vivir-paladar-el-evento-gastronomico-mas-grande-de-neiva\/#primaryimage"},"thumbnailUrl":"https:\/\/luchonoticias.com\/wp-content\/uploads\/2022\/08\/WhatsApp-Image-2022-08-10-at-7.10.00-PM-1-1024x682.jpeg","datePublished":"2022-08-11T11:32:54+00:00","dateModified":"2022-08-11T11:32:55+00:00","breadcrumb":{"@id":"https:\/\/luchonoticias.com\/editor\/a-pocos-dias-de-vivir-paladar-el-evento-gastronomico-mas-grande-de-neiva\/#breadcrumb"},"inLanguage":"es","potentialAction":[{"@type":"ReadAction","target":["https:\/\/luchonoticias.com\/editor\/a-pocos-dias-de-vivir-paladar-el-evento-gastronomico-mas-grande-de-neiva\/"]}]},{"@type":"ImageObject","inLanguage":"es","@id":"https:\/\/luchonoticias.com\/editor\/a-pocos-dias-de-vivir-paladar-el-evento-gastronomico-mas-grande-de-neiva\/#primaryimage","url":"https:\/\/luchonoticias.com\/wp-content\/uploads\/2022\/08\/WhatsApp-Image-2022-08-10-at-7.10.00-PM-1-1024x682.jpeg","contentUrl":"https:\/\/luchonoticias.com\/wp-content\/uploads\/2022\/08\/WhatsApp-Image-2022-08-10-at-7.10.00-PM-1-1024x682.jpeg"},{"@type":"BreadcrumbList","@id":"https:\/\/luchonoticias.com\/editor\/a-pocos-dias-de-vivir-paladar-el-evento-gastronomico-mas-grande-de-neiva\/#breadcrumb","itemListElement":[{"@type":"ListItem","position":1,"name":"Portada","item":"https:\/\/luchonoticias.com\/editor\/"},{"@type":"ListItem","position":2,"name":"A pocos d\u00edas de vivir \u2018Paladar\u2019, el evento gastron\u00f3mico m\u00e1s grande de Neiva"}]},{"@type":"WebSite","@id":"https:\/\/luchonoticias.com\/editor\/#website","url":"https:\/\/luchonoticias.com\/editor\/","name":"","description":"","publisher":{"@id":"https:\/\/luchonoticias.com\/editor\/#\/schema\/person\/7a7fd911f58561fd056dbac7b55af9cd"},"potentialAction":[{"@type":"SearchAction","target":{"@type":"EntryPoint","urlTemplate":"https:\/\/luchonoticias.com\/editor\/?s={search_term_string}"},"query-input":{"@type":"PropertyValueSpecification","valueRequired":true,"valueName":"search_term_string"}}],"inLanguage":"es"},{"@type":["Person","Organization"],"@id":"https:\/\/luchonoticias.com\/editor\/#\/schema\/person\/7a7fd911f58561fd056dbac7b55af9cd","name":"admin","image":{"@type":"ImageObject","inLanguage":"es","@id":"https:\/\/luchonoticias.com\/editor\/#\/schema\/person\/image\/","url":"https:\/\/luchonoticias.com\/editor\/wp-content\/uploads\/2024\/02\/cropped-cropped-logolu.webp","contentUrl":"https:\/\/luchonoticias.com\/editor\/wp-content\/uploads\/2024\/02\/cropped-cropped-logolu.webp","width":382,"height":170,"caption":"admin"},"logo":{"@id":"https:\/\/luchonoticias.com\/editor\/#\/schema\/person\/image\/"},"sameAs":["https:\/\/www.facebook.com\/luchonoticiasneiva"],"url":"https:\/\/luchonoticias.com\/editor\/author\/admin\/"}]}},"_links":{"self":[{"href":"https:\/\/luchonoticias.com\/editor\/wp-json\/wp\/v2\/posts\/31877","targetHints":{"allow":["GET"]}}],"collection":[{"href":"https:\/\/luchonoticias.com\/editor\/wp-json\/wp\/v2\/posts"}],"about":[{"href":"https:\/\/luchonoticias.com\/editor\/wp-json\/wp\/v2\/types\/post"}],"author":[{"embeddable":true,"href":"https:\/\/luchonoticias.com\/editor\/wp-json\/wp\/v2\/users\/1"}],"replies":[{"embeddable":true,"href":"https:\/\/luchonoticias.com\/editor\/wp-json\/wp\/v2\/comments?post=31877"}],"version-history":[{"count":0,"href":"https:\/\/luchonoticias.com\/editor\/wp-json\/wp\/v2\/posts\/31877\/revisions"}],"wp:attachment":[{"href":"https:\/\/luchonoticias.com\/editor\/wp-json\/wp\/v2\/media?parent=31877"}],"wp:term":[{"taxonomy":"category","embeddable":true,"href":"https:\/\/luchonoticias.com\/editor\/wp-json\/wp\/v2\/categories?post=31877"},{"taxonomy":"post_tag","embeddable":true,"href":"https:\/\/luchonoticias.com\/editor\/wp-json\/wp\/v2\/tags?post=31877"}],"curies":[{"name":"wp","href":"https:\/\/api.w.org\/{rel}","templated":true}]}}