{"id":31900,"date":"2022-08-11T10:53:18","date_gmt":"2022-08-11T15:53:18","guid":{"rendered":"https:\/\/luchonoticias.com\/?p=31900"},"modified":"2022-08-11T10:53:18","modified_gmt":"2022-08-11T15:53:18","slug":"se-necesita-una-estrategia-para-superar-la-trampa-de-inexperiencia-laboral-y-el-desempleo-juvenil","status":"publish","type":"post","link":"https:\/\/luchonoticias.com\/editor\/se-necesita-una-estrategia-para-superar-la-trampa-de-inexperiencia-laboral-y-el-desempleo-juvenil\/","title":{"rendered":"Se necesita una estrategia para superar la trampa de inexperiencia laboral y el desempleo juvenil"},"content":{"rendered":"\n<p>El estudio revel\u00f3 que el apoyo para la generaci\u00f3n de empleo juvenil dentro de la estrategia Sac\u00fadete benefici\u00f3 a 6.918 empleadores con un subsidio del 25% sobre un salario m\u00ednimo para cada trabajador joven adicional contratado, generando 78.448 nuevos empleos.<\/p>\n\n\n\n<p>Bogot\u00e1, agosto 12 de 2022. La baja productividad que caracteriza al trabajador colombiano en todos los niveles de formaci\u00f3n, situaci\u00f3n que perjudica especialmente a los j\u00f3venes, es una de las barreras para ingresar al mercado laboral.<\/p>\n\n\n\n<p>As\u00ed lo indic\u00f3 Carlos Holgu\u00edn, investigador del Observatorio Laboral de la Universidad del Rosario, al entregar los resultados preliminares del estudio \u201cBalance del mercado laboral de j\u00f3venes en Colombia: avances, retos y perspectivas\u201d, con ocasi\u00f3n del D\u00eda Internacional de la Juventud, que se conmemora el 12 de agosto.<\/p>\n\n\n\n<p>El estudio del Observatorio Laboral de la Universidad del Rosario y la Alianza EFI, que analiza la situaci\u00f3n laboral de los j\u00f3venes, quienes representan el 25% de la poblaci\u00f3n mundial en edad de trabajar, se\u00f1ala que, para reducir el desempleo juvenil, es clave una estrategia para superar la trampa de la inexperiencia laboral.<\/p>\n\n\n\n<p><strong>Nuevos empleos formales para los j\u00f3venes<\/strong><\/p>\n\n\n\n<p>El informe revel\u00f3 que el apoyo para la generaci\u00f3n de empleo juvenil dentro de la estrategia Sac\u00fadete, incluido en el Decreto 688 de 2021, benefici\u00f3 a 6.918 empleadores con un subsidio del 25% sobre un salario m\u00ednimo para cada trabajador joven adicional contratado, generando 78.448 nuevos empleos.<\/p>\n\n\n\n<p>\u201cSeg\u00fan el reporte final de Sinergia, el programa Sac\u00fadete logr\u00f3 cumplir con el 94,93% de su meta, beneficiando a 380.192 j\u00f3venes y creando 200 nodos de desarrollo integral durante el cuatrienio\u201d, explic\u00f3 Andr\u00e9s Garc\u00eda Suaza, investigador del Observatorio Laboral de la Universidad del Rosario y la Alianza EFI.<\/p>\n\n\n\n<p>Para Catalina Buitrago, investigadora del Observatorio, \u201cm\u00e1s all\u00e1 del necesario apalancamiento de la creaci\u00f3n de empleo en clave juvenil, resulta conveniente evaluar la inclusi\u00f3n de condicionantes sociales que potencialicen los r\u00e9ditos sociales del esfuerzo fiscal del programa\u201d.<\/p>\n\n\n\n<p><strong>Experiencia laboral como pr\u00e1ctica profesional<\/strong><\/p>\n\n\n\n<p>Desde el 2018, el programa Estado Joven busc\u00f3 impulsar la contrataci\u00f3n juvenil en la administraci\u00f3n p\u00fablica, homologando la experiencia laboral como pr\u00e1cticas profesionales que le permitieron a los estudiantes culminar sus respectivos planes de estudio.<\/p>\n\n\n\n<p>\u201cBajo esta modalidad fueron contratados durante el transcurso de la pandemia 1.278 estudiantes en 285 entidades estatales\u201d, precis\u00f3 Juan Andr\u00e9s Russy, investigador del Observatorio Laboral de la Universidad del Rosario.<\/p>\n\n\n\n<p>Sin embargo, el informe indica que la ausencia de experiencia de la poblaci\u00f3n joven a\u00fan es una barrera para ingresar a la econom\u00eda formal.<\/p>\n\n\n\n<p>Como lo comenta Alexander Sarango, investigador del Observatorio Laboral, \u201cincluso en los casos donde la demanda encuentra su oferta, esto es cuando los j\u00f3venes acreditan habilidades demandadas por el mercado laboral, la falta de experiencia relevante produce altos costos de oportunidad para los empleadores que desincentivan la contrataci\u00f3n de empleo juvenil formal\u201d.<\/p>\n\n\n\n<p>En este sentido Iv\u00e1n Daniel Jaramillo Jassir, investigador del Observatorio Laboral de la Universidad del Rosario, dijo que \u201cresulta conveniente incluir par\u00e1metros para reforzar el v\u00ednculo entre los sistemas de formaci\u00f3n para el trabajo y el sistema laboral, para favorecer la transici\u00f3n a espacios de trabajo decente con estabilidad de al menos 24 meses, sobre la que se edifique la estrategia de superaci\u00f3n de la trampa de la inexperiencia laboral\u201d.<\/p>\n\n\n\n<p>Cabe recordar que para el 2018 se encontraban en condici\u00f3n de ninis (Ni estudiaban ni trabajaban) 2,6 millones de j\u00f3venes, mientras que cerca de 1 mill\u00f3n estaban buscando trabajo.<\/p>\n","protected":false},"excerpt":{"rendered":"<p>El estudio revel\u00f3 que el apoyo para la generaci\u00f3n de empleo juvenil dentro de la estrategia Sac\u00fadete benefici\u00f3 a 6.918 empleadores con un subsidio del 25% sobre un salario m\u00ednimo para cada trabajador joven adicional contratado, generando 78.448 nuevos empleos. Bogot\u00e1, agosto 12 de 2022. La baja productividad que caracteriza al trabajador colombiano en todos [&hellip;]<\/p>\n","protected":false},"author":1,"featured_media":0,"comment_status":"open","ping_status":"open","sticky":false,"template":"","format":"standard","meta":{"footnotes":""},"categories":[36,32],"tags":[],"class_list":["post-31900","post","type-post","status-publish","format-standard","hentry","category-destacado","category-nacional"],"yoast_head":"<!-- This site is optimized with the Yoast SEO plugin v26.6 - https:\/\/yoast.com\/wordpress\/plugins\/seo\/ -->\n<title>Se necesita una estrategia para superar la trampa de inexperiencia laboral y el desempleo juvenil -<\/title>\n<meta name=\"robots\" content=\"index, follow, max-snippet:-1, max-image-preview:large, max-video-preview:-1\" \/>\n<link rel=\"canonical\" href=\"https:\/\/luchonoticias.com\/editor\/se-necesita-una-estrategia-para-superar-la-trampa-de-inexperiencia-laboral-y-el-desempleo-juvenil\/\" \/>\n<meta property=\"og:locale\" content=\"es_ES\" \/>\n<meta property=\"og:type\" content=\"article\" \/>\n<meta property=\"og:title\" content=\"Se necesita una estrategia para superar la trampa de inexperiencia laboral y el desempleo juvenil -\" \/>\n<meta property=\"og:url\" content=\"https:\/\/luchonoticias.com\/editor\/se-necesita-una-estrategia-para-superar-la-trampa-de-inexperiencia-laboral-y-el-desempleo-juvenil\/\" \/>\n<meta property=\"article:publisher\" content=\"https:\/\/www.facebook.com\/luchonoticiasneiva\" \/>\n<meta property=\"article:author\" content=\"https:\/\/www.facebook.com\/luchonoticiasneiva\" \/>\n<meta property=\"article:published_time\" content=\"2022-08-11T15:53:18+00:00\" \/>\n<meta name=\"author\" content=\"admin\" \/>\n<meta name=\"twitter:card\" content=\"summary_large_image\" \/>\n<meta name=\"twitter:label1\" content=\"Escrito por\" \/>\n\t<meta name=\"twitter:data1\" content=\"admin\" \/>\n\t<meta name=\"twitter:label2\" content=\"Tiempo de lectura\" \/>\n\t<meta name=\"twitter:data2\" content=\"3 minutos\" \/>\n<script type=\"application\/ld+json\" class=\"yoast-schema-graph\">{\"@context\":\"https:\/\/schema.org\",\"@graph\":[{\"@type\":\"Article\",\"@id\":\"https:\/\/luchonoticias.com\/editor\/se-necesita-una-estrategia-para-superar-la-trampa-de-inexperiencia-laboral-y-el-desempleo-juvenil\/#article\",\"isPartOf\":{\"@id\":\"https:\/\/luchonoticias.com\/editor\/se-necesita-una-estrategia-para-superar-la-trampa-de-inexperiencia-laboral-y-el-desempleo-juvenil\/\"},\"author\":{\"name\":\"admin\",\"@id\":\"https:\/\/luchonoticias.com\/editor\/#\/schema\/person\/7a7fd911f58561fd056dbac7b55af9cd\"},\"headline\":\"Se necesita una estrategia para superar la trampa de inexperiencia laboral y el desempleo juvenil\",\"datePublished\":\"2022-08-11T15:53:18+00:00\",\"mainEntityOfPage\":{\"@id\":\"https:\/\/luchonoticias.com\/editor\/se-necesita-una-estrategia-para-superar-la-trampa-de-inexperiencia-laboral-y-el-desempleo-juvenil\/\"},\"wordCount\":600,\"commentCount\":0,\"publisher\":{\"@id\":\"https:\/\/luchonoticias.com\/editor\/#\/schema\/person\/7a7fd911f58561fd056dbac7b55af9cd\"},\"articleSection\":[\"Destacado\",\"Nacional\"],\"inLanguage\":\"es\",\"potentialAction\":[{\"@type\":\"CommentAction\",\"name\":\"Comment\",\"target\":[\"https:\/\/luchonoticias.com\/editor\/se-necesita-una-estrategia-para-superar-la-trampa-de-inexperiencia-laboral-y-el-desempleo-juvenil\/#respond\"]}]},{\"@type\":\"WebPage\",\"@id\":\"https:\/\/luchonoticias.com\/editor\/se-necesita-una-estrategia-para-superar-la-trampa-de-inexperiencia-laboral-y-el-desempleo-juvenil\/\",\"url\":\"https:\/\/luchonoticias.com\/editor\/se-necesita-una-estrategia-para-superar-la-trampa-de-inexperiencia-laboral-y-el-desempleo-juvenil\/\",\"name\":\"Se necesita una estrategia para superar la trampa de inexperiencia laboral y el desempleo juvenil -\",\"isPartOf\":{\"@id\":\"https:\/\/luchonoticias.com\/editor\/#website\"},\"datePublished\":\"2022-08-11T15:53:18+00:00\",\"breadcrumb\":{\"@id\":\"https:\/\/luchonoticias.com\/editor\/se-necesita-una-estrategia-para-superar-la-trampa-de-inexperiencia-laboral-y-el-desempleo-juvenil\/#breadcrumb\"},\"inLanguage\":\"es\",\"potentialAction\":[{\"@type\":\"ReadAction\",\"target\":[\"https:\/\/luchonoticias.com\/editor\/se-necesita-una-estrategia-para-superar-la-trampa-de-inexperiencia-laboral-y-el-desempleo-juvenil\/\"]}]},{\"@type\":\"BreadcrumbList\",\"@id\":\"https:\/\/luchonoticias.com\/editor\/se-necesita-una-estrategia-para-superar-la-trampa-de-inexperiencia-laboral-y-el-desempleo-juvenil\/#breadcrumb\",\"itemListElement\":[{\"@type\":\"ListItem\",\"position\":1,\"name\":\"Portada\",\"item\":\"https:\/\/luchonoticias.com\/editor\/\"},{\"@type\":\"ListItem\",\"position\":2,\"name\":\"Se necesita una estrategia para superar la trampa de inexperiencia laboral y el desempleo juvenil\"}]},{\"@type\":\"WebSite\",\"@id\":\"https:\/\/luchonoticias.com\/editor\/#website\",\"url\":\"https:\/\/luchonoticias.com\/editor\/\",\"name\":\"\",\"description\":\"\",\"publisher\":{\"@id\":\"https:\/\/luchonoticias.com\/editor\/#\/schema\/person\/7a7fd911f58561fd056dbac7b55af9cd\"},\"potentialAction\":[{\"@type\":\"SearchAction\",\"target\":{\"@type\":\"EntryPoint\",\"urlTemplate\":\"https:\/\/luchonoticias.com\/editor\/?s={search_term_string}\"},\"query-input\":{\"@type\":\"PropertyValueSpecification\",\"valueRequired\":true,\"valueName\":\"search_term_string\"}}],\"inLanguage\":\"es\"},{\"@type\":[\"Person\",\"Organization\"],\"@id\":\"https:\/\/luchonoticias.com\/editor\/#\/schema\/person\/7a7fd911f58561fd056dbac7b55af9cd\",\"name\":\"admin\",\"image\":{\"@type\":\"ImageObject\",\"inLanguage\":\"es\",\"@id\":\"https:\/\/luchonoticias.com\/editor\/#\/schema\/person\/image\/\",\"url\":\"https:\/\/luchonoticias.com\/editor\/wp-content\/uploads\/2024\/02\/cropped-cropped-logolu.webp\",\"contentUrl\":\"https:\/\/luchonoticias.com\/editor\/wp-content\/uploads\/2024\/02\/cropped-cropped-logolu.webp\",\"width\":382,\"height\":170,\"caption\":\"admin\"},\"logo\":{\"@id\":\"https:\/\/luchonoticias.com\/editor\/#\/schema\/person\/image\/\"},\"sameAs\":[\"https:\/\/www.facebook.com\/luchonoticiasneiva\"],\"url\":\"https:\/\/luchonoticias.com\/editor\/author\/admin\/\"}]}<\/script>\n<!-- \/ Yoast SEO plugin. -->","yoast_head_json":{"title":"Se necesita una estrategia para superar la trampa de inexperiencia laboral y el desempleo juvenil -","robots":{"index":"index","follow":"follow","max-snippet":"max-snippet:-1","max-image-preview":"max-image-preview:large","max-video-preview":"max-video-preview:-1"},"canonical":"https:\/\/luchonoticias.com\/editor\/se-necesita-una-estrategia-para-superar-la-trampa-de-inexperiencia-laboral-y-el-desempleo-juvenil\/","og_locale":"es_ES","og_type":"article","og_title":"Se necesita una estrategia para superar la trampa de inexperiencia laboral y el desempleo juvenil -","og_url":"https:\/\/luchonoticias.com\/editor\/se-necesita-una-estrategia-para-superar-la-trampa-de-inexperiencia-laboral-y-el-desempleo-juvenil\/","article_publisher":"https:\/\/www.facebook.com\/luchonoticiasneiva","article_author":"https:\/\/www.facebook.com\/luchonoticiasneiva","article_published_time":"2022-08-11T15:53:18+00:00","author":"admin","twitter_card":"summary_large_image","twitter_misc":{"Escrito por":"admin","Tiempo de lectura":"3 minutos"},"schema":{"@context":"https:\/\/schema.org","@graph":[{"@type":"Article","@id":"https:\/\/luchonoticias.com\/editor\/se-necesita-una-estrategia-para-superar-la-trampa-de-inexperiencia-laboral-y-el-desempleo-juvenil\/#article","isPartOf":{"@id":"https:\/\/luchonoticias.com\/editor\/se-necesita-una-estrategia-para-superar-la-trampa-de-inexperiencia-laboral-y-el-desempleo-juvenil\/"},"author":{"name":"admin","@id":"https:\/\/luchonoticias.com\/editor\/#\/schema\/person\/7a7fd911f58561fd056dbac7b55af9cd"},"headline":"Se necesita una estrategia para superar la trampa de inexperiencia laboral y el desempleo juvenil","datePublished":"2022-08-11T15:53:18+00:00","mainEntityOfPage":{"@id":"https:\/\/luchonoticias.com\/editor\/se-necesita-una-estrategia-para-superar-la-trampa-de-inexperiencia-laboral-y-el-desempleo-juvenil\/"},"wordCount":600,"commentCount":0,"publisher":{"@id":"https:\/\/luchonoticias.com\/editor\/#\/schema\/person\/7a7fd911f58561fd056dbac7b55af9cd"},"articleSection":["Destacado","Nacional"],"inLanguage":"es","potentialAction":[{"@type":"CommentAction","name":"Comment","target":["https:\/\/luchonoticias.com\/editor\/se-necesita-una-estrategia-para-superar-la-trampa-de-inexperiencia-laboral-y-el-desempleo-juvenil\/#respond"]}]},{"@type":"WebPage","@id":"https:\/\/luchonoticias.com\/editor\/se-necesita-una-estrategia-para-superar-la-trampa-de-inexperiencia-laboral-y-el-desempleo-juvenil\/","url":"https:\/\/luchonoticias.com\/editor\/se-necesita-una-estrategia-para-superar-la-trampa-de-inexperiencia-laboral-y-el-desempleo-juvenil\/","name":"Se necesita una estrategia para superar la trampa de inexperiencia laboral y el desempleo juvenil -","isPartOf":{"@id":"https:\/\/luchonoticias.com\/editor\/#website"},"datePublished":"2022-08-11T15:53:18+00:00","breadcrumb":{"@id":"https:\/\/luchonoticias.com\/editor\/se-necesita-una-estrategia-para-superar-la-trampa-de-inexperiencia-laboral-y-el-desempleo-juvenil\/#breadcrumb"},"inLanguage":"es","potentialAction":[{"@type":"ReadAction","target":["https:\/\/luchonoticias.com\/editor\/se-necesita-una-estrategia-para-superar-la-trampa-de-inexperiencia-laboral-y-el-desempleo-juvenil\/"]}]},{"@type":"BreadcrumbList","@id":"https:\/\/luchonoticias.com\/editor\/se-necesita-una-estrategia-para-superar-la-trampa-de-inexperiencia-laboral-y-el-desempleo-juvenil\/#breadcrumb","itemListElement":[{"@type":"ListItem","position":1,"name":"Portada","item":"https:\/\/luchonoticias.com\/editor\/"},{"@type":"ListItem","position":2,"name":"Se necesita una estrategia para superar la trampa de inexperiencia laboral y el desempleo juvenil"}]},{"@type":"WebSite","@id":"https:\/\/luchonoticias.com\/editor\/#website","url":"https:\/\/luchonoticias.com\/editor\/","name":"","description":"","publisher":{"@id":"https:\/\/luchonoticias.com\/editor\/#\/schema\/person\/7a7fd911f58561fd056dbac7b55af9cd"},"potentialAction":[{"@type":"SearchAction","target":{"@type":"EntryPoint","urlTemplate":"https:\/\/luchonoticias.com\/editor\/?s={search_term_string}"},"query-input":{"@type":"PropertyValueSpecification","valueRequired":true,"valueName":"search_term_string"}}],"inLanguage":"es"},{"@type":["Person","Organization"],"@id":"https:\/\/luchonoticias.com\/editor\/#\/schema\/person\/7a7fd911f58561fd056dbac7b55af9cd","name":"admin","image":{"@type":"ImageObject","inLanguage":"es","@id":"https:\/\/luchonoticias.com\/editor\/#\/schema\/person\/image\/","url":"https:\/\/luchonoticias.com\/editor\/wp-content\/uploads\/2024\/02\/cropped-cropped-logolu.webp","contentUrl":"https:\/\/luchonoticias.com\/editor\/wp-content\/uploads\/2024\/02\/cropped-cropped-logolu.webp","width":382,"height":170,"caption":"admin"},"logo":{"@id":"https:\/\/luchonoticias.com\/editor\/#\/schema\/person\/image\/"},"sameAs":["https:\/\/www.facebook.com\/luchonoticiasneiva"],"url":"https:\/\/luchonoticias.com\/editor\/author\/admin\/"}]}},"_links":{"self":[{"href":"https:\/\/luchonoticias.com\/editor\/wp-json\/wp\/v2\/posts\/31900","targetHints":{"allow":["GET"]}}],"collection":[{"href":"https:\/\/luchonoticias.com\/editor\/wp-json\/wp\/v2\/posts"}],"about":[{"href":"https:\/\/luchonoticias.com\/editor\/wp-json\/wp\/v2\/types\/post"}],"author":[{"embeddable":true,"href":"https:\/\/luchonoticias.com\/editor\/wp-json\/wp\/v2\/users\/1"}],"replies":[{"embeddable":true,"href":"https:\/\/luchonoticias.com\/editor\/wp-json\/wp\/v2\/comments?post=31900"}],"version-history":[{"count":0,"href":"https:\/\/luchonoticias.com\/editor\/wp-json\/wp\/v2\/posts\/31900\/revisions"}],"wp:attachment":[{"href":"https:\/\/luchonoticias.com\/editor\/wp-json\/wp\/v2\/media?parent=31900"}],"wp:term":[{"taxonomy":"category","embeddable":true,"href":"https:\/\/luchonoticias.com\/editor\/wp-json\/wp\/v2\/categories?post=31900"},{"taxonomy":"post_tag","embeddable":true,"href":"https:\/\/luchonoticias.com\/editor\/wp-json\/wp\/v2\/tags?post=31900"}],"curies":[{"name":"wp","href":"https:\/\/api.w.org\/{rel}","templated":true}]}}