{"id":31958,"date":"2022-08-12T04:22:05","date_gmt":"2022-08-12T09:22:05","guid":{"rendered":"https:\/\/luchonoticias.com\/?p=31958"},"modified":"2022-08-12T04:22:06","modified_gmt":"2022-08-12T09:22:06","slug":"presidente-petro-designa-a-armando-benedetti-como-embajador-de-colombia-en-venezuela","status":"publish","type":"post","link":"https:\/\/luchonoticias.com\/editor\/presidente-petro-designa-a-armando-benedetti-como-embajador-de-colombia-en-venezuela\/","title":{"rendered":"Presidente Petro designa a Armando Benedetti como Embajador de Colombia en Venezuela"},"content":{"rendered":"\n<p>El Presidente de la Rep\u00fablica, Gustavo Petro, design\u00f3 a Armando Benedetti Villaneda como Embajador de Colombia en la Rep\u00fablica Bolivariana de Venezuela.<\/p>\n\n\n\n<p>\u201cHe decidido, en respuesta al Gobierno venezolano -que ha designado Embajador, que tendr\u00e1 como la responsabilidad de normalizar las relaciones diplom\u00e1ticas entre los dos pa\u00edses-, designar a Armando Benedetti como Embajador de Colombia ante Venezuela, esperando el benepl\u00e1cito de ese gobierno\u201d, expres\u00f3 el Mandatario este jueves.<\/p>\n\n\n\n<p>El Jefe de Estado se\u00f1al\u00f3 que el nuevo Embajador tendr\u00e1 \u201cla ardua tarea de normalizar las relaciones entre los dos pa\u00edses, restablecer la institucionalidad que exist\u00eda desde d\u00e9cadas antes, para que los dos pueblos hermanos puedan guarecer sus derechos, garantizar sus libertades y lograr que entre Colombia y Venezuela se pueda construir riqueza para ambos pueblos\u201d.<\/p>\n\n\n\n<p>Benedetti, nacido en Barranquilla en 1967, ha sido Concejal de Bogot\u00e1, Representante a la C\u00e1mara y Senador de la Rep\u00fablica.<\/p>\n\n\n\n<p>El 20 de julio de 2010 fue elegido Presidente del Congreso Nacional.<\/p>\n","protected":false},"excerpt":{"rendered":"<p>El Presidente de la Rep\u00fablica, Gustavo Petro, design\u00f3 a Armando Benedetti Villaneda como Embajador de Colombia en la Rep\u00fablica Bolivariana de Venezuela. \u201cHe decidido, en respuesta al Gobierno venezolano -que ha designado Embajador, que tendr\u00e1 como la responsabilidad de normalizar las relaciones diplom\u00e1ticas entre los dos pa\u00edses-, designar a Armando Benedetti como Embajador de Colombia [&hellip;]<\/p>\n","protected":false},"author":1,"featured_media":0,"comment_status":"open","ping_status":"open","sticky":false,"template":"","format":"standard","meta":{"footnotes":""},"categories":[28,36],"tags":[],"class_list":["post-31958","post","type-post","status-publish","format-standard","hentry","category-actualidad","category-destacado"],"yoast_head":"<!-- This site is optimized with the Yoast SEO plugin v26.6 - https:\/\/yoast.com\/wordpress\/plugins\/seo\/ -->\n<title>Presidente Petro designa a Armando Benedetti como Embajador de Colombia en Venezuela -<\/title>\n<meta name=\"robots\" content=\"index, follow, max-snippet:-1, max-image-preview:large, max-video-preview:-1\" \/>\n<link rel=\"canonical\" href=\"https:\/\/luchonoticias.com\/editor\/presidente-petro-designa-a-armando-benedetti-como-embajador-de-colombia-en-venezuela\/\" \/>\n<meta property=\"og:locale\" content=\"es_ES\" \/>\n<meta property=\"og:type\" content=\"article\" \/>\n<meta property=\"og:title\" content=\"Presidente Petro designa a Armando Benedetti como Embajador de Colombia en Venezuela -\" \/>\n<meta property=\"og:url\" content=\"https:\/\/luchonoticias.com\/editor\/presidente-petro-designa-a-armando-benedetti-como-embajador-de-colombia-en-venezuela\/\" \/>\n<meta property=\"article:publisher\" content=\"https:\/\/www.facebook.com\/luchonoticiasneiva\" \/>\n<meta property=\"article:author\" content=\"https:\/\/www.facebook.com\/luchonoticiasneiva\" \/>\n<meta property=\"article:published_time\" content=\"2022-08-12T09:22:05+00:00\" \/>\n<meta property=\"article:modified_time\" content=\"2022-08-12T09:22:06+00:00\" \/>\n<meta name=\"author\" content=\"admin\" \/>\n<meta name=\"twitter:card\" content=\"summary_large_image\" \/>\n<meta name=\"twitter:label1\" content=\"Escrito por\" \/>\n\t<meta name=\"twitter:data1\" content=\"admin\" \/>\n\t<meta name=\"twitter:label2\" content=\"Tiempo de lectura\" \/>\n\t<meta name=\"twitter:data2\" content=\"1 minuto\" \/>\n<script type=\"application\/ld+json\" class=\"yoast-schema-graph\">{\"@context\":\"https:\/\/schema.org\",\"@graph\":[{\"@type\":\"Article\",\"@id\":\"https:\/\/luchonoticias.com\/editor\/presidente-petro-designa-a-armando-benedetti-como-embajador-de-colombia-en-venezuela\/#article\",\"isPartOf\":{\"@id\":\"https:\/\/luchonoticias.com\/editor\/presidente-petro-designa-a-armando-benedetti-como-embajador-de-colombia-en-venezuela\/\"},\"author\":{\"name\":\"admin\",\"@id\":\"https:\/\/luchonoticias.com\/editor\/#\/schema\/person\/7a7fd911f58561fd056dbac7b55af9cd\"},\"headline\":\"Presidente Petro designa a Armando Benedetti como Embajador de Colombia en Venezuela\",\"datePublished\":\"2022-08-12T09:22:05+00:00\",\"dateModified\":\"2022-08-12T09:22:06+00:00\",\"mainEntityOfPage\":{\"@id\":\"https:\/\/luchonoticias.com\/editor\/presidente-petro-designa-a-armando-benedetti-como-embajador-de-colombia-en-venezuela\/\"},\"wordCount\":176,\"commentCount\":0,\"publisher\":{\"@id\":\"https:\/\/luchonoticias.com\/editor\/#\/schema\/person\/7a7fd911f58561fd056dbac7b55af9cd\"},\"articleSection\":[\"Actualidad\",\"Destacado\"],\"inLanguage\":\"es\",\"potentialAction\":[{\"@type\":\"CommentAction\",\"name\":\"Comment\",\"target\":[\"https:\/\/luchonoticias.com\/editor\/presidente-petro-designa-a-armando-benedetti-como-embajador-de-colombia-en-venezuela\/#respond\"]}]},{\"@type\":\"WebPage\",\"@id\":\"https:\/\/luchonoticias.com\/editor\/presidente-petro-designa-a-armando-benedetti-como-embajador-de-colombia-en-venezuela\/\",\"url\":\"https:\/\/luchonoticias.com\/editor\/presidente-petro-designa-a-armando-benedetti-como-embajador-de-colombia-en-venezuela\/\",\"name\":\"Presidente Petro designa a Armando Benedetti como Embajador de Colombia en Venezuela -\",\"isPartOf\":{\"@id\":\"https:\/\/luchonoticias.com\/editor\/#website\"},\"datePublished\":\"2022-08-12T09:22:05+00:00\",\"dateModified\":\"2022-08-12T09:22:06+00:00\",\"breadcrumb\":{\"@id\":\"https:\/\/luchonoticias.com\/editor\/presidente-petro-designa-a-armando-benedetti-como-embajador-de-colombia-en-venezuela\/#breadcrumb\"},\"inLanguage\":\"es\",\"potentialAction\":[{\"@type\":\"ReadAction\",\"target\":[\"https:\/\/luchonoticias.com\/editor\/presidente-petro-designa-a-armando-benedetti-como-embajador-de-colombia-en-venezuela\/\"]}]},{\"@type\":\"BreadcrumbList\",\"@id\":\"https:\/\/luchonoticias.com\/editor\/presidente-petro-designa-a-armando-benedetti-como-embajador-de-colombia-en-venezuela\/#breadcrumb\",\"itemListElement\":[{\"@type\":\"ListItem\",\"position\":1,\"name\":\"Portada\",\"item\":\"https:\/\/luchonoticias.com\/editor\/\"},{\"@type\":\"ListItem\",\"position\":2,\"name\":\"Presidente Petro designa a Armando Benedetti como Embajador de Colombia en Venezuela\"}]},{\"@type\":\"WebSite\",\"@id\":\"https:\/\/luchonoticias.com\/editor\/#website\",\"url\":\"https:\/\/luchonoticias.com\/editor\/\",\"name\":\"\",\"description\":\"\",\"publisher\":{\"@id\":\"https:\/\/luchonoticias.com\/editor\/#\/schema\/person\/7a7fd911f58561fd056dbac7b55af9cd\"},\"potentialAction\":[{\"@type\":\"SearchAction\",\"target\":{\"@type\":\"EntryPoint\",\"urlTemplate\":\"https:\/\/luchonoticias.com\/editor\/?s={search_term_string}\"},\"query-input\":{\"@type\":\"PropertyValueSpecification\",\"valueRequired\":true,\"valueName\":\"search_term_string\"}}],\"inLanguage\":\"es\"},{\"@type\":[\"Person\",\"Organization\"],\"@id\":\"https:\/\/luchonoticias.com\/editor\/#\/schema\/person\/7a7fd911f58561fd056dbac7b55af9cd\",\"name\":\"admin\",\"image\":{\"@type\":\"ImageObject\",\"inLanguage\":\"es\",\"@id\":\"https:\/\/luchonoticias.com\/editor\/#\/schema\/person\/image\/\",\"url\":\"https:\/\/luchonoticias.com\/editor\/wp-content\/uploads\/2024\/02\/cropped-cropped-logolu.webp\",\"contentUrl\":\"https:\/\/luchonoticias.com\/editor\/wp-content\/uploads\/2024\/02\/cropped-cropped-logolu.webp\",\"width\":382,\"height\":170,\"caption\":\"admin\"},\"logo\":{\"@id\":\"https:\/\/luchonoticias.com\/editor\/#\/schema\/person\/image\/\"},\"sameAs\":[\"https:\/\/www.facebook.com\/luchonoticiasneiva\"],\"url\":\"https:\/\/luchonoticias.com\/editor\/author\/admin\/\"}]}<\/script>\n<!-- \/ Yoast SEO plugin. -->","yoast_head_json":{"title":"Presidente Petro designa a Armando Benedetti como Embajador de Colombia en Venezuela -","robots":{"index":"index","follow":"follow","max-snippet":"max-snippet:-1","max-image-preview":"max-image-preview:large","max-video-preview":"max-video-preview:-1"},"canonical":"https:\/\/luchonoticias.com\/editor\/presidente-petro-designa-a-armando-benedetti-como-embajador-de-colombia-en-venezuela\/","og_locale":"es_ES","og_type":"article","og_title":"Presidente Petro designa a Armando Benedetti como Embajador de Colombia en Venezuela -","og_url":"https:\/\/luchonoticias.com\/editor\/presidente-petro-designa-a-armando-benedetti-como-embajador-de-colombia-en-venezuela\/","article_publisher":"https:\/\/www.facebook.com\/luchonoticiasneiva","article_author":"https:\/\/www.facebook.com\/luchonoticiasneiva","article_published_time":"2022-08-12T09:22:05+00:00","article_modified_time":"2022-08-12T09:22:06+00:00","author":"admin","twitter_card":"summary_large_image","twitter_misc":{"Escrito por":"admin","Tiempo de lectura":"1 minuto"},"schema":{"@context":"https:\/\/schema.org","@graph":[{"@type":"Article","@id":"https:\/\/luchonoticias.com\/editor\/presidente-petro-designa-a-armando-benedetti-como-embajador-de-colombia-en-venezuela\/#article","isPartOf":{"@id":"https:\/\/luchonoticias.com\/editor\/presidente-petro-designa-a-armando-benedetti-como-embajador-de-colombia-en-venezuela\/"},"author":{"name":"admin","@id":"https:\/\/luchonoticias.com\/editor\/#\/schema\/person\/7a7fd911f58561fd056dbac7b55af9cd"},"headline":"Presidente Petro designa a Armando Benedetti como Embajador de Colombia en Venezuela","datePublished":"2022-08-12T09:22:05+00:00","dateModified":"2022-08-12T09:22:06+00:00","mainEntityOfPage":{"@id":"https:\/\/luchonoticias.com\/editor\/presidente-petro-designa-a-armando-benedetti-como-embajador-de-colombia-en-venezuela\/"},"wordCount":176,"commentCount":0,"publisher":{"@id":"https:\/\/luchonoticias.com\/editor\/#\/schema\/person\/7a7fd911f58561fd056dbac7b55af9cd"},"articleSection":["Actualidad","Destacado"],"inLanguage":"es","potentialAction":[{"@type":"CommentAction","name":"Comment","target":["https:\/\/luchonoticias.com\/editor\/presidente-petro-designa-a-armando-benedetti-como-embajador-de-colombia-en-venezuela\/#respond"]}]},{"@type":"WebPage","@id":"https:\/\/luchonoticias.com\/editor\/presidente-petro-designa-a-armando-benedetti-como-embajador-de-colombia-en-venezuela\/","url":"https:\/\/luchonoticias.com\/editor\/presidente-petro-designa-a-armando-benedetti-como-embajador-de-colombia-en-venezuela\/","name":"Presidente Petro designa a Armando Benedetti como Embajador de Colombia en Venezuela -","isPartOf":{"@id":"https:\/\/luchonoticias.com\/editor\/#website"},"datePublished":"2022-08-12T09:22:05+00:00","dateModified":"2022-08-12T09:22:06+00:00","breadcrumb":{"@id":"https:\/\/luchonoticias.com\/editor\/presidente-petro-designa-a-armando-benedetti-como-embajador-de-colombia-en-venezuela\/#breadcrumb"},"inLanguage":"es","potentialAction":[{"@type":"ReadAction","target":["https:\/\/luchonoticias.com\/editor\/presidente-petro-designa-a-armando-benedetti-como-embajador-de-colombia-en-venezuela\/"]}]},{"@type":"BreadcrumbList","@id":"https:\/\/luchonoticias.com\/editor\/presidente-petro-designa-a-armando-benedetti-como-embajador-de-colombia-en-venezuela\/#breadcrumb","itemListElement":[{"@type":"ListItem","position":1,"name":"Portada","item":"https:\/\/luchonoticias.com\/editor\/"},{"@type":"ListItem","position":2,"name":"Presidente Petro designa a Armando Benedetti como Embajador de Colombia en Venezuela"}]},{"@type":"WebSite","@id":"https:\/\/luchonoticias.com\/editor\/#website","url":"https:\/\/luchonoticias.com\/editor\/","name":"","description":"","publisher":{"@id":"https:\/\/luchonoticias.com\/editor\/#\/schema\/person\/7a7fd911f58561fd056dbac7b55af9cd"},"potentialAction":[{"@type":"SearchAction","target":{"@type":"EntryPoint","urlTemplate":"https:\/\/luchonoticias.com\/editor\/?s={search_term_string}"},"query-input":{"@type":"PropertyValueSpecification","valueRequired":true,"valueName":"search_term_string"}}],"inLanguage":"es"},{"@type":["Person","Organization"],"@id":"https:\/\/luchonoticias.com\/editor\/#\/schema\/person\/7a7fd911f58561fd056dbac7b55af9cd","name":"admin","image":{"@type":"ImageObject","inLanguage":"es","@id":"https:\/\/luchonoticias.com\/editor\/#\/schema\/person\/image\/","url":"https:\/\/luchonoticias.com\/editor\/wp-content\/uploads\/2024\/02\/cropped-cropped-logolu.webp","contentUrl":"https:\/\/luchonoticias.com\/editor\/wp-content\/uploads\/2024\/02\/cropped-cropped-logolu.webp","width":382,"height":170,"caption":"admin"},"logo":{"@id":"https:\/\/luchonoticias.com\/editor\/#\/schema\/person\/image\/"},"sameAs":["https:\/\/www.facebook.com\/luchonoticiasneiva"],"url":"https:\/\/luchonoticias.com\/editor\/author\/admin\/"}]}},"_links":{"self":[{"href":"https:\/\/luchonoticias.com\/editor\/wp-json\/wp\/v2\/posts\/31958","targetHints":{"allow":["GET"]}}],"collection":[{"href":"https:\/\/luchonoticias.com\/editor\/wp-json\/wp\/v2\/posts"}],"about":[{"href":"https:\/\/luchonoticias.com\/editor\/wp-json\/wp\/v2\/types\/post"}],"author":[{"embeddable":true,"href":"https:\/\/luchonoticias.com\/editor\/wp-json\/wp\/v2\/users\/1"}],"replies":[{"embeddable":true,"href":"https:\/\/luchonoticias.com\/editor\/wp-json\/wp\/v2\/comments?post=31958"}],"version-history":[{"count":0,"href":"https:\/\/luchonoticias.com\/editor\/wp-json\/wp\/v2\/posts\/31958\/revisions"}],"wp:attachment":[{"href":"https:\/\/luchonoticias.com\/editor\/wp-json\/wp\/v2\/media?parent=31958"}],"wp:term":[{"taxonomy":"category","embeddable":true,"href":"https:\/\/luchonoticias.com\/editor\/wp-json\/wp\/v2\/categories?post=31958"},{"taxonomy":"post_tag","embeddable":true,"href":"https:\/\/luchonoticias.com\/editor\/wp-json\/wp\/v2\/tags?post=31958"}],"curies":[{"name":"wp","href":"https:\/\/api.w.org\/{rel}","templated":true}]}}