{"id":32038,"date":"2022-08-13T07:50:22","date_gmt":"2022-08-13T12:50:22","guid":{"rendered":"https:\/\/luchonoticias.com\/?p=32038"},"modified":"2022-08-13T07:50:23","modified_gmt":"2022-08-13T12:50:23","slug":"luego-de-muchos-anos-los-colombianos-vuelven-a-disfrutar-del-cambio-de-guardia-en-la-casa-de-narino","status":"publish","type":"post","link":"https:\/\/luchonoticias.com\/editor\/luego-de-muchos-anos-los-colombianos-vuelven-a-disfrutar-del-cambio-de-guardia-en-la-casa-de-narino\/","title":{"rendered":"Luego de muchos a\u00f1os, los colombianos vuelven a disfrutar del Cambio de Guardia en la Casa de Nari\u00f1o"},"content":{"rendered":"\n<p>Pasaron muchos a\u00f1os para que los colombianos volvieran a disfrutar del Cambio de Guardia en la Casa de Nari\u00f1o, que se realiza los mi\u00e9rcoles, viernes y domingo, luego de la decisi\u00f3n del Presidente, Gustavo Petro, de darle apertura a la Plaza N\u00fa\u00f1ez y el parque entre las carreras 7\u00aa y 8\u00aa, as\u00ed como el paso peatonal por estas dos importantes v\u00edas del centro de Bogot\u00e1, de donde fueron quitadas las rejas que imped\u00edan la libre circulaci\u00f3n.<\/p>\n\n\n\n<p>Este viernes, los colombianos aprovecharon este espacio para observar la ceremonia que realiza, en la Plaza de Armas, el Batall\u00f3n Guardia Presidencial, donde, acompa\u00f1ados por la banda de guerra, entonaron el himno nacional, mientras la bandera descend\u00eda del asta para ser recibida por los guardas que la doblan ceremonialmente para ser guardada.<\/p>\n\n\n\n<p>Esta apertura del espacio p\u00fablico renueva el derecho de los colombianos a disfrutar de esta zona hist\u00f3rica. De hecho, el Presidente Petro destac\u00f3 la apertura en su cuenta de Twitter: \u201cAbierta al p\u00fablico y a su libre tr\u00e1nsito la plazoleta N\u00fa\u00f1ez y el parque entre la carrera s\u00e9ptima y octava. Este paseo peatonal ser\u00e1 un hermoso recorrido para distensionarse. El espacio p\u00fablico siempre es un espacio democr\u00e1tico y aumenta la calidad de vida\u201d.<\/p>\n","protected":false},"excerpt":{"rendered":"<p>Pasaron muchos a\u00f1os para que los colombianos volvieran a disfrutar del Cambio de Guardia en la Casa de Nari\u00f1o, que se realiza los mi\u00e9rcoles, viernes y domingo, luego de la decisi\u00f3n del Presidente, Gustavo Petro, de darle apertura a la Plaza N\u00fa\u00f1ez y el parque entre las carreras 7\u00aa y 8\u00aa, as\u00ed como el paso [&hellip;]<\/p>\n","protected":false},"author":1,"featured_media":0,"comment_status":"open","ping_status":"open","sticky":false,"template":"","format":"standard","meta":{"footnotes":""},"categories":[28,36],"tags":[],"class_list":["post-32038","post","type-post","status-publish","format-standard","hentry","category-actualidad","category-destacado"],"yoast_head":"<!-- This site is optimized with the Yoast SEO plugin v26.6 - https:\/\/yoast.com\/wordpress\/plugins\/seo\/ -->\n<title>Luego de muchos a\u00f1os, los colombianos vuelven a disfrutar del Cambio de Guardia en la Casa de Nari\u00f1o -<\/title>\n<meta name=\"robots\" content=\"index, follow, max-snippet:-1, max-image-preview:large, max-video-preview:-1\" \/>\n<link rel=\"canonical\" href=\"https:\/\/luchonoticias.com\/editor\/luego-de-muchos-anos-los-colombianos-vuelven-a-disfrutar-del-cambio-de-guardia-en-la-casa-de-narino\/\" \/>\n<meta property=\"og:locale\" content=\"es_ES\" \/>\n<meta property=\"og:type\" content=\"article\" \/>\n<meta property=\"og:title\" content=\"Luego de muchos a\u00f1os, los colombianos vuelven a disfrutar del Cambio de Guardia en la Casa de Nari\u00f1o -\" \/>\n<meta property=\"og:url\" content=\"https:\/\/luchonoticias.com\/editor\/luego-de-muchos-anos-los-colombianos-vuelven-a-disfrutar-del-cambio-de-guardia-en-la-casa-de-narino\/\" \/>\n<meta property=\"article:publisher\" content=\"https:\/\/www.facebook.com\/luchonoticiasneiva\" \/>\n<meta property=\"article:author\" content=\"https:\/\/www.facebook.com\/luchonoticiasneiva\" \/>\n<meta property=\"article:published_time\" content=\"2022-08-13T12:50:22+00:00\" \/>\n<meta property=\"article:modified_time\" content=\"2022-08-13T12:50:23+00:00\" \/>\n<meta name=\"author\" content=\"admin\" \/>\n<meta name=\"twitter:card\" content=\"summary_large_image\" \/>\n<meta name=\"twitter:label1\" content=\"Escrito por\" \/>\n\t<meta name=\"twitter:data1\" content=\"admin\" \/>\n\t<meta name=\"twitter:label2\" content=\"Tiempo de lectura\" \/>\n\t<meta name=\"twitter:data2\" content=\"1 minuto\" \/>\n<script type=\"application\/ld+json\" class=\"yoast-schema-graph\">{\"@context\":\"https:\/\/schema.org\",\"@graph\":[{\"@type\":\"Article\",\"@id\":\"https:\/\/luchonoticias.com\/editor\/luego-de-muchos-anos-los-colombianos-vuelven-a-disfrutar-del-cambio-de-guardia-en-la-casa-de-narino\/#article\",\"isPartOf\":{\"@id\":\"https:\/\/luchonoticias.com\/editor\/luego-de-muchos-anos-los-colombianos-vuelven-a-disfrutar-del-cambio-de-guardia-en-la-casa-de-narino\/\"},\"author\":{\"name\":\"admin\",\"@id\":\"https:\/\/luchonoticias.com\/editor\/#\/schema\/person\/7a7fd911f58561fd056dbac7b55af9cd\"},\"headline\":\"Luego de muchos a\u00f1os, los colombianos vuelven a disfrutar del Cambio de Guardia en la Casa de Nari\u00f1o\",\"datePublished\":\"2022-08-13T12:50:22+00:00\",\"dateModified\":\"2022-08-13T12:50:23+00:00\",\"mainEntityOfPage\":{\"@id\":\"https:\/\/luchonoticias.com\/editor\/luego-de-muchos-anos-los-colombianos-vuelven-a-disfrutar-del-cambio-de-guardia-en-la-casa-de-narino\/\"},\"wordCount\":238,\"commentCount\":0,\"publisher\":{\"@id\":\"https:\/\/luchonoticias.com\/editor\/#\/schema\/person\/7a7fd911f58561fd056dbac7b55af9cd\"},\"articleSection\":[\"Actualidad\",\"Destacado\"],\"inLanguage\":\"es\",\"potentialAction\":[{\"@type\":\"CommentAction\",\"name\":\"Comment\",\"target\":[\"https:\/\/luchonoticias.com\/editor\/luego-de-muchos-anos-los-colombianos-vuelven-a-disfrutar-del-cambio-de-guardia-en-la-casa-de-narino\/#respond\"]}]},{\"@type\":\"WebPage\",\"@id\":\"https:\/\/luchonoticias.com\/editor\/luego-de-muchos-anos-los-colombianos-vuelven-a-disfrutar-del-cambio-de-guardia-en-la-casa-de-narino\/\",\"url\":\"https:\/\/luchonoticias.com\/editor\/luego-de-muchos-anos-los-colombianos-vuelven-a-disfrutar-del-cambio-de-guardia-en-la-casa-de-narino\/\",\"name\":\"Luego de muchos a\u00f1os, los colombianos vuelven a disfrutar del Cambio de Guardia en la Casa de Nari\u00f1o -\",\"isPartOf\":{\"@id\":\"https:\/\/luchonoticias.com\/editor\/#website\"},\"datePublished\":\"2022-08-13T12:50:22+00:00\",\"dateModified\":\"2022-08-13T12:50:23+00:00\",\"breadcrumb\":{\"@id\":\"https:\/\/luchonoticias.com\/editor\/luego-de-muchos-anos-los-colombianos-vuelven-a-disfrutar-del-cambio-de-guardia-en-la-casa-de-narino\/#breadcrumb\"},\"inLanguage\":\"es\",\"potentialAction\":[{\"@type\":\"ReadAction\",\"target\":[\"https:\/\/luchonoticias.com\/editor\/luego-de-muchos-anos-los-colombianos-vuelven-a-disfrutar-del-cambio-de-guardia-en-la-casa-de-narino\/\"]}]},{\"@type\":\"BreadcrumbList\",\"@id\":\"https:\/\/luchonoticias.com\/editor\/luego-de-muchos-anos-los-colombianos-vuelven-a-disfrutar-del-cambio-de-guardia-en-la-casa-de-narino\/#breadcrumb\",\"itemListElement\":[{\"@type\":\"ListItem\",\"position\":1,\"name\":\"Portada\",\"item\":\"https:\/\/luchonoticias.com\/editor\/\"},{\"@type\":\"ListItem\",\"position\":2,\"name\":\"Luego de muchos a\u00f1os, los colombianos vuelven a disfrutar del Cambio de Guardia en la Casa de Nari\u00f1o\"}]},{\"@type\":\"WebSite\",\"@id\":\"https:\/\/luchonoticias.com\/editor\/#website\",\"url\":\"https:\/\/luchonoticias.com\/editor\/\",\"name\":\"\",\"description\":\"\",\"publisher\":{\"@id\":\"https:\/\/luchonoticias.com\/editor\/#\/schema\/person\/7a7fd911f58561fd056dbac7b55af9cd\"},\"potentialAction\":[{\"@type\":\"SearchAction\",\"target\":{\"@type\":\"EntryPoint\",\"urlTemplate\":\"https:\/\/luchonoticias.com\/editor\/?s={search_term_string}\"},\"query-input\":{\"@type\":\"PropertyValueSpecification\",\"valueRequired\":true,\"valueName\":\"search_term_string\"}}],\"inLanguage\":\"es\"},{\"@type\":[\"Person\",\"Organization\"],\"@id\":\"https:\/\/luchonoticias.com\/editor\/#\/schema\/person\/7a7fd911f58561fd056dbac7b55af9cd\",\"name\":\"admin\",\"image\":{\"@type\":\"ImageObject\",\"inLanguage\":\"es\",\"@id\":\"https:\/\/luchonoticias.com\/editor\/#\/schema\/person\/image\/\",\"url\":\"https:\/\/luchonoticias.com\/editor\/wp-content\/uploads\/2024\/02\/cropped-cropped-logolu.webp\",\"contentUrl\":\"https:\/\/luchonoticias.com\/editor\/wp-content\/uploads\/2024\/02\/cropped-cropped-logolu.webp\",\"width\":382,\"height\":170,\"caption\":\"admin\"},\"logo\":{\"@id\":\"https:\/\/luchonoticias.com\/editor\/#\/schema\/person\/image\/\"},\"sameAs\":[\"https:\/\/www.facebook.com\/luchonoticiasneiva\"],\"url\":\"https:\/\/luchonoticias.com\/editor\/author\/admin\/\"}]}<\/script>\n<!-- \/ Yoast SEO plugin. -->","yoast_head_json":{"title":"Luego de muchos a\u00f1os, los colombianos vuelven a disfrutar del Cambio de Guardia en la Casa de Nari\u00f1o -","robots":{"index":"index","follow":"follow","max-snippet":"max-snippet:-1","max-image-preview":"max-image-preview:large","max-video-preview":"max-video-preview:-1"},"canonical":"https:\/\/luchonoticias.com\/editor\/luego-de-muchos-anos-los-colombianos-vuelven-a-disfrutar-del-cambio-de-guardia-en-la-casa-de-narino\/","og_locale":"es_ES","og_type":"article","og_title":"Luego de muchos a\u00f1os, los colombianos vuelven a disfrutar del Cambio de Guardia en la Casa de Nari\u00f1o -","og_url":"https:\/\/luchonoticias.com\/editor\/luego-de-muchos-anos-los-colombianos-vuelven-a-disfrutar-del-cambio-de-guardia-en-la-casa-de-narino\/","article_publisher":"https:\/\/www.facebook.com\/luchonoticiasneiva","article_author":"https:\/\/www.facebook.com\/luchonoticiasneiva","article_published_time":"2022-08-13T12:50:22+00:00","article_modified_time":"2022-08-13T12:50:23+00:00","author":"admin","twitter_card":"summary_large_image","twitter_misc":{"Escrito por":"admin","Tiempo de lectura":"1 minuto"},"schema":{"@context":"https:\/\/schema.org","@graph":[{"@type":"Article","@id":"https:\/\/luchonoticias.com\/editor\/luego-de-muchos-anos-los-colombianos-vuelven-a-disfrutar-del-cambio-de-guardia-en-la-casa-de-narino\/#article","isPartOf":{"@id":"https:\/\/luchonoticias.com\/editor\/luego-de-muchos-anos-los-colombianos-vuelven-a-disfrutar-del-cambio-de-guardia-en-la-casa-de-narino\/"},"author":{"name":"admin","@id":"https:\/\/luchonoticias.com\/editor\/#\/schema\/person\/7a7fd911f58561fd056dbac7b55af9cd"},"headline":"Luego de muchos a\u00f1os, los colombianos vuelven a disfrutar del Cambio de Guardia en la Casa de Nari\u00f1o","datePublished":"2022-08-13T12:50:22+00:00","dateModified":"2022-08-13T12:50:23+00:00","mainEntityOfPage":{"@id":"https:\/\/luchonoticias.com\/editor\/luego-de-muchos-anos-los-colombianos-vuelven-a-disfrutar-del-cambio-de-guardia-en-la-casa-de-narino\/"},"wordCount":238,"commentCount":0,"publisher":{"@id":"https:\/\/luchonoticias.com\/editor\/#\/schema\/person\/7a7fd911f58561fd056dbac7b55af9cd"},"articleSection":["Actualidad","Destacado"],"inLanguage":"es","potentialAction":[{"@type":"CommentAction","name":"Comment","target":["https:\/\/luchonoticias.com\/editor\/luego-de-muchos-anos-los-colombianos-vuelven-a-disfrutar-del-cambio-de-guardia-en-la-casa-de-narino\/#respond"]}]},{"@type":"WebPage","@id":"https:\/\/luchonoticias.com\/editor\/luego-de-muchos-anos-los-colombianos-vuelven-a-disfrutar-del-cambio-de-guardia-en-la-casa-de-narino\/","url":"https:\/\/luchonoticias.com\/editor\/luego-de-muchos-anos-los-colombianos-vuelven-a-disfrutar-del-cambio-de-guardia-en-la-casa-de-narino\/","name":"Luego de muchos a\u00f1os, los colombianos vuelven a disfrutar del Cambio de Guardia en la Casa de Nari\u00f1o -","isPartOf":{"@id":"https:\/\/luchonoticias.com\/editor\/#website"},"datePublished":"2022-08-13T12:50:22+00:00","dateModified":"2022-08-13T12:50:23+00:00","breadcrumb":{"@id":"https:\/\/luchonoticias.com\/editor\/luego-de-muchos-anos-los-colombianos-vuelven-a-disfrutar-del-cambio-de-guardia-en-la-casa-de-narino\/#breadcrumb"},"inLanguage":"es","potentialAction":[{"@type":"ReadAction","target":["https:\/\/luchonoticias.com\/editor\/luego-de-muchos-anos-los-colombianos-vuelven-a-disfrutar-del-cambio-de-guardia-en-la-casa-de-narino\/"]}]},{"@type":"BreadcrumbList","@id":"https:\/\/luchonoticias.com\/editor\/luego-de-muchos-anos-los-colombianos-vuelven-a-disfrutar-del-cambio-de-guardia-en-la-casa-de-narino\/#breadcrumb","itemListElement":[{"@type":"ListItem","position":1,"name":"Portada","item":"https:\/\/luchonoticias.com\/editor\/"},{"@type":"ListItem","position":2,"name":"Luego de muchos a\u00f1os, los colombianos vuelven a disfrutar del Cambio de Guardia en la Casa de Nari\u00f1o"}]},{"@type":"WebSite","@id":"https:\/\/luchonoticias.com\/editor\/#website","url":"https:\/\/luchonoticias.com\/editor\/","name":"","description":"","publisher":{"@id":"https:\/\/luchonoticias.com\/editor\/#\/schema\/person\/7a7fd911f58561fd056dbac7b55af9cd"},"potentialAction":[{"@type":"SearchAction","target":{"@type":"EntryPoint","urlTemplate":"https:\/\/luchonoticias.com\/editor\/?s={search_term_string}"},"query-input":{"@type":"PropertyValueSpecification","valueRequired":true,"valueName":"search_term_string"}}],"inLanguage":"es"},{"@type":["Person","Organization"],"@id":"https:\/\/luchonoticias.com\/editor\/#\/schema\/person\/7a7fd911f58561fd056dbac7b55af9cd","name":"admin","image":{"@type":"ImageObject","inLanguage":"es","@id":"https:\/\/luchonoticias.com\/editor\/#\/schema\/person\/image\/","url":"https:\/\/luchonoticias.com\/editor\/wp-content\/uploads\/2024\/02\/cropped-cropped-logolu.webp","contentUrl":"https:\/\/luchonoticias.com\/editor\/wp-content\/uploads\/2024\/02\/cropped-cropped-logolu.webp","width":382,"height":170,"caption":"admin"},"logo":{"@id":"https:\/\/luchonoticias.com\/editor\/#\/schema\/person\/image\/"},"sameAs":["https:\/\/www.facebook.com\/luchonoticiasneiva"],"url":"https:\/\/luchonoticias.com\/editor\/author\/admin\/"}]}},"_links":{"self":[{"href":"https:\/\/luchonoticias.com\/editor\/wp-json\/wp\/v2\/posts\/32038","targetHints":{"allow":["GET"]}}],"collection":[{"href":"https:\/\/luchonoticias.com\/editor\/wp-json\/wp\/v2\/posts"}],"about":[{"href":"https:\/\/luchonoticias.com\/editor\/wp-json\/wp\/v2\/types\/post"}],"author":[{"embeddable":true,"href":"https:\/\/luchonoticias.com\/editor\/wp-json\/wp\/v2\/users\/1"}],"replies":[{"embeddable":true,"href":"https:\/\/luchonoticias.com\/editor\/wp-json\/wp\/v2\/comments?post=32038"}],"version-history":[{"count":0,"href":"https:\/\/luchonoticias.com\/editor\/wp-json\/wp\/v2\/posts\/32038\/revisions"}],"wp:attachment":[{"href":"https:\/\/luchonoticias.com\/editor\/wp-json\/wp\/v2\/media?parent=32038"}],"wp:term":[{"taxonomy":"category","embeddable":true,"href":"https:\/\/luchonoticias.com\/editor\/wp-json\/wp\/v2\/categories?post=32038"},{"taxonomy":"post_tag","embeddable":true,"href":"https:\/\/luchonoticias.com\/editor\/wp-json\/wp\/v2\/tags?post=32038"}],"curies":[{"name":"wp","href":"https:\/\/api.w.org\/{rel}","templated":true}]}}