{"id":32042,"date":"2022-08-13T08:03:40","date_gmt":"2022-08-13T13:03:40","guid":{"rendered":"https:\/\/luchonoticias.com\/?p=32042"},"modified":"2022-08-13T08:03:41","modified_gmt":"2022-08-13T13:03:41","slug":"ministro-de-hacienda-ratifico-compromiso-para-atender-necesidades-sociales-del-pais-cumplir-la-regla-fiscal-e-impulsar-la-industrializacion","status":"publish","type":"post","link":"https:\/\/luchonoticias.com\/editor\/ministro-de-hacienda-ratifico-compromiso-para-atender-necesidades-sociales-del-pais-cumplir-la-regla-fiscal-e-impulsar-la-industrializacion\/","title":{"rendered":"Ministro de Hacienda ratific\u00f3 compromiso para atender necesidades sociales del pa\u00eds, cumplir la regla fiscal e impulsar la industrializaci\u00f3n"},"content":{"rendered":"\n<p>El Ministro de Hacienda, Jos\u00e9 Antonio Ocampo, confirm\u00f3 ante la 78\u00aa Asamblea de la Asociaci\u00f3n Nacional de Empresarios de Colombia (ANDI) el compromiso del Gobierno Nacional para atender las necesidades sociales del pa\u00eds, cumplir la regla fiscal e impulsar la industrializaci\u00f3n.<\/p>\n\n\n\n<p>En este encuentro, en el que tambi\u00e9n se llev\u00f3 a cabo el VII Congreso Empresarial Colombiano, el Ministro Ocampo expres\u00f3 que el Gobierno Nacional est\u00e1 abierto a escuchar las propuestas que el sector productivo tenga para mejorar el proyecto de ley de Reforma Tributaria, radicado ante el Congreso.<\/p>\n\n\n\n<p>\u201cEl debate en el Congreso ser\u00e1 abierto y estamos dispuestos a discutir cada punto de esta reforma, siempre y cuando el prop\u00f3sito sea mejorar el sistema tributario, no reproducir los beneficios tributarios que, a nuestro punto de vista, son injustos\u201d, agreg\u00f3, al recordar que se ha trabajado con el empresariado colombiano en la elaboraci\u00f3n de la propuesta de ley.<\/p>\n\n\n\n<p>El Ministro tambi\u00e9n ratific\u00f3 el objetivo que significa cumplir la regla fiscal. \u201cEs un compromiso del Gobierno y de quien les habla como Ministro de Hacienda\u201d, dijo.<\/p>\n\n\n\n<p>En cuanto a la industrializaci\u00f3n, Ocampo asegur\u00f3 que este es uno de los ejes centrales del Gobierno del Cambio, en el que el empresariado es un aliado en el prop\u00f3sito de generar m\u00e1s progreso y desarrollo para los colombianos.<\/p>\n\n\n\n<p>Al VII Congreso Empresarial Colombiano de la ANDI y su Asamblea n\u00famero 78, asisti\u00f3 para la clausura el Presidente Gustavo Petro, y durante tres d\u00edas participaron m\u00e1s de 2.000 empresarios, 15 conferencistas y 30 panelistas, entre nacionales e internacionales, encargados de exponer su visi\u00f3n frente al desarrollo social, econ\u00f3mico y sostenible del pa\u00eds.<\/p>\n\n\n\n<p>Los ejes tem\u00e1ticos tratados por los expertos se situaron en econom\u00eda y geopol\u00edtica; transformaci\u00f3n digital; grandes reformas; cambio clim\u00e1tico; salud; desarrollo de las regiones; transici\u00f3n energ\u00e9tica; capitalismo consciente; instituciones y democracia; inclusi\u00f3n y equidad; y j\u00f3venes l\u00edderes colombianos.<\/p>\n\n\n\n<p>Para el cierre del evento, el Jefe de Estado estuvo acompa\u00f1ado del Presidente de la ANDI, Bruce Mac Master, quien durante los tres d\u00edas del encuentro hizo entrega de la Orden al M\u00e9rito Empresarial a sus afiliados y dio a conocer la lista de empresas que han inspirado el desarrollo de Colombia durante el a\u00f1o 2022.<\/p>\n\n\n\n<p>Con la reforma tributaria el Gobierno aspira a recaudar $ 25 billones, en 2023, y aumentar a $50 billones, de forma gradual, con la eliminaci\u00f3n de exenciones y con medidas contra la evasi\u00f3n.<\/p>\n","protected":false},"excerpt":{"rendered":"<p>El Ministro de Hacienda, Jos\u00e9 Antonio Ocampo, confirm\u00f3 ante la 78\u00aa Asamblea de la Asociaci\u00f3n Nacional de Empresarios de Colombia (ANDI) el compromiso del Gobierno Nacional para atender las necesidades sociales del pa\u00eds, cumplir la regla fiscal e impulsar la industrializaci\u00f3n. En este encuentro, en el que tambi\u00e9n se llev\u00f3 a cabo el VII Congreso [&hellip;]<\/p>\n","protected":false},"author":1,"featured_media":0,"comment_status":"open","ping_status":"open","sticky":false,"template":"","format":"standard","meta":{"footnotes":""},"categories":[36,32],"tags":[],"class_list":["post-32042","post","type-post","status-publish","format-standard","hentry","category-destacado","category-nacional"],"yoast_head":"<!-- This site is optimized with the Yoast SEO plugin v26.6 - https:\/\/yoast.com\/wordpress\/plugins\/seo\/ -->\n<title>Ministro de Hacienda ratific\u00f3 compromiso para atender necesidades sociales del pa\u00eds, cumplir la regla fiscal e impulsar la industrializaci\u00f3n -<\/title>\n<meta name=\"robots\" content=\"index, follow, max-snippet:-1, max-image-preview:large, max-video-preview:-1\" \/>\n<link rel=\"canonical\" href=\"https:\/\/luchonoticias.com\/editor\/ministro-de-hacienda-ratifico-compromiso-para-atender-necesidades-sociales-del-pais-cumplir-la-regla-fiscal-e-impulsar-la-industrializacion\/\" \/>\n<meta property=\"og:locale\" content=\"es_ES\" \/>\n<meta property=\"og:type\" content=\"article\" \/>\n<meta property=\"og:title\" content=\"Ministro de Hacienda ratific\u00f3 compromiso para atender necesidades sociales del pa\u00eds, cumplir la regla fiscal e impulsar la industrializaci\u00f3n -\" \/>\n<meta property=\"og:url\" content=\"https:\/\/luchonoticias.com\/editor\/ministro-de-hacienda-ratifico-compromiso-para-atender-necesidades-sociales-del-pais-cumplir-la-regla-fiscal-e-impulsar-la-industrializacion\/\" \/>\n<meta property=\"article:publisher\" content=\"https:\/\/www.facebook.com\/luchonoticiasneiva\" \/>\n<meta property=\"article:author\" content=\"https:\/\/www.facebook.com\/luchonoticiasneiva\" \/>\n<meta property=\"article:published_time\" content=\"2022-08-13T13:03:40+00:00\" \/>\n<meta property=\"article:modified_time\" content=\"2022-08-13T13:03:41+00:00\" \/>\n<meta name=\"author\" content=\"admin\" \/>\n<meta name=\"twitter:card\" content=\"summary_large_image\" \/>\n<meta name=\"twitter:label1\" content=\"Escrito por\" \/>\n\t<meta name=\"twitter:data1\" content=\"admin\" \/>\n\t<meta name=\"twitter:label2\" content=\"Tiempo de lectura\" \/>\n\t<meta name=\"twitter:data2\" content=\"2 minutos\" \/>\n<script type=\"application\/ld+json\" class=\"yoast-schema-graph\">{\"@context\":\"https:\/\/schema.org\",\"@graph\":[{\"@type\":\"Article\",\"@id\":\"https:\/\/luchonoticias.com\/editor\/ministro-de-hacienda-ratifico-compromiso-para-atender-necesidades-sociales-del-pais-cumplir-la-regla-fiscal-e-impulsar-la-industrializacion\/#article\",\"isPartOf\":{\"@id\":\"https:\/\/luchonoticias.com\/editor\/ministro-de-hacienda-ratifico-compromiso-para-atender-necesidades-sociales-del-pais-cumplir-la-regla-fiscal-e-impulsar-la-industrializacion\/\"},\"author\":{\"name\":\"admin\",\"@id\":\"https:\/\/luchonoticias.com\/editor\/#\/schema\/person\/7a7fd911f58561fd056dbac7b55af9cd\"},\"headline\":\"Ministro de Hacienda ratific\u00f3 compromiso para atender necesidades sociales del pa\u00eds, cumplir la regla fiscal e impulsar la industrializaci\u00f3n\",\"datePublished\":\"2022-08-13T13:03:40+00:00\",\"dateModified\":\"2022-08-13T13:03:41+00:00\",\"mainEntityOfPage\":{\"@id\":\"https:\/\/luchonoticias.com\/editor\/ministro-de-hacienda-ratifico-compromiso-para-atender-necesidades-sociales-del-pais-cumplir-la-regla-fiscal-e-impulsar-la-industrializacion\/\"},\"wordCount\":437,\"commentCount\":0,\"publisher\":{\"@id\":\"https:\/\/luchonoticias.com\/editor\/#\/schema\/person\/7a7fd911f58561fd056dbac7b55af9cd\"},\"articleSection\":[\"Destacado\",\"Nacional\"],\"inLanguage\":\"es\",\"potentialAction\":[{\"@type\":\"CommentAction\",\"name\":\"Comment\",\"target\":[\"https:\/\/luchonoticias.com\/editor\/ministro-de-hacienda-ratifico-compromiso-para-atender-necesidades-sociales-del-pais-cumplir-la-regla-fiscal-e-impulsar-la-industrializacion\/#respond\"]}]},{\"@type\":\"WebPage\",\"@id\":\"https:\/\/luchonoticias.com\/editor\/ministro-de-hacienda-ratifico-compromiso-para-atender-necesidades-sociales-del-pais-cumplir-la-regla-fiscal-e-impulsar-la-industrializacion\/\",\"url\":\"https:\/\/luchonoticias.com\/editor\/ministro-de-hacienda-ratifico-compromiso-para-atender-necesidades-sociales-del-pais-cumplir-la-regla-fiscal-e-impulsar-la-industrializacion\/\",\"name\":\"Ministro de Hacienda ratific\u00f3 compromiso para atender necesidades sociales del pa\u00eds, cumplir la regla fiscal e impulsar la industrializaci\u00f3n -\",\"isPartOf\":{\"@id\":\"https:\/\/luchonoticias.com\/editor\/#website\"},\"datePublished\":\"2022-08-13T13:03:40+00:00\",\"dateModified\":\"2022-08-13T13:03:41+00:00\",\"breadcrumb\":{\"@id\":\"https:\/\/luchonoticias.com\/editor\/ministro-de-hacienda-ratifico-compromiso-para-atender-necesidades-sociales-del-pais-cumplir-la-regla-fiscal-e-impulsar-la-industrializacion\/#breadcrumb\"},\"inLanguage\":\"es\",\"potentialAction\":[{\"@type\":\"ReadAction\",\"target\":[\"https:\/\/luchonoticias.com\/editor\/ministro-de-hacienda-ratifico-compromiso-para-atender-necesidades-sociales-del-pais-cumplir-la-regla-fiscal-e-impulsar-la-industrializacion\/\"]}]},{\"@type\":\"BreadcrumbList\",\"@id\":\"https:\/\/luchonoticias.com\/editor\/ministro-de-hacienda-ratifico-compromiso-para-atender-necesidades-sociales-del-pais-cumplir-la-regla-fiscal-e-impulsar-la-industrializacion\/#breadcrumb\",\"itemListElement\":[{\"@type\":\"ListItem\",\"position\":1,\"name\":\"Portada\",\"item\":\"https:\/\/luchonoticias.com\/editor\/\"},{\"@type\":\"ListItem\",\"position\":2,\"name\":\"Ministro de Hacienda ratific\u00f3 compromiso para atender necesidades sociales del pa\u00eds, cumplir la regla fiscal e impulsar la industrializaci\u00f3n\"}]},{\"@type\":\"WebSite\",\"@id\":\"https:\/\/luchonoticias.com\/editor\/#website\",\"url\":\"https:\/\/luchonoticias.com\/editor\/\",\"name\":\"\",\"description\":\"\",\"publisher\":{\"@id\":\"https:\/\/luchonoticias.com\/editor\/#\/schema\/person\/7a7fd911f58561fd056dbac7b55af9cd\"},\"potentialAction\":[{\"@type\":\"SearchAction\",\"target\":{\"@type\":\"EntryPoint\",\"urlTemplate\":\"https:\/\/luchonoticias.com\/editor\/?s={search_term_string}\"},\"query-input\":{\"@type\":\"PropertyValueSpecification\",\"valueRequired\":true,\"valueName\":\"search_term_string\"}}],\"inLanguage\":\"es\"},{\"@type\":[\"Person\",\"Organization\"],\"@id\":\"https:\/\/luchonoticias.com\/editor\/#\/schema\/person\/7a7fd911f58561fd056dbac7b55af9cd\",\"name\":\"admin\",\"image\":{\"@type\":\"ImageObject\",\"inLanguage\":\"es\",\"@id\":\"https:\/\/luchonoticias.com\/editor\/#\/schema\/person\/image\/\",\"url\":\"https:\/\/luchonoticias.com\/editor\/wp-content\/uploads\/2024\/02\/cropped-cropped-logolu.webp\",\"contentUrl\":\"https:\/\/luchonoticias.com\/editor\/wp-content\/uploads\/2024\/02\/cropped-cropped-logolu.webp\",\"width\":382,\"height\":170,\"caption\":\"admin\"},\"logo\":{\"@id\":\"https:\/\/luchonoticias.com\/editor\/#\/schema\/person\/image\/\"},\"sameAs\":[\"https:\/\/www.facebook.com\/luchonoticiasneiva\"],\"url\":\"https:\/\/luchonoticias.com\/editor\/author\/admin\/\"}]}<\/script>\n<!-- \/ Yoast SEO plugin. -->","yoast_head_json":{"title":"Ministro de Hacienda ratific\u00f3 compromiso para atender necesidades sociales del pa\u00eds, cumplir la regla fiscal e impulsar la industrializaci\u00f3n -","robots":{"index":"index","follow":"follow","max-snippet":"max-snippet:-1","max-image-preview":"max-image-preview:large","max-video-preview":"max-video-preview:-1"},"canonical":"https:\/\/luchonoticias.com\/editor\/ministro-de-hacienda-ratifico-compromiso-para-atender-necesidades-sociales-del-pais-cumplir-la-regla-fiscal-e-impulsar-la-industrializacion\/","og_locale":"es_ES","og_type":"article","og_title":"Ministro de Hacienda ratific\u00f3 compromiso para atender necesidades sociales del pa\u00eds, cumplir la regla fiscal e impulsar la industrializaci\u00f3n -","og_url":"https:\/\/luchonoticias.com\/editor\/ministro-de-hacienda-ratifico-compromiso-para-atender-necesidades-sociales-del-pais-cumplir-la-regla-fiscal-e-impulsar-la-industrializacion\/","article_publisher":"https:\/\/www.facebook.com\/luchonoticiasneiva","article_author":"https:\/\/www.facebook.com\/luchonoticiasneiva","article_published_time":"2022-08-13T13:03:40+00:00","article_modified_time":"2022-08-13T13:03:41+00:00","author":"admin","twitter_card":"summary_large_image","twitter_misc":{"Escrito por":"admin","Tiempo de lectura":"2 minutos"},"schema":{"@context":"https:\/\/schema.org","@graph":[{"@type":"Article","@id":"https:\/\/luchonoticias.com\/editor\/ministro-de-hacienda-ratifico-compromiso-para-atender-necesidades-sociales-del-pais-cumplir-la-regla-fiscal-e-impulsar-la-industrializacion\/#article","isPartOf":{"@id":"https:\/\/luchonoticias.com\/editor\/ministro-de-hacienda-ratifico-compromiso-para-atender-necesidades-sociales-del-pais-cumplir-la-regla-fiscal-e-impulsar-la-industrializacion\/"},"author":{"name":"admin","@id":"https:\/\/luchonoticias.com\/editor\/#\/schema\/person\/7a7fd911f58561fd056dbac7b55af9cd"},"headline":"Ministro de Hacienda ratific\u00f3 compromiso para atender necesidades sociales del pa\u00eds, cumplir la regla fiscal e impulsar la industrializaci\u00f3n","datePublished":"2022-08-13T13:03:40+00:00","dateModified":"2022-08-13T13:03:41+00:00","mainEntityOfPage":{"@id":"https:\/\/luchonoticias.com\/editor\/ministro-de-hacienda-ratifico-compromiso-para-atender-necesidades-sociales-del-pais-cumplir-la-regla-fiscal-e-impulsar-la-industrializacion\/"},"wordCount":437,"commentCount":0,"publisher":{"@id":"https:\/\/luchonoticias.com\/editor\/#\/schema\/person\/7a7fd911f58561fd056dbac7b55af9cd"},"articleSection":["Destacado","Nacional"],"inLanguage":"es","potentialAction":[{"@type":"CommentAction","name":"Comment","target":["https:\/\/luchonoticias.com\/editor\/ministro-de-hacienda-ratifico-compromiso-para-atender-necesidades-sociales-del-pais-cumplir-la-regla-fiscal-e-impulsar-la-industrializacion\/#respond"]}]},{"@type":"WebPage","@id":"https:\/\/luchonoticias.com\/editor\/ministro-de-hacienda-ratifico-compromiso-para-atender-necesidades-sociales-del-pais-cumplir-la-regla-fiscal-e-impulsar-la-industrializacion\/","url":"https:\/\/luchonoticias.com\/editor\/ministro-de-hacienda-ratifico-compromiso-para-atender-necesidades-sociales-del-pais-cumplir-la-regla-fiscal-e-impulsar-la-industrializacion\/","name":"Ministro de Hacienda ratific\u00f3 compromiso para atender necesidades sociales del pa\u00eds, cumplir la regla fiscal e impulsar la industrializaci\u00f3n -","isPartOf":{"@id":"https:\/\/luchonoticias.com\/editor\/#website"},"datePublished":"2022-08-13T13:03:40+00:00","dateModified":"2022-08-13T13:03:41+00:00","breadcrumb":{"@id":"https:\/\/luchonoticias.com\/editor\/ministro-de-hacienda-ratifico-compromiso-para-atender-necesidades-sociales-del-pais-cumplir-la-regla-fiscal-e-impulsar-la-industrializacion\/#breadcrumb"},"inLanguage":"es","potentialAction":[{"@type":"ReadAction","target":["https:\/\/luchonoticias.com\/editor\/ministro-de-hacienda-ratifico-compromiso-para-atender-necesidades-sociales-del-pais-cumplir-la-regla-fiscal-e-impulsar-la-industrializacion\/"]}]},{"@type":"BreadcrumbList","@id":"https:\/\/luchonoticias.com\/editor\/ministro-de-hacienda-ratifico-compromiso-para-atender-necesidades-sociales-del-pais-cumplir-la-regla-fiscal-e-impulsar-la-industrializacion\/#breadcrumb","itemListElement":[{"@type":"ListItem","position":1,"name":"Portada","item":"https:\/\/luchonoticias.com\/editor\/"},{"@type":"ListItem","position":2,"name":"Ministro de Hacienda ratific\u00f3 compromiso para atender necesidades sociales del pa\u00eds, cumplir la regla fiscal e impulsar la industrializaci\u00f3n"}]},{"@type":"WebSite","@id":"https:\/\/luchonoticias.com\/editor\/#website","url":"https:\/\/luchonoticias.com\/editor\/","name":"","description":"","publisher":{"@id":"https:\/\/luchonoticias.com\/editor\/#\/schema\/person\/7a7fd911f58561fd056dbac7b55af9cd"},"potentialAction":[{"@type":"SearchAction","target":{"@type":"EntryPoint","urlTemplate":"https:\/\/luchonoticias.com\/editor\/?s={search_term_string}"},"query-input":{"@type":"PropertyValueSpecification","valueRequired":true,"valueName":"search_term_string"}}],"inLanguage":"es"},{"@type":["Person","Organization"],"@id":"https:\/\/luchonoticias.com\/editor\/#\/schema\/person\/7a7fd911f58561fd056dbac7b55af9cd","name":"admin","image":{"@type":"ImageObject","inLanguage":"es","@id":"https:\/\/luchonoticias.com\/editor\/#\/schema\/person\/image\/","url":"https:\/\/luchonoticias.com\/editor\/wp-content\/uploads\/2024\/02\/cropped-cropped-logolu.webp","contentUrl":"https:\/\/luchonoticias.com\/editor\/wp-content\/uploads\/2024\/02\/cropped-cropped-logolu.webp","width":382,"height":170,"caption":"admin"},"logo":{"@id":"https:\/\/luchonoticias.com\/editor\/#\/schema\/person\/image\/"},"sameAs":["https:\/\/www.facebook.com\/luchonoticiasneiva"],"url":"https:\/\/luchonoticias.com\/editor\/author\/admin\/"}]}},"_links":{"self":[{"href":"https:\/\/luchonoticias.com\/editor\/wp-json\/wp\/v2\/posts\/32042","targetHints":{"allow":["GET"]}}],"collection":[{"href":"https:\/\/luchonoticias.com\/editor\/wp-json\/wp\/v2\/posts"}],"about":[{"href":"https:\/\/luchonoticias.com\/editor\/wp-json\/wp\/v2\/types\/post"}],"author":[{"embeddable":true,"href":"https:\/\/luchonoticias.com\/editor\/wp-json\/wp\/v2\/users\/1"}],"replies":[{"embeddable":true,"href":"https:\/\/luchonoticias.com\/editor\/wp-json\/wp\/v2\/comments?post=32042"}],"version-history":[{"count":0,"href":"https:\/\/luchonoticias.com\/editor\/wp-json\/wp\/v2\/posts\/32042\/revisions"}],"wp:attachment":[{"href":"https:\/\/luchonoticias.com\/editor\/wp-json\/wp\/v2\/media?parent=32042"}],"wp:term":[{"taxonomy":"category","embeddable":true,"href":"https:\/\/luchonoticias.com\/editor\/wp-json\/wp\/v2\/categories?post=32042"},{"taxonomy":"post_tag","embeddable":true,"href":"https:\/\/luchonoticias.com\/editor\/wp-json\/wp\/v2\/tags?post=32042"}],"curies":[{"name":"wp","href":"https:\/\/api.w.org\/{rel}","templated":true}]}}