{"id":32216,"date":"2022-08-16T05:04:20","date_gmt":"2022-08-16T10:04:20","guid":{"rendered":"https:\/\/luchonoticias.com\/?p=32216"},"modified":"2022-08-16T05:04:21","modified_gmt":"2022-08-16T10:04:21","slug":"huila-laboratorio-de-iniciativas-para-el-sector-cafetero-nacional","status":"publish","type":"post","link":"https:\/\/luchonoticias.com\/editor\/huila-laboratorio-de-iniciativas-para-el-sector-cafetero-nacional\/","title":{"rendered":"Huila, laboratorio de iniciativas para el sector cafetero nacional"},"content":{"rendered":"\n<p>Se realiz\u00f3 la&nbsp;<strong>mesa ejecutiva<\/strong>&nbsp;de la&nbsp;<strong>cadena de suministro del sector caf\u00e9<\/strong>&nbsp;en el departamento del Huila, donde particip\u00f3 la Oficina de Productividad y Competitividad y la Secretar\u00eda de Agricultura, donde se gener\u00f3 una&nbsp;<strong>articulaci\u00f3n&nbsp;<\/strong>con todos los actores relacionados con la cadena productiva del caf\u00e9.<\/p>\n\n\n\n<p>Desde la gobernaci\u00f3n del Huila se particip\u00f3 en esta mesa para la formalizaci\u00f3n de la cadena productiva del caf\u00e9 y la pertinencia de la formaci\u00f3n desde las distintas instituciones educativas en el departamento.&nbsp;<\/p>\n\n\n\n<p>El departamento del Huila&nbsp;<strong>fue escogido por la OIT&nbsp;<\/strong>(Organizaci\u00f3n Internacional del Trabajo) por ser el principal productor de caf\u00e9 a nivel nacional, para&nbsp;<strong>generar ideas y estrategias en beneficio del sector cafetero<\/strong>&nbsp;y en especial para articular esfuerzos que y promuevan la formalizaci\u00f3n de esta cadena productiva.&nbsp;<\/p>\n\n\n\n<p>\u201cParticipamos en una muy importante mesa de trabajo con la OIT y el Ministerio del Trabajo, donde se trat\u00f3 un tema fundamental para el departamento del Huila, la&nbsp;<strong>implementaci\u00f3n de la cadena de suministro del sector caf\u00e9 para el departamento<\/strong>, all\u00ed de manera articulada con todos los actores de la cadena del caf\u00e9 vamos a estructurar una hoja de ruta para la formalizaci\u00f3n de ese sector cafetero del departamento del Huila\u201d, explic\u00f3 Oscar Eduardo Trujillo, jefe de la oficina de Productividad y Competitividad.<\/p>\n\n\n\n<p>As\u00ed mismo, el jefe de la Oficina de Competitividad de la Gobernaci\u00f3n, resalt\u00f3 el trabajo que se har\u00e1 desde la formaci\u00f3n a trav\u00e9s de las universidades y el Sena para el fortalecimiento de este sector tan importante en el Huila.<\/p>\n\n\n\n<p>\u201cEl departamento del Huila a trav\u00e9s de la Subcomisi\u00f3n de Pol\u00edticas Laborales y Salariales del departamento, aprob\u00f3 desde el mes de febrero la implementaci\u00f3n de la mesa t\u00e9cnica ejecutiva del caf\u00e9, lo que implica que el Huila es un departamento piloto, escogido por la OIT para que desde territorio se empiecen a generar sugerencias de pol\u00edticas p\u00fablicas para que sean implementadas por parte del gobierno nacional en lo que tiene que ver con el sector cafetero\u201d, resalt\u00f3 Clara In\u00e9s Borrero Tamayo, Directora Territorial del Ministerio del Trabajo en el Huila.&nbsp;<br>&nbsp;&nbsp;<br>Esto con el fin de que las&nbsp;<strong>estrategias y programas para el fortalecimiento&nbsp;<\/strong>de la cadena productiva del caf\u00e9&nbsp;<strong>nazcan desde el territorio y sean implementadas a nivel nacional.<\/strong><\/p>\n","protected":false},"excerpt":{"rendered":"<p>Se realiz\u00f3 la&nbsp;mesa ejecutiva&nbsp;de la&nbsp;cadena de suministro del sector caf\u00e9&nbsp;en el departamento del Huila, donde particip\u00f3 la Oficina de Productividad y Competitividad y la Secretar\u00eda de Agricultura, donde se gener\u00f3 una&nbsp;articulaci\u00f3n&nbsp;con todos los actores relacionados con la cadena productiva del caf\u00e9. Desde la gobernaci\u00f3n del Huila se particip\u00f3 en esta mesa para la formalizaci\u00f3n de [&hellip;]<\/p>\n","protected":false},"author":1,"featured_media":0,"comment_status":"open","ping_status":"open","sticky":false,"template":"","format":"standard","meta":{"footnotes":""},"categories":[33],"tags":[],"class_list":["post-32216","post","type-post","status-publish","format-standard","hentry","category-huila"],"yoast_head":"<!-- This site is optimized with the Yoast SEO plugin v26.6 - https:\/\/yoast.com\/wordpress\/plugins\/seo\/ -->\n<title>Huila, laboratorio de iniciativas para el sector cafetero nacional -<\/title>\n<meta name=\"robots\" content=\"index, follow, max-snippet:-1, max-image-preview:large, max-video-preview:-1\" \/>\n<link rel=\"canonical\" href=\"https:\/\/luchonoticias.com\/editor\/huila-laboratorio-de-iniciativas-para-el-sector-cafetero-nacional\/\" \/>\n<meta property=\"og:locale\" content=\"es_ES\" \/>\n<meta property=\"og:type\" content=\"article\" \/>\n<meta property=\"og:title\" content=\"Huila, laboratorio de iniciativas para el sector cafetero nacional -\" \/>\n<meta property=\"og:url\" content=\"https:\/\/luchonoticias.com\/editor\/huila-laboratorio-de-iniciativas-para-el-sector-cafetero-nacional\/\" \/>\n<meta property=\"article:publisher\" content=\"https:\/\/www.facebook.com\/luchonoticiasneiva\" \/>\n<meta property=\"article:author\" content=\"https:\/\/www.facebook.com\/luchonoticiasneiva\" \/>\n<meta property=\"article:published_time\" content=\"2022-08-16T10:04:20+00:00\" \/>\n<meta property=\"article:modified_time\" content=\"2022-08-16T10:04:21+00:00\" \/>\n<meta name=\"author\" content=\"admin\" \/>\n<meta name=\"twitter:card\" content=\"summary_large_image\" \/>\n<meta name=\"twitter:label1\" content=\"Escrito por\" \/>\n\t<meta name=\"twitter:data1\" content=\"admin\" \/>\n\t<meta name=\"twitter:label2\" content=\"Tiempo de lectura\" \/>\n\t<meta name=\"twitter:data2\" content=\"2 minutos\" \/>\n<script type=\"application\/ld+json\" class=\"yoast-schema-graph\">{\"@context\":\"https:\/\/schema.org\",\"@graph\":[{\"@type\":\"Article\",\"@id\":\"https:\/\/luchonoticias.com\/editor\/huila-laboratorio-de-iniciativas-para-el-sector-cafetero-nacional\/#article\",\"isPartOf\":{\"@id\":\"https:\/\/luchonoticias.com\/editor\/huila-laboratorio-de-iniciativas-para-el-sector-cafetero-nacional\/\"},\"author\":{\"name\":\"admin\",\"@id\":\"https:\/\/luchonoticias.com\/editor\/#\/schema\/person\/7a7fd911f58561fd056dbac7b55af9cd\"},\"headline\":\"Huila, laboratorio de iniciativas para el sector cafetero nacional\",\"datePublished\":\"2022-08-16T10:04:20+00:00\",\"dateModified\":\"2022-08-16T10:04:21+00:00\",\"mainEntityOfPage\":{\"@id\":\"https:\/\/luchonoticias.com\/editor\/huila-laboratorio-de-iniciativas-para-el-sector-cafetero-nacional\/\"},\"wordCount\":418,\"commentCount\":0,\"publisher\":{\"@id\":\"https:\/\/luchonoticias.com\/editor\/#\/schema\/person\/7a7fd911f58561fd056dbac7b55af9cd\"},\"articleSection\":[\"Huila\"],\"inLanguage\":\"es\",\"potentialAction\":[{\"@type\":\"CommentAction\",\"name\":\"Comment\",\"target\":[\"https:\/\/luchonoticias.com\/editor\/huila-laboratorio-de-iniciativas-para-el-sector-cafetero-nacional\/#respond\"]}]},{\"@type\":\"WebPage\",\"@id\":\"https:\/\/luchonoticias.com\/editor\/huila-laboratorio-de-iniciativas-para-el-sector-cafetero-nacional\/\",\"url\":\"https:\/\/luchonoticias.com\/editor\/huila-laboratorio-de-iniciativas-para-el-sector-cafetero-nacional\/\",\"name\":\"Huila, laboratorio de iniciativas para el sector cafetero nacional -\",\"isPartOf\":{\"@id\":\"https:\/\/luchonoticias.com\/editor\/#website\"},\"datePublished\":\"2022-08-16T10:04:20+00:00\",\"dateModified\":\"2022-08-16T10:04:21+00:00\",\"breadcrumb\":{\"@id\":\"https:\/\/luchonoticias.com\/editor\/huila-laboratorio-de-iniciativas-para-el-sector-cafetero-nacional\/#breadcrumb\"},\"inLanguage\":\"es\",\"potentialAction\":[{\"@type\":\"ReadAction\",\"target\":[\"https:\/\/luchonoticias.com\/editor\/huila-laboratorio-de-iniciativas-para-el-sector-cafetero-nacional\/\"]}]},{\"@type\":\"BreadcrumbList\",\"@id\":\"https:\/\/luchonoticias.com\/editor\/huila-laboratorio-de-iniciativas-para-el-sector-cafetero-nacional\/#breadcrumb\",\"itemListElement\":[{\"@type\":\"ListItem\",\"position\":1,\"name\":\"Portada\",\"item\":\"https:\/\/luchonoticias.com\/editor\/\"},{\"@type\":\"ListItem\",\"position\":2,\"name\":\"Huila, laboratorio de iniciativas para el sector cafetero nacional\"}]},{\"@type\":\"WebSite\",\"@id\":\"https:\/\/luchonoticias.com\/editor\/#website\",\"url\":\"https:\/\/luchonoticias.com\/editor\/\",\"name\":\"\",\"description\":\"\",\"publisher\":{\"@id\":\"https:\/\/luchonoticias.com\/editor\/#\/schema\/person\/7a7fd911f58561fd056dbac7b55af9cd\"},\"potentialAction\":[{\"@type\":\"SearchAction\",\"target\":{\"@type\":\"EntryPoint\",\"urlTemplate\":\"https:\/\/luchonoticias.com\/editor\/?s={search_term_string}\"},\"query-input\":{\"@type\":\"PropertyValueSpecification\",\"valueRequired\":true,\"valueName\":\"search_term_string\"}}],\"inLanguage\":\"es\"},{\"@type\":[\"Person\",\"Organization\"],\"@id\":\"https:\/\/luchonoticias.com\/editor\/#\/schema\/person\/7a7fd911f58561fd056dbac7b55af9cd\",\"name\":\"admin\",\"image\":{\"@type\":\"ImageObject\",\"inLanguage\":\"es\",\"@id\":\"https:\/\/luchonoticias.com\/editor\/#\/schema\/person\/image\/\",\"url\":\"https:\/\/luchonoticias.com\/editor\/wp-content\/uploads\/2024\/02\/cropped-cropped-logolu.webp\",\"contentUrl\":\"https:\/\/luchonoticias.com\/editor\/wp-content\/uploads\/2024\/02\/cropped-cropped-logolu.webp\",\"width\":382,\"height\":170,\"caption\":\"admin\"},\"logo\":{\"@id\":\"https:\/\/luchonoticias.com\/editor\/#\/schema\/person\/image\/\"},\"sameAs\":[\"https:\/\/www.facebook.com\/luchonoticiasneiva\"],\"url\":\"https:\/\/luchonoticias.com\/editor\/author\/admin\/\"}]}<\/script>\n<!-- \/ Yoast SEO plugin. -->","yoast_head_json":{"title":"Huila, laboratorio de iniciativas para el sector cafetero nacional -","robots":{"index":"index","follow":"follow","max-snippet":"max-snippet:-1","max-image-preview":"max-image-preview:large","max-video-preview":"max-video-preview:-1"},"canonical":"https:\/\/luchonoticias.com\/editor\/huila-laboratorio-de-iniciativas-para-el-sector-cafetero-nacional\/","og_locale":"es_ES","og_type":"article","og_title":"Huila, laboratorio de iniciativas para el sector cafetero nacional -","og_url":"https:\/\/luchonoticias.com\/editor\/huila-laboratorio-de-iniciativas-para-el-sector-cafetero-nacional\/","article_publisher":"https:\/\/www.facebook.com\/luchonoticiasneiva","article_author":"https:\/\/www.facebook.com\/luchonoticiasneiva","article_published_time":"2022-08-16T10:04:20+00:00","article_modified_time":"2022-08-16T10:04:21+00:00","author":"admin","twitter_card":"summary_large_image","twitter_misc":{"Escrito por":"admin","Tiempo de lectura":"2 minutos"},"schema":{"@context":"https:\/\/schema.org","@graph":[{"@type":"Article","@id":"https:\/\/luchonoticias.com\/editor\/huila-laboratorio-de-iniciativas-para-el-sector-cafetero-nacional\/#article","isPartOf":{"@id":"https:\/\/luchonoticias.com\/editor\/huila-laboratorio-de-iniciativas-para-el-sector-cafetero-nacional\/"},"author":{"name":"admin","@id":"https:\/\/luchonoticias.com\/editor\/#\/schema\/person\/7a7fd911f58561fd056dbac7b55af9cd"},"headline":"Huila, laboratorio de iniciativas para el sector cafetero nacional","datePublished":"2022-08-16T10:04:20+00:00","dateModified":"2022-08-16T10:04:21+00:00","mainEntityOfPage":{"@id":"https:\/\/luchonoticias.com\/editor\/huila-laboratorio-de-iniciativas-para-el-sector-cafetero-nacional\/"},"wordCount":418,"commentCount":0,"publisher":{"@id":"https:\/\/luchonoticias.com\/editor\/#\/schema\/person\/7a7fd911f58561fd056dbac7b55af9cd"},"articleSection":["Huila"],"inLanguage":"es","potentialAction":[{"@type":"CommentAction","name":"Comment","target":["https:\/\/luchonoticias.com\/editor\/huila-laboratorio-de-iniciativas-para-el-sector-cafetero-nacional\/#respond"]}]},{"@type":"WebPage","@id":"https:\/\/luchonoticias.com\/editor\/huila-laboratorio-de-iniciativas-para-el-sector-cafetero-nacional\/","url":"https:\/\/luchonoticias.com\/editor\/huila-laboratorio-de-iniciativas-para-el-sector-cafetero-nacional\/","name":"Huila, laboratorio de iniciativas para el sector cafetero nacional -","isPartOf":{"@id":"https:\/\/luchonoticias.com\/editor\/#website"},"datePublished":"2022-08-16T10:04:20+00:00","dateModified":"2022-08-16T10:04:21+00:00","breadcrumb":{"@id":"https:\/\/luchonoticias.com\/editor\/huila-laboratorio-de-iniciativas-para-el-sector-cafetero-nacional\/#breadcrumb"},"inLanguage":"es","potentialAction":[{"@type":"ReadAction","target":["https:\/\/luchonoticias.com\/editor\/huila-laboratorio-de-iniciativas-para-el-sector-cafetero-nacional\/"]}]},{"@type":"BreadcrumbList","@id":"https:\/\/luchonoticias.com\/editor\/huila-laboratorio-de-iniciativas-para-el-sector-cafetero-nacional\/#breadcrumb","itemListElement":[{"@type":"ListItem","position":1,"name":"Portada","item":"https:\/\/luchonoticias.com\/editor\/"},{"@type":"ListItem","position":2,"name":"Huila, laboratorio de iniciativas para el sector cafetero nacional"}]},{"@type":"WebSite","@id":"https:\/\/luchonoticias.com\/editor\/#website","url":"https:\/\/luchonoticias.com\/editor\/","name":"","description":"","publisher":{"@id":"https:\/\/luchonoticias.com\/editor\/#\/schema\/person\/7a7fd911f58561fd056dbac7b55af9cd"},"potentialAction":[{"@type":"SearchAction","target":{"@type":"EntryPoint","urlTemplate":"https:\/\/luchonoticias.com\/editor\/?s={search_term_string}"},"query-input":{"@type":"PropertyValueSpecification","valueRequired":true,"valueName":"search_term_string"}}],"inLanguage":"es"},{"@type":["Person","Organization"],"@id":"https:\/\/luchonoticias.com\/editor\/#\/schema\/person\/7a7fd911f58561fd056dbac7b55af9cd","name":"admin","image":{"@type":"ImageObject","inLanguage":"es","@id":"https:\/\/luchonoticias.com\/editor\/#\/schema\/person\/image\/","url":"https:\/\/luchonoticias.com\/editor\/wp-content\/uploads\/2024\/02\/cropped-cropped-logolu.webp","contentUrl":"https:\/\/luchonoticias.com\/editor\/wp-content\/uploads\/2024\/02\/cropped-cropped-logolu.webp","width":382,"height":170,"caption":"admin"},"logo":{"@id":"https:\/\/luchonoticias.com\/editor\/#\/schema\/person\/image\/"},"sameAs":["https:\/\/www.facebook.com\/luchonoticiasneiva"],"url":"https:\/\/luchonoticias.com\/editor\/author\/admin\/"}]}},"_links":{"self":[{"href":"https:\/\/luchonoticias.com\/editor\/wp-json\/wp\/v2\/posts\/32216","targetHints":{"allow":["GET"]}}],"collection":[{"href":"https:\/\/luchonoticias.com\/editor\/wp-json\/wp\/v2\/posts"}],"about":[{"href":"https:\/\/luchonoticias.com\/editor\/wp-json\/wp\/v2\/types\/post"}],"author":[{"embeddable":true,"href":"https:\/\/luchonoticias.com\/editor\/wp-json\/wp\/v2\/users\/1"}],"replies":[{"embeddable":true,"href":"https:\/\/luchonoticias.com\/editor\/wp-json\/wp\/v2\/comments?post=32216"}],"version-history":[{"count":0,"href":"https:\/\/luchonoticias.com\/editor\/wp-json\/wp\/v2\/posts\/32216\/revisions"}],"wp:attachment":[{"href":"https:\/\/luchonoticias.com\/editor\/wp-json\/wp\/v2\/media?parent=32216"}],"wp:term":[{"taxonomy":"category","embeddable":true,"href":"https:\/\/luchonoticias.com\/editor\/wp-json\/wp\/v2\/categories?post=32216"},{"taxonomy":"post_tag","embeddable":true,"href":"https:\/\/luchonoticias.com\/editor\/wp-json\/wp\/v2\/tags?post=32216"}],"curies":[{"name":"wp","href":"https:\/\/api.w.org\/{rel}","templated":true}]}}