{"id":32244,"date":"2022-08-16T07:01:38","date_gmt":"2022-08-16T12:01:38","guid":{"rendered":"https:\/\/luchonoticias.com\/?p=32244"},"modified":"2022-08-16T07:01:39","modified_gmt":"2022-08-16T12:01:39","slug":"nuevos-ediles-se-posesionaron-en-neiva-e-iniciaron-su-labor-de-liderazo","status":"publish","type":"post","link":"https:\/\/luchonoticias.com\/editor\/nuevos-ediles-se-posesionaron-en-neiva-e-iniciaron-su-labor-de-liderazo\/","title":{"rendered":"Nuevos ediles se posesionaron en Neiva e iniciaron su labor de liderazo"},"content":{"rendered":"\n<p>Ana\u00eds Zamora, Yamileth Cardozo y Mar\u00eda Rut Duss\u00e1n tomaron juramente como edilesas de la ciudad de Neiva, durante el acto de posesi\u00f3n que se llev\u00f3 a cabo en el despacho del Alcalde de Neiva. Ahora las lideresas estar\u00e1n velando por mejorar las problem\u00e1ticas de su comuna y barrios a trav\u00e9s de su gesti\u00f3n.<\/p>\n\n\n\n<p>Jorge Pati\u00f1o, asesor de Despacho de la Alcald\u00eda, quien estuvo presente en el acto de posesi\u00f3n, manifest\u00f3 que \u201cse posesionaron tres nuevas edilesas, eso se debe a que algunos de los ediles dejan de ocupar sus cargos y dentro de las listas, lo que determina la Registradur\u00eda Nacional, es que se deben posesionar. La buena noticia es que el 1\u00ba de octubre, por indicaciones del Alcalde, vamos a radicar un proyecto importante al Concejo de la ciudad y a partir de 2023 ellos van a empezar a devengar honorarios, que es la forma de dignificar la labor de los ediles de la ciudad\u201d.<\/p>\n\n\n\n<figure class=\"wp-block-gallery has-nested-images columns-default is-cropped wp-block-gallery-1 is-layout-flex wp-block-gallery-is-layout-flex\">\n<figure class=\"wp-block-image size-large\"><img decoding=\"async\" data-id=\"32246\" src=\"https:\/\/luchonoticias.com\/wp-content\/uploads\/2022\/08\/WhatsApp-Image-2022-08-15-at-6.18.53-PM-1024x682.jpeg\" alt=\"\" class=\"wp-image-32246\"\/><\/figure>\n\n\n\n<figure class=\"wp-block-image size-large\"><img decoding=\"async\" data-id=\"32247\" src=\"https:\/\/luchonoticias.com\/wp-content\/uploads\/2022\/08\/WhatsApp-Image-2022-08-15-at-6.18.52-PM-2-1024x682.jpeg\" alt=\"\" class=\"wp-image-32247\"\/><\/figure>\n<\/figure>\n\n\n\n<p>Pati\u00f1o adelant\u00f3 que en el mes de octubre se realizar\u00e1 la socializaci\u00f3n de este importante proyecto, \u201cse recompensar\u00e1 ese trabajo que muchas veces no tiene agradecimiento de sus mismos conciudadanos, pero de alguna manera el Alcalde quiere agradecerlo, dignificarlo y que ellos tengan sus honorarios por los oficios que hacen en materia de gesti\u00f3n de las diferentes problem\u00e1ticas que hay en las comunidades\u201d.<\/p>\n\n\n\n<p><strong>Opiniones de las l\u00edderes<\/strong><\/p>\n\n\n\n<p>Ana\u00eds Zamora, edil de la comuna Tres y quien remplaza a Mario Cifuentes del partido Mira dijo: \u201cpara m\u00ed es una felicidad y m\u00e1s este proyecto del mes de octubre que es para que nos den a nosotros un medio econ\u00f3mico, que tambi\u00e9n lo podemos utilizar para la comuna como edil que soy, adem\u00e1s de seguir trabajando en pro de nuestras comunidades ya que en la comuna hay varias necesidades, as\u00ed que nos podemos proyectar y me siento feliz de recibir este cargo\u201d.<\/p>\n\n\n\n<figure class=\"wp-block-gallery has-nested-images columns-default is-cropped wp-block-gallery-2 is-layout-flex wp-block-gallery-is-layout-flex\">\n<figure class=\"wp-block-image size-large\"><img decoding=\"async\" data-id=\"32248\" src=\"https:\/\/luchonoticias.com\/wp-content\/uploads\/2022\/08\/WhatsApp-Image-2022-08-15-at-6.18.52-PM-1-1024x682.jpeg\" alt=\"\" class=\"wp-image-32248\"\/><\/figure>\n\n\n\n<figure class=\"wp-block-image size-large\"><img decoding=\"async\" data-id=\"32249\" src=\"https:\/\/luchonoticias.com\/wp-content\/uploads\/2022\/08\/WhatsApp-Image-2022-08-15-at-6.18.52-PM-1024x682.jpeg\" alt=\"\" class=\"wp-image-32249\"\/><\/figure>\n\n\n\n<figure class=\"wp-block-image size-large\"><img decoding=\"async\" data-id=\"32250\" src=\"https:\/\/luchonoticias.com\/wp-content\/uploads\/2022\/08\/WhatsApp-Image-2022-08-15-at-6.18.51-PM-1024x682.jpeg\" alt=\"\" class=\"wp-image-32250\"\/><\/figure>\n<\/figure>\n\n\n\n<p>Por su parte, Yamileth Cardozo Vargas, edil de la comuna Diez, quien remplaz\u00f3 a \u00c1ngela N\u00fa\u00f1ez del partido Conservador, explic\u00f3 que \u201cqueremos seguir trabajando de la mano de Dios, agradecemos al se\u00f1or Alcalde por darnos est\u00e1 oportunidad para sacar adelante nuestra comuna. Radicar el proyecto en octubre es una gran oportunidad para nosotros trabajar, poder colaborarle a la comunidad y demostrar que nosotros trabajamos por el bienestar de todos los habitantes\u201d.<\/p>\n\n\n\n<p>Finalmente, Mar\u00eda Rut Duss\u00e1n Hern\u00e1ndez, edil de la comuna Uno, quien remplazar\u00e1 a Daniel Williamson por la coalici\u00f3n Alternativa opin\u00f3 que \u201clo que nos toca es seguir trabajando por las comunidades, 69 barrios que hacen parte de mi comuna, hac\u00eda parte como presidenta del barrio \u2018Falla Bernal\u2019 y ahora es continuar con el trabajo tan bonito que hemos venido realizando con este compromiso y dedicaci\u00f3n. Esto es un gran alivio para aquellas personas que ya han trabajado y esperan con ansiedad la retribuci\u00f3n de este salario, esperamos que todo salga bien\u201d.<\/p>\n","protected":false},"excerpt":{"rendered":"<p>Ana\u00eds Zamora, Yamileth Cardozo y Mar\u00eda Rut Duss\u00e1n tomaron juramente como edilesas de la ciudad de Neiva, durante el acto de posesi\u00f3n que se llev\u00f3 a cabo en el despacho del Alcalde de Neiva. Ahora las lideresas estar\u00e1n velando por mejorar las problem\u00e1ticas de su comuna y barrios a trav\u00e9s de su gesti\u00f3n. Jorge Pati\u00f1o, [&hellip;]<\/p>\n","protected":false},"author":1,"featured_media":0,"comment_status":"open","ping_status":"open","sticky":false,"template":"","format":"standard","meta":{"footnotes":""},"categories":[36,53],"tags":[],"class_list":["post-32244","post","type-post","status-publish","format-standard","hentry","category-destacado","category-neiva"],"yoast_head":"<!-- This site is optimized with the Yoast SEO plugin v26.6 - https:\/\/yoast.com\/wordpress\/plugins\/seo\/ -->\n<title>Nuevos ediles se posesionaron en Neiva e iniciaron su labor de liderazo -<\/title>\n<meta name=\"robots\" content=\"index, follow, max-snippet:-1, max-image-preview:large, max-video-preview:-1\" \/>\n<link rel=\"canonical\" href=\"https:\/\/luchonoticias.com\/editor\/nuevos-ediles-se-posesionaron-en-neiva-e-iniciaron-su-labor-de-liderazo\/\" \/>\n<meta property=\"og:locale\" content=\"es_ES\" \/>\n<meta property=\"og:type\" content=\"article\" \/>\n<meta property=\"og:title\" content=\"Nuevos ediles se posesionaron en Neiva e iniciaron su labor de liderazo -\" \/>\n<meta property=\"og:url\" content=\"https:\/\/luchonoticias.com\/editor\/nuevos-ediles-se-posesionaron-en-neiva-e-iniciaron-su-labor-de-liderazo\/\" \/>\n<meta property=\"article:publisher\" content=\"https:\/\/www.facebook.com\/luchonoticiasneiva\" \/>\n<meta property=\"article:author\" content=\"https:\/\/www.facebook.com\/luchonoticiasneiva\" \/>\n<meta property=\"article:published_time\" content=\"2022-08-16T12:01:38+00:00\" \/>\n<meta property=\"article:modified_time\" content=\"2022-08-16T12:01:39+00:00\" \/>\n<meta property=\"og:image\" content=\"https:\/\/luchonoticias.com\/wp-content\/uploads\/2022\/08\/WhatsApp-Image-2022-08-15-at-6.18.53-PM-1024x682.jpeg\" \/>\n<meta name=\"author\" content=\"admin\" \/>\n<meta name=\"twitter:card\" content=\"summary_large_image\" \/>\n<meta name=\"twitter:label1\" content=\"Escrito por\" \/>\n\t<meta name=\"twitter:data1\" content=\"admin\" \/>\n\t<meta name=\"twitter:label2\" content=\"Tiempo de lectura\" \/>\n\t<meta name=\"twitter:data2\" content=\"2 minutos\" \/>\n<script type=\"application\/ld+json\" class=\"yoast-schema-graph\">{\"@context\":\"https:\/\/schema.org\",\"@graph\":[{\"@type\":\"Article\",\"@id\":\"https:\/\/luchonoticias.com\/editor\/nuevos-ediles-se-posesionaron-en-neiva-e-iniciaron-su-labor-de-liderazo\/#article\",\"isPartOf\":{\"@id\":\"https:\/\/luchonoticias.com\/editor\/nuevos-ediles-se-posesionaron-en-neiva-e-iniciaron-su-labor-de-liderazo\/\"},\"author\":{\"name\":\"admin\",\"@id\":\"https:\/\/luchonoticias.com\/editor\/#\/schema\/person\/7a7fd911f58561fd056dbac7b55af9cd\"},\"headline\":\"Nuevos ediles se posesionaron en Neiva e iniciaron su labor de liderazo\",\"datePublished\":\"2022-08-16T12:01:38+00:00\",\"dateModified\":\"2022-08-16T12:01:39+00:00\",\"mainEntityOfPage\":{\"@id\":\"https:\/\/luchonoticias.com\/editor\/nuevos-ediles-se-posesionaron-en-neiva-e-iniciaron-su-labor-de-liderazo\/\"},\"wordCount\":508,\"commentCount\":0,\"publisher\":{\"@id\":\"https:\/\/luchonoticias.com\/editor\/#\/schema\/person\/7a7fd911f58561fd056dbac7b55af9cd\"},\"image\":{\"@id\":\"https:\/\/luchonoticias.com\/editor\/nuevos-ediles-se-posesionaron-en-neiva-e-iniciaron-su-labor-de-liderazo\/#primaryimage\"},\"thumbnailUrl\":\"https:\/\/luchonoticias.com\/wp-content\/uploads\/2022\/08\/WhatsApp-Image-2022-08-15-at-6.18.53-PM-1024x682.jpeg\",\"articleSection\":[\"Destacado\",\"Neiva\"],\"inLanguage\":\"es\",\"potentialAction\":[{\"@type\":\"CommentAction\",\"name\":\"Comment\",\"target\":[\"https:\/\/luchonoticias.com\/editor\/nuevos-ediles-se-posesionaron-en-neiva-e-iniciaron-su-labor-de-liderazo\/#respond\"]}]},{\"@type\":\"WebPage\",\"@id\":\"https:\/\/luchonoticias.com\/editor\/nuevos-ediles-se-posesionaron-en-neiva-e-iniciaron-su-labor-de-liderazo\/\",\"url\":\"https:\/\/luchonoticias.com\/editor\/nuevos-ediles-se-posesionaron-en-neiva-e-iniciaron-su-labor-de-liderazo\/\",\"name\":\"Nuevos ediles se posesionaron en Neiva e iniciaron su labor de liderazo -\",\"isPartOf\":{\"@id\":\"https:\/\/luchonoticias.com\/editor\/#website\"},\"primaryImageOfPage\":{\"@id\":\"https:\/\/luchonoticias.com\/editor\/nuevos-ediles-se-posesionaron-en-neiva-e-iniciaron-su-labor-de-liderazo\/#primaryimage\"},\"image\":{\"@id\":\"https:\/\/luchonoticias.com\/editor\/nuevos-ediles-se-posesionaron-en-neiva-e-iniciaron-su-labor-de-liderazo\/#primaryimage\"},\"thumbnailUrl\":\"https:\/\/luchonoticias.com\/wp-content\/uploads\/2022\/08\/WhatsApp-Image-2022-08-15-at-6.18.53-PM-1024x682.jpeg\",\"datePublished\":\"2022-08-16T12:01:38+00:00\",\"dateModified\":\"2022-08-16T12:01:39+00:00\",\"breadcrumb\":{\"@id\":\"https:\/\/luchonoticias.com\/editor\/nuevos-ediles-se-posesionaron-en-neiva-e-iniciaron-su-labor-de-liderazo\/#breadcrumb\"},\"inLanguage\":\"es\",\"potentialAction\":[{\"@type\":\"ReadAction\",\"target\":[\"https:\/\/luchonoticias.com\/editor\/nuevos-ediles-se-posesionaron-en-neiva-e-iniciaron-su-labor-de-liderazo\/\"]}]},{\"@type\":\"ImageObject\",\"inLanguage\":\"es\",\"@id\":\"https:\/\/luchonoticias.com\/editor\/nuevos-ediles-se-posesionaron-en-neiva-e-iniciaron-su-labor-de-liderazo\/#primaryimage\",\"url\":\"https:\/\/luchonoticias.com\/wp-content\/uploads\/2022\/08\/WhatsApp-Image-2022-08-15-at-6.18.53-PM-1024x682.jpeg\",\"contentUrl\":\"https:\/\/luchonoticias.com\/wp-content\/uploads\/2022\/08\/WhatsApp-Image-2022-08-15-at-6.18.53-PM-1024x682.jpeg\"},{\"@type\":\"BreadcrumbList\",\"@id\":\"https:\/\/luchonoticias.com\/editor\/nuevos-ediles-se-posesionaron-en-neiva-e-iniciaron-su-labor-de-liderazo\/#breadcrumb\",\"itemListElement\":[{\"@type\":\"ListItem\",\"position\":1,\"name\":\"Portada\",\"item\":\"https:\/\/luchonoticias.com\/editor\/\"},{\"@type\":\"ListItem\",\"position\":2,\"name\":\"Nuevos ediles se posesionaron en Neiva e iniciaron su labor de liderazo\"}]},{\"@type\":\"WebSite\",\"@id\":\"https:\/\/luchonoticias.com\/editor\/#website\",\"url\":\"https:\/\/luchonoticias.com\/editor\/\",\"name\":\"\",\"description\":\"\",\"publisher\":{\"@id\":\"https:\/\/luchonoticias.com\/editor\/#\/schema\/person\/7a7fd911f58561fd056dbac7b55af9cd\"},\"potentialAction\":[{\"@type\":\"SearchAction\",\"target\":{\"@type\":\"EntryPoint\",\"urlTemplate\":\"https:\/\/luchonoticias.com\/editor\/?s={search_term_string}\"},\"query-input\":{\"@type\":\"PropertyValueSpecification\",\"valueRequired\":true,\"valueName\":\"search_term_string\"}}],\"inLanguage\":\"es\"},{\"@type\":[\"Person\",\"Organization\"],\"@id\":\"https:\/\/luchonoticias.com\/editor\/#\/schema\/person\/7a7fd911f58561fd056dbac7b55af9cd\",\"name\":\"admin\",\"image\":{\"@type\":\"ImageObject\",\"inLanguage\":\"es\",\"@id\":\"https:\/\/luchonoticias.com\/editor\/#\/schema\/person\/image\/\",\"url\":\"https:\/\/luchonoticias.com\/editor\/wp-content\/uploads\/2024\/02\/cropped-cropped-logolu.webp\",\"contentUrl\":\"https:\/\/luchonoticias.com\/editor\/wp-content\/uploads\/2024\/02\/cropped-cropped-logolu.webp\",\"width\":382,\"height\":170,\"caption\":\"admin\"},\"logo\":{\"@id\":\"https:\/\/luchonoticias.com\/editor\/#\/schema\/person\/image\/\"},\"sameAs\":[\"https:\/\/www.facebook.com\/luchonoticiasneiva\"],\"url\":\"https:\/\/luchonoticias.com\/editor\/author\/admin\/\"}]}<\/script>\n<!-- \/ Yoast SEO plugin. -->","yoast_head_json":{"title":"Nuevos ediles se posesionaron en Neiva e iniciaron su labor de liderazo -","robots":{"index":"index","follow":"follow","max-snippet":"max-snippet:-1","max-image-preview":"max-image-preview:large","max-video-preview":"max-video-preview:-1"},"canonical":"https:\/\/luchonoticias.com\/editor\/nuevos-ediles-se-posesionaron-en-neiva-e-iniciaron-su-labor-de-liderazo\/","og_locale":"es_ES","og_type":"article","og_title":"Nuevos ediles se posesionaron en Neiva e iniciaron su labor de liderazo -","og_url":"https:\/\/luchonoticias.com\/editor\/nuevos-ediles-se-posesionaron-en-neiva-e-iniciaron-su-labor-de-liderazo\/","article_publisher":"https:\/\/www.facebook.com\/luchonoticiasneiva","article_author":"https:\/\/www.facebook.com\/luchonoticiasneiva","article_published_time":"2022-08-16T12:01:38+00:00","article_modified_time":"2022-08-16T12:01:39+00:00","og_image":[{"url":"https:\/\/luchonoticias.com\/wp-content\/uploads\/2022\/08\/WhatsApp-Image-2022-08-15-at-6.18.53-PM-1024x682.jpeg","type":"","width":"","height":""}],"author":"admin","twitter_card":"summary_large_image","twitter_misc":{"Escrito por":"admin","Tiempo de lectura":"2 minutos"},"schema":{"@context":"https:\/\/schema.org","@graph":[{"@type":"Article","@id":"https:\/\/luchonoticias.com\/editor\/nuevos-ediles-se-posesionaron-en-neiva-e-iniciaron-su-labor-de-liderazo\/#article","isPartOf":{"@id":"https:\/\/luchonoticias.com\/editor\/nuevos-ediles-se-posesionaron-en-neiva-e-iniciaron-su-labor-de-liderazo\/"},"author":{"name":"admin","@id":"https:\/\/luchonoticias.com\/editor\/#\/schema\/person\/7a7fd911f58561fd056dbac7b55af9cd"},"headline":"Nuevos ediles se posesionaron en Neiva e iniciaron su labor de liderazo","datePublished":"2022-08-16T12:01:38+00:00","dateModified":"2022-08-16T12:01:39+00:00","mainEntityOfPage":{"@id":"https:\/\/luchonoticias.com\/editor\/nuevos-ediles-se-posesionaron-en-neiva-e-iniciaron-su-labor-de-liderazo\/"},"wordCount":508,"commentCount":0,"publisher":{"@id":"https:\/\/luchonoticias.com\/editor\/#\/schema\/person\/7a7fd911f58561fd056dbac7b55af9cd"},"image":{"@id":"https:\/\/luchonoticias.com\/editor\/nuevos-ediles-se-posesionaron-en-neiva-e-iniciaron-su-labor-de-liderazo\/#primaryimage"},"thumbnailUrl":"https:\/\/luchonoticias.com\/wp-content\/uploads\/2022\/08\/WhatsApp-Image-2022-08-15-at-6.18.53-PM-1024x682.jpeg","articleSection":["Destacado","Neiva"],"inLanguage":"es","potentialAction":[{"@type":"CommentAction","name":"Comment","target":["https:\/\/luchonoticias.com\/editor\/nuevos-ediles-se-posesionaron-en-neiva-e-iniciaron-su-labor-de-liderazo\/#respond"]}]},{"@type":"WebPage","@id":"https:\/\/luchonoticias.com\/editor\/nuevos-ediles-se-posesionaron-en-neiva-e-iniciaron-su-labor-de-liderazo\/","url":"https:\/\/luchonoticias.com\/editor\/nuevos-ediles-se-posesionaron-en-neiva-e-iniciaron-su-labor-de-liderazo\/","name":"Nuevos ediles se posesionaron en Neiva e iniciaron su labor de liderazo -","isPartOf":{"@id":"https:\/\/luchonoticias.com\/editor\/#website"},"primaryImageOfPage":{"@id":"https:\/\/luchonoticias.com\/editor\/nuevos-ediles-se-posesionaron-en-neiva-e-iniciaron-su-labor-de-liderazo\/#primaryimage"},"image":{"@id":"https:\/\/luchonoticias.com\/editor\/nuevos-ediles-se-posesionaron-en-neiva-e-iniciaron-su-labor-de-liderazo\/#primaryimage"},"thumbnailUrl":"https:\/\/luchonoticias.com\/wp-content\/uploads\/2022\/08\/WhatsApp-Image-2022-08-15-at-6.18.53-PM-1024x682.jpeg","datePublished":"2022-08-16T12:01:38+00:00","dateModified":"2022-08-16T12:01:39+00:00","breadcrumb":{"@id":"https:\/\/luchonoticias.com\/editor\/nuevos-ediles-se-posesionaron-en-neiva-e-iniciaron-su-labor-de-liderazo\/#breadcrumb"},"inLanguage":"es","potentialAction":[{"@type":"ReadAction","target":["https:\/\/luchonoticias.com\/editor\/nuevos-ediles-se-posesionaron-en-neiva-e-iniciaron-su-labor-de-liderazo\/"]}]},{"@type":"ImageObject","inLanguage":"es","@id":"https:\/\/luchonoticias.com\/editor\/nuevos-ediles-se-posesionaron-en-neiva-e-iniciaron-su-labor-de-liderazo\/#primaryimage","url":"https:\/\/luchonoticias.com\/wp-content\/uploads\/2022\/08\/WhatsApp-Image-2022-08-15-at-6.18.53-PM-1024x682.jpeg","contentUrl":"https:\/\/luchonoticias.com\/wp-content\/uploads\/2022\/08\/WhatsApp-Image-2022-08-15-at-6.18.53-PM-1024x682.jpeg"},{"@type":"BreadcrumbList","@id":"https:\/\/luchonoticias.com\/editor\/nuevos-ediles-se-posesionaron-en-neiva-e-iniciaron-su-labor-de-liderazo\/#breadcrumb","itemListElement":[{"@type":"ListItem","position":1,"name":"Portada","item":"https:\/\/luchonoticias.com\/editor\/"},{"@type":"ListItem","position":2,"name":"Nuevos ediles se posesionaron en Neiva e iniciaron su labor de liderazo"}]},{"@type":"WebSite","@id":"https:\/\/luchonoticias.com\/editor\/#website","url":"https:\/\/luchonoticias.com\/editor\/","name":"","description":"","publisher":{"@id":"https:\/\/luchonoticias.com\/editor\/#\/schema\/person\/7a7fd911f58561fd056dbac7b55af9cd"},"potentialAction":[{"@type":"SearchAction","target":{"@type":"EntryPoint","urlTemplate":"https:\/\/luchonoticias.com\/editor\/?s={search_term_string}"},"query-input":{"@type":"PropertyValueSpecification","valueRequired":true,"valueName":"search_term_string"}}],"inLanguage":"es"},{"@type":["Person","Organization"],"@id":"https:\/\/luchonoticias.com\/editor\/#\/schema\/person\/7a7fd911f58561fd056dbac7b55af9cd","name":"admin","image":{"@type":"ImageObject","inLanguage":"es","@id":"https:\/\/luchonoticias.com\/editor\/#\/schema\/person\/image\/","url":"https:\/\/luchonoticias.com\/editor\/wp-content\/uploads\/2024\/02\/cropped-cropped-logolu.webp","contentUrl":"https:\/\/luchonoticias.com\/editor\/wp-content\/uploads\/2024\/02\/cropped-cropped-logolu.webp","width":382,"height":170,"caption":"admin"},"logo":{"@id":"https:\/\/luchonoticias.com\/editor\/#\/schema\/person\/image\/"},"sameAs":["https:\/\/www.facebook.com\/luchonoticiasneiva"],"url":"https:\/\/luchonoticias.com\/editor\/author\/admin\/"}]}},"_links":{"self":[{"href":"https:\/\/luchonoticias.com\/editor\/wp-json\/wp\/v2\/posts\/32244","targetHints":{"allow":["GET"]}}],"collection":[{"href":"https:\/\/luchonoticias.com\/editor\/wp-json\/wp\/v2\/posts"}],"about":[{"href":"https:\/\/luchonoticias.com\/editor\/wp-json\/wp\/v2\/types\/post"}],"author":[{"embeddable":true,"href":"https:\/\/luchonoticias.com\/editor\/wp-json\/wp\/v2\/users\/1"}],"replies":[{"embeddable":true,"href":"https:\/\/luchonoticias.com\/editor\/wp-json\/wp\/v2\/comments?post=32244"}],"version-history":[{"count":0,"href":"https:\/\/luchonoticias.com\/editor\/wp-json\/wp\/v2\/posts\/32244\/revisions"}],"wp:attachment":[{"href":"https:\/\/luchonoticias.com\/editor\/wp-json\/wp\/v2\/media?parent=32244"}],"wp:term":[{"taxonomy":"category","embeddable":true,"href":"https:\/\/luchonoticias.com\/editor\/wp-json\/wp\/v2\/categories?post=32244"},{"taxonomy":"post_tag","embeddable":true,"href":"https:\/\/luchonoticias.com\/editor\/wp-json\/wp\/v2\/tags?post=32244"}],"curies":[{"name":"wp","href":"https:\/\/api.w.org\/{rel}","templated":true}]}}