{"id":32356,"date":"2022-08-17T04:52:08","date_gmt":"2022-08-17T09:52:08","guid":{"rendered":"https:\/\/luchonoticias.com\/?p=32356"},"modified":"2022-08-17T04:52:09","modified_gmt":"2022-08-17T09:52:09","slug":"fenomeno-de-la-nina-seguira-haciendo-de-las-suyas-en-el-huila","status":"publish","type":"post","link":"https:\/\/luchonoticias.com\/editor\/fenomeno-de-la-nina-seguira-haciendo-de-las-suyas-en-el-huila\/","title":{"rendered":"Fen\u00f3meno de la ni\u00f1a seguir\u00e1 haciendo de las suyas en el Huila"},"content":{"rendered":"\n<p>La Oficina para la Gesti\u00f3n del Riesgo de Desastres del Huila, informa que de acuerdo con el IDEAM&nbsp; y el Ministerio de Ambiente, esta etapa del segundo semestre del<strong>&nbsp;Fen\u00f3meno de La Ni\u00f1a<\/strong>&nbsp;indica una&nbsp;<strong>recurrencia de precipitaciones alta.<\/strong><\/p>\n\n\n\n<p>Hace un mes las probabilidades de la permanencia de este fen\u00f3meno descendieron al 68%, pero hace tres d\u00edas<strong>&nbsp;han aumentado al 80% en Colombia.<\/strong>&nbsp;En septiembre se transita hacia la segunda temporada de lluvias en la regi\u00f3n Andina, espec\u00edficamente en el Huila:&nbsp;<\/p>\n\n\n\n<p>\u2013 &nbsp;Se esperan<strong>&nbsp;precipitaciones, entre 20% a 50%<\/strong>&nbsp;por encima de los promedios hist\u00f3ricos en el Departamento del Huila para el mes de septiembre.<\/p>\n\n\n\n<p>\u2013 Para el mes de octubre se esperan&nbsp;<strong>excedencias de la precipitaci\u00f3n entre 20% a 50%<\/strong>&nbsp;de los promedios hist\u00f3ricos en el norte del Huila.<\/p>\n\n\n\n<p>As\u00ed mismo para septiembre<strong>&nbsp;se transita hacia la segunda temporada de lluvias en la regi\u00f3n Andina<\/strong>. Octubre es uno de los m\u00e1s lluviosos del a\u00f1o en gran parte de las regi\u00f3n Andina, lo que traer\u00e1 precipitaciones significativas en el&nbsp; Huila.<\/p>\n","protected":false},"excerpt":{"rendered":"<p>La Oficina para la Gesti\u00f3n del Riesgo de Desastres del Huila, informa que de acuerdo con el IDEAM&nbsp; y el Ministerio de Ambiente, esta etapa del segundo semestre del&nbsp;Fen\u00f3meno de La Ni\u00f1a&nbsp;indica una&nbsp;recurrencia de precipitaciones alta. Hace un mes las probabilidades de la permanencia de este fen\u00f3meno descendieron al 68%, pero hace tres d\u00edas&nbsp;han aumentado [&hellip;]<\/p>\n","protected":false},"author":1,"featured_media":0,"comment_status":"open","ping_status":"open","sticky":false,"template":"","format":"standard","meta":{"footnotes":""},"categories":[33],"tags":[],"class_list":["post-32356","post","type-post","status-publish","format-standard","hentry","category-huila"],"yoast_head":"<!-- This site is optimized with the Yoast SEO plugin v26.6 - https:\/\/yoast.com\/wordpress\/plugins\/seo\/ -->\n<title>Fen\u00f3meno de la ni\u00f1a seguir\u00e1 haciendo de las suyas en el Huila -<\/title>\n<meta name=\"robots\" content=\"index, follow, max-snippet:-1, max-image-preview:large, max-video-preview:-1\" \/>\n<link rel=\"canonical\" href=\"https:\/\/luchonoticias.com\/editor\/fenomeno-de-la-nina-seguira-haciendo-de-las-suyas-en-el-huila\/\" \/>\n<meta property=\"og:locale\" content=\"es_ES\" \/>\n<meta property=\"og:type\" content=\"article\" \/>\n<meta property=\"og:title\" content=\"Fen\u00f3meno de la ni\u00f1a seguir\u00e1 haciendo de las suyas en el Huila -\" \/>\n<meta property=\"og:url\" content=\"https:\/\/luchonoticias.com\/editor\/fenomeno-de-la-nina-seguira-haciendo-de-las-suyas-en-el-huila\/\" \/>\n<meta property=\"article:publisher\" content=\"https:\/\/www.facebook.com\/luchonoticiasneiva\" \/>\n<meta property=\"article:author\" content=\"https:\/\/www.facebook.com\/luchonoticiasneiva\" \/>\n<meta property=\"article:published_time\" content=\"2022-08-17T09:52:08+00:00\" \/>\n<meta property=\"article:modified_time\" content=\"2022-08-17T09:52:09+00:00\" \/>\n<meta name=\"author\" content=\"admin\" \/>\n<meta name=\"twitter:card\" content=\"summary_large_image\" \/>\n<meta name=\"twitter:label1\" content=\"Escrito por\" \/>\n\t<meta name=\"twitter:data1\" content=\"admin\" \/>\n\t<meta name=\"twitter:label2\" content=\"Tiempo de lectura\" \/>\n\t<meta name=\"twitter:data2\" content=\"1 minuto\" \/>\n<script type=\"application\/ld+json\" class=\"yoast-schema-graph\">{\"@context\":\"https:\/\/schema.org\",\"@graph\":[{\"@type\":\"Article\",\"@id\":\"https:\/\/luchonoticias.com\/editor\/fenomeno-de-la-nina-seguira-haciendo-de-las-suyas-en-el-huila\/#article\",\"isPartOf\":{\"@id\":\"https:\/\/luchonoticias.com\/editor\/fenomeno-de-la-nina-seguira-haciendo-de-las-suyas-en-el-huila\/\"},\"author\":{\"name\":\"admin\",\"@id\":\"https:\/\/luchonoticias.com\/editor\/#\/schema\/person\/7a7fd911f58561fd056dbac7b55af9cd\"},\"headline\":\"Fen\u00f3meno de la ni\u00f1a seguir\u00e1 haciendo de las suyas en el Huila\",\"datePublished\":\"2022-08-17T09:52:08+00:00\",\"dateModified\":\"2022-08-17T09:52:09+00:00\",\"mainEntityOfPage\":{\"@id\":\"https:\/\/luchonoticias.com\/editor\/fenomeno-de-la-nina-seguira-haciendo-de-las-suyas-en-el-huila\/\"},\"wordCount\":204,\"commentCount\":0,\"publisher\":{\"@id\":\"https:\/\/luchonoticias.com\/editor\/#\/schema\/person\/7a7fd911f58561fd056dbac7b55af9cd\"},\"articleSection\":[\"Huila\"],\"inLanguage\":\"es\",\"potentialAction\":[{\"@type\":\"CommentAction\",\"name\":\"Comment\",\"target\":[\"https:\/\/luchonoticias.com\/editor\/fenomeno-de-la-nina-seguira-haciendo-de-las-suyas-en-el-huila\/#respond\"]}]},{\"@type\":\"WebPage\",\"@id\":\"https:\/\/luchonoticias.com\/editor\/fenomeno-de-la-nina-seguira-haciendo-de-las-suyas-en-el-huila\/\",\"url\":\"https:\/\/luchonoticias.com\/editor\/fenomeno-de-la-nina-seguira-haciendo-de-las-suyas-en-el-huila\/\",\"name\":\"Fen\u00f3meno de la ni\u00f1a seguir\u00e1 haciendo de las suyas en el Huila -\",\"isPartOf\":{\"@id\":\"https:\/\/luchonoticias.com\/editor\/#website\"},\"datePublished\":\"2022-08-17T09:52:08+00:00\",\"dateModified\":\"2022-08-17T09:52:09+00:00\",\"breadcrumb\":{\"@id\":\"https:\/\/luchonoticias.com\/editor\/fenomeno-de-la-nina-seguira-haciendo-de-las-suyas-en-el-huila\/#breadcrumb\"},\"inLanguage\":\"es\",\"potentialAction\":[{\"@type\":\"ReadAction\",\"target\":[\"https:\/\/luchonoticias.com\/editor\/fenomeno-de-la-nina-seguira-haciendo-de-las-suyas-en-el-huila\/\"]}]},{\"@type\":\"BreadcrumbList\",\"@id\":\"https:\/\/luchonoticias.com\/editor\/fenomeno-de-la-nina-seguira-haciendo-de-las-suyas-en-el-huila\/#breadcrumb\",\"itemListElement\":[{\"@type\":\"ListItem\",\"position\":1,\"name\":\"Portada\",\"item\":\"https:\/\/luchonoticias.com\/editor\/\"},{\"@type\":\"ListItem\",\"position\":2,\"name\":\"Fen\u00f3meno de la ni\u00f1a seguir\u00e1 haciendo de las suyas en el Huila\"}]},{\"@type\":\"WebSite\",\"@id\":\"https:\/\/luchonoticias.com\/editor\/#website\",\"url\":\"https:\/\/luchonoticias.com\/editor\/\",\"name\":\"\",\"description\":\"\",\"publisher\":{\"@id\":\"https:\/\/luchonoticias.com\/editor\/#\/schema\/person\/7a7fd911f58561fd056dbac7b55af9cd\"},\"potentialAction\":[{\"@type\":\"SearchAction\",\"target\":{\"@type\":\"EntryPoint\",\"urlTemplate\":\"https:\/\/luchonoticias.com\/editor\/?s={search_term_string}\"},\"query-input\":{\"@type\":\"PropertyValueSpecification\",\"valueRequired\":true,\"valueName\":\"search_term_string\"}}],\"inLanguage\":\"es\"},{\"@type\":[\"Person\",\"Organization\"],\"@id\":\"https:\/\/luchonoticias.com\/editor\/#\/schema\/person\/7a7fd911f58561fd056dbac7b55af9cd\",\"name\":\"admin\",\"image\":{\"@type\":\"ImageObject\",\"inLanguage\":\"es\",\"@id\":\"https:\/\/luchonoticias.com\/editor\/#\/schema\/person\/image\/\",\"url\":\"https:\/\/luchonoticias.com\/editor\/wp-content\/uploads\/2024\/02\/cropped-cropped-logolu.webp\",\"contentUrl\":\"https:\/\/luchonoticias.com\/editor\/wp-content\/uploads\/2024\/02\/cropped-cropped-logolu.webp\",\"width\":382,\"height\":170,\"caption\":\"admin\"},\"logo\":{\"@id\":\"https:\/\/luchonoticias.com\/editor\/#\/schema\/person\/image\/\"},\"sameAs\":[\"https:\/\/www.facebook.com\/luchonoticiasneiva\"],\"url\":\"https:\/\/luchonoticias.com\/editor\/author\/admin\/\"}]}<\/script>\n<!-- \/ Yoast SEO plugin. -->","yoast_head_json":{"title":"Fen\u00f3meno de la ni\u00f1a seguir\u00e1 haciendo de las suyas en el Huila -","robots":{"index":"index","follow":"follow","max-snippet":"max-snippet:-1","max-image-preview":"max-image-preview:large","max-video-preview":"max-video-preview:-1"},"canonical":"https:\/\/luchonoticias.com\/editor\/fenomeno-de-la-nina-seguira-haciendo-de-las-suyas-en-el-huila\/","og_locale":"es_ES","og_type":"article","og_title":"Fen\u00f3meno de la ni\u00f1a seguir\u00e1 haciendo de las suyas en el Huila -","og_url":"https:\/\/luchonoticias.com\/editor\/fenomeno-de-la-nina-seguira-haciendo-de-las-suyas-en-el-huila\/","article_publisher":"https:\/\/www.facebook.com\/luchonoticiasneiva","article_author":"https:\/\/www.facebook.com\/luchonoticiasneiva","article_published_time":"2022-08-17T09:52:08+00:00","article_modified_time":"2022-08-17T09:52:09+00:00","author":"admin","twitter_card":"summary_large_image","twitter_misc":{"Escrito por":"admin","Tiempo de lectura":"1 minuto"},"schema":{"@context":"https:\/\/schema.org","@graph":[{"@type":"Article","@id":"https:\/\/luchonoticias.com\/editor\/fenomeno-de-la-nina-seguira-haciendo-de-las-suyas-en-el-huila\/#article","isPartOf":{"@id":"https:\/\/luchonoticias.com\/editor\/fenomeno-de-la-nina-seguira-haciendo-de-las-suyas-en-el-huila\/"},"author":{"name":"admin","@id":"https:\/\/luchonoticias.com\/editor\/#\/schema\/person\/7a7fd911f58561fd056dbac7b55af9cd"},"headline":"Fen\u00f3meno de la ni\u00f1a seguir\u00e1 haciendo de las suyas en el Huila","datePublished":"2022-08-17T09:52:08+00:00","dateModified":"2022-08-17T09:52:09+00:00","mainEntityOfPage":{"@id":"https:\/\/luchonoticias.com\/editor\/fenomeno-de-la-nina-seguira-haciendo-de-las-suyas-en-el-huila\/"},"wordCount":204,"commentCount":0,"publisher":{"@id":"https:\/\/luchonoticias.com\/editor\/#\/schema\/person\/7a7fd911f58561fd056dbac7b55af9cd"},"articleSection":["Huila"],"inLanguage":"es","potentialAction":[{"@type":"CommentAction","name":"Comment","target":["https:\/\/luchonoticias.com\/editor\/fenomeno-de-la-nina-seguira-haciendo-de-las-suyas-en-el-huila\/#respond"]}]},{"@type":"WebPage","@id":"https:\/\/luchonoticias.com\/editor\/fenomeno-de-la-nina-seguira-haciendo-de-las-suyas-en-el-huila\/","url":"https:\/\/luchonoticias.com\/editor\/fenomeno-de-la-nina-seguira-haciendo-de-las-suyas-en-el-huila\/","name":"Fen\u00f3meno de la ni\u00f1a seguir\u00e1 haciendo de las suyas en el Huila -","isPartOf":{"@id":"https:\/\/luchonoticias.com\/editor\/#website"},"datePublished":"2022-08-17T09:52:08+00:00","dateModified":"2022-08-17T09:52:09+00:00","breadcrumb":{"@id":"https:\/\/luchonoticias.com\/editor\/fenomeno-de-la-nina-seguira-haciendo-de-las-suyas-en-el-huila\/#breadcrumb"},"inLanguage":"es","potentialAction":[{"@type":"ReadAction","target":["https:\/\/luchonoticias.com\/editor\/fenomeno-de-la-nina-seguira-haciendo-de-las-suyas-en-el-huila\/"]}]},{"@type":"BreadcrumbList","@id":"https:\/\/luchonoticias.com\/editor\/fenomeno-de-la-nina-seguira-haciendo-de-las-suyas-en-el-huila\/#breadcrumb","itemListElement":[{"@type":"ListItem","position":1,"name":"Portada","item":"https:\/\/luchonoticias.com\/editor\/"},{"@type":"ListItem","position":2,"name":"Fen\u00f3meno de la ni\u00f1a seguir\u00e1 haciendo de las suyas en el Huila"}]},{"@type":"WebSite","@id":"https:\/\/luchonoticias.com\/editor\/#website","url":"https:\/\/luchonoticias.com\/editor\/","name":"","description":"","publisher":{"@id":"https:\/\/luchonoticias.com\/editor\/#\/schema\/person\/7a7fd911f58561fd056dbac7b55af9cd"},"potentialAction":[{"@type":"SearchAction","target":{"@type":"EntryPoint","urlTemplate":"https:\/\/luchonoticias.com\/editor\/?s={search_term_string}"},"query-input":{"@type":"PropertyValueSpecification","valueRequired":true,"valueName":"search_term_string"}}],"inLanguage":"es"},{"@type":["Person","Organization"],"@id":"https:\/\/luchonoticias.com\/editor\/#\/schema\/person\/7a7fd911f58561fd056dbac7b55af9cd","name":"admin","image":{"@type":"ImageObject","inLanguage":"es","@id":"https:\/\/luchonoticias.com\/editor\/#\/schema\/person\/image\/","url":"https:\/\/luchonoticias.com\/editor\/wp-content\/uploads\/2024\/02\/cropped-cropped-logolu.webp","contentUrl":"https:\/\/luchonoticias.com\/editor\/wp-content\/uploads\/2024\/02\/cropped-cropped-logolu.webp","width":382,"height":170,"caption":"admin"},"logo":{"@id":"https:\/\/luchonoticias.com\/editor\/#\/schema\/person\/image\/"},"sameAs":["https:\/\/www.facebook.com\/luchonoticiasneiva"],"url":"https:\/\/luchonoticias.com\/editor\/author\/admin\/"}]}},"_links":{"self":[{"href":"https:\/\/luchonoticias.com\/editor\/wp-json\/wp\/v2\/posts\/32356","targetHints":{"allow":["GET"]}}],"collection":[{"href":"https:\/\/luchonoticias.com\/editor\/wp-json\/wp\/v2\/posts"}],"about":[{"href":"https:\/\/luchonoticias.com\/editor\/wp-json\/wp\/v2\/types\/post"}],"author":[{"embeddable":true,"href":"https:\/\/luchonoticias.com\/editor\/wp-json\/wp\/v2\/users\/1"}],"replies":[{"embeddable":true,"href":"https:\/\/luchonoticias.com\/editor\/wp-json\/wp\/v2\/comments?post=32356"}],"version-history":[{"count":0,"href":"https:\/\/luchonoticias.com\/editor\/wp-json\/wp\/v2\/posts\/32356\/revisions"}],"wp:attachment":[{"href":"https:\/\/luchonoticias.com\/editor\/wp-json\/wp\/v2\/media?parent=32356"}],"wp:term":[{"taxonomy":"category","embeddable":true,"href":"https:\/\/luchonoticias.com\/editor\/wp-json\/wp\/v2\/categories?post=32356"},{"taxonomy":"post_tag","embeddable":true,"href":"https:\/\/luchonoticias.com\/editor\/wp-json\/wp\/v2\/tags?post=32356"}],"curies":[{"name":"wp","href":"https:\/\/api.w.org\/{rel}","templated":true}]}}