{"id":32363,"date":"2022-08-17T07:00:17","date_gmt":"2022-08-17T12:00:17","guid":{"rendered":"https:\/\/luchonoticias.com\/?p=32363"},"modified":"2022-08-17T07:00:17","modified_gmt":"2022-08-17T12:00:17","slug":"policia-realiza-campana-en-contra-del-hurto-a-personas-en-la-capital-opita","status":"publish","type":"post","link":"https:\/\/luchonoticias.com\/editor\/policia-realiza-campana-en-contra-del-hurto-a-personas-en-la-capital-opita\/","title":{"rendered":"Polic\u00eda realiza campa\u00f1a en contra del hurto a personas en la capital opita"},"content":{"rendered":"\n<p>Es as\u00ed como uniformados del Grupo de Prevenci\u00f3n y Educaci\u00f3n Ciudadana de la Polic\u00eda Metropolitana de Neiva realizan la campa\u00f1a denominada&nbsp; \u2018Prevenci\u00f3n Hurto A Personas\u2019, indic\u00e1ndole a los ciudadanos, las medidas preventivas que hay que adoptar, para as\u00ed mismo evitar ser v\u00edctima.<\/p>\n\n\n\n<p>\u201cEl Grupo de Prevenci\u00f3n y Educaci\u00f3n Ciudadana, realiza campa\u00f1a educativa para la prevenci\u00f3n del hurto a personas, invitando a la comunidad en general a adoptar medidas de autoprotecci\u00f3n que nos permitan mitigar el riesgo de ser v\u00edctimas de esta modalidad delictiva, al igual se brindan recomendaciones para no ser v\u00edctimas\u201d, indicaron los organizadores de la jornada.<\/p>\n\n\n\n<figure class=\"wp-block-gallery has-nested-images columns-default is-cropped wp-block-gallery-1 is-layout-flex wp-block-gallery-is-layout-flex\">\n<figure class=\"wp-block-image size-large\"><img decoding=\"async\" data-id=\"32365\" src=\"https:\/\/luchonoticias.com\/wp-content\/uploads\/2022\/08\/WhatsApp-Image-2022-08-16-at-1.02.44-PM-2-1024x767.jpeg\" alt=\"\" class=\"wp-image-32365\"\/><\/figure>\n\n\n\n<figure class=\"wp-block-image size-large\"><img decoding=\"async\" data-id=\"32367\" src=\"https:\/\/luchonoticias.com\/wp-content\/uploads\/2022\/08\/WhatsApp-Image-2022-08-16-at-1.02.44-PM-1-1024x767.jpeg\" alt=\"\" class=\"wp-image-32367\"\/><\/figure>\n\n\n\n<figure class=\"wp-block-image size-large\"><img decoding=\"async\" data-id=\"32366\" src=\"https:\/\/luchonoticias.com\/wp-content\/uploads\/2022\/08\/WhatsApp-Image-2022-08-16-at-1.02.43-PM-1024x767.jpeg\" alt=\"\" class=\"wp-image-32366\"\/><\/figure>\n<\/figure>\n\n\n\n<p><strong>Recomendaciones<\/strong><\/p>\n\n\n\n<p>&nbsp;&nbsp;&nbsp; \u25cfAl caminar en la calle observe a su alrededor.<\/p>\n\n\n\n<p>&nbsp;&nbsp;&nbsp; \u25cfNo porte de grandes sumas de dinero.<\/p>\n\n\n\n<p>&nbsp;&nbsp;&nbsp; \u25cfEvite llamar la atenci\u00f3n de los delincuentes, usando joyas o elementos de gran valor en lugares solitarios.<\/p>\n\n\n\n<p>&nbsp;&nbsp;&nbsp; \u25cfProcure contestar su celular en un lugar seguro, recuerde no descuidar su seguridad.<\/p>\n\n\n\n<p>&nbsp;&nbsp;&nbsp; \u25cfNo descuide sus pertenencias<\/p>\n","protected":false},"excerpt":{"rendered":"<p>Es as\u00ed como uniformados del Grupo de Prevenci\u00f3n y Educaci\u00f3n Ciudadana de la Polic\u00eda Metropolitana de Neiva realizan la campa\u00f1a denominada&nbsp; \u2018Prevenci\u00f3n Hurto A Personas\u2019, indic\u00e1ndole a los ciudadanos, las medidas preventivas que hay que adoptar, para as\u00ed mismo evitar ser v\u00edctima. \u201cEl Grupo de Prevenci\u00f3n y Educaci\u00f3n Ciudadana, realiza campa\u00f1a educativa para la prevenci\u00f3n [&hellip;]<\/p>\n","protected":false},"author":1,"featured_media":0,"comment_status":"open","ping_status":"open","sticky":false,"template":"","format":"standard","meta":{"footnotes":""},"categories":[3961,36],"tags":[],"class_list":["post-32363","post","type-post","status-publish","format-standard","hentry","category-comunidad","category-destacado"],"yoast_head":"<!-- This site is optimized with the Yoast SEO plugin v26.6 - https:\/\/yoast.com\/wordpress\/plugins\/seo\/ -->\n<title>Polic\u00eda realiza campa\u00f1a en contra del hurto a personas en la capital opita -<\/title>\n<meta name=\"robots\" content=\"index, follow, max-snippet:-1, max-image-preview:large, max-video-preview:-1\" \/>\n<link rel=\"canonical\" href=\"https:\/\/luchonoticias.com\/editor\/policia-realiza-campana-en-contra-del-hurto-a-personas-en-la-capital-opita\/\" \/>\n<meta property=\"og:locale\" content=\"es_ES\" \/>\n<meta property=\"og:type\" content=\"article\" \/>\n<meta property=\"og:title\" content=\"Polic\u00eda realiza campa\u00f1a en contra del hurto a personas en la capital opita -\" \/>\n<meta property=\"og:url\" content=\"https:\/\/luchonoticias.com\/editor\/policia-realiza-campana-en-contra-del-hurto-a-personas-en-la-capital-opita\/\" \/>\n<meta property=\"article:publisher\" content=\"https:\/\/www.facebook.com\/luchonoticiasneiva\" \/>\n<meta property=\"article:author\" content=\"https:\/\/www.facebook.com\/luchonoticiasneiva\" \/>\n<meta property=\"article:published_time\" content=\"2022-08-17T12:00:17+00:00\" \/>\n<meta property=\"og:image\" content=\"https:\/\/luchonoticias.com\/wp-content\/uploads\/2022\/08\/WhatsApp-Image-2022-08-16-at-1.02.44-PM-2-1024x767.jpeg\" \/>\n<meta name=\"author\" content=\"admin\" \/>\n<meta name=\"twitter:card\" content=\"summary_large_image\" \/>\n<meta name=\"twitter:label1\" content=\"Escrito por\" \/>\n\t<meta name=\"twitter:data1\" content=\"admin\" \/>\n\t<meta name=\"twitter:label2\" content=\"Tiempo de lectura\" \/>\n\t<meta name=\"twitter:data2\" content=\"1 minuto\" \/>\n<script type=\"application\/ld+json\" class=\"yoast-schema-graph\">{\"@context\":\"https:\/\/schema.org\",\"@graph\":[{\"@type\":\"Article\",\"@id\":\"https:\/\/luchonoticias.com\/editor\/policia-realiza-campana-en-contra-del-hurto-a-personas-en-la-capital-opita\/#article\",\"isPartOf\":{\"@id\":\"https:\/\/luchonoticias.com\/editor\/policia-realiza-campana-en-contra-del-hurto-a-personas-en-la-capital-opita\/\"},\"author\":{\"name\":\"admin\",\"@id\":\"https:\/\/luchonoticias.com\/editor\/#\/schema\/person\/7a7fd911f58561fd056dbac7b55af9cd\"},\"headline\":\"Polic\u00eda realiza campa\u00f1a en contra del hurto a personas en la capital opita\",\"datePublished\":\"2022-08-17T12:00:17+00:00\",\"mainEntityOfPage\":{\"@id\":\"https:\/\/luchonoticias.com\/editor\/policia-realiza-campana-en-contra-del-hurto-a-personas-en-la-capital-opita\/\"},\"wordCount\":195,\"commentCount\":0,\"publisher\":{\"@id\":\"https:\/\/luchonoticias.com\/editor\/#\/schema\/person\/7a7fd911f58561fd056dbac7b55af9cd\"},\"image\":{\"@id\":\"https:\/\/luchonoticias.com\/editor\/policia-realiza-campana-en-contra-del-hurto-a-personas-en-la-capital-opita\/#primaryimage\"},\"thumbnailUrl\":\"https:\/\/luchonoticias.com\/wp-content\/uploads\/2022\/08\/WhatsApp-Image-2022-08-16-at-1.02.44-PM-2-1024x767.jpeg\",\"articleSection\":[\"Comunidad\",\"Destacado\"],\"inLanguage\":\"es\",\"potentialAction\":[{\"@type\":\"CommentAction\",\"name\":\"Comment\",\"target\":[\"https:\/\/luchonoticias.com\/editor\/policia-realiza-campana-en-contra-del-hurto-a-personas-en-la-capital-opita\/#respond\"]}]},{\"@type\":\"WebPage\",\"@id\":\"https:\/\/luchonoticias.com\/editor\/policia-realiza-campana-en-contra-del-hurto-a-personas-en-la-capital-opita\/\",\"url\":\"https:\/\/luchonoticias.com\/editor\/policia-realiza-campana-en-contra-del-hurto-a-personas-en-la-capital-opita\/\",\"name\":\"Polic\u00eda realiza campa\u00f1a en contra del hurto a personas en la capital opita -\",\"isPartOf\":{\"@id\":\"https:\/\/luchonoticias.com\/editor\/#website\"},\"primaryImageOfPage\":{\"@id\":\"https:\/\/luchonoticias.com\/editor\/policia-realiza-campana-en-contra-del-hurto-a-personas-en-la-capital-opita\/#primaryimage\"},\"image\":{\"@id\":\"https:\/\/luchonoticias.com\/editor\/policia-realiza-campana-en-contra-del-hurto-a-personas-en-la-capital-opita\/#primaryimage\"},\"thumbnailUrl\":\"https:\/\/luchonoticias.com\/wp-content\/uploads\/2022\/08\/WhatsApp-Image-2022-08-16-at-1.02.44-PM-2-1024x767.jpeg\",\"datePublished\":\"2022-08-17T12:00:17+00:00\",\"breadcrumb\":{\"@id\":\"https:\/\/luchonoticias.com\/editor\/policia-realiza-campana-en-contra-del-hurto-a-personas-en-la-capital-opita\/#breadcrumb\"},\"inLanguage\":\"es\",\"potentialAction\":[{\"@type\":\"ReadAction\",\"target\":[\"https:\/\/luchonoticias.com\/editor\/policia-realiza-campana-en-contra-del-hurto-a-personas-en-la-capital-opita\/\"]}]},{\"@type\":\"ImageObject\",\"inLanguage\":\"es\",\"@id\":\"https:\/\/luchonoticias.com\/editor\/policia-realiza-campana-en-contra-del-hurto-a-personas-en-la-capital-opita\/#primaryimage\",\"url\":\"https:\/\/luchonoticias.com\/wp-content\/uploads\/2022\/08\/WhatsApp-Image-2022-08-16-at-1.02.44-PM-2-1024x767.jpeg\",\"contentUrl\":\"https:\/\/luchonoticias.com\/wp-content\/uploads\/2022\/08\/WhatsApp-Image-2022-08-16-at-1.02.44-PM-2-1024x767.jpeg\"},{\"@type\":\"BreadcrumbList\",\"@id\":\"https:\/\/luchonoticias.com\/editor\/policia-realiza-campana-en-contra-del-hurto-a-personas-en-la-capital-opita\/#breadcrumb\",\"itemListElement\":[{\"@type\":\"ListItem\",\"position\":1,\"name\":\"Portada\",\"item\":\"https:\/\/luchonoticias.com\/editor\/\"},{\"@type\":\"ListItem\",\"position\":2,\"name\":\"Polic\u00eda realiza campa\u00f1a en contra del hurto a personas en la capital opita\"}]},{\"@type\":\"WebSite\",\"@id\":\"https:\/\/luchonoticias.com\/editor\/#website\",\"url\":\"https:\/\/luchonoticias.com\/editor\/\",\"name\":\"\",\"description\":\"\",\"publisher\":{\"@id\":\"https:\/\/luchonoticias.com\/editor\/#\/schema\/person\/7a7fd911f58561fd056dbac7b55af9cd\"},\"potentialAction\":[{\"@type\":\"SearchAction\",\"target\":{\"@type\":\"EntryPoint\",\"urlTemplate\":\"https:\/\/luchonoticias.com\/editor\/?s={search_term_string}\"},\"query-input\":{\"@type\":\"PropertyValueSpecification\",\"valueRequired\":true,\"valueName\":\"search_term_string\"}}],\"inLanguage\":\"es\"},{\"@type\":[\"Person\",\"Organization\"],\"@id\":\"https:\/\/luchonoticias.com\/editor\/#\/schema\/person\/7a7fd911f58561fd056dbac7b55af9cd\",\"name\":\"admin\",\"image\":{\"@type\":\"ImageObject\",\"inLanguage\":\"es\",\"@id\":\"https:\/\/luchonoticias.com\/editor\/#\/schema\/person\/image\/\",\"url\":\"https:\/\/luchonoticias.com\/editor\/wp-content\/uploads\/2024\/02\/cropped-cropped-logolu.webp\",\"contentUrl\":\"https:\/\/luchonoticias.com\/editor\/wp-content\/uploads\/2024\/02\/cropped-cropped-logolu.webp\",\"width\":382,\"height\":170,\"caption\":\"admin\"},\"logo\":{\"@id\":\"https:\/\/luchonoticias.com\/editor\/#\/schema\/person\/image\/\"},\"sameAs\":[\"https:\/\/www.facebook.com\/luchonoticiasneiva\"],\"url\":\"https:\/\/luchonoticias.com\/editor\/author\/admin\/\"}]}<\/script>\n<!-- \/ Yoast SEO plugin. -->","yoast_head_json":{"title":"Polic\u00eda realiza campa\u00f1a en contra del hurto a personas en la capital opita -","robots":{"index":"index","follow":"follow","max-snippet":"max-snippet:-1","max-image-preview":"max-image-preview:large","max-video-preview":"max-video-preview:-1"},"canonical":"https:\/\/luchonoticias.com\/editor\/policia-realiza-campana-en-contra-del-hurto-a-personas-en-la-capital-opita\/","og_locale":"es_ES","og_type":"article","og_title":"Polic\u00eda realiza campa\u00f1a en contra del hurto a personas en la capital opita -","og_url":"https:\/\/luchonoticias.com\/editor\/policia-realiza-campana-en-contra-del-hurto-a-personas-en-la-capital-opita\/","article_publisher":"https:\/\/www.facebook.com\/luchonoticiasneiva","article_author":"https:\/\/www.facebook.com\/luchonoticiasneiva","article_published_time":"2022-08-17T12:00:17+00:00","og_image":[{"url":"https:\/\/luchonoticias.com\/wp-content\/uploads\/2022\/08\/WhatsApp-Image-2022-08-16-at-1.02.44-PM-2-1024x767.jpeg","type":"","width":"","height":""}],"author":"admin","twitter_card":"summary_large_image","twitter_misc":{"Escrito por":"admin","Tiempo de lectura":"1 minuto"},"schema":{"@context":"https:\/\/schema.org","@graph":[{"@type":"Article","@id":"https:\/\/luchonoticias.com\/editor\/policia-realiza-campana-en-contra-del-hurto-a-personas-en-la-capital-opita\/#article","isPartOf":{"@id":"https:\/\/luchonoticias.com\/editor\/policia-realiza-campana-en-contra-del-hurto-a-personas-en-la-capital-opita\/"},"author":{"name":"admin","@id":"https:\/\/luchonoticias.com\/editor\/#\/schema\/person\/7a7fd911f58561fd056dbac7b55af9cd"},"headline":"Polic\u00eda realiza campa\u00f1a en contra del hurto a personas en la capital opita","datePublished":"2022-08-17T12:00:17+00:00","mainEntityOfPage":{"@id":"https:\/\/luchonoticias.com\/editor\/policia-realiza-campana-en-contra-del-hurto-a-personas-en-la-capital-opita\/"},"wordCount":195,"commentCount":0,"publisher":{"@id":"https:\/\/luchonoticias.com\/editor\/#\/schema\/person\/7a7fd911f58561fd056dbac7b55af9cd"},"image":{"@id":"https:\/\/luchonoticias.com\/editor\/policia-realiza-campana-en-contra-del-hurto-a-personas-en-la-capital-opita\/#primaryimage"},"thumbnailUrl":"https:\/\/luchonoticias.com\/wp-content\/uploads\/2022\/08\/WhatsApp-Image-2022-08-16-at-1.02.44-PM-2-1024x767.jpeg","articleSection":["Comunidad","Destacado"],"inLanguage":"es","potentialAction":[{"@type":"CommentAction","name":"Comment","target":["https:\/\/luchonoticias.com\/editor\/policia-realiza-campana-en-contra-del-hurto-a-personas-en-la-capital-opita\/#respond"]}]},{"@type":"WebPage","@id":"https:\/\/luchonoticias.com\/editor\/policia-realiza-campana-en-contra-del-hurto-a-personas-en-la-capital-opita\/","url":"https:\/\/luchonoticias.com\/editor\/policia-realiza-campana-en-contra-del-hurto-a-personas-en-la-capital-opita\/","name":"Polic\u00eda realiza campa\u00f1a en contra del hurto a personas en la capital opita -","isPartOf":{"@id":"https:\/\/luchonoticias.com\/editor\/#website"},"primaryImageOfPage":{"@id":"https:\/\/luchonoticias.com\/editor\/policia-realiza-campana-en-contra-del-hurto-a-personas-en-la-capital-opita\/#primaryimage"},"image":{"@id":"https:\/\/luchonoticias.com\/editor\/policia-realiza-campana-en-contra-del-hurto-a-personas-en-la-capital-opita\/#primaryimage"},"thumbnailUrl":"https:\/\/luchonoticias.com\/wp-content\/uploads\/2022\/08\/WhatsApp-Image-2022-08-16-at-1.02.44-PM-2-1024x767.jpeg","datePublished":"2022-08-17T12:00:17+00:00","breadcrumb":{"@id":"https:\/\/luchonoticias.com\/editor\/policia-realiza-campana-en-contra-del-hurto-a-personas-en-la-capital-opita\/#breadcrumb"},"inLanguage":"es","potentialAction":[{"@type":"ReadAction","target":["https:\/\/luchonoticias.com\/editor\/policia-realiza-campana-en-contra-del-hurto-a-personas-en-la-capital-opita\/"]}]},{"@type":"ImageObject","inLanguage":"es","@id":"https:\/\/luchonoticias.com\/editor\/policia-realiza-campana-en-contra-del-hurto-a-personas-en-la-capital-opita\/#primaryimage","url":"https:\/\/luchonoticias.com\/wp-content\/uploads\/2022\/08\/WhatsApp-Image-2022-08-16-at-1.02.44-PM-2-1024x767.jpeg","contentUrl":"https:\/\/luchonoticias.com\/wp-content\/uploads\/2022\/08\/WhatsApp-Image-2022-08-16-at-1.02.44-PM-2-1024x767.jpeg"},{"@type":"BreadcrumbList","@id":"https:\/\/luchonoticias.com\/editor\/policia-realiza-campana-en-contra-del-hurto-a-personas-en-la-capital-opita\/#breadcrumb","itemListElement":[{"@type":"ListItem","position":1,"name":"Portada","item":"https:\/\/luchonoticias.com\/editor\/"},{"@type":"ListItem","position":2,"name":"Polic\u00eda realiza campa\u00f1a en contra del hurto a personas en la capital opita"}]},{"@type":"WebSite","@id":"https:\/\/luchonoticias.com\/editor\/#website","url":"https:\/\/luchonoticias.com\/editor\/","name":"","description":"","publisher":{"@id":"https:\/\/luchonoticias.com\/editor\/#\/schema\/person\/7a7fd911f58561fd056dbac7b55af9cd"},"potentialAction":[{"@type":"SearchAction","target":{"@type":"EntryPoint","urlTemplate":"https:\/\/luchonoticias.com\/editor\/?s={search_term_string}"},"query-input":{"@type":"PropertyValueSpecification","valueRequired":true,"valueName":"search_term_string"}}],"inLanguage":"es"},{"@type":["Person","Organization"],"@id":"https:\/\/luchonoticias.com\/editor\/#\/schema\/person\/7a7fd911f58561fd056dbac7b55af9cd","name":"admin","image":{"@type":"ImageObject","inLanguage":"es","@id":"https:\/\/luchonoticias.com\/editor\/#\/schema\/person\/image\/","url":"https:\/\/luchonoticias.com\/editor\/wp-content\/uploads\/2024\/02\/cropped-cropped-logolu.webp","contentUrl":"https:\/\/luchonoticias.com\/editor\/wp-content\/uploads\/2024\/02\/cropped-cropped-logolu.webp","width":382,"height":170,"caption":"admin"},"logo":{"@id":"https:\/\/luchonoticias.com\/editor\/#\/schema\/person\/image\/"},"sameAs":["https:\/\/www.facebook.com\/luchonoticiasneiva"],"url":"https:\/\/luchonoticias.com\/editor\/author\/admin\/"}]}},"_links":{"self":[{"href":"https:\/\/luchonoticias.com\/editor\/wp-json\/wp\/v2\/posts\/32363","targetHints":{"allow":["GET"]}}],"collection":[{"href":"https:\/\/luchonoticias.com\/editor\/wp-json\/wp\/v2\/posts"}],"about":[{"href":"https:\/\/luchonoticias.com\/editor\/wp-json\/wp\/v2\/types\/post"}],"author":[{"embeddable":true,"href":"https:\/\/luchonoticias.com\/editor\/wp-json\/wp\/v2\/users\/1"}],"replies":[{"embeddable":true,"href":"https:\/\/luchonoticias.com\/editor\/wp-json\/wp\/v2\/comments?post=32363"}],"version-history":[{"count":0,"href":"https:\/\/luchonoticias.com\/editor\/wp-json\/wp\/v2\/posts\/32363\/revisions"}],"wp:attachment":[{"href":"https:\/\/luchonoticias.com\/editor\/wp-json\/wp\/v2\/media?parent=32363"}],"wp:term":[{"taxonomy":"category","embeddable":true,"href":"https:\/\/luchonoticias.com\/editor\/wp-json\/wp\/v2\/categories?post=32363"},{"taxonomy":"post_tag","embeddable":true,"href":"https:\/\/luchonoticias.com\/editor\/wp-json\/wp\/v2\/tags?post=32363"}],"curies":[{"name":"wp","href":"https:\/\/api.w.org\/{rel}","templated":true}]}}