{"id":32392,"date":"2022-08-17T11:24:41","date_gmt":"2022-08-17T16:24:41","guid":{"rendered":"https:\/\/luchonoticias.com\/?p=32392"},"modified":"2022-08-17T11:24:42","modified_gmt":"2022-08-17T16:24:42","slug":"hay-que-dejar-la-sinverguenceria-presidente-de-la-camara-al-suspender-los-almuerzos-del-congreso","status":"publish","type":"post","link":"https:\/\/luchonoticias.com\/editor\/hay-que-dejar-la-sinverguenceria-presidente-de-la-camara-al-suspender-los-almuerzos-del-congreso\/","title":{"rendered":"\u201cHay que dejar la sinverg\u00fcencer\u00eda\u201d: Presidente de la C\u00e1mara, al suspender los almuerzos del Congreso."},"content":{"rendered":"\n<p>Como se v\u00eda venir los cambios dentro del Congreso Nacional, el hoy presidente de la C\u00e1mara, David Racero, tom\u00f3 por sorpresa a los 187 Representantes, al suspender los recursos del Congreso para la compra de almuerzos.<\/p>\n\n\n\n<p>\u201cEs verdad que estamos teniendo sesiones largas de trabajo. pero para eso nos pagan\u201d, fue uno de los mensajes que revel\u00f3 el Presidente de la C\u00e1mara por su red social de Twitter.<\/p>\n\n\n\n<figure class=\"wp-block-image size-full\"><img decoding=\"async\" src=\"https:\/\/luchonoticias.com\/wp-content\/uploads\/2022\/08\/ras.png\" alt=\"\" class=\"wp-image-32394\"\/><\/figure>\n\n\n\n<p>Por \u00faltimo, el Presidente manifest\u00f3 que decidi\u00f3, trabajar en un proyecto de ley \u201canti privilegios\u201d qu\u00e9 no solo ayudar\u00e1 a reducir el presupuesto de la C\u00e1mara de Representantes, sino que, adem\u00e1s, evitar\u00e1 los gastos innecesarios y que pueden ser asumidos por los mismos Congresistas. Este proyecto de ley ser\u00e1 radicado la pr\u00f3xima semana en secretaria general de la C\u00e1mara de Representantes<\/p>\n","protected":false},"excerpt":{"rendered":"<p>Como se v\u00eda venir los cambios dentro del Congreso Nacional, el hoy presidente de la C\u00e1mara, David Racero, tom\u00f3 por sorpresa a los 187 Representantes, al suspender los recursos del Congreso para la compra de almuerzos. \u201cEs verdad que estamos teniendo sesiones largas de trabajo. pero para eso nos pagan\u201d, fue uno de los mensajes [&hellip;]<\/p>\n","protected":false},"author":1,"featured_media":0,"comment_status":"open","ping_status":"open","sticky":false,"template":"","format":"standard","meta":{"footnotes":""},"categories":[36,32],"tags":[],"class_list":["post-32392","post","type-post","status-publish","format-standard","hentry","category-destacado","category-nacional"],"yoast_head":"<!-- This site is optimized with the Yoast SEO plugin v26.6 - https:\/\/yoast.com\/wordpress\/plugins\/seo\/ -->\n<title>\u201cHay que dejar la sinverg\u00fcencer\u00eda\u201d: Presidente de la C\u00e1mara, al suspender los almuerzos del Congreso. -<\/title>\n<meta name=\"robots\" content=\"index, follow, max-snippet:-1, max-image-preview:large, max-video-preview:-1\" \/>\n<link rel=\"canonical\" href=\"https:\/\/luchonoticias.com\/editor\/hay-que-dejar-la-sinverguenceria-presidente-de-la-camara-al-suspender-los-almuerzos-del-congreso\/\" \/>\n<meta property=\"og:locale\" content=\"es_ES\" \/>\n<meta property=\"og:type\" content=\"article\" \/>\n<meta property=\"og:title\" content=\"\u201cHay que dejar la sinverg\u00fcencer\u00eda\u201d: Presidente de la C\u00e1mara, al suspender los almuerzos del Congreso. -\" \/>\n<meta property=\"og:url\" content=\"https:\/\/luchonoticias.com\/editor\/hay-que-dejar-la-sinverguenceria-presidente-de-la-camara-al-suspender-los-almuerzos-del-congreso\/\" \/>\n<meta property=\"article:publisher\" content=\"https:\/\/www.facebook.com\/luchonoticiasneiva\" \/>\n<meta property=\"article:author\" content=\"https:\/\/www.facebook.com\/luchonoticiasneiva\" \/>\n<meta property=\"article:published_time\" content=\"2022-08-17T16:24:41+00:00\" \/>\n<meta property=\"article:modified_time\" content=\"2022-08-17T16:24:42+00:00\" \/>\n<meta property=\"og:image\" content=\"https:\/\/luchonoticias.com\/wp-content\/uploads\/2022\/08\/ras.png\" \/>\n<meta name=\"author\" content=\"admin\" \/>\n<meta name=\"twitter:card\" content=\"summary_large_image\" \/>\n<meta name=\"twitter:label1\" content=\"Escrito por\" \/>\n\t<meta name=\"twitter:data1\" content=\"admin\" \/>\n\t<meta name=\"twitter:label2\" content=\"Tiempo de lectura\" \/>\n\t<meta name=\"twitter:data2\" content=\"1 minuto\" \/>\n<script type=\"application\/ld+json\" class=\"yoast-schema-graph\">{\"@context\":\"https:\/\/schema.org\",\"@graph\":[{\"@type\":\"Article\",\"@id\":\"https:\/\/luchonoticias.com\/editor\/hay-que-dejar-la-sinverguenceria-presidente-de-la-camara-al-suspender-los-almuerzos-del-congreso\/#article\",\"isPartOf\":{\"@id\":\"https:\/\/luchonoticias.com\/editor\/hay-que-dejar-la-sinverguenceria-presidente-de-la-camara-al-suspender-los-almuerzos-del-congreso\/\"},\"author\":{\"name\":\"admin\",\"@id\":\"https:\/\/luchonoticias.com\/editor\/#\/schema\/person\/7a7fd911f58561fd056dbac7b55af9cd\"},\"headline\":\"\u201cHay que dejar la sinverg\u00fcencer\u00eda\u201d: Presidente de la C\u00e1mara, al suspender los almuerzos del Congreso.\",\"datePublished\":\"2022-08-17T16:24:41+00:00\",\"dateModified\":\"2022-08-17T16:24:42+00:00\",\"mainEntityOfPage\":{\"@id\":\"https:\/\/luchonoticias.com\/editor\/hay-que-dejar-la-sinverguenceria-presidente-de-la-camara-al-suspender-los-almuerzos-del-congreso\/\"},\"wordCount\":153,\"commentCount\":0,\"publisher\":{\"@id\":\"https:\/\/luchonoticias.com\/editor\/#\/schema\/person\/7a7fd911f58561fd056dbac7b55af9cd\"},\"image\":{\"@id\":\"https:\/\/luchonoticias.com\/editor\/hay-que-dejar-la-sinverguenceria-presidente-de-la-camara-al-suspender-los-almuerzos-del-congreso\/#primaryimage\"},\"thumbnailUrl\":\"https:\/\/luchonoticias.com\/wp-content\/uploads\/2022\/08\/ras.png\",\"articleSection\":[\"Destacado\",\"Nacional\"],\"inLanguage\":\"es\",\"potentialAction\":[{\"@type\":\"CommentAction\",\"name\":\"Comment\",\"target\":[\"https:\/\/luchonoticias.com\/editor\/hay-que-dejar-la-sinverguenceria-presidente-de-la-camara-al-suspender-los-almuerzos-del-congreso\/#respond\"]}]},{\"@type\":\"WebPage\",\"@id\":\"https:\/\/luchonoticias.com\/editor\/hay-que-dejar-la-sinverguenceria-presidente-de-la-camara-al-suspender-los-almuerzos-del-congreso\/\",\"url\":\"https:\/\/luchonoticias.com\/editor\/hay-que-dejar-la-sinverguenceria-presidente-de-la-camara-al-suspender-los-almuerzos-del-congreso\/\",\"name\":\"\u201cHay que dejar la sinverg\u00fcencer\u00eda\u201d: Presidente de la C\u00e1mara, al suspender los almuerzos del Congreso. -\",\"isPartOf\":{\"@id\":\"https:\/\/luchonoticias.com\/editor\/#website\"},\"primaryImageOfPage\":{\"@id\":\"https:\/\/luchonoticias.com\/editor\/hay-que-dejar-la-sinverguenceria-presidente-de-la-camara-al-suspender-los-almuerzos-del-congreso\/#primaryimage\"},\"image\":{\"@id\":\"https:\/\/luchonoticias.com\/editor\/hay-que-dejar-la-sinverguenceria-presidente-de-la-camara-al-suspender-los-almuerzos-del-congreso\/#primaryimage\"},\"thumbnailUrl\":\"https:\/\/luchonoticias.com\/wp-content\/uploads\/2022\/08\/ras.png\",\"datePublished\":\"2022-08-17T16:24:41+00:00\",\"dateModified\":\"2022-08-17T16:24:42+00:00\",\"breadcrumb\":{\"@id\":\"https:\/\/luchonoticias.com\/editor\/hay-que-dejar-la-sinverguenceria-presidente-de-la-camara-al-suspender-los-almuerzos-del-congreso\/#breadcrumb\"},\"inLanguage\":\"es\",\"potentialAction\":[{\"@type\":\"ReadAction\",\"target\":[\"https:\/\/luchonoticias.com\/editor\/hay-que-dejar-la-sinverguenceria-presidente-de-la-camara-al-suspender-los-almuerzos-del-congreso\/\"]}]},{\"@type\":\"ImageObject\",\"inLanguage\":\"es\",\"@id\":\"https:\/\/luchonoticias.com\/editor\/hay-que-dejar-la-sinverguenceria-presidente-de-la-camara-al-suspender-los-almuerzos-del-congreso\/#primaryimage\",\"url\":\"https:\/\/luchonoticias.com\/wp-content\/uploads\/2022\/08\/ras.png\",\"contentUrl\":\"https:\/\/luchonoticias.com\/wp-content\/uploads\/2022\/08\/ras.png\"},{\"@type\":\"BreadcrumbList\",\"@id\":\"https:\/\/luchonoticias.com\/editor\/hay-que-dejar-la-sinverguenceria-presidente-de-la-camara-al-suspender-los-almuerzos-del-congreso\/#breadcrumb\",\"itemListElement\":[{\"@type\":\"ListItem\",\"position\":1,\"name\":\"Portada\",\"item\":\"https:\/\/luchonoticias.com\/editor\/\"},{\"@type\":\"ListItem\",\"position\":2,\"name\":\"\u201cHay que dejar la sinverg\u00fcencer\u00eda\u201d: Presidente de la C\u00e1mara, al suspender los almuerzos del Congreso.\"}]},{\"@type\":\"WebSite\",\"@id\":\"https:\/\/luchonoticias.com\/editor\/#website\",\"url\":\"https:\/\/luchonoticias.com\/editor\/\",\"name\":\"\",\"description\":\"\",\"publisher\":{\"@id\":\"https:\/\/luchonoticias.com\/editor\/#\/schema\/person\/7a7fd911f58561fd056dbac7b55af9cd\"},\"potentialAction\":[{\"@type\":\"SearchAction\",\"target\":{\"@type\":\"EntryPoint\",\"urlTemplate\":\"https:\/\/luchonoticias.com\/editor\/?s={search_term_string}\"},\"query-input\":{\"@type\":\"PropertyValueSpecification\",\"valueRequired\":true,\"valueName\":\"search_term_string\"}}],\"inLanguage\":\"es\"},{\"@type\":[\"Person\",\"Organization\"],\"@id\":\"https:\/\/luchonoticias.com\/editor\/#\/schema\/person\/7a7fd911f58561fd056dbac7b55af9cd\",\"name\":\"admin\",\"image\":{\"@type\":\"ImageObject\",\"inLanguage\":\"es\",\"@id\":\"https:\/\/luchonoticias.com\/editor\/#\/schema\/person\/image\/\",\"url\":\"https:\/\/luchonoticias.com\/editor\/wp-content\/uploads\/2024\/02\/cropped-cropped-logolu.webp\",\"contentUrl\":\"https:\/\/luchonoticias.com\/editor\/wp-content\/uploads\/2024\/02\/cropped-cropped-logolu.webp\",\"width\":382,\"height\":170,\"caption\":\"admin\"},\"logo\":{\"@id\":\"https:\/\/luchonoticias.com\/editor\/#\/schema\/person\/image\/\"},\"sameAs\":[\"https:\/\/www.facebook.com\/luchonoticiasneiva\"],\"url\":\"https:\/\/luchonoticias.com\/editor\/author\/admin\/\"}]}<\/script>\n<!-- \/ Yoast SEO plugin. -->","yoast_head_json":{"title":"\u201cHay que dejar la sinverg\u00fcencer\u00eda\u201d: Presidente de la C\u00e1mara, al suspender los almuerzos del Congreso. -","robots":{"index":"index","follow":"follow","max-snippet":"max-snippet:-1","max-image-preview":"max-image-preview:large","max-video-preview":"max-video-preview:-1"},"canonical":"https:\/\/luchonoticias.com\/editor\/hay-que-dejar-la-sinverguenceria-presidente-de-la-camara-al-suspender-los-almuerzos-del-congreso\/","og_locale":"es_ES","og_type":"article","og_title":"\u201cHay que dejar la sinverg\u00fcencer\u00eda\u201d: Presidente de la C\u00e1mara, al suspender los almuerzos del Congreso. -","og_url":"https:\/\/luchonoticias.com\/editor\/hay-que-dejar-la-sinverguenceria-presidente-de-la-camara-al-suspender-los-almuerzos-del-congreso\/","article_publisher":"https:\/\/www.facebook.com\/luchonoticiasneiva","article_author":"https:\/\/www.facebook.com\/luchonoticiasneiva","article_published_time":"2022-08-17T16:24:41+00:00","article_modified_time":"2022-08-17T16:24:42+00:00","og_image":[{"url":"https:\/\/luchonoticias.com\/wp-content\/uploads\/2022\/08\/ras.png","type":"","width":"","height":""}],"author":"admin","twitter_card":"summary_large_image","twitter_misc":{"Escrito por":"admin","Tiempo de lectura":"1 minuto"},"schema":{"@context":"https:\/\/schema.org","@graph":[{"@type":"Article","@id":"https:\/\/luchonoticias.com\/editor\/hay-que-dejar-la-sinverguenceria-presidente-de-la-camara-al-suspender-los-almuerzos-del-congreso\/#article","isPartOf":{"@id":"https:\/\/luchonoticias.com\/editor\/hay-que-dejar-la-sinverguenceria-presidente-de-la-camara-al-suspender-los-almuerzos-del-congreso\/"},"author":{"name":"admin","@id":"https:\/\/luchonoticias.com\/editor\/#\/schema\/person\/7a7fd911f58561fd056dbac7b55af9cd"},"headline":"\u201cHay que dejar la sinverg\u00fcencer\u00eda\u201d: Presidente de la C\u00e1mara, al suspender los almuerzos del Congreso.","datePublished":"2022-08-17T16:24:41+00:00","dateModified":"2022-08-17T16:24:42+00:00","mainEntityOfPage":{"@id":"https:\/\/luchonoticias.com\/editor\/hay-que-dejar-la-sinverguenceria-presidente-de-la-camara-al-suspender-los-almuerzos-del-congreso\/"},"wordCount":153,"commentCount":0,"publisher":{"@id":"https:\/\/luchonoticias.com\/editor\/#\/schema\/person\/7a7fd911f58561fd056dbac7b55af9cd"},"image":{"@id":"https:\/\/luchonoticias.com\/editor\/hay-que-dejar-la-sinverguenceria-presidente-de-la-camara-al-suspender-los-almuerzos-del-congreso\/#primaryimage"},"thumbnailUrl":"https:\/\/luchonoticias.com\/wp-content\/uploads\/2022\/08\/ras.png","articleSection":["Destacado","Nacional"],"inLanguage":"es","potentialAction":[{"@type":"CommentAction","name":"Comment","target":["https:\/\/luchonoticias.com\/editor\/hay-que-dejar-la-sinverguenceria-presidente-de-la-camara-al-suspender-los-almuerzos-del-congreso\/#respond"]}]},{"@type":"WebPage","@id":"https:\/\/luchonoticias.com\/editor\/hay-que-dejar-la-sinverguenceria-presidente-de-la-camara-al-suspender-los-almuerzos-del-congreso\/","url":"https:\/\/luchonoticias.com\/editor\/hay-que-dejar-la-sinverguenceria-presidente-de-la-camara-al-suspender-los-almuerzos-del-congreso\/","name":"\u201cHay que dejar la sinverg\u00fcencer\u00eda\u201d: Presidente de la C\u00e1mara, al suspender los almuerzos del Congreso. -","isPartOf":{"@id":"https:\/\/luchonoticias.com\/editor\/#website"},"primaryImageOfPage":{"@id":"https:\/\/luchonoticias.com\/editor\/hay-que-dejar-la-sinverguenceria-presidente-de-la-camara-al-suspender-los-almuerzos-del-congreso\/#primaryimage"},"image":{"@id":"https:\/\/luchonoticias.com\/editor\/hay-que-dejar-la-sinverguenceria-presidente-de-la-camara-al-suspender-los-almuerzos-del-congreso\/#primaryimage"},"thumbnailUrl":"https:\/\/luchonoticias.com\/wp-content\/uploads\/2022\/08\/ras.png","datePublished":"2022-08-17T16:24:41+00:00","dateModified":"2022-08-17T16:24:42+00:00","breadcrumb":{"@id":"https:\/\/luchonoticias.com\/editor\/hay-que-dejar-la-sinverguenceria-presidente-de-la-camara-al-suspender-los-almuerzos-del-congreso\/#breadcrumb"},"inLanguage":"es","potentialAction":[{"@type":"ReadAction","target":["https:\/\/luchonoticias.com\/editor\/hay-que-dejar-la-sinverguenceria-presidente-de-la-camara-al-suspender-los-almuerzos-del-congreso\/"]}]},{"@type":"ImageObject","inLanguage":"es","@id":"https:\/\/luchonoticias.com\/editor\/hay-que-dejar-la-sinverguenceria-presidente-de-la-camara-al-suspender-los-almuerzos-del-congreso\/#primaryimage","url":"https:\/\/luchonoticias.com\/wp-content\/uploads\/2022\/08\/ras.png","contentUrl":"https:\/\/luchonoticias.com\/wp-content\/uploads\/2022\/08\/ras.png"},{"@type":"BreadcrumbList","@id":"https:\/\/luchonoticias.com\/editor\/hay-que-dejar-la-sinverguenceria-presidente-de-la-camara-al-suspender-los-almuerzos-del-congreso\/#breadcrumb","itemListElement":[{"@type":"ListItem","position":1,"name":"Portada","item":"https:\/\/luchonoticias.com\/editor\/"},{"@type":"ListItem","position":2,"name":"\u201cHay que dejar la sinverg\u00fcencer\u00eda\u201d: Presidente de la C\u00e1mara, al suspender los almuerzos del Congreso."}]},{"@type":"WebSite","@id":"https:\/\/luchonoticias.com\/editor\/#website","url":"https:\/\/luchonoticias.com\/editor\/","name":"","description":"","publisher":{"@id":"https:\/\/luchonoticias.com\/editor\/#\/schema\/person\/7a7fd911f58561fd056dbac7b55af9cd"},"potentialAction":[{"@type":"SearchAction","target":{"@type":"EntryPoint","urlTemplate":"https:\/\/luchonoticias.com\/editor\/?s={search_term_string}"},"query-input":{"@type":"PropertyValueSpecification","valueRequired":true,"valueName":"search_term_string"}}],"inLanguage":"es"},{"@type":["Person","Organization"],"@id":"https:\/\/luchonoticias.com\/editor\/#\/schema\/person\/7a7fd911f58561fd056dbac7b55af9cd","name":"admin","image":{"@type":"ImageObject","inLanguage":"es","@id":"https:\/\/luchonoticias.com\/editor\/#\/schema\/person\/image\/","url":"https:\/\/luchonoticias.com\/editor\/wp-content\/uploads\/2024\/02\/cropped-cropped-logolu.webp","contentUrl":"https:\/\/luchonoticias.com\/editor\/wp-content\/uploads\/2024\/02\/cropped-cropped-logolu.webp","width":382,"height":170,"caption":"admin"},"logo":{"@id":"https:\/\/luchonoticias.com\/editor\/#\/schema\/person\/image\/"},"sameAs":["https:\/\/www.facebook.com\/luchonoticiasneiva"],"url":"https:\/\/luchonoticias.com\/editor\/author\/admin\/"}]}},"_links":{"self":[{"href":"https:\/\/luchonoticias.com\/editor\/wp-json\/wp\/v2\/posts\/32392","targetHints":{"allow":["GET"]}}],"collection":[{"href":"https:\/\/luchonoticias.com\/editor\/wp-json\/wp\/v2\/posts"}],"about":[{"href":"https:\/\/luchonoticias.com\/editor\/wp-json\/wp\/v2\/types\/post"}],"author":[{"embeddable":true,"href":"https:\/\/luchonoticias.com\/editor\/wp-json\/wp\/v2\/users\/1"}],"replies":[{"embeddable":true,"href":"https:\/\/luchonoticias.com\/editor\/wp-json\/wp\/v2\/comments?post=32392"}],"version-history":[{"count":0,"href":"https:\/\/luchonoticias.com\/editor\/wp-json\/wp\/v2\/posts\/32392\/revisions"}],"wp:attachment":[{"href":"https:\/\/luchonoticias.com\/editor\/wp-json\/wp\/v2\/media?parent=32392"}],"wp:term":[{"taxonomy":"category","embeddable":true,"href":"https:\/\/luchonoticias.com\/editor\/wp-json\/wp\/v2\/categories?post=32392"},{"taxonomy":"post_tag","embeddable":true,"href":"https:\/\/luchonoticias.com\/editor\/wp-json\/wp\/v2\/tags?post=32392"}],"curies":[{"name":"wp","href":"https:\/\/api.w.org\/{rel}","templated":true}]}}