{"id":32423,"date":"2022-08-18T05:15:30","date_gmt":"2022-08-18T10:15:30","guid":{"rendered":"https:\/\/luchonoticias.com\/?p=32423"},"modified":"2022-08-18T05:15:31","modified_gmt":"2022-08-18T10:15:31","slug":"aporte-departamental-para-las-vias-de-neiva","status":"publish","type":"post","link":"https:\/\/luchonoticias.com\/editor\/aporte-departamental-para-las-vias-de-neiva\/","title":{"rendered":"Aporte departamental para las v\u00edas de Neiva"},"content":{"rendered":"\n<p>Hoy la calle 18 de Neiva tiene otra cara, esto gracias a la acci\u00f3n del gobernador del Huila, Luis Enrique Duss\u00e1n, en su empe\u00f1o en terminar obras inconclusas que se encontraban estancadas y en los cuales&nbsp;<strong>se han invertido m\u00e1s de $25. 000 millones y la ciudad de Neiva no es la excepci\u00f3n.<\/strong><\/p>\n\n\n\n<p>Una de las obras est\u00e1 en la calle 18, donde gracias a la&nbsp;<strong>adici\u00f3n de m\u00e1s de $1.900 millones se pavimentar\u00e1n varias v\u00edas en Neiva.<\/strong><\/p>\n\n\n\n<p>De acuerdo a Daniel Manrique, quien es el ingeniero residente la obra avanza a buen ritmo, \u00aben este momento nos encontramos en el&nbsp;<strong>proceso de instalaci\u00f3n de sardineles, para la semana que viene ya mirar si empezamos con la pavimentaci\u00f3n de la v\u00eda.<\/strong>&nbsp;Despu\u00e9s de la pavimentaci\u00f3n de la v\u00eda tocar\u00eda esperar unos 28 d\u00edas como en los otros barrios actuales, esperando a que el concreto alcance los 28 d\u00edas su resistencia, ya de seguido podemos habilitar la v\u00eda para ya se\u00f1alizarla y que&nbsp;<strong>sea abierta al p\u00fablico, m\u00e1s o menos a mediados del 15 de septiembre\u201d<\/strong>, expres\u00f3.<\/p>\n\n\n\n<p>Por su parte, el ingeniero David Baracaldo, inspector de obra por parte de la&nbsp;<strong>interventor\u00eda<\/strong>, manifest\u00f3 que esta&nbsp;<strong>avanza de acuerdo a los tiempos respectivos<\/strong>. \u201cRespecto al cronograma de actividades, estamos en el orden de tiempos establecidos, lo que significa que, en estos momentos se est\u00e1 haciendo instalaci\u00f3n de sardinel a trav\u00e9s de niveles\u201d.<\/p>\n\n\n\n<p>Daniel Manrique, quien tiene tambi\u00e9n a su cargo la&nbsp;<strong>pavimentaci\u00f3n de la calle 51 en el barrio \u00c1lamos<\/strong>&nbsp;dio a conocer que se reiniciaron los trabajos en el sector, luego que la Alcald\u00eda de Neiva habilitara la tuber\u00eda de acueducto necesaria para poder continuar con la obra. \u201cEn estos momentos la v\u00eda a \u00c1lamos&nbsp;<strong>se encuentra ya en la restituci\u00f3n de la tuber\u00eda de asbesto cemento,<\/strong>&nbsp;que era la gran problem\u00e1tica que ellos estaban presentando, ya con la Gerente de EPN y la comunidad llegaron a un acuerdo, ya esta semana est\u00e1n arrancando los trabajos, la instalaci\u00f3n se estar\u00e1 terminando la semana que viene, esperamos estar entrando otra vez all\u00e1 con maquinaria de conformaci\u00f3n de las subrasantes y de la&nbsp; rasante de la v\u00eda\u00bb, indic\u00f3.<\/p>\n\n\n\n<p>El ingeniero Manrique a su vez dio a conocer, que la v\u00eda de la calle 82c entre carrera 4a y 3a, ya fue terminada su pavimentaci\u00f3n y se est\u00e1 a la espera de&nbsp; la compactaci\u00f3n de la mezcla durante 28 d\u00edas para poderla poner al servicio de los neivanos en el mes de septiembre.<\/p>\n","protected":false},"excerpt":{"rendered":"<p>Hoy la calle 18 de Neiva tiene otra cara, esto gracias a la acci\u00f3n del gobernador del Huila, Luis Enrique Duss\u00e1n, en su empe\u00f1o en terminar obras inconclusas que se encontraban estancadas y en los cuales&nbsp;se han invertido m\u00e1s de $25. 000 millones y la ciudad de Neiva no es la excepci\u00f3n. Una de las [&hellip;]<\/p>\n","protected":false},"author":1,"featured_media":0,"comment_status":"open","ping_status":"open","sticky":false,"template":"","format":"standard","meta":{"footnotes":""},"categories":[33],"tags":[],"class_list":["post-32423","post","type-post","status-publish","format-standard","hentry","category-huila"],"yoast_head":"<!-- This site is optimized with the Yoast SEO plugin v26.6 - https:\/\/yoast.com\/wordpress\/plugins\/seo\/ -->\n<title>Aporte departamental para las v\u00edas de Neiva -<\/title>\n<meta name=\"robots\" content=\"index, follow, max-snippet:-1, max-image-preview:large, max-video-preview:-1\" \/>\n<link rel=\"canonical\" href=\"https:\/\/luchonoticias.com\/editor\/aporte-departamental-para-las-vias-de-neiva\/\" \/>\n<meta property=\"og:locale\" content=\"es_ES\" \/>\n<meta property=\"og:type\" content=\"article\" \/>\n<meta property=\"og:title\" content=\"Aporte departamental para las v\u00edas de Neiva -\" \/>\n<meta property=\"og:url\" content=\"https:\/\/luchonoticias.com\/editor\/aporte-departamental-para-las-vias-de-neiva\/\" \/>\n<meta property=\"article:publisher\" content=\"https:\/\/www.facebook.com\/luchonoticiasneiva\" \/>\n<meta property=\"article:author\" content=\"https:\/\/www.facebook.com\/luchonoticiasneiva\" \/>\n<meta property=\"article:published_time\" content=\"2022-08-18T10:15:30+00:00\" \/>\n<meta property=\"article:modified_time\" content=\"2022-08-18T10:15:31+00:00\" \/>\n<meta name=\"author\" content=\"admin\" \/>\n<meta name=\"twitter:card\" content=\"summary_large_image\" \/>\n<meta name=\"twitter:label1\" content=\"Escrito por\" \/>\n\t<meta name=\"twitter:data1\" content=\"admin\" \/>\n\t<meta name=\"twitter:label2\" content=\"Tiempo de lectura\" \/>\n\t<meta name=\"twitter:data2\" content=\"2 minutos\" \/>\n<script type=\"application\/ld+json\" class=\"yoast-schema-graph\">{\"@context\":\"https:\/\/schema.org\",\"@graph\":[{\"@type\":\"Article\",\"@id\":\"https:\/\/luchonoticias.com\/editor\/aporte-departamental-para-las-vias-de-neiva\/#article\",\"isPartOf\":{\"@id\":\"https:\/\/luchonoticias.com\/editor\/aporte-departamental-para-las-vias-de-neiva\/\"},\"author\":{\"name\":\"admin\",\"@id\":\"https:\/\/luchonoticias.com\/editor\/#\/schema\/person\/7a7fd911f58561fd056dbac7b55af9cd\"},\"headline\":\"Aporte departamental para las v\u00edas de Neiva\",\"datePublished\":\"2022-08-18T10:15:30+00:00\",\"dateModified\":\"2022-08-18T10:15:31+00:00\",\"mainEntityOfPage\":{\"@id\":\"https:\/\/luchonoticias.com\/editor\/aporte-departamental-para-las-vias-de-neiva\/\"},\"wordCount\":461,\"commentCount\":0,\"publisher\":{\"@id\":\"https:\/\/luchonoticias.com\/editor\/#\/schema\/person\/7a7fd911f58561fd056dbac7b55af9cd\"},\"articleSection\":[\"Huila\"],\"inLanguage\":\"es\",\"potentialAction\":[{\"@type\":\"CommentAction\",\"name\":\"Comment\",\"target\":[\"https:\/\/luchonoticias.com\/editor\/aporte-departamental-para-las-vias-de-neiva\/#respond\"]}]},{\"@type\":\"WebPage\",\"@id\":\"https:\/\/luchonoticias.com\/editor\/aporte-departamental-para-las-vias-de-neiva\/\",\"url\":\"https:\/\/luchonoticias.com\/editor\/aporte-departamental-para-las-vias-de-neiva\/\",\"name\":\"Aporte departamental para las v\u00edas de Neiva -\",\"isPartOf\":{\"@id\":\"https:\/\/luchonoticias.com\/editor\/#website\"},\"datePublished\":\"2022-08-18T10:15:30+00:00\",\"dateModified\":\"2022-08-18T10:15:31+00:00\",\"breadcrumb\":{\"@id\":\"https:\/\/luchonoticias.com\/editor\/aporte-departamental-para-las-vias-de-neiva\/#breadcrumb\"},\"inLanguage\":\"es\",\"potentialAction\":[{\"@type\":\"ReadAction\",\"target\":[\"https:\/\/luchonoticias.com\/editor\/aporte-departamental-para-las-vias-de-neiva\/\"]}]},{\"@type\":\"BreadcrumbList\",\"@id\":\"https:\/\/luchonoticias.com\/editor\/aporte-departamental-para-las-vias-de-neiva\/#breadcrumb\",\"itemListElement\":[{\"@type\":\"ListItem\",\"position\":1,\"name\":\"Portada\",\"item\":\"https:\/\/luchonoticias.com\/editor\/\"},{\"@type\":\"ListItem\",\"position\":2,\"name\":\"Aporte departamental para las v\u00edas de Neiva\"}]},{\"@type\":\"WebSite\",\"@id\":\"https:\/\/luchonoticias.com\/editor\/#website\",\"url\":\"https:\/\/luchonoticias.com\/editor\/\",\"name\":\"\",\"description\":\"\",\"publisher\":{\"@id\":\"https:\/\/luchonoticias.com\/editor\/#\/schema\/person\/7a7fd911f58561fd056dbac7b55af9cd\"},\"potentialAction\":[{\"@type\":\"SearchAction\",\"target\":{\"@type\":\"EntryPoint\",\"urlTemplate\":\"https:\/\/luchonoticias.com\/editor\/?s={search_term_string}\"},\"query-input\":{\"@type\":\"PropertyValueSpecification\",\"valueRequired\":true,\"valueName\":\"search_term_string\"}}],\"inLanguage\":\"es\"},{\"@type\":[\"Person\",\"Organization\"],\"@id\":\"https:\/\/luchonoticias.com\/editor\/#\/schema\/person\/7a7fd911f58561fd056dbac7b55af9cd\",\"name\":\"admin\",\"image\":{\"@type\":\"ImageObject\",\"inLanguage\":\"es\",\"@id\":\"https:\/\/luchonoticias.com\/editor\/#\/schema\/person\/image\/\",\"url\":\"https:\/\/luchonoticias.com\/editor\/wp-content\/uploads\/2024\/02\/cropped-cropped-logolu.webp\",\"contentUrl\":\"https:\/\/luchonoticias.com\/editor\/wp-content\/uploads\/2024\/02\/cropped-cropped-logolu.webp\",\"width\":382,\"height\":170,\"caption\":\"admin\"},\"logo\":{\"@id\":\"https:\/\/luchonoticias.com\/editor\/#\/schema\/person\/image\/\"},\"sameAs\":[\"https:\/\/www.facebook.com\/luchonoticiasneiva\"],\"url\":\"https:\/\/luchonoticias.com\/editor\/author\/admin\/\"}]}<\/script>\n<!-- \/ Yoast SEO plugin. -->","yoast_head_json":{"title":"Aporte departamental para las v\u00edas de Neiva -","robots":{"index":"index","follow":"follow","max-snippet":"max-snippet:-1","max-image-preview":"max-image-preview:large","max-video-preview":"max-video-preview:-1"},"canonical":"https:\/\/luchonoticias.com\/editor\/aporte-departamental-para-las-vias-de-neiva\/","og_locale":"es_ES","og_type":"article","og_title":"Aporte departamental para las v\u00edas de Neiva -","og_url":"https:\/\/luchonoticias.com\/editor\/aporte-departamental-para-las-vias-de-neiva\/","article_publisher":"https:\/\/www.facebook.com\/luchonoticiasneiva","article_author":"https:\/\/www.facebook.com\/luchonoticiasneiva","article_published_time":"2022-08-18T10:15:30+00:00","article_modified_time":"2022-08-18T10:15:31+00:00","author":"admin","twitter_card":"summary_large_image","twitter_misc":{"Escrito por":"admin","Tiempo de lectura":"2 minutos"},"schema":{"@context":"https:\/\/schema.org","@graph":[{"@type":"Article","@id":"https:\/\/luchonoticias.com\/editor\/aporte-departamental-para-las-vias-de-neiva\/#article","isPartOf":{"@id":"https:\/\/luchonoticias.com\/editor\/aporte-departamental-para-las-vias-de-neiva\/"},"author":{"name":"admin","@id":"https:\/\/luchonoticias.com\/editor\/#\/schema\/person\/7a7fd911f58561fd056dbac7b55af9cd"},"headline":"Aporte departamental para las v\u00edas de Neiva","datePublished":"2022-08-18T10:15:30+00:00","dateModified":"2022-08-18T10:15:31+00:00","mainEntityOfPage":{"@id":"https:\/\/luchonoticias.com\/editor\/aporte-departamental-para-las-vias-de-neiva\/"},"wordCount":461,"commentCount":0,"publisher":{"@id":"https:\/\/luchonoticias.com\/editor\/#\/schema\/person\/7a7fd911f58561fd056dbac7b55af9cd"},"articleSection":["Huila"],"inLanguage":"es","potentialAction":[{"@type":"CommentAction","name":"Comment","target":["https:\/\/luchonoticias.com\/editor\/aporte-departamental-para-las-vias-de-neiva\/#respond"]}]},{"@type":"WebPage","@id":"https:\/\/luchonoticias.com\/editor\/aporte-departamental-para-las-vias-de-neiva\/","url":"https:\/\/luchonoticias.com\/editor\/aporte-departamental-para-las-vias-de-neiva\/","name":"Aporte departamental para las v\u00edas de Neiva -","isPartOf":{"@id":"https:\/\/luchonoticias.com\/editor\/#website"},"datePublished":"2022-08-18T10:15:30+00:00","dateModified":"2022-08-18T10:15:31+00:00","breadcrumb":{"@id":"https:\/\/luchonoticias.com\/editor\/aporte-departamental-para-las-vias-de-neiva\/#breadcrumb"},"inLanguage":"es","potentialAction":[{"@type":"ReadAction","target":["https:\/\/luchonoticias.com\/editor\/aporte-departamental-para-las-vias-de-neiva\/"]}]},{"@type":"BreadcrumbList","@id":"https:\/\/luchonoticias.com\/editor\/aporte-departamental-para-las-vias-de-neiva\/#breadcrumb","itemListElement":[{"@type":"ListItem","position":1,"name":"Portada","item":"https:\/\/luchonoticias.com\/editor\/"},{"@type":"ListItem","position":2,"name":"Aporte departamental para las v\u00edas de Neiva"}]},{"@type":"WebSite","@id":"https:\/\/luchonoticias.com\/editor\/#website","url":"https:\/\/luchonoticias.com\/editor\/","name":"","description":"","publisher":{"@id":"https:\/\/luchonoticias.com\/editor\/#\/schema\/person\/7a7fd911f58561fd056dbac7b55af9cd"},"potentialAction":[{"@type":"SearchAction","target":{"@type":"EntryPoint","urlTemplate":"https:\/\/luchonoticias.com\/editor\/?s={search_term_string}"},"query-input":{"@type":"PropertyValueSpecification","valueRequired":true,"valueName":"search_term_string"}}],"inLanguage":"es"},{"@type":["Person","Organization"],"@id":"https:\/\/luchonoticias.com\/editor\/#\/schema\/person\/7a7fd911f58561fd056dbac7b55af9cd","name":"admin","image":{"@type":"ImageObject","inLanguage":"es","@id":"https:\/\/luchonoticias.com\/editor\/#\/schema\/person\/image\/","url":"https:\/\/luchonoticias.com\/editor\/wp-content\/uploads\/2024\/02\/cropped-cropped-logolu.webp","contentUrl":"https:\/\/luchonoticias.com\/editor\/wp-content\/uploads\/2024\/02\/cropped-cropped-logolu.webp","width":382,"height":170,"caption":"admin"},"logo":{"@id":"https:\/\/luchonoticias.com\/editor\/#\/schema\/person\/image\/"},"sameAs":["https:\/\/www.facebook.com\/luchonoticiasneiva"],"url":"https:\/\/luchonoticias.com\/editor\/author\/admin\/"}]}},"_links":{"self":[{"href":"https:\/\/luchonoticias.com\/editor\/wp-json\/wp\/v2\/posts\/32423","targetHints":{"allow":["GET"]}}],"collection":[{"href":"https:\/\/luchonoticias.com\/editor\/wp-json\/wp\/v2\/posts"}],"about":[{"href":"https:\/\/luchonoticias.com\/editor\/wp-json\/wp\/v2\/types\/post"}],"author":[{"embeddable":true,"href":"https:\/\/luchonoticias.com\/editor\/wp-json\/wp\/v2\/users\/1"}],"replies":[{"embeddable":true,"href":"https:\/\/luchonoticias.com\/editor\/wp-json\/wp\/v2\/comments?post=32423"}],"version-history":[{"count":0,"href":"https:\/\/luchonoticias.com\/editor\/wp-json\/wp\/v2\/posts\/32423\/revisions"}],"wp:attachment":[{"href":"https:\/\/luchonoticias.com\/editor\/wp-json\/wp\/v2\/media?parent=32423"}],"wp:term":[{"taxonomy":"category","embeddable":true,"href":"https:\/\/luchonoticias.com\/editor\/wp-json\/wp\/v2\/categories?post=32423"},{"taxonomy":"post_tag","embeddable":true,"href":"https:\/\/luchonoticias.com\/editor\/wp-json\/wp\/v2\/tags?post=32423"}],"curies":[{"name":"wp","href":"https:\/\/api.w.org\/{rel}","templated":true}]}}