{"id":32519,"date":"2022-08-19T08:28:02","date_gmt":"2022-08-19T13:28:02","guid":{"rendered":"https:\/\/luchonoticias.com\/?p=32519"},"modified":"2022-08-19T08:28:03","modified_gmt":"2022-08-19T13:28:03","slug":"soluciones-para-la-via-neiva-baraya","status":"publish","type":"post","link":"https:\/\/luchonoticias.com\/editor\/soluciones-para-la-via-neiva-baraya\/","title":{"rendered":"Soluciones para la v\u00eda Neiva &#8211; Baraya"},"content":{"rendered":"\n<p>Las&nbsp;<strong>comunidades del corregimiento de Fortalecillas<\/strong>&nbsp;que realizaban un bloqueo vial sobre la v\u00eda principal que conduce a los municipios del norte del Huila, se reunieron con la Secretaria de V\u00edas e Infraestructura del Huila,&nbsp; Eliana Conde y el Asesor de Paz Departamental, Diego Tello, con el objetivo de conocer&nbsp;los&nbsp;<strong>avances&nbsp;<\/strong>para el proceso de&nbsp;<strong>rehabilitaci\u00f3n de la v\u00eda Neiva-Tello.&nbsp;<\/strong><\/p>\n\n\n\n<p>Los funcionarios del gobierno \u201cHuila Crece\u201d expusieron el proceso de consultor\u00eda para la rehabilitaci\u00f3n de esta v\u00eda, y gracias al di\u00e1logo se lleg\u00f3 a diferentes acuerdos para poder solucionar seg\u00fan la ley, la problem\u00e1tica vial que se presenta en la zona.<\/p>\n\n\n\n<p>\u201cDarle espera al Departamento para que&nbsp;<strong>en t\u00e9rminos de ley antes de diciembre ya se est\u00e9 subiendo a licitaci\u00f3n<\/strong>, la contrataci\u00f3n de la carretera Neiva \u2013 Tello. Todos los entes gubernamentales que asistieron, tanto&nbsp;la Secretar\u00eda de Infraestructura del el municipio, como del departamento, ellos tienen la voluntad, pero tambi\u00e9n quiero que entiendan,&nbsp;<strong>la comunidad est\u00e1 muy \u00e1vida de estas soluciones porque llevamos tiempo sufriendo con esta problem\u00e1tica.&nbsp;<\/strong>Igualmente, queremos expresarle los agradecimientos al se\u00f1or Gobernador,&nbsp; a la Secretaria de V\u00edas e Infraestructura porque asistieron y llegamos a unos acuerdos, que van a beneficiar tanto a la comunidad como a todos los turistas que nos visitan por esta \u00e9poca\u201d, indic\u00f3 Dagoberto Mosquera, habitante y l\u00edder de Fortalecillas.&nbsp;<\/p>\n\n\n\n<p>La secretaria de V\u00edas e Infraestructura del Huila, Eliana Conde, explic\u00f3 c\u00f3mo avanza el proceso de consultor\u00eda, para realizar una obra de calidad: \u201cestamos&nbsp;<strong>realizando los estudios y dise\u00f1os de la rehabilitaci\u00f3n de la v\u00eda&nbsp;<\/strong>que tiene unos componentes especiales y se hace&nbsp;necesario para poder organizar el proyecto y poderle dar un feliz t\u00e9rmino\u201d, indic\u00f3.<\/p>\n\n\n\n<p>Por su parte, el Asesor de Paz de la Gobernaci\u00f3n del Huila insisti\u00f3 en la&nbsp;<strong>voluntad de dialogo del gobierno departamental.<\/strong>&nbsp;Se vienen construyendo estudios y dise\u00f1os, no solo del tramo&nbsp; Neiva-Tello, sino&nbsp; tambi\u00e9n el tramo de Cucar\u00e1 \u2013 Villavieja, el tramo de&nbsp; Neiva \u2013 Palermo,&nbsp; Neiva \u2013 Teruel, y son&nbsp; soluciones reales y permanentes a las dif\u00edciles problem\u00e1ticas, entonces hoy&nbsp; simplemente vinimos a dialogar con las comunidades, a decirles que&nbsp;<strong>no es necesario llegar v\u00edas de hecho<\/strong>, m\u00e1s cuando hay un gobierno que viene adelantando un trabajo real para las soluciones definitivas\u201d, puntualiz\u00f3 el servidor p\u00fablico.<\/p>\n","protected":false},"excerpt":{"rendered":"<p>Las&nbsp;comunidades del corregimiento de Fortalecillas&nbsp;que realizaban un bloqueo vial sobre la v\u00eda principal que conduce a los municipios del norte del Huila, se reunieron con la Secretaria de V\u00edas e Infraestructura del Huila,&nbsp; Eliana Conde y el Asesor de Paz Departamental, Diego Tello, con el objetivo de conocer&nbsp;los&nbsp;avances&nbsp;para el proceso de&nbsp;rehabilitaci\u00f3n de la v\u00eda Neiva-Tello.&nbsp; [&hellip;]<\/p>\n","protected":false},"author":1,"featured_media":0,"comment_status":"open","ping_status":"open","sticky":false,"template":"","format":"standard","meta":{"footnotes":""},"categories":[33],"tags":[],"class_list":["post-32519","post","type-post","status-publish","format-standard","hentry","category-huila"],"yoast_head":"<!-- This site is optimized with the Yoast SEO plugin v26.6 - https:\/\/yoast.com\/wordpress\/plugins\/seo\/ -->\n<title>Soluciones para la v\u00eda Neiva - Baraya -<\/title>\n<meta name=\"robots\" content=\"index, follow, max-snippet:-1, max-image-preview:large, max-video-preview:-1\" \/>\n<link rel=\"canonical\" href=\"https:\/\/luchonoticias.com\/editor\/soluciones-para-la-via-neiva-baraya\/\" \/>\n<meta property=\"og:locale\" content=\"es_ES\" \/>\n<meta property=\"og:type\" content=\"article\" \/>\n<meta property=\"og:title\" content=\"Soluciones para la v\u00eda Neiva - Baraya -\" \/>\n<meta property=\"og:url\" content=\"https:\/\/luchonoticias.com\/editor\/soluciones-para-la-via-neiva-baraya\/\" \/>\n<meta property=\"article:publisher\" content=\"https:\/\/www.facebook.com\/luchonoticiasneiva\" \/>\n<meta property=\"article:author\" content=\"https:\/\/www.facebook.com\/luchonoticiasneiva\" \/>\n<meta property=\"article:published_time\" content=\"2022-08-19T13:28:02+00:00\" \/>\n<meta property=\"article:modified_time\" content=\"2022-08-19T13:28:03+00:00\" \/>\n<meta name=\"author\" content=\"admin\" \/>\n<meta name=\"twitter:card\" content=\"summary_large_image\" \/>\n<meta name=\"twitter:label1\" content=\"Escrito por\" \/>\n\t<meta name=\"twitter:data1\" content=\"admin\" \/>\n\t<meta name=\"twitter:label2\" content=\"Tiempo de lectura\" \/>\n\t<meta name=\"twitter:data2\" content=\"2 minutos\" \/>\n<script type=\"application\/ld+json\" class=\"yoast-schema-graph\">{\"@context\":\"https:\/\/schema.org\",\"@graph\":[{\"@type\":\"Article\",\"@id\":\"https:\/\/luchonoticias.com\/editor\/soluciones-para-la-via-neiva-baraya\/#article\",\"isPartOf\":{\"@id\":\"https:\/\/luchonoticias.com\/editor\/soluciones-para-la-via-neiva-baraya\/\"},\"author\":{\"name\":\"admin\",\"@id\":\"https:\/\/luchonoticias.com\/editor\/#\/schema\/person\/7a7fd911f58561fd056dbac7b55af9cd\"},\"headline\":\"Soluciones para la v\u00eda Neiva &#8211; Baraya\",\"datePublished\":\"2022-08-19T13:28:02+00:00\",\"dateModified\":\"2022-08-19T13:28:03+00:00\",\"mainEntityOfPage\":{\"@id\":\"https:\/\/luchonoticias.com\/editor\/soluciones-para-la-via-neiva-baraya\/\"},\"wordCount\":436,\"commentCount\":0,\"publisher\":{\"@id\":\"https:\/\/luchonoticias.com\/editor\/#\/schema\/person\/7a7fd911f58561fd056dbac7b55af9cd\"},\"articleSection\":[\"Huila\"],\"inLanguage\":\"es\",\"potentialAction\":[{\"@type\":\"CommentAction\",\"name\":\"Comment\",\"target\":[\"https:\/\/luchonoticias.com\/editor\/soluciones-para-la-via-neiva-baraya\/#respond\"]}]},{\"@type\":\"WebPage\",\"@id\":\"https:\/\/luchonoticias.com\/editor\/soluciones-para-la-via-neiva-baraya\/\",\"url\":\"https:\/\/luchonoticias.com\/editor\/soluciones-para-la-via-neiva-baraya\/\",\"name\":\"Soluciones para la v\u00eda Neiva - Baraya -\",\"isPartOf\":{\"@id\":\"https:\/\/luchonoticias.com\/editor\/#website\"},\"datePublished\":\"2022-08-19T13:28:02+00:00\",\"dateModified\":\"2022-08-19T13:28:03+00:00\",\"breadcrumb\":{\"@id\":\"https:\/\/luchonoticias.com\/editor\/soluciones-para-la-via-neiva-baraya\/#breadcrumb\"},\"inLanguage\":\"es\",\"potentialAction\":[{\"@type\":\"ReadAction\",\"target\":[\"https:\/\/luchonoticias.com\/editor\/soluciones-para-la-via-neiva-baraya\/\"]}]},{\"@type\":\"BreadcrumbList\",\"@id\":\"https:\/\/luchonoticias.com\/editor\/soluciones-para-la-via-neiva-baraya\/#breadcrumb\",\"itemListElement\":[{\"@type\":\"ListItem\",\"position\":1,\"name\":\"Portada\",\"item\":\"https:\/\/luchonoticias.com\/editor\/\"},{\"@type\":\"ListItem\",\"position\":2,\"name\":\"Soluciones para la v\u00eda Neiva &#8211; Baraya\"}]},{\"@type\":\"WebSite\",\"@id\":\"https:\/\/luchonoticias.com\/editor\/#website\",\"url\":\"https:\/\/luchonoticias.com\/editor\/\",\"name\":\"\",\"description\":\"\",\"publisher\":{\"@id\":\"https:\/\/luchonoticias.com\/editor\/#\/schema\/person\/7a7fd911f58561fd056dbac7b55af9cd\"},\"potentialAction\":[{\"@type\":\"SearchAction\",\"target\":{\"@type\":\"EntryPoint\",\"urlTemplate\":\"https:\/\/luchonoticias.com\/editor\/?s={search_term_string}\"},\"query-input\":{\"@type\":\"PropertyValueSpecification\",\"valueRequired\":true,\"valueName\":\"search_term_string\"}}],\"inLanguage\":\"es\"},{\"@type\":[\"Person\",\"Organization\"],\"@id\":\"https:\/\/luchonoticias.com\/editor\/#\/schema\/person\/7a7fd911f58561fd056dbac7b55af9cd\",\"name\":\"admin\",\"image\":{\"@type\":\"ImageObject\",\"inLanguage\":\"es\",\"@id\":\"https:\/\/luchonoticias.com\/editor\/#\/schema\/person\/image\/\",\"url\":\"https:\/\/luchonoticias.com\/editor\/wp-content\/uploads\/2024\/02\/cropped-cropped-logolu.webp\",\"contentUrl\":\"https:\/\/luchonoticias.com\/editor\/wp-content\/uploads\/2024\/02\/cropped-cropped-logolu.webp\",\"width\":382,\"height\":170,\"caption\":\"admin\"},\"logo\":{\"@id\":\"https:\/\/luchonoticias.com\/editor\/#\/schema\/person\/image\/\"},\"sameAs\":[\"https:\/\/www.facebook.com\/luchonoticiasneiva\"],\"url\":\"https:\/\/luchonoticias.com\/editor\/author\/admin\/\"}]}<\/script>\n<!-- \/ Yoast SEO plugin. -->","yoast_head_json":{"title":"Soluciones para la v\u00eda Neiva - Baraya -","robots":{"index":"index","follow":"follow","max-snippet":"max-snippet:-1","max-image-preview":"max-image-preview:large","max-video-preview":"max-video-preview:-1"},"canonical":"https:\/\/luchonoticias.com\/editor\/soluciones-para-la-via-neiva-baraya\/","og_locale":"es_ES","og_type":"article","og_title":"Soluciones para la v\u00eda Neiva - Baraya -","og_url":"https:\/\/luchonoticias.com\/editor\/soluciones-para-la-via-neiva-baraya\/","article_publisher":"https:\/\/www.facebook.com\/luchonoticiasneiva","article_author":"https:\/\/www.facebook.com\/luchonoticiasneiva","article_published_time":"2022-08-19T13:28:02+00:00","article_modified_time":"2022-08-19T13:28:03+00:00","author":"admin","twitter_card":"summary_large_image","twitter_misc":{"Escrito por":"admin","Tiempo de lectura":"2 minutos"},"schema":{"@context":"https:\/\/schema.org","@graph":[{"@type":"Article","@id":"https:\/\/luchonoticias.com\/editor\/soluciones-para-la-via-neiva-baraya\/#article","isPartOf":{"@id":"https:\/\/luchonoticias.com\/editor\/soluciones-para-la-via-neiva-baraya\/"},"author":{"name":"admin","@id":"https:\/\/luchonoticias.com\/editor\/#\/schema\/person\/7a7fd911f58561fd056dbac7b55af9cd"},"headline":"Soluciones para la v\u00eda Neiva &#8211; Baraya","datePublished":"2022-08-19T13:28:02+00:00","dateModified":"2022-08-19T13:28:03+00:00","mainEntityOfPage":{"@id":"https:\/\/luchonoticias.com\/editor\/soluciones-para-la-via-neiva-baraya\/"},"wordCount":436,"commentCount":0,"publisher":{"@id":"https:\/\/luchonoticias.com\/editor\/#\/schema\/person\/7a7fd911f58561fd056dbac7b55af9cd"},"articleSection":["Huila"],"inLanguage":"es","potentialAction":[{"@type":"CommentAction","name":"Comment","target":["https:\/\/luchonoticias.com\/editor\/soluciones-para-la-via-neiva-baraya\/#respond"]}]},{"@type":"WebPage","@id":"https:\/\/luchonoticias.com\/editor\/soluciones-para-la-via-neiva-baraya\/","url":"https:\/\/luchonoticias.com\/editor\/soluciones-para-la-via-neiva-baraya\/","name":"Soluciones para la v\u00eda Neiva - Baraya -","isPartOf":{"@id":"https:\/\/luchonoticias.com\/editor\/#website"},"datePublished":"2022-08-19T13:28:02+00:00","dateModified":"2022-08-19T13:28:03+00:00","breadcrumb":{"@id":"https:\/\/luchonoticias.com\/editor\/soluciones-para-la-via-neiva-baraya\/#breadcrumb"},"inLanguage":"es","potentialAction":[{"@type":"ReadAction","target":["https:\/\/luchonoticias.com\/editor\/soluciones-para-la-via-neiva-baraya\/"]}]},{"@type":"BreadcrumbList","@id":"https:\/\/luchonoticias.com\/editor\/soluciones-para-la-via-neiva-baraya\/#breadcrumb","itemListElement":[{"@type":"ListItem","position":1,"name":"Portada","item":"https:\/\/luchonoticias.com\/editor\/"},{"@type":"ListItem","position":2,"name":"Soluciones para la v\u00eda Neiva &#8211; Baraya"}]},{"@type":"WebSite","@id":"https:\/\/luchonoticias.com\/editor\/#website","url":"https:\/\/luchonoticias.com\/editor\/","name":"","description":"","publisher":{"@id":"https:\/\/luchonoticias.com\/editor\/#\/schema\/person\/7a7fd911f58561fd056dbac7b55af9cd"},"potentialAction":[{"@type":"SearchAction","target":{"@type":"EntryPoint","urlTemplate":"https:\/\/luchonoticias.com\/editor\/?s={search_term_string}"},"query-input":{"@type":"PropertyValueSpecification","valueRequired":true,"valueName":"search_term_string"}}],"inLanguage":"es"},{"@type":["Person","Organization"],"@id":"https:\/\/luchonoticias.com\/editor\/#\/schema\/person\/7a7fd911f58561fd056dbac7b55af9cd","name":"admin","image":{"@type":"ImageObject","inLanguage":"es","@id":"https:\/\/luchonoticias.com\/editor\/#\/schema\/person\/image\/","url":"https:\/\/luchonoticias.com\/editor\/wp-content\/uploads\/2024\/02\/cropped-cropped-logolu.webp","contentUrl":"https:\/\/luchonoticias.com\/editor\/wp-content\/uploads\/2024\/02\/cropped-cropped-logolu.webp","width":382,"height":170,"caption":"admin"},"logo":{"@id":"https:\/\/luchonoticias.com\/editor\/#\/schema\/person\/image\/"},"sameAs":["https:\/\/www.facebook.com\/luchonoticiasneiva"],"url":"https:\/\/luchonoticias.com\/editor\/author\/admin\/"}]}},"_links":{"self":[{"href":"https:\/\/luchonoticias.com\/editor\/wp-json\/wp\/v2\/posts\/32519","targetHints":{"allow":["GET"]}}],"collection":[{"href":"https:\/\/luchonoticias.com\/editor\/wp-json\/wp\/v2\/posts"}],"about":[{"href":"https:\/\/luchonoticias.com\/editor\/wp-json\/wp\/v2\/types\/post"}],"author":[{"embeddable":true,"href":"https:\/\/luchonoticias.com\/editor\/wp-json\/wp\/v2\/users\/1"}],"replies":[{"embeddable":true,"href":"https:\/\/luchonoticias.com\/editor\/wp-json\/wp\/v2\/comments?post=32519"}],"version-history":[{"count":0,"href":"https:\/\/luchonoticias.com\/editor\/wp-json\/wp\/v2\/posts\/32519\/revisions"}],"wp:attachment":[{"href":"https:\/\/luchonoticias.com\/editor\/wp-json\/wp\/v2\/media?parent=32519"}],"wp:term":[{"taxonomy":"category","embeddable":true,"href":"https:\/\/luchonoticias.com\/editor\/wp-json\/wp\/v2\/categories?post=32519"},{"taxonomy":"post_tag","embeddable":true,"href":"https:\/\/luchonoticias.com\/editor\/wp-json\/wp\/v2\/tags?post=32519"}],"curies":[{"name":"wp","href":"https:\/\/api.w.org\/{rel}","templated":true}]}}