{"id":32816,"date":"2022-08-23T14:15:00","date_gmt":"2022-08-23T19:15:00","guid":{"rendered":"https:\/\/luchonoticias.com\/?p=32816"},"modified":"2022-08-23T14:15:01","modified_gmt":"2022-08-23T19:15:01","slug":"capturada-mujer-por-el-delito-de-extorsion-en-neiva","status":"publish","type":"post","link":"https:\/\/luchonoticias.com\/editor\/capturada-mujer-por-el-delito-de-extorsion-en-neiva\/","title":{"rendered":"Capturada mujer por el delito de extorsi\u00f3n en Neiva"},"content":{"rendered":"\n<p>La Polic\u00eda Metropolitana de Neiva en desarrollo del plan \u00abCazador\u00bb, logra la captura de una mujer de 39 a\u00f1os de edad por el delito de Extorsi\u00f3n.<\/p>\n\n\n\n<p>\u201cDe esta forma, unidades del Grupo Antisecuestro y Antiextorsi\u00f3n de la Polic\u00eda Metropolitana de Neiva en coordinaci\u00f3n con la Fiscal\u00eda General de la Naci\u00f3n, logra en la Carrera 25 con calle 1ra. del barrio Las Acacias la captura de Luz Mery Lizarralde Bedoya, de 39 a\u00f1os de edad, en momentos en los cuales pretend\u00eda, haci\u00e9ndose pasar como miembro de las FARC,\u00a0 realizar una presunta transacci\u00f3n de $50.000.000 producto de la extorsi\u00f3n, realizada a un contratista de obra en la ciudad de Neiva\u201d, revelaron las autoridades en un comunicado.<\/p>\n\n\n\n<figure class=\"wp-block-gallery has-nested-images columns-default is-cropped wp-block-gallery-1 is-layout-flex wp-block-gallery-is-layout-flex\">\n<figure class=\"wp-block-image size-large\"><img decoding=\"async\" data-id=\"32818\" src=\"https:\/\/luchonoticias.com\/wp-content\/uploads\/2022\/08\/WhatsApp-Image-2022-08-23-at-7.25.51-AM-1024x574.jpeg\" alt=\"\" class=\"wp-image-32818\"\/><\/figure>\n<\/figure>\n\n\n\n<p>La mujer capturada fue dejada a disposici\u00f3n de autoridad competente por el delito de Extorsi\u00f3n, donde un juez de control de garant\u00edas una vez analizados los elementos materiales probatorios recolectados, tom\u00f3 la decisi\u00f3n de enviarla con medida de aseguramiento a centro carcelario.<\/p>\n","protected":false},"excerpt":{"rendered":"<p>La Polic\u00eda Metropolitana de Neiva en desarrollo del plan \u00abCazador\u00bb, logra la captura de una mujer de 39 a\u00f1os de edad por el delito de Extorsi\u00f3n. \u201cDe esta forma, unidades del Grupo Antisecuestro y Antiextorsi\u00f3n de la Polic\u00eda Metropolitana de Neiva en coordinaci\u00f3n con la Fiscal\u00eda General de la Naci\u00f3n, logra en la Carrera 25 [&hellip;]<\/p>\n","protected":false},"author":1,"featured_media":0,"comment_status":"open","ping_status":"open","sticky":false,"template":"","format":"standard","meta":{"footnotes":""},"categories":[36,29],"tags":[],"class_list":["post-32816","post","type-post","status-publish","format-standard","hentry","category-destacado","category-judicial"],"yoast_head":"<!-- This site is optimized with the Yoast SEO plugin v26.6 - https:\/\/yoast.com\/wordpress\/plugins\/seo\/ -->\n<title>Capturada mujer por el delito de extorsi\u00f3n en Neiva -<\/title>\n<meta name=\"robots\" content=\"index, follow, max-snippet:-1, max-image-preview:large, max-video-preview:-1\" \/>\n<link rel=\"canonical\" href=\"https:\/\/luchonoticias.com\/editor\/capturada-mujer-por-el-delito-de-extorsion-en-neiva\/\" \/>\n<meta property=\"og:locale\" content=\"es_ES\" \/>\n<meta property=\"og:type\" content=\"article\" \/>\n<meta property=\"og:title\" content=\"Capturada mujer por el delito de extorsi\u00f3n en Neiva -\" \/>\n<meta property=\"og:url\" content=\"https:\/\/luchonoticias.com\/editor\/capturada-mujer-por-el-delito-de-extorsion-en-neiva\/\" \/>\n<meta property=\"article:publisher\" content=\"https:\/\/www.facebook.com\/luchonoticiasneiva\" \/>\n<meta property=\"article:author\" content=\"https:\/\/www.facebook.com\/luchonoticiasneiva\" \/>\n<meta property=\"article:published_time\" content=\"2022-08-23T19:15:00+00:00\" \/>\n<meta property=\"article:modified_time\" content=\"2022-08-23T19:15:01+00:00\" \/>\n<meta property=\"og:image\" content=\"https:\/\/luchonoticias.com\/wp-content\/uploads\/2022\/08\/WhatsApp-Image-2022-08-23-at-7.25.51-AM-1024x574.jpeg\" \/>\n<meta name=\"author\" content=\"admin\" \/>\n<meta name=\"twitter:card\" content=\"summary_large_image\" \/>\n<meta name=\"twitter:label1\" content=\"Escrito por\" \/>\n\t<meta name=\"twitter:data1\" content=\"admin\" \/>\n\t<meta name=\"twitter:label2\" content=\"Tiempo de lectura\" \/>\n\t<meta name=\"twitter:data2\" content=\"1 minuto\" \/>\n<script type=\"application\/ld+json\" class=\"yoast-schema-graph\">{\"@context\":\"https:\/\/schema.org\",\"@graph\":[{\"@type\":\"Article\",\"@id\":\"https:\/\/luchonoticias.com\/editor\/capturada-mujer-por-el-delito-de-extorsion-en-neiva\/#article\",\"isPartOf\":{\"@id\":\"https:\/\/luchonoticias.com\/editor\/capturada-mujer-por-el-delito-de-extorsion-en-neiva\/\"},\"author\":{\"name\":\"admin\",\"@id\":\"https:\/\/luchonoticias.com\/editor\/#\/schema\/person\/7a7fd911f58561fd056dbac7b55af9cd\"},\"headline\":\"Capturada mujer por el delito de extorsi\u00f3n en Neiva\",\"datePublished\":\"2022-08-23T19:15:00+00:00\",\"dateModified\":\"2022-08-23T19:15:01+00:00\",\"mainEntityOfPage\":{\"@id\":\"https:\/\/luchonoticias.com\/editor\/capturada-mujer-por-el-delito-de-extorsion-en-neiva\/\"},\"wordCount\":179,\"commentCount\":0,\"publisher\":{\"@id\":\"https:\/\/luchonoticias.com\/editor\/#\/schema\/person\/7a7fd911f58561fd056dbac7b55af9cd\"},\"image\":{\"@id\":\"https:\/\/luchonoticias.com\/editor\/capturada-mujer-por-el-delito-de-extorsion-en-neiva\/#primaryimage\"},\"thumbnailUrl\":\"https:\/\/luchonoticias.com\/wp-content\/uploads\/2022\/08\/WhatsApp-Image-2022-08-23-at-7.25.51-AM-1024x574.jpeg\",\"articleSection\":[\"Destacado\",\"Judicial\"],\"inLanguage\":\"es\",\"potentialAction\":[{\"@type\":\"CommentAction\",\"name\":\"Comment\",\"target\":[\"https:\/\/luchonoticias.com\/editor\/capturada-mujer-por-el-delito-de-extorsion-en-neiva\/#respond\"]}]},{\"@type\":\"WebPage\",\"@id\":\"https:\/\/luchonoticias.com\/editor\/capturada-mujer-por-el-delito-de-extorsion-en-neiva\/\",\"url\":\"https:\/\/luchonoticias.com\/editor\/capturada-mujer-por-el-delito-de-extorsion-en-neiva\/\",\"name\":\"Capturada mujer por el delito de extorsi\u00f3n en Neiva -\",\"isPartOf\":{\"@id\":\"https:\/\/luchonoticias.com\/editor\/#website\"},\"primaryImageOfPage\":{\"@id\":\"https:\/\/luchonoticias.com\/editor\/capturada-mujer-por-el-delito-de-extorsion-en-neiva\/#primaryimage\"},\"image\":{\"@id\":\"https:\/\/luchonoticias.com\/editor\/capturada-mujer-por-el-delito-de-extorsion-en-neiva\/#primaryimage\"},\"thumbnailUrl\":\"https:\/\/luchonoticias.com\/wp-content\/uploads\/2022\/08\/WhatsApp-Image-2022-08-23-at-7.25.51-AM-1024x574.jpeg\",\"datePublished\":\"2022-08-23T19:15:00+00:00\",\"dateModified\":\"2022-08-23T19:15:01+00:00\",\"breadcrumb\":{\"@id\":\"https:\/\/luchonoticias.com\/editor\/capturada-mujer-por-el-delito-de-extorsion-en-neiva\/#breadcrumb\"},\"inLanguage\":\"es\",\"potentialAction\":[{\"@type\":\"ReadAction\",\"target\":[\"https:\/\/luchonoticias.com\/editor\/capturada-mujer-por-el-delito-de-extorsion-en-neiva\/\"]}]},{\"@type\":\"ImageObject\",\"inLanguage\":\"es\",\"@id\":\"https:\/\/luchonoticias.com\/editor\/capturada-mujer-por-el-delito-de-extorsion-en-neiva\/#primaryimage\",\"url\":\"https:\/\/luchonoticias.com\/wp-content\/uploads\/2022\/08\/WhatsApp-Image-2022-08-23-at-7.25.51-AM-1024x574.jpeg\",\"contentUrl\":\"https:\/\/luchonoticias.com\/wp-content\/uploads\/2022\/08\/WhatsApp-Image-2022-08-23-at-7.25.51-AM-1024x574.jpeg\"},{\"@type\":\"BreadcrumbList\",\"@id\":\"https:\/\/luchonoticias.com\/editor\/capturada-mujer-por-el-delito-de-extorsion-en-neiva\/#breadcrumb\",\"itemListElement\":[{\"@type\":\"ListItem\",\"position\":1,\"name\":\"Portada\",\"item\":\"https:\/\/luchonoticias.com\/editor\/\"},{\"@type\":\"ListItem\",\"position\":2,\"name\":\"Capturada mujer por el delito de extorsi\u00f3n en Neiva\"}]},{\"@type\":\"WebSite\",\"@id\":\"https:\/\/luchonoticias.com\/editor\/#website\",\"url\":\"https:\/\/luchonoticias.com\/editor\/\",\"name\":\"\",\"description\":\"\",\"publisher\":{\"@id\":\"https:\/\/luchonoticias.com\/editor\/#\/schema\/person\/7a7fd911f58561fd056dbac7b55af9cd\"},\"potentialAction\":[{\"@type\":\"SearchAction\",\"target\":{\"@type\":\"EntryPoint\",\"urlTemplate\":\"https:\/\/luchonoticias.com\/editor\/?s={search_term_string}\"},\"query-input\":{\"@type\":\"PropertyValueSpecification\",\"valueRequired\":true,\"valueName\":\"search_term_string\"}}],\"inLanguage\":\"es\"},{\"@type\":[\"Person\",\"Organization\"],\"@id\":\"https:\/\/luchonoticias.com\/editor\/#\/schema\/person\/7a7fd911f58561fd056dbac7b55af9cd\",\"name\":\"admin\",\"image\":{\"@type\":\"ImageObject\",\"inLanguage\":\"es\",\"@id\":\"https:\/\/luchonoticias.com\/editor\/#\/schema\/person\/image\/\",\"url\":\"https:\/\/luchonoticias.com\/editor\/wp-content\/uploads\/2024\/02\/cropped-cropped-logolu.webp\",\"contentUrl\":\"https:\/\/luchonoticias.com\/editor\/wp-content\/uploads\/2024\/02\/cropped-cropped-logolu.webp\",\"width\":382,\"height\":170,\"caption\":\"admin\"},\"logo\":{\"@id\":\"https:\/\/luchonoticias.com\/editor\/#\/schema\/person\/image\/\"},\"sameAs\":[\"https:\/\/www.facebook.com\/luchonoticiasneiva\"],\"url\":\"https:\/\/luchonoticias.com\/editor\/author\/admin\/\"}]}<\/script>\n<!-- \/ Yoast SEO plugin. -->","yoast_head_json":{"title":"Capturada mujer por el delito de extorsi\u00f3n en Neiva -","robots":{"index":"index","follow":"follow","max-snippet":"max-snippet:-1","max-image-preview":"max-image-preview:large","max-video-preview":"max-video-preview:-1"},"canonical":"https:\/\/luchonoticias.com\/editor\/capturada-mujer-por-el-delito-de-extorsion-en-neiva\/","og_locale":"es_ES","og_type":"article","og_title":"Capturada mujer por el delito de extorsi\u00f3n en Neiva -","og_url":"https:\/\/luchonoticias.com\/editor\/capturada-mujer-por-el-delito-de-extorsion-en-neiva\/","article_publisher":"https:\/\/www.facebook.com\/luchonoticiasneiva","article_author":"https:\/\/www.facebook.com\/luchonoticiasneiva","article_published_time":"2022-08-23T19:15:00+00:00","article_modified_time":"2022-08-23T19:15:01+00:00","og_image":[{"url":"https:\/\/luchonoticias.com\/wp-content\/uploads\/2022\/08\/WhatsApp-Image-2022-08-23-at-7.25.51-AM-1024x574.jpeg","type":"","width":"","height":""}],"author":"admin","twitter_card":"summary_large_image","twitter_misc":{"Escrito por":"admin","Tiempo de lectura":"1 minuto"},"schema":{"@context":"https:\/\/schema.org","@graph":[{"@type":"Article","@id":"https:\/\/luchonoticias.com\/editor\/capturada-mujer-por-el-delito-de-extorsion-en-neiva\/#article","isPartOf":{"@id":"https:\/\/luchonoticias.com\/editor\/capturada-mujer-por-el-delito-de-extorsion-en-neiva\/"},"author":{"name":"admin","@id":"https:\/\/luchonoticias.com\/editor\/#\/schema\/person\/7a7fd911f58561fd056dbac7b55af9cd"},"headline":"Capturada mujer por el delito de extorsi\u00f3n en Neiva","datePublished":"2022-08-23T19:15:00+00:00","dateModified":"2022-08-23T19:15:01+00:00","mainEntityOfPage":{"@id":"https:\/\/luchonoticias.com\/editor\/capturada-mujer-por-el-delito-de-extorsion-en-neiva\/"},"wordCount":179,"commentCount":0,"publisher":{"@id":"https:\/\/luchonoticias.com\/editor\/#\/schema\/person\/7a7fd911f58561fd056dbac7b55af9cd"},"image":{"@id":"https:\/\/luchonoticias.com\/editor\/capturada-mujer-por-el-delito-de-extorsion-en-neiva\/#primaryimage"},"thumbnailUrl":"https:\/\/luchonoticias.com\/wp-content\/uploads\/2022\/08\/WhatsApp-Image-2022-08-23-at-7.25.51-AM-1024x574.jpeg","articleSection":["Destacado","Judicial"],"inLanguage":"es","potentialAction":[{"@type":"CommentAction","name":"Comment","target":["https:\/\/luchonoticias.com\/editor\/capturada-mujer-por-el-delito-de-extorsion-en-neiva\/#respond"]}]},{"@type":"WebPage","@id":"https:\/\/luchonoticias.com\/editor\/capturada-mujer-por-el-delito-de-extorsion-en-neiva\/","url":"https:\/\/luchonoticias.com\/editor\/capturada-mujer-por-el-delito-de-extorsion-en-neiva\/","name":"Capturada mujer por el delito de extorsi\u00f3n en Neiva -","isPartOf":{"@id":"https:\/\/luchonoticias.com\/editor\/#website"},"primaryImageOfPage":{"@id":"https:\/\/luchonoticias.com\/editor\/capturada-mujer-por-el-delito-de-extorsion-en-neiva\/#primaryimage"},"image":{"@id":"https:\/\/luchonoticias.com\/editor\/capturada-mujer-por-el-delito-de-extorsion-en-neiva\/#primaryimage"},"thumbnailUrl":"https:\/\/luchonoticias.com\/wp-content\/uploads\/2022\/08\/WhatsApp-Image-2022-08-23-at-7.25.51-AM-1024x574.jpeg","datePublished":"2022-08-23T19:15:00+00:00","dateModified":"2022-08-23T19:15:01+00:00","breadcrumb":{"@id":"https:\/\/luchonoticias.com\/editor\/capturada-mujer-por-el-delito-de-extorsion-en-neiva\/#breadcrumb"},"inLanguage":"es","potentialAction":[{"@type":"ReadAction","target":["https:\/\/luchonoticias.com\/editor\/capturada-mujer-por-el-delito-de-extorsion-en-neiva\/"]}]},{"@type":"ImageObject","inLanguage":"es","@id":"https:\/\/luchonoticias.com\/editor\/capturada-mujer-por-el-delito-de-extorsion-en-neiva\/#primaryimage","url":"https:\/\/luchonoticias.com\/wp-content\/uploads\/2022\/08\/WhatsApp-Image-2022-08-23-at-7.25.51-AM-1024x574.jpeg","contentUrl":"https:\/\/luchonoticias.com\/wp-content\/uploads\/2022\/08\/WhatsApp-Image-2022-08-23-at-7.25.51-AM-1024x574.jpeg"},{"@type":"BreadcrumbList","@id":"https:\/\/luchonoticias.com\/editor\/capturada-mujer-por-el-delito-de-extorsion-en-neiva\/#breadcrumb","itemListElement":[{"@type":"ListItem","position":1,"name":"Portada","item":"https:\/\/luchonoticias.com\/editor\/"},{"@type":"ListItem","position":2,"name":"Capturada mujer por el delito de extorsi\u00f3n en Neiva"}]},{"@type":"WebSite","@id":"https:\/\/luchonoticias.com\/editor\/#website","url":"https:\/\/luchonoticias.com\/editor\/","name":"","description":"","publisher":{"@id":"https:\/\/luchonoticias.com\/editor\/#\/schema\/person\/7a7fd911f58561fd056dbac7b55af9cd"},"potentialAction":[{"@type":"SearchAction","target":{"@type":"EntryPoint","urlTemplate":"https:\/\/luchonoticias.com\/editor\/?s={search_term_string}"},"query-input":{"@type":"PropertyValueSpecification","valueRequired":true,"valueName":"search_term_string"}}],"inLanguage":"es"},{"@type":["Person","Organization"],"@id":"https:\/\/luchonoticias.com\/editor\/#\/schema\/person\/7a7fd911f58561fd056dbac7b55af9cd","name":"admin","image":{"@type":"ImageObject","inLanguage":"es","@id":"https:\/\/luchonoticias.com\/editor\/#\/schema\/person\/image\/","url":"https:\/\/luchonoticias.com\/editor\/wp-content\/uploads\/2024\/02\/cropped-cropped-logolu.webp","contentUrl":"https:\/\/luchonoticias.com\/editor\/wp-content\/uploads\/2024\/02\/cropped-cropped-logolu.webp","width":382,"height":170,"caption":"admin"},"logo":{"@id":"https:\/\/luchonoticias.com\/editor\/#\/schema\/person\/image\/"},"sameAs":["https:\/\/www.facebook.com\/luchonoticiasneiva"],"url":"https:\/\/luchonoticias.com\/editor\/author\/admin\/"}]}},"_links":{"self":[{"href":"https:\/\/luchonoticias.com\/editor\/wp-json\/wp\/v2\/posts\/32816","targetHints":{"allow":["GET"]}}],"collection":[{"href":"https:\/\/luchonoticias.com\/editor\/wp-json\/wp\/v2\/posts"}],"about":[{"href":"https:\/\/luchonoticias.com\/editor\/wp-json\/wp\/v2\/types\/post"}],"author":[{"embeddable":true,"href":"https:\/\/luchonoticias.com\/editor\/wp-json\/wp\/v2\/users\/1"}],"replies":[{"embeddable":true,"href":"https:\/\/luchonoticias.com\/editor\/wp-json\/wp\/v2\/comments?post=32816"}],"version-history":[{"count":0,"href":"https:\/\/luchonoticias.com\/editor\/wp-json\/wp\/v2\/posts\/32816\/revisions"}],"wp:attachment":[{"href":"https:\/\/luchonoticias.com\/editor\/wp-json\/wp\/v2\/media?parent=32816"}],"wp:term":[{"taxonomy":"category","embeddable":true,"href":"https:\/\/luchonoticias.com\/editor\/wp-json\/wp\/v2\/categories?post=32816"},{"taxonomy":"post_tag","embeddable":true,"href":"https:\/\/luchonoticias.com\/editor\/wp-json\/wp\/v2\/tags?post=32816"}],"curies":[{"name":"wp","href":"https:\/\/api.w.org\/{rel}","templated":true}]}}