{"id":32849,"date":"2022-08-24T04:48:12","date_gmt":"2022-08-24T09:48:12","guid":{"rendered":"https:\/\/luchonoticias.com\/?p=32849"},"modified":"2022-08-24T04:48:13","modified_gmt":"2022-08-24T09:48:13","slug":"mingas-rehabilitar-vias-en-el-huila","status":"publish","type":"post","link":"https:\/\/luchonoticias.com\/editor\/mingas-rehabilitar-vias-en-el-huila\/","title":{"rendered":"Mingas rehabilitar v\u00edas en el Huila"},"content":{"rendered":"\n<p>el departamento del Huila y bajo la orientaci\u00f3n de la Secretar\u00eda de V\u00edas e Infraestructura,&nbsp;<strong>se realizar\u00e1n una serie de mingas comunitarias<\/strong>, para rehabilitar v\u00edas donde no se ha podido llegar con el objetivo de poder hacerle frente al aumento de la Ola invernal anunciada por el IDEAM.&nbsp;<\/p>\n\n\n\n<p>\u201cDebido a la Ola invernal, nosotros<strong>&nbsp;hemos programado una serie de mingas para colaborarles a los sitios donde no hemos podido llegar<\/strong>&nbsp;con la maquinaria con la programaci\u00f3n oficial, quiero decirle que este fin de semana vamos a estar en una minga en El Cedral -Alto Cedral ac\u00e1 en el municipio de Neiva, vamos a estar tambi\u00e9n con una minga en el sector de El Agrado en la parte alta hacia El Carmen y hay una minga muy importante que estamos programando para la semana siguiente en el sector de la Lupa-Gu\u00e1cimos, , esta es una zona marmolera y la haremos entre los volqueteros que sacan m\u00e1rmol y&nbsp; un kit de maquinaria de la Gobernaci\u00f3n para tambi\u00e9n habilitar ese terreno que est\u00e1 actualmente en mal estado\u201d, indic\u00f3 el ingeniero Quesada.<\/p>\n\n\n\n<p>En la actualidad, municipios como&nbsp;<strong>Suaza, Saladoblanco y Baraya reciben el apoyo de la maquinaria<\/strong>&nbsp;en emergencias viales que se presentan en diferentes sectores de estos municipios.&nbsp;<\/p>\n\n\n\n<p>\u201cNosotros estamos habilitando una v\u00eda que es importante en estos momentos entre Oritoguaz y Saladoblanco, porque la v\u00eda que se utiliza en la actualidad sufri\u00f3 p\u00e9rdida de banca y all\u00ed se va a construir un muro de contenci\u00f3n, el cual no permite el paso actualmente. En Baraya estamos trabajando en la v\u00eda Baraya-La Troja-Miramar, tambi\u00e9n habilitando todo este sector para que los campesinos puedan sacar sus productos a los centros de consumo. Estamos tambi\u00e9n en el municipio de Suaza habilitando varias v\u00edas, en la Uni\u00f3n-El Tabl\u00f3n en ese sector estamos habilitando y mejorando la v\u00eda, lo mismo que estamos en el municipio de Garz\u00f3n, habilitando la v\u00eda Garz\u00f3n-Filo de Platanares-El Recreo\u201d, dijo Quezada.<\/p>\n\n\n\n<p>El director de los kits de maquinaria, dijo a la vez, que<strong>&nbsp;las mingas comunitarias son fundamentales para poder avanzar en el mantenimiento vial<\/strong>&nbsp;en cada una de las zonas del departamento y se aprovechar\u00e1n antes del incremento del invierno.&nbsp;<\/p>\n\n\n\n<p>\u201cEn los dos a\u00f1os de este Gobierno hemos estado en invierno, atendiendo las emergencias por los derrumbes que se presentan y como lo ha dicho el IDEAM, se va a arreciar el invierno en estos cuatro \u00faltimos meses que nos resta del a\u00f1o y vamos a ver tambi\u00e9n la necesidad que vamos a tener de maquinaria para volver otra vez a destapar todas estas v\u00edas que nosotros tenemos que mantener, tanto departamentales, como&nbsp; la colaboraci\u00f3n que se le presta a los municipios\u201d, expres\u00f3.<\/p>\n","protected":false},"excerpt":{"rendered":"<p>el departamento del Huila y bajo la orientaci\u00f3n de la Secretar\u00eda de V\u00edas e Infraestructura,&nbsp;se realizar\u00e1n una serie de mingas comunitarias, para rehabilitar v\u00edas donde no se ha podido llegar con el objetivo de poder hacerle frente al aumento de la Ola invernal anunciada por el IDEAM.&nbsp; \u201cDebido a la Ola invernal, nosotros&nbsp;hemos programado una [&hellip;]<\/p>\n","protected":false},"author":1,"featured_media":0,"comment_status":"open","ping_status":"open","sticky":false,"template":"","format":"standard","meta":{"footnotes":""},"categories":[33],"tags":[],"class_list":["post-32849","post","type-post","status-publish","format-standard","hentry","category-huila"],"yoast_head":"<!-- This site is optimized with the Yoast SEO plugin v26.6 - https:\/\/yoast.com\/wordpress\/plugins\/seo\/ -->\n<title>Mingas rehabilitar v\u00edas en el Huila -<\/title>\n<meta name=\"robots\" content=\"index, follow, max-snippet:-1, max-image-preview:large, max-video-preview:-1\" \/>\n<link rel=\"canonical\" href=\"https:\/\/luchonoticias.com\/editor\/mingas-rehabilitar-vias-en-el-huila\/\" \/>\n<meta property=\"og:locale\" content=\"es_ES\" \/>\n<meta property=\"og:type\" content=\"article\" \/>\n<meta property=\"og:title\" content=\"Mingas rehabilitar v\u00edas en el Huila -\" \/>\n<meta property=\"og:url\" content=\"https:\/\/luchonoticias.com\/editor\/mingas-rehabilitar-vias-en-el-huila\/\" \/>\n<meta property=\"article:publisher\" content=\"https:\/\/www.facebook.com\/luchonoticiasneiva\" \/>\n<meta property=\"article:author\" content=\"https:\/\/www.facebook.com\/luchonoticiasneiva\" \/>\n<meta property=\"article:published_time\" content=\"2022-08-24T09:48:12+00:00\" \/>\n<meta property=\"article:modified_time\" content=\"2022-08-24T09:48:13+00:00\" \/>\n<meta name=\"author\" content=\"admin\" \/>\n<meta name=\"twitter:card\" content=\"summary_large_image\" \/>\n<meta name=\"twitter:label1\" content=\"Escrito por\" \/>\n\t<meta name=\"twitter:data1\" content=\"admin\" \/>\n\t<meta name=\"twitter:label2\" content=\"Tiempo de lectura\" \/>\n\t<meta name=\"twitter:data2\" content=\"2 minutos\" \/>\n<script type=\"application\/ld+json\" class=\"yoast-schema-graph\">{\"@context\":\"https:\/\/schema.org\",\"@graph\":[{\"@type\":\"Article\",\"@id\":\"https:\/\/luchonoticias.com\/editor\/mingas-rehabilitar-vias-en-el-huila\/#article\",\"isPartOf\":{\"@id\":\"https:\/\/luchonoticias.com\/editor\/mingas-rehabilitar-vias-en-el-huila\/\"},\"author\":{\"name\":\"admin\",\"@id\":\"https:\/\/luchonoticias.com\/editor\/#\/schema\/person\/7a7fd911f58561fd056dbac7b55af9cd\"},\"headline\":\"Mingas rehabilitar v\u00edas en el Huila\",\"datePublished\":\"2022-08-24T09:48:12+00:00\",\"dateModified\":\"2022-08-24T09:48:13+00:00\",\"mainEntityOfPage\":{\"@id\":\"https:\/\/luchonoticias.com\/editor\/mingas-rehabilitar-vias-en-el-huila\/\"},\"wordCount\":490,\"commentCount\":0,\"publisher\":{\"@id\":\"https:\/\/luchonoticias.com\/editor\/#\/schema\/person\/7a7fd911f58561fd056dbac7b55af9cd\"},\"articleSection\":[\"Huila\"],\"inLanguage\":\"es\",\"potentialAction\":[{\"@type\":\"CommentAction\",\"name\":\"Comment\",\"target\":[\"https:\/\/luchonoticias.com\/editor\/mingas-rehabilitar-vias-en-el-huila\/#respond\"]}]},{\"@type\":\"WebPage\",\"@id\":\"https:\/\/luchonoticias.com\/editor\/mingas-rehabilitar-vias-en-el-huila\/\",\"url\":\"https:\/\/luchonoticias.com\/editor\/mingas-rehabilitar-vias-en-el-huila\/\",\"name\":\"Mingas rehabilitar v\u00edas en el Huila -\",\"isPartOf\":{\"@id\":\"https:\/\/luchonoticias.com\/editor\/#website\"},\"datePublished\":\"2022-08-24T09:48:12+00:00\",\"dateModified\":\"2022-08-24T09:48:13+00:00\",\"breadcrumb\":{\"@id\":\"https:\/\/luchonoticias.com\/editor\/mingas-rehabilitar-vias-en-el-huila\/#breadcrumb\"},\"inLanguage\":\"es\",\"potentialAction\":[{\"@type\":\"ReadAction\",\"target\":[\"https:\/\/luchonoticias.com\/editor\/mingas-rehabilitar-vias-en-el-huila\/\"]}]},{\"@type\":\"BreadcrumbList\",\"@id\":\"https:\/\/luchonoticias.com\/editor\/mingas-rehabilitar-vias-en-el-huila\/#breadcrumb\",\"itemListElement\":[{\"@type\":\"ListItem\",\"position\":1,\"name\":\"Portada\",\"item\":\"https:\/\/luchonoticias.com\/editor\/\"},{\"@type\":\"ListItem\",\"position\":2,\"name\":\"Mingas rehabilitar v\u00edas en el Huila\"}]},{\"@type\":\"WebSite\",\"@id\":\"https:\/\/luchonoticias.com\/editor\/#website\",\"url\":\"https:\/\/luchonoticias.com\/editor\/\",\"name\":\"\",\"description\":\"\",\"publisher\":{\"@id\":\"https:\/\/luchonoticias.com\/editor\/#\/schema\/person\/7a7fd911f58561fd056dbac7b55af9cd\"},\"potentialAction\":[{\"@type\":\"SearchAction\",\"target\":{\"@type\":\"EntryPoint\",\"urlTemplate\":\"https:\/\/luchonoticias.com\/editor\/?s={search_term_string}\"},\"query-input\":{\"@type\":\"PropertyValueSpecification\",\"valueRequired\":true,\"valueName\":\"search_term_string\"}}],\"inLanguage\":\"es\"},{\"@type\":[\"Person\",\"Organization\"],\"@id\":\"https:\/\/luchonoticias.com\/editor\/#\/schema\/person\/7a7fd911f58561fd056dbac7b55af9cd\",\"name\":\"admin\",\"image\":{\"@type\":\"ImageObject\",\"inLanguage\":\"es\",\"@id\":\"https:\/\/luchonoticias.com\/editor\/#\/schema\/person\/image\/\",\"url\":\"https:\/\/luchonoticias.com\/editor\/wp-content\/uploads\/2024\/02\/cropped-cropped-logolu.webp\",\"contentUrl\":\"https:\/\/luchonoticias.com\/editor\/wp-content\/uploads\/2024\/02\/cropped-cropped-logolu.webp\",\"width\":382,\"height\":170,\"caption\":\"admin\"},\"logo\":{\"@id\":\"https:\/\/luchonoticias.com\/editor\/#\/schema\/person\/image\/\"},\"sameAs\":[\"https:\/\/www.facebook.com\/luchonoticiasneiva\"],\"url\":\"https:\/\/luchonoticias.com\/editor\/author\/admin\/\"}]}<\/script>\n<!-- \/ Yoast SEO plugin. -->","yoast_head_json":{"title":"Mingas rehabilitar v\u00edas en el Huila -","robots":{"index":"index","follow":"follow","max-snippet":"max-snippet:-1","max-image-preview":"max-image-preview:large","max-video-preview":"max-video-preview:-1"},"canonical":"https:\/\/luchonoticias.com\/editor\/mingas-rehabilitar-vias-en-el-huila\/","og_locale":"es_ES","og_type":"article","og_title":"Mingas rehabilitar v\u00edas en el Huila -","og_url":"https:\/\/luchonoticias.com\/editor\/mingas-rehabilitar-vias-en-el-huila\/","article_publisher":"https:\/\/www.facebook.com\/luchonoticiasneiva","article_author":"https:\/\/www.facebook.com\/luchonoticiasneiva","article_published_time":"2022-08-24T09:48:12+00:00","article_modified_time":"2022-08-24T09:48:13+00:00","author":"admin","twitter_card":"summary_large_image","twitter_misc":{"Escrito por":"admin","Tiempo de lectura":"2 minutos"},"schema":{"@context":"https:\/\/schema.org","@graph":[{"@type":"Article","@id":"https:\/\/luchonoticias.com\/editor\/mingas-rehabilitar-vias-en-el-huila\/#article","isPartOf":{"@id":"https:\/\/luchonoticias.com\/editor\/mingas-rehabilitar-vias-en-el-huila\/"},"author":{"name":"admin","@id":"https:\/\/luchonoticias.com\/editor\/#\/schema\/person\/7a7fd911f58561fd056dbac7b55af9cd"},"headline":"Mingas rehabilitar v\u00edas en el Huila","datePublished":"2022-08-24T09:48:12+00:00","dateModified":"2022-08-24T09:48:13+00:00","mainEntityOfPage":{"@id":"https:\/\/luchonoticias.com\/editor\/mingas-rehabilitar-vias-en-el-huila\/"},"wordCount":490,"commentCount":0,"publisher":{"@id":"https:\/\/luchonoticias.com\/editor\/#\/schema\/person\/7a7fd911f58561fd056dbac7b55af9cd"},"articleSection":["Huila"],"inLanguage":"es","potentialAction":[{"@type":"CommentAction","name":"Comment","target":["https:\/\/luchonoticias.com\/editor\/mingas-rehabilitar-vias-en-el-huila\/#respond"]}]},{"@type":"WebPage","@id":"https:\/\/luchonoticias.com\/editor\/mingas-rehabilitar-vias-en-el-huila\/","url":"https:\/\/luchonoticias.com\/editor\/mingas-rehabilitar-vias-en-el-huila\/","name":"Mingas rehabilitar v\u00edas en el Huila -","isPartOf":{"@id":"https:\/\/luchonoticias.com\/editor\/#website"},"datePublished":"2022-08-24T09:48:12+00:00","dateModified":"2022-08-24T09:48:13+00:00","breadcrumb":{"@id":"https:\/\/luchonoticias.com\/editor\/mingas-rehabilitar-vias-en-el-huila\/#breadcrumb"},"inLanguage":"es","potentialAction":[{"@type":"ReadAction","target":["https:\/\/luchonoticias.com\/editor\/mingas-rehabilitar-vias-en-el-huila\/"]}]},{"@type":"BreadcrumbList","@id":"https:\/\/luchonoticias.com\/editor\/mingas-rehabilitar-vias-en-el-huila\/#breadcrumb","itemListElement":[{"@type":"ListItem","position":1,"name":"Portada","item":"https:\/\/luchonoticias.com\/editor\/"},{"@type":"ListItem","position":2,"name":"Mingas rehabilitar v\u00edas en el Huila"}]},{"@type":"WebSite","@id":"https:\/\/luchonoticias.com\/editor\/#website","url":"https:\/\/luchonoticias.com\/editor\/","name":"","description":"","publisher":{"@id":"https:\/\/luchonoticias.com\/editor\/#\/schema\/person\/7a7fd911f58561fd056dbac7b55af9cd"},"potentialAction":[{"@type":"SearchAction","target":{"@type":"EntryPoint","urlTemplate":"https:\/\/luchonoticias.com\/editor\/?s={search_term_string}"},"query-input":{"@type":"PropertyValueSpecification","valueRequired":true,"valueName":"search_term_string"}}],"inLanguage":"es"},{"@type":["Person","Organization"],"@id":"https:\/\/luchonoticias.com\/editor\/#\/schema\/person\/7a7fd911f58561fd056dbac7b55af9cd","name":"admin","image":{"@type":"ImageObject","inLanguage":"es","@id":"https:\/\/luchonoticias.com\/editor\/#\/schema\/person\/image\/","url":"https:\/\/luchonoticias.com\/editor\/wp-content\/uploads\/2024\/02\/cropped-cropped-logolu.webp","contentUrl":"https:\/\/luchonoticias.com\/editor\/wp-content\/uploads\/2024\/02\/cropped-cropped-logolu.webp","width":382,"height":170,"caption":"admin"},"logo":{"@id":"https:\/\/luchonoticias.com\/editor\/#\/schema\/person\/image\/"},"sameAs":["https:\/\/www.facebook.com\/luchonoticiasneiva"],"url":"https:\/\/luchonoticias.com\/editor\/author\/admin\/"}]}},"_links":{"self":[{"href":"https:\/\/luchonoticias.com\/editor\/wp-json\/wp\/v2\/posts\/32849","targetHints":{"allow":["GET"]}}],"collection":[{"href":"https:\/\/luchonoticias.com\/editor\/wp-json\/wp\/v2\/posts"}],"about":[{"href":"https:\/\/luchonoticias.com\/editor\/wp-json\/wp\/v2\/types\/post"}],"author":[{"embeddable":true,"href":"https:\/\/luchonoticias.com\/editor\/wp-json\/wp\/v2\/users\/1"}],"replies":[{"embeddable":true,"href":"https:\/\/luchonoticias.com\/editor\/wp-json\/wp\/v2\/comments?post=32849"}],"version-history":[{"count":0,"href":"https:\/\/luchonoticias.com\/editor\/wp-json\/wp\/v2\/posts\/32849\/revisions"}],"wp:attachment":[{"href":"https:\/\/luchonoticias.com\/editor\/wp-json\/wp\/v2\/media?parent=32849"}],"wp:term":[{"taxonomy":"category","embeddable":true,"href":"https:\/\/luchonoticias.com\/editor\/wp-json\/wp\/v2\/categories?post=32849"},{"taxonomy":"post_tag","embeddable":true,"href":"https:\/\/luchonoticias.com\/editor\/wp-json\/wp\/v2\/tags?post=32849"}],"curies":[{"name":"wp","href":"https:\/\/api.w.org\/{rel}","templated":true}]}}