{"id":32899,"date":"2022-08-24T07:29:43","date_gmt":"2022-08-24T12:29:43","guid":{"rendered":"https:\/\/luchonoticias.com\/?p=32899"},"modified":"2022-08-24T07:29:44","modified_gmt":"2022-08-24T12:29:44","slug":"tomaron-posesion-nuevos-representantes-de-la-poblacion-con-discapacidad-en-el-huila","status":"publish","type":"post","link":"https:\/\/luchonoticias.com\/editor\/tomaron-posesion-nuevos-representantes-de-la-poblacion-con-discapacidad-en-el-huila\/","title":{"rendered":"Tomaron posesi\u00f3n nuevos representantes de la poblaci\u00f3n con\u00a0 discapacidad en el\u00a0 Huila"},"content":{"rendered":"\n<p>Se desarroll\u00f3 la segunda sesi\u00f3n del Comit\u00e9 Departamental de Discapacidad del Huila del a\u00f1o, en el sal\u00f3n de Gobernadores y uno de los temas de la agenda, fue la posesi\u00f3n de los nuevos integrantes ante este organismo para el periodo 2022-2026.<\/p>\n\n\n\n<p>Los nuevos miembros de la sociedad civil, representar\u00e1n por 4 a\u00f1os a los sectores correspondientes a todos los tipos de discapacidad: f\u00edsica, auditiva, visual, cognitiva, psicosocial y m\u00faltiple. Tambi\u00e9n se posesionan representantes de las organizaciones jur\u00eddicas y de las v\u00edctimas del conflicto.<\/p>\n\n\n\n<p>La Gobernaci\u00f3n del Huila presidi\u00f3 el Comit\u00e9 y escuch\u00f3 las necesidades de los nuevos miembros. De acuerdo a la Oficina de Asuntos Sociales del Gobierno Departamental, que lider\u00f3 la convocatoria al Comit\u00e9, se estima que existen cerca de 72.000 personas con discapacidad en el territorio huilense, seg\u00fan el registro del Sistema Integrado de la Protecci\u00f3n Social.<\/p>\n\n\n\n<figure class=\"wp-block-image size-large\"><img decoding=\"async\" src=\"https:\/\/luchonoticias.com\/wp-content\/uploads\/2022\/08\/WhatsApp-Image-2022-08-24-at-5.50.06-AM-1024x576.jpeg\" alt=\"\" class=\"wp-image-32901\"\/><\/figure>\n\n\n\n<p>\u201cEstos nuevos integrantes surgieron de un proceso de participaci\u00f3n y escogencia plenamente identificado por la ley 1618 de 2013, que nos van a acompa\u00f1ar por un periodo de 4 a\u00f1os, y donde percibimos que estos nuevos representantes por las diversas discapacidades reconocidas por la ley, son personas con perfil muy alto que nos van a permitir trabajar de manera articulada en torno a las muchas necesidades de esta poblaci\u00f3n\u201d, afirm\u00f3 Claudia Marcela Maya Perdomo, jefe de Asuntos Sociales del Gobierno Departamental.<\/p>\n\n\n\n<p>\u201cEstas necesidades que manifestaron durante el Segundo Comit\u00e9 donde se posesionaron, ya est\u00e1n siendo abordadas por el gobierno de Luis Enrique Duss\u00e1n L\u00f3pez, con el compromiso de poder llegar con una pol\u00edtica p\u00fablica incluyente y que pueda abordar las situaciones reales de esta importante poblaci\u00f3n en todo el territorio departamental\u201d, a\u00f1adi\u00f3.<\/p>\n\n\n\n<p>Por su parte, Liliana Mercedes V\u00e1squez Sandoval, asesora del Gobernador del Huila, destac\u00f3 esta segunda sesi\u00f3n del Comit\u00e9 Departamental de Discapacidad, por las grandes expectativas que tiene esta comunidad de ver por fin una Pol\u00edtica P\u00fablica de Discapacidad que le abra las oportunidades a esta comunidad.<\/p>\n\n\n\n<p>\u201cLogramos posesionar a los nuevos miembros del comit\u00e9, y nos agrada mucho que provienen de varios municipios del Huila, y eso es importante, que ellos empiecen a articular con todas las entidades el trabajo, especialmente a mejorar la calidad de vida de cada uno de ellos. Tenemos un reto gigantesco que es sancionar la pol\u00edtica p\u00fablica de discapacidad, esperamos lograr esa meta este a\u00f1o ya que cuenta con un avance de cerca del 90%, y que es la ruta de navegaci\u00f3n que esta comunidad merece y con ello incluirlos en todos los programas y proyectos de los Planes de Desarrollo Territoriales y Nacional\u201d, afirm\u00f3 la asesora.<\/p>\n\n\n\n<figure class=\"wp-block-image size-large\"><img decoding=\"async\" src=\"https:\/\/luchonoticias.com\/wp-content\/uploads\/2022\/08\/WhatsApp-Image-2022-08-24-at-5.50.05-AM-1-1024x576.jpeg\" alt=\"\" class=\"wp-image-32902\"\/><\/figure>\n\n\n\n<p><strong>Hablan los nuevos miembros del comit\u00e9<\/strong><\/p>\n\n\n\n<p>Mar\u00eda Nylse D\u00edaz, representante poblaci\u00f3n con discapacidad cognitiva<\/p>\n\n\n\n<p>\u201cMe siento muy a gusto de haber participado. Tengo una gran expectativa para que las cosas se den de la mejor manera, poner mi granito de arena para llevar esas necesidades al gobierno departamental. Que no nos dejen, que nos lleven siempre de la mano para construir un mejor futuro para todos\u201d.<\/p>\n\n\n\n<p>Yeison Herney Giraldo Lara, representante poblaci\u00f3n con discapacidad f\u00edsica<\/p>\n\n\n\n<p>\u201cComo iniciativa tenemos siempre que velar por los derechos de nuestra poblaci\u00f3n para se tenga mejor calidad de vida. Esperamos mucho de este comit\u00e9 y agradecemos que la Gobernaci\u00f3n est\u00e9 pendiente de esta poblaci\u00f3n del departamento\u201d.<\/p>\n\n\n\n<p>Paula Mu\u00f1oz Tovar, representante discapacidad psicosocial<\/p>\n\n\n\n<p>\u201cMe siento muy emocionado porque veo que es el inicio de trabajo hist\u00f3rico para todos los nuevos miembros elegidos, por primera vez vamos a ajustar una pol\u00edtica p\u00fablica al lenguaje de nuestros pares en nuestros territorios. Aplaudo el compromiso de la Gobernaci\u00f3n del Huila en esta importante labor que viene realizando por nuestras comunidades.<\/p>\n","protected":false},"excerpt":{"rendered":"<p>Se desarroll\u00f3 la segunda sesi\u00f3n del Comit\u00e9 Departamental de Discapacidad del Huila del a\u00f1o, en el sal\u00f3n de Gobernadores y uno de los temas de la agenda, fue la posesi\u00f3n de los nuevos integrantes ante este organismo para el periodo 2022-2026. Los nuevos miembros de la sociedad civil, representar\u00e1n por 4 a\u00f1os a los sectores [&hellip;]<\/p>\n","protected":false},"author":1,"featured_media":0,"comment_status":"open","ping_status":"open","sticky":false,"template":"","format":"standard","meta":{"footnotes":""},"categories":[36,35],"tags":[],"class_list":["post-32899","post","type-post","status-publish","format-standard","hentry","category-destacado","category-regional"],"yoast_head":"<!-- This site is optimized with the Yoast SEO plugin v26.6 - https:\/\/yoast.com\/wordpress\/plugins\/seo\/ -->\n<title>Tomaron posesi\u00f3n nuevos representantes de la poblaci\u00f3n con\u00a0 discapacidad en el\u00a0 Huila -<\/title>\n<meta name=\"robots\" content=\"index, follow, max-snippet:-1, max-image-preview:large, max-video-preview:-1\" \/>\n<link rel=\"canonical\" href=\"https:\/\/luchonoticias.com\/editor\/tomaron-posesion-nuevos-representantes-de-la-poblacion-con-discapacidad-en-el-huila\/\" \/>\n<meta property=\"og:locale\" content=\"es_ES\" \/>\n<meta property=\"og:type\" content=\"article\" \/>\n<meta property=\"og:title\" content=\"Tomaron posesi\u00f3n nuevos representantes de la poblaci\u00f3n con\u00a0 discapacidad en el\u00a0 Huila -\" \/>\n<meta property=\"og:url\" content=\"https:\/\/luchonoticias.com\/editor\/tomaron-posesion-nuevos-representantes-de-la-poblacion-con-discapacidad-en-el-huila\/\" \/>\n<meta property=\"article:publisher\" content=\"https:\/\/www.facebook.com\/luchonoticiasneiva\" \/>\n<meta property=\"article:author\" content=\"https:\/\/www.facebook.com\/luchonoticiasneiva\" \/>\n<meta property=\"article:published_time\" content=\"2022-08-24T12:29:43+00:00\" \/>\n<meta property=\"article:modified_time\" content=\"2022-08-24T12:29:44+00:00\" \/>\n<meta property=\"og:image\" content=\"https:\/\/luchonoticias.com\/wp-content\/uploads\/2022\/08\/WhatsApp-Image-2022-08-24-at-5.50.06-AM-1024x576.jpeg\" \/>\n<meta name=\"author\" content=\"admin\" \/>\n<meta name=\"twitter:card\" content=\"summary_large_image\" \/>\n<meta name=\"twitter:label1\" content=\"Escrito por\" \/>\n\t<meta name=\"twitter:data1\" content=\"admin\" \/>\n\t<meta name=\"twitter:label2\" content=\"Tiempo de lectura\" \/>\n\t<meta name=\"twitter:data2\" content=\"3 minutos\" \/>\n<script type=\"application\/ld+json\" class=\"yoast-schema-graph\">{\"@context\":\"https:\/\/schema.org\",\"@graph\":[{\"@type\":\"Article\",\"@id\":\"https:\/\/luchonoticias.com\/editor\/tomaron-posesion-nuevos-representantes-de-la-poblacion-con-discapacidad-en-el-huila\/#article\",\"isPartOf\":{\"@id\":\"https:\/\/luchonoticias.com\/editor\/tomaron-posesion-nuevos-representantes-de-la-poblacion-con-discapacidad-en-el-huila\/\"},\"author\":{\"name\":\"admin\",\"@id\":\"https:\/\/luchonoticias.com\/editor\/#\/schema\/person\/7a7fd911f58561fd056dbac7b55af9cd\"},\"headline\":\"Tomaron posesi\u00f3n nuevos representantes de la poblaci\u00f3n con\u00a0 discapacidad en el\u00a0 Huila\",\"datePublished\":\"2022-08-24T12:29:43+00:00\",\"dateModified\":\"2022-08-24T12:29:44+00:00\",\"mainEntityOfPage\":{\"@id\":\"https:\/\/luchonoticias.com\/editor\/tomaron-posesion-nuevos-representantes-de-la-poblacion-con-discapacidad-en-el-huila\/\"},\"wordCount\":648,\"commentCount\":0,\"publisher\":{\"@id\":\"https:\/\/luchonoticias.com\/editor\/#\/schema\/person\/7a7fd911f58561fd056dbac7b55af9cd\"},\"image\":{\"@id\":\"https:\/\/luchonoticias.com\/editor\/tomaron-posesion-nuevos-representantes-de-la-poblacion-con-discapacidad-en-el-huila\/#primaryimage\"},\"thumbnailUrl\":\"https:\/\/luchonoticias.com\/wp-content\/uploads\/2022\/08\/WhatsApp-Image-2022-08-24-at-5.50.06-AM-1024x576.jpeg\",\"articleSection\":[\"Destacado\",\"Regional\"],\"inLanguage\":\"es\",\"potentialAction\":[{\"@type\":\"CommentAction\",\"name\":\"Comment\",\"target\":[\"https:\/\/luchonoticias.com\/editor\/tomaron-posesion-nuevos-representantes-de-la-poblacion-con-discapacidad-en-el-huila\/#respond\"]}]},{\"@type\":\"WebPage\",\"@id\":\"https:\/\/luchonoticias.com\/editor\/tomaron-posesion-nuevos-representantes-de-la-poblacion-con-discapacidad-en-el-huila\/\",\"url\":\"https:\/\/luchonoticias.com\/editor\/tomaron-posesion-nuevos-representantes-de-la-poblacion-con-discapacidad-en-el-huila\/\",\"name\":\"Tomaron posesi\u00f3n nuevos representantes de la poblaci\u00f3n con\u00a0 discapacidad en el\u00a0 Huila -\",\"isPartOf\":{\"@id\":\"https:\/\/luchonoticias.com\/editor\/#website\"},\"primaryImageOfPage\":{\"@id\":\"https:\/\/luchonoticias.com\/editor\/tomaron-posesion-nuevos-representantes-de-la-poblacion-con-discapacidad-en-el-huila\/#primaryimage\"},\"image\":{\"@id\":\"https:\/\/luchonoticias.com\/editor\/tomaron-posesion-nuevos-representantes-de-la-poblacion-con-discapacidad-en-el-huila\/#primaryimage\"},\"thumbnailUrl\":\"https:\/\/luchonoticias.com\/wp-content\/uploads\/2022\/08\/WhatsApp-Image-2022-08-24-at-5.50.06-AM-1024x576.jpeg\",\"datePublished\":\"2022-08-24T12:29:43+00:00\",\"dateModified\":\"2022-08-24T12:29:44+00:00\",\"breadcrumb\":{\"@id\":\"https:\/\/luchonoticias.com\/editor\/tomaron-posesion-nuevos-representantes-de-la-poblacion-con-discapacidad-en-el-huila\/#breadcrumb\"},\"inLanguage\":\"es\",\"potentialAction\":[{\"@type\":\"ReadAction\",\"target\":[\"https:\/\/luchonoticias.com\/editor\/tomaron-posesion-nuevos-representantes-de-la-poblacion-con-discapacidad-en-el-huila\/\"]}]},{\"@type\":\"ImageObject\",\"inLanguage\":\"es\",\"@id\":\"https:\/\/luchonoticias.com\/editor\/tomaron-posesion-nuevos-representantes-de-la-poblacion-con-discapacidad-en-el-huila\/#primaryimage\",\"url\":\"https:\/\/luchonoticias.com\/wp-content\/uploads\/2022\/08\/WhatsApp-Image-2022-08-24-at-5.50.06-AM-1024x576.jpeg\",\"contentUrl\":\"https:\/\/luchonoticias.com\/wp-content\/uploads\/2022\/08\/WhatsApp-Image-2022-08-24-at-5.50.06-AM-1024x576.jpeg\"},{\"@type\":\"BreadcrumbList\",\"@id\":\"https:\/\/luchonoticias.com\/editor\/tomaron-posesion-nuevos-representantes-de-la-poblacion-con-discapacidad-en-el-huila\/#breadcrumb\",\"itemListElement\":[{\"@type\":\"ListItem\",\"position\":1,\"name\":\"Portada\",\"item\":\"https:\/\/luchonoticias.com\/editor\/\"},{\"@type\":\"ListItem\",\"position\":2,\"name\":\"Tomaron posesi\u00f3n nuevos representantes de la poblaci\u00f3n con\u00a0 discapacidad en el\u00a0 Huila\"}]},{\"@type\":\"WebSite\",\"@id\":\"https:\/\/luchonoticias.com\/editor\/#website\",\"url\":\"https:\/\/luchonoticias.com\/editor\/\",\"name\":\"\",\"description\":\"\",\"publisher\":{\"@id\":\"https:\/\/luchonoticias.com\/editor\/#\/schema\/person\/7a7fd911f58561fd056dbac7b55af9cd\"},\"potentialAction\":[{\"@type\":\"SearchAction\",\"target\":{\"@type\":\"EntryPoint\",\"urlTemplate\":\"https:\/\/luchonoticias.com\/editor\/?s={search_term_string}\"},\"query-input\":{\"@type\":\"PropertyValueSpecification\",\"valueRequired\":true,\"valueName\":\"search_term_string\"}}],\"inLanguage\":\"es\"},{\"@type\":[\"Person\",\"Organization\"],\"@id\":\"https:\/\/luchonoticias.com\/editor\/#\/schema\/person\/7a7fd911f58561fd056dbac7b55af9cd\",\"name\":\"admin\",\"image\":{\"@type\":\"ImageObject\",\"inLanguage\":\"es\",\"@id\":\"https:\/\/luchonoticias.com\/editor\/#\/schema\/person\/image\/\",\"url\":\"https:\/\/luchonoticias.com\/editor\/wp-content\/uploads\/2024\/02\/cropped-cropped-logolu.webp\",\"contentUrl\":\"https:\/\/luchonoticias.com\/editor\/wp-content\/uploads\/2024\/02\/cropped-cropped-logolu.webp\",\"width\":382,\"height\":170,\"caption\":\"admin\"},\"logo\":{\"@id\":\"https:\/\/luchonoticias.com\/editor\/#\/schema\/person\/image\/\"},\"sameAs\":[\"https:\/\/www.facebook.com\/luchonoticiasneiva\"],\"url\":\"https:\/\/luchonoticias.com\/editor\/author\/admin\/\"}]}<\/script>\n<!-- \/ Yoast SEO plugin. -->","yoast_head_json":{"title":"Tomaron posesi\u00f3n nuevos representantes de la poblaci\u00f3n con\u00a0 discapacidad en el\u00a0 Huila -","robots":{"index":"index","follow":"follow","max-snippet":"max-snippet:-1","max-image-preview":"max-image-preview:large","max-video-preview":"max-video-preview:-1"},"canonical":"https:\/\/luchonoticias.com\/editor\/tomaron-posesion-nuevos-representantes-de-la-poblacion-con-discapacidad-en-el-huila\/","og_locale":"es_ES","og_type":"article","og_title":"Tomaron posesi\u00f3n nuevos representantes de la poblaci\u00f3n con\u00a0 discapacidad en el\u00a0 Huila -","og_url":"https:\/\/luchonoticias.com\/editor\/tomaron-posesion-nuevos-representantes-de-la-poblacion-con-discapacidad-en-el-huila\/","article_publisher":"https:\/\/www.facebook.com\/luchonoticiasneiva","article_author":"https:\/\/www.facebook.com\/luchonoticiasneiva","article_published_time":"2022-08-24T12:29:43+00:00","article_modified_time":"2022-08-24T12:29:44+00:00","og_image":[{"url":"https:\/\/luchonoticias.com\/wp-content\/uploads\/2022\/08\/WhatsApp-Image-2022-08-24-at-5.50.06-AM-1024x576.jpeg","type":"","width":"","height":""}],"author":"admin","twitter_card":"summary_large_image","twitter_misc":{"Escrito por":"admin","Tiempo de lectura":"3 minutos"},"schema":{"@context":"https:\/\/schema.org","@graph":[{"@type":"Article","@id":"https:\/\/luchonoticias.com\/editor\/tomaron-posesion-nuevos-representantes-de-la-poblacion-con-discapacidad-en-el-huila\/#article","isPartOf":{"@id":"https:\/\/luchonoticias.com\/editor\/tomaron-posesion-nuevos-representantes-de-la-poblacion-con-discapacidad-en-el-huila\/"},"author":{"name":"admin","@id":"https:\/\/luchonoticias.com\/editor\/#\/schema\/person\/7a7fd911f58561fd056dbac7b55af9cd"},"headline":"Tomaron posesi\u00f3n nuevos representantes de la poblaci\u00f3n con\u00a0 discapacidad en el\u00a0 Huila","datePublished":"2022-08-24T12:29:43+00:00","dateModified":"2022-08-24T12:29:44+00:00","mainEntityOfPage":{"@id":"https:\/\/luchonoticias.com\/editor\/tomaron-posesion-nuevos-representantes-de-la-poblacion-con-discapacidad-en-el-huila\/"},"wordCount":648,"commentCount":0,"publisher":{"@id":"https:\/\/luchonoticias.com\/editor\/#\/schema\/person\/7a7fd911f58561fd056dbac7b55af9cd"},"image":{"@id":"https:\/\/luchonoticias.com\/editor\/tomaron-posesion-nuevos-representantes-de-la-poblacion-con-discapacidad-en-el-huila\/#primaryimage"},"thumbnailUrl":"https:\/\/luchonoticias.com\/wp-content\/uploads\/2022\/08\/WhatsApp-Image-2022-08-24-at-5.50.06-AM-1024x576.jpeg","articleSection":["Destacado","Regional"],"inLanguage":"es","potentialAction":[{"@type":"CommentAction","name":"Comment","target":["https:\/\/luchonoticias.com\/editor\/tomaron-posesion-nuevos-representantes-de-la-poblacion-con-discapacidad-en-el-huila\/#respond"]}]},{"@type":"WebPage","@id":"https:\/\/luchonoticias.com\/editor\/tomaron-posesion-nuevos-representantes-de-la-poblacion-con-discapacidad-en-el-huila\/","url":"https:\/\/luchonoticias.com\/editor\/tomaron-posesion-nuevos-representantes-de-la-poblacion-con-discapacidad-en-el-huila\/","name":"Tomaron posesi\u00f3n nuevos representantes de la poblaci\u00f3n con\u00a0 discapacidad en el\u00a0 Huila -","isPartOf":{"@id":"https:\/\/luchonoticias.com\/editor\/#website"},"primaryImageOfPage":{"@id":"https:\/\/luchonoticias.com\/editor\/tomaron-posesion-nuevos-representantes-de-la-poblacion-con-discapacidad-en-el-huila\/#primaryimage"},"image":{"@id":"https:\/\/luchonoticias.com\/editor\/tomaron-posesion-nuevos-representantes-de-la-poblacion-con-discapacidad-en-el-huila\/#primaryimage"},"thumbnailUrl":"https:\/\/luchonoticias.com\/wp-content\/uploads\/2022\/08\/WhatsApp-Image-2022-08-24-at-5.50.06-AM-1024x576.jpeg","datePublished":"2022-08-24T12:29:43+00:00","dateModified":"2022-08-24T12:29:44+00:00","breadcrumb":{"@id":"https:\/\/luchonoticias.com\/editor\/tomaron-posesion-nuevos-representantes-de-la-poblacion-con-discapacidad-en-el-huila\/#breadcrumb"},"inLanguage":"es","potentialAction":[{"@type":"ReadAction","target":["https:\/\/luchonoticias.com\/editor\/tomaron-posesion-nuevos-representantes-de-la-poblacion-con-discapacidad-en-el-huila\/"]}]},{"@type":"ImageObject","inLanguage":"es","@id":"https:\/\/luchonoticias.com\/editor\/tomaron-posesion-nuevos-representantes-de-la-poblacion-con-discapacidad-en-el-huila\/#primaryimage","url":"https:\/\/luchonoticias.com\/wp-content\/uploads\/2022\/08\/WhatsApp-Image-2022-08-24-at-5.50.06-AM-1024x576.jpeg","contentUrl":"https:\/\/luchonoticias.com\/wp-content\/uploads\/2022\/08\/WhatsApp-Image-2022-08-24-at-5.50.06-AM-1024x576.jpeg"},{"@type":"BreadcrumbList","@id":"https:\/\/luchonoticias.com\/editor\/tomaron-posesion-nuevos-representantes-de-la-poblacion-con-discapacidad-en-el-huila\/#breadcrumb","itemListElement":[{"@type":"ListItem","position":1,"name":"Portada","item":"https:\/\/luchonoticias.com\/editor\/"},{"@type":"ListItem","position":2,"name":"Tomaron posesi\u00f3n nuevos representantes de la poblaci\u00f3n con\u00a0 discapacidad en el\u00a0 Huila"}]},{"@type":"WebSite","@id":"https:\/\/luchonoticias.com\/editor\/#website","url":"https:\/\/luchonoticias.com\/editor\/","name":"","description":"","publisher":{"@id":"https:\/\/luchonoticias.com\/editor\/#\/schema\/person\/7a7fd911f58561fd056dbac7b55af9cd"},"potentialAction":[{"@type":"SearchAction","target":{"@type":"EntryPoint","urlTemplate":"https:\/\/luchonoticias.com\/editor\/?s={search_term_string}"},"query-input":{"@type":"PropertyValueSpecification","valueRequired":true,"valueName":"search_term_string"}}],"inLanguage":"es"},{"@type":["Person","Organization"],"@id":"https:\/\/luchonoticias.com\/editor\/#\/schema\/person\/7a7fd911f58561fd056dbac7b55af9cd","name":"admin","image":{"@type":"ImageObject","inLanguage":"es","@id":"https:\/\/luchonoticias.com\/editor\/#\/schema\/person\/image\/","url":"https:\/\/luchonoticias.com\/editor\/wp-content\/uploads\/2024\/02\/cropped-cropped-logolu.webp","contentUrl":"https:\/\/luchonoticias.com\/editor\/wp-content\/uploads\/2024\/02\/cropped-cropped-logolu.webp","width":382,"height":170,"caption":"admin"},"logo":{"@id":"https:\/\/luchonoticias.com\/editor\/#\/schema\/person\/image\/"},"sameAs":["https:\/\/www.facebook.com\/luchonoticiasneiva"],"url":"https:\/\/luchonoticias.com\/editor\/author\/admin\/"}]}},"_links":{"self":[{"href":"https:\/\/luchonoticias.com\/editor\/wp-json\/wp\/v2\/posts\/32899","targetHints":{"allow":["GET"]}}],"collection":[{"href":"https:\/\/luchonoticias.com\/editor\/wp-json\/wp\/v2\/posts"}],"about":[{"href":"https:\/\/luchonoticias.com\/editor\/wp-json\/wp\/v2\/types\/post"}],"author":[{"embeddable":true,"href":"https:\/\/luchonoticias.com\/editor\/wp-json\/wp\/v2\/users\/1"}],"replies":[{"embeddable":true,"href":"https:\/\/luchonoticias.com\/editor\/wp-json\/wp\/v2\/comments?post=32899"}],"version-history":[{"count":0,"href":"https:\/\/luchonoticias.com\/editor\/wp-json\/wp\/v2\/posts\/32899\/revisions"}],"wp:attachment":[{"href":"https:\/\/luchonoticias.com\/editor\/wp-json\/wp\/v2\/media?parent=32899"}],"wp:term":[{"taxonomy":"category","embeddable":true,"href":"https:\/\/luchonoticias.com\/editor\/wp-json\/wp\/v2\/categories?post=32899"},{"taxonomy":"post_tag","embeddable":true,"href":"https:\/\/luchonoticias.com\/editor\/wp-json\/wp\/v2\/tags?post=32899"}],"curies":[{"name":"wp","href":"https:\/\/api.w.org\/{rel}","templated":true}]}}