{"id":32911,"date":"2022-08-24T07:34:32","date_gmt":"2022-08-24T12:34:32","guid":{"rendered":"https:\/\/luchonoticias.com\/?p=32911"},"modified":"2022-08-24T07:34:33","modified_gmt":"2022-08-24T12:34:33","slug":"regresa-el-festival-de-la-empanada-a-neiva","status":"publish","type":"post","link":"https:\/\/luchonoticias.com\/editor\/regresa-el-festival-de-la-empanada-a-neiva\/","title":{"rendered":"Regresa el Festival de la Empanada a Neiva"},"content":{"rendered":"\n<p>El a\u00f1o pasado, durante dos d\u00edas, la empanada fue la protagonista, se tom\u00f3 la plazoleta de la C\u00e1mara de Comercio del Huila, en el centro de la ciudad de Neiva en el Festival de la Empanada. Luego del notorio \u00e9xito, este a\u00f1o la Fundaci\u00f3n \u2018Es entre todos\u2019 y su presidente Ricardo Vera, decidieron realizar la segunda versi\u00f3n, pero esta vez, contando con la experiencia de la primera edici\u00f3n que les permite optimizar ciertos aspectos.<\/p>\n\n\n\n<p>Las expectativas eran grandes, y as\u00ed mismo fueron los resultados de la primera versi\u00f3n del Primer Festival de la Empanada; seg\u00fan el diputado del Huila, Jorge Andr\u00e9s G\u00e9chem, \u201cfueron 27 emprendimientos, y durante los dos d\u00edas cont\u00f3 con m\u00e1s de 15.000 visitantes, los ingresos estuvieron por encima del 400% en promedio para los emprendedores comparado con lo que estaban vendiendo en sus locales\u201d, cabe resaltar que la participaci\u00f3n es gratuita, y que el 100% de las ventas es para los emprendedores.<\/p>\n\n\n\n<figure class=\"wp-block-gallery has-nested-images columns-default is-cropped wp-block-gallery-1 is-layout-flex wp-block-gallery-is-layout-flex\">\n<figure class=\"wp-block-image size-large\"><img decoding=\"async\" data-id=\"32913\" src=\"https:\/\/luchonoticias.com\/wp-content\/uploads\/2022\/08\/WhatsApp-Image-2022-08-24-at-6.05.20-AM-2-1024x768.jpeg\" alt=\"\" class=\"wp-image-32913\"\/><\/figure>\n\n\n\n<figure class=\"wp-block-image size-large\"><img decoding=\"async\" data-id=\"32914\" src=\"https:\/\/luchonoticias.com\/wp-content\/uploads\/2022\/08\/WhatsApp-Image-2022-08-24-at-6.05.20-AM-1-1024x576.jpeg\" alt=\"\" class=\"wp-image-32914\"\/><\/figure>\n<\/figure>\n\n\n\n<p>Debido a la gran acogida por parte del p\u00fablico huilense, y a la solicitud de los comerciantes y de ciudadanos que recuerdan el festival del a\u00f1o pasado, se realizar\u00e1 en el mes de septiembre del a\u00f1o en curso, bajo la organizaci\u00f3n de la Fundaci\u00f3n \u2018Es entre todos\u2019, la segunda versi\u00f3n. Este a\u00f1o con m\u00e1s emprendedores, una mejor organizaci\u00f3n, y con m\u00e1s d\u00edas. En septiembre del a\u00f1o 2021 fueron dos d\u00edas, para esta edici\u00f3n ser\u00e1n tres: 15, 16 y 17 de septiembre. El lugar tambi\u00e9n tendr\u00eda un cambio, ya no ser\u00e1 en la plazoleta de la C\u00e1mara de Comercio del Huila, sino que se llevar\u00e1 a cabo en el Parque Santander, mismo lugar en el cual se organiz\u00f3 en diciembre el Festival de las comidas r\u00e1pidas.<\/p>\n\n\n\n<p>\u201cEste festival va de acuerdo a una ordenanza que hemos presentado, que ya se aprob\u00f3 en el primer debate en la Asamblea Departamental, esperamos en el mes de agosto quede aprobado en el segundo debate, en el cual se crea e institucionaliza el festival Gastron\u00f3mico Popular de la Empanada, las comidas r\u00e1pidas y comidas t\u00edpicas, y otros, en el departamento del Huila que se denominar\u00e1 Gastro Fest Opita\u201d, se\u00f1al\u00f3 Jorge Andr\u00e9s G\u00e9chem.<\/p>\n\n\n\n<figure class=\"wp-block-gallery has-nested-images columns-default is-cropped wp-block-gallery-2 is-layout-flex wp-block-gallery-is-layout-flex\">\n<figure class=\"wp-block-image size-large\"><img decoding=\"async\" data-id=\"32915\" src=\"https:\/\/luchonoticias.com\/wp-content\/uploads\/2022\/08\/WhatsApp-Image-2022-08-24-at-6.05.21-AM-1024x768.jpeg\" alt=\"\" class=\"wp-image-32915\"\/><\/figure>\n\n\n\n<figure class=\"wp-block-image size-large\"><img decoding=\"async\" data-id=\"32916\" src=\"https:\/\/luchonoticias.com\/wp-content\/uploads\/2022\/08\/WhatsApp-Image-2022-08-24-at-6.05.20-AM-1024x576.jpeg\" alt=\"\" class=\"wp-image-32916\"\/><\/figure>\n<\/figure>\n\n\n\n<p>El objetivo es seguir promoviendo y visibilizando los emprendimientos, continuar dinamizando la econom\u00eda popular, cuidando los empleos que se generan alrededor de las empanadas en el municipio de Neiva, y conseguir la forma de darle continuidad a estrategias que realmente ayudan a la reactivaci\u00f3n econ\u00f3mica.<\/p>\n\n\n\n<p>As\u00ed que todos a comer uno de los productos que nunca falta en el men\u00fa de todos los colombianos, la empanada.<\/p>\n","protected":false},"excerpt":{"rendered":"<p>El a\u00f1o pasado, durante dos d\u00edas, la empanada fue la protagonista, se tom\u00f3 la plazoleta de la C\u00e1mara de Comercio del Huila, en el centro de la ciudad de Neiva en el Festival de la Empanada. Luego del notorio \u00e9xito, este a\u00f1o la Fundaci\u00f3n \u2018Es entre todos\u2019 y su presidente Ricardo Vera, decidieron realizar la [&hellip;]<\/p>\n","protected":false},"author":1,"featured_media":0,"comment_status":"open","ping_status":"open","sticky":false,"template":"","format":"standard","meta":{"footnotes":""},"categories":[36,31],"tags":[],"class_list":["post-32911","post","type-post","status-publish","format-standard","hentry","category-destacado","category-local"],"yoast_head":"<!-- This site is optimized with the Yoast SEO plugin v26.6 - https:\/\/yoast.com\/wordpress\/plugins\/seo\/ -->\n<title>Regresa el Festival de la Empanada a Neiva -<\/title>\n<meta name=\"robots\" content=\"index, follow, max-snippet:-1, max-image-preview:large, max-video-preview:-1\" \/>\n<link rel=\"canonical\" href=\"https:\/\/luchonoticias.com\/editor\/regresa-el-festival-de-la-empanada-a-neiva\/\" \/>\n<meta property=\"og:locale\" content=\"es_ES\" \/>\n<meta property=\"og:type\" content=\"article\" \/>\n<meta property=\"og:title\" content=\"Regresa el Festival de la Empanada a Neiva -\" \/>\n<meta property=\"og:url\" content=\"https:\/\/luchonoticias.com\/editor\/regresa-el-festival-de-la-empanada-a-neiva\/\" \/>\n<meta property=\"article:publisher\" content=\"https:\/\/www.facebook.com\/luchonoticiasneiva\" \/>\n<meta property=\"article:author\" content=\"https:\/\/www.facebook.com\/luchonoticiasneiva\" \/>\n<meta property=\"article:published_time\" content=\"2022-08-24T12:34:32+00:00\" \/>\n<meta property=\"article:modified_time\" content=\"2022-08-24T12:34:33+00:00\" \/>\n<meta property=\"og:image\" content=\"https:\/\/luchonoticias.com\/wp-content\/uploads\/2022\/08\/WhatsApp-Image-2022-08-24-at-6.05.20-AM-2-1024x768.jpeg\" \/>\n<meta name=\"author\" content=\"admin\" \/>\n<meta name=\"twitter:card\" content=\"summary_large_image\" \/>\n<meta name=\"twitter:label1\" content=\"Escrito por\" \/>\n\t<meta name=\"twitter:data1\" content=\"admin\" \/>\n\t<meta name=\"twitter:label2\" content=\"Tiempo de lectura\" \/>\n\t<meta name=\"twitter:data2\" content=\"2 minutos\" \/>\n<script type=\"application\/ld+json\" class=\"yoast-schema-graph\">{\"@context\":\"https:\/\/schema.org\",\"@graph\":[{\"@type\":\"Article\",\"@id\":\"https:\/\/luchonoticias.com\/editor\/regresa-el-festival-de-la-empanada-a-neiva\/#article\",\"isPartOf\":{\"@id\":\"https:\/\/luchonoticias.com\/editor\/regresa-el-festival-de-la-empanada-a-neiva\/\"},\"author\":{\"name\":\"admin\",\"@id\":\"https:\/\/luchonoticias.com\/editor\/#\/schema\/person\/7a7fd911f58561fd056dbac7b55af9cd\"},\"headline\":\"Regresa el Festival de la Empanada a Neiva\",\"datePublished\":\"2022-08-24T12:34:32+00:00\",\"dateModified\":\"2022-08-24T12:34:33+00:00\",\"mainEntityOfPage\":{\"@id\":\"https:\/\/luchonoticias.com\/editor\/regresa-el-festival-de-la-empanada-a-neiva\/\"},\"wordCount\":460,\"commentCount\":0,\"publisher\":{\"@id\":\"https:\/\/luchonoticias.com\/editor\/#\/schema\/person\/7a7fd911f58561fd056dbac7b55af9cd\"},\"image\":{\"@id\":\"https:\/\/luchonoticias.com\/editor\/regresa-el-festival-de-la-empanada-a-neiva\/#primaryimage\"},\"thumbnailUrl\":\"https:\/\/luchonoticias.com\/wp-content\/uploads\/2022\/08\/WhatsApp-Image-2022-08-24-at-6.05.20-AM-2-1024x768.jpeg\",\"articleSection\":[\"Destacado\",\"Local\"],\"inLanguage\":\"es\",\"potentialAction\":[{\"@type\":\"CommentAction\",\"name\":\"Comment\",\"target\":[\"https:\/\/luchonoticias.com\/editor\/regresa-el-festival-de-la-empanada-a-neiva\/#respond\"]}]},{\"@type\":\"WebPage\",\"@id\":\"https:\/\/luchonoticias.com\/editor\/regresa-el-festival-de-la-empanada-a-neiva\/\",\"url\":\"https:\/\/luchonoticias.com\/editor\/regresa-el-festival-de-la-empanada-a-neiva\/\",\"name\":\"Regresa el Festival de la Empanada a Neiva -\",\"isPartOf\":{\"@id\":\"https:\/\/luchonoticias.com\/editor\/#website\"},\"primaryImageOfPage\":{\"@id\":\"https:\/\/luchonoticias.com\/editor\/regresa-el-festival-de-la-empanada-a-neiva\/#primaryimage\"},\"image\":{\"@id\":\"https:\/\/luchonoticias.com\/editor\/regresa-el-festival-de-la-empanada-a-neiva\/#primaryimage\"},\"thumbnailUrl\":\"https:\/\/luchonoticias.com\/wp-content\/uploads\/2022\/08\/WhatsApp-Image-2022-08-24-at-6.05.20-AM-2-1024x768.jpeg\",\"datePublished\":\"2022-08-24T12:34:32+00:00\",\"dateModified\":\"2022-08-24T12:34:33+00:00\",\"breadcrumb\":{\"@id\":\"https:\/\/luchonoticias.com\/editor\/regresa-el-festival-de-la-empanada-a-neiva\/#breadcrumb\"},\"inLanguage\":\"es\",\"potentialAction\":[{\"@type\":\"ReadAction\",\"target\":[\"https:\/\/luchonoticias.com\/editor\/regresa-el-festival-de-la-empanada-a-neiva\/\"]}]},{\"@type\":\"ImageObject\",\"inLanguage\":\"es\",\"@id\":\"https:\/\/luchonoticias.com\/editor\/regresa-el-festival-de-la-empanada-a-neiva\/#primaryimage\",\"url\":\"https:\/\/luchonoticias.com\/wp-content\/uploads\/2022\/08\/WhatsApp-Image-2022-08-24-at-6.05.20-AM-2-1024x768.jpeg\",\"contentUrl\":\"https:\/\/luchonoticias.com\/wp-content\/uploads\/2022\/08\/WhatsApp-Image-2022-08-24-at-6.05.20-AM-2-1024x768.jpeg\"},{\"@type\":\"BreadcrumbList\",\"@id\":\"https:\/\/luchonoticias.com\/editor\/regresa-el-festival-de-la-empanada-a-neiva\/#breadcrumb\",\"itemListElement\":[{\"@type\":\"ListItem\",\"position\":1,\"name\":\"Portada\",\"item\":\"https:\/\/luchonoticias.com\/editor\/\"},{\"@type\":\"ListItem\",\"position\":2,\"name\":\"Regresa el Festival de la Empanada a Neiva\"}]},{\"@type\":\"WebSite\",\"@id\":\"https:\/\/luchonoticias.com\/editor\/#website\",\"url\":\"https:\/\/luchonoticias.com\/editor\/\",\"name\":\"\",\"description\":\"\",\"publisher\":{\"@id\":\"https:\/\/luchonoticias.com\/editor\/#\/schema\/person\/7a7fd911f58561fd056dbac7b55af9cd\"},\"potentialAction\":[{\"@type\":\"SearchAction\",\"target\":{\"@type\":\"EntryPoint\",\"urlTemplate\":\"https:\/\/luchonoticias.com\/editor\/?s={search_term_string}\"},\"query-input\":{\"@type\":\"PropertyValueSpecification\",\"valueRequired\":true,\"valueName\":\"search_term_string\"}}],\"inLanguage\":\"es\"},{\"@type\":[\"Person\",\"Organization\"],\"@id\":\"https:\/\/luchonoticias.com\/editor\/#\/schema\/person\/7a7fd911f58561fd056dbac7b55af9cd\",\"name\":\"admin\",\"image\":{\"@type\":\"ImageObject\",\"inLanguage\":\"es\",\"@id\":\"https:\/\/luchonoticias.com\/editor\/#\/schema\/person\/image\/\",\"url\":\"https:\/\/luchonoticias.com\/editor\/wp-content\/uploads\/2024\/02\/cropped-cropped-logolu.webp\",\"contentUrl\":\"https:\/\/luchonoticias.com\/editor\/wp-content\/uploads\/2024\/02\/cropped-cropped-logolu.webp\",\"width\":382,\"height\":170,\"caption\":\"admin\"},\"logo\":{\"@id\":\"https:\/\/luchonoticias.com\/editor\/#\/schema\/person\/image\/\"},\"sameAs\":[\"https:\/\/www.facebook.com\/luchonoticiasneiva\"],\"url\":\"https:\/\/luchonoticias.com\/editor\/author\/admin\/\"}]}<\/script>\n<!-- \/ Yoast SEO plugin. -->","yoast_head_json":{"title":"Regresa el Festival de la Empanada a Neiva -","robots":{"index":"index","follow":"follow","max-snippet":"max-snippet:-1","max-image-preview":"max-image-preview:large","max-video-preview":"max-video-preview:-1"},"canonical":"https:\/\/luchonoticias.com\/editor\/regresa-el-festival-de-la-empanada-a-neiva\/","og_locale":"es_ES","og_type":"article","og_title":"Regresa el Festival de la Empanada a Neiva -","og_url":"https:\/\/luchonoticias.com\/editor\/regresa-el-festival-de-la-empanada-a-neiva\/","article_publisher":"https:\/\/www.facebook.com\/luchonoticiasneiva","article_author":"https:\/\/www.facebook.com\/luchonoticiasneiva","article_published_time":"2022-08-24T12:34:32+00:00","article_modified_time":"2022-08-24T12:34:33+00:00","og_image":[{"url":"https:\/\/luchonoticias.com\/wp-content\/uploads\/2022\/08\/WhatsApp-Image-2022-08-24-at-6.05.20-AM-2-1024x768.jpeg","type":"","width":"","height":""}],"author":"admin","twitter_card":"summary_large_image","twitter_misc":{"Escrito por":"admin","Tiempo de lectura":"2 minutos"},"schema":{"@context":"https:\/\/schema.org","@graph":[{"@type":"Article","@id":"https:\/\/luchonoticias.com\/editor\/regresa-el-festival-de-la-empanada-a-neiva\/#article","isPartOf":{"@id":"https:\/\/luchonoticias.com\/editor\/regresa-el-festival-de-la-empanada-a-neiva\/"},"author":{"name":"admin","@id":"https:\/\/luchonoticias.com\/editor\/#\/schema\/person\/7a7fd911f58561fd056dbac7b55af9cd"},"headline":"Regresa el Festival de la Empanada a Neiva","datePublished":"2022-08-24T12:34:32+00:00","dateModified":"2022-08-24T12:34:33+00:00","mainEntityOfPage":{"@id":"https:\/\/luchonoticias.com\/editor\/regresa-el-festival-de-la-empanada-a-neiva\/"},"wordCount":460,"commentCount":0,"publisher":{"@id":"https:\/\/luchonoticias.com\/editor\/#\/schema\/person\/7a7fd911f58561fd056dbac7b55af9cd"},"image":{"@id":"https:\/\/luchonoticias.com\/editor\/regresa-el-festival-de-la-empanada-a-neiva\/#primaryimage"},"thumbnailUrl":"https:\/\/luchonoticias.com\/wp-content\/uploads\/2022\/08\/WhatsApp-Image-2022-08-24-at-6.05.20-AM-2-1024x768.jpeg","articleSection":["Destacado","Local"],"inLanguage":"es","potentialAction":[{"@type":"CommentAction","name":"Comment","target":["https:\/\/luchonoticias.com\/editor\/regresa-el-festival-de-la-empanada-a-neiva\/#respond"]}]},{"@type":"WebPage","@id":"https:\/\/luchonoticias.com\/editor\/regresa-el-festival-de-la-empanada-a-neiva\/","url":"https:\/\/luchonoticias.com\/editor\/regresa-el-festival-de-la-empanada-a-neiva\/","name":"Regresa el Festival de la Empanada a Neiva -","isPartOf":{"@id":"https:\/\/luchonoticias.com\/editor\/#website"},"primaryImageOfPage":{"@id":"https:\/\/luchonoticias.com\/editor\/regresa-el-festival-de-la-empanada-a-neiva\/#primaryimage"},"image":{"@id":"https:\/\/luchonoticias.com\/editor\/regresa-el-festival-de-la-empanada-a-neiva\/#primaryimage"},"thumbnailUrl":"https:\/\/luchonoticias.com\/wp-content\/uploads\/2022\/08\/WhatsApp-Image-2022-08-24-at-6.05.20-AM-2-1024x768.jpeg","datePublished":"2022-08-24T12:34:32+00:00","dateModified":"2022-08-24T12:34:33+00:00","breadcrumb":{"@id":"https:\/\/luchonoticias.com\/editor\/regresa-el-festival-de-la-empanada-a-neiva\/#breadcrumb"},"inLanguage":"es","potentialAction":[{"@type":"ReadAction","target":["https:\/\/luchonoticias.com\/editor\/regresa-el-festival-de-la-empanada-a-neiva\/"]}]},{"@type":"ImageObject","inLanguage":"es","@id":"https:\/\/luchonoticias.com\/editor\/regresa-el-festival-de-la-empanada-a-neiva\/#primaryimage","url":"https:\/\/luchonoticias.com\/wp-content\/uploads\/2022\/08\/WhatsApp-Image-2022-08-24-at-6.05.20-AM-2-1024x768.jpeg","contentUrl":"https:\/\/luchonoticias.com\/wp-content\/uploads\/2022\/08\/WhatsApp-Image-2022-08-24-at-6.05.20-AM-2-1024x768.jpeg"},{"@type":"BreadcrumbList","@id":"https:\/\/luchonoticias.com\/editor\/regresa-el-festival-de-la-empanada-a-neiva\/#breadcrumb","itemListElement":[{"@type":"ListItem","position":1,"name":"Portada","item":"https:\/\/luchonoticias.com\/editor\/"},{"@type":"ListItem","position":2,"name":"Regresa el Festival de la Empanada a Neiva"}]},{"@type":"WebSite","@id":"https:\/\/luchonoticias.com\/editor\/#website","url":"https:\/\/luchonoticias.com\/editor\/","name":"","description":"","publisher":{"@id":"https:\/\/luchonoticias.com\/editor\/#\/schema\/person\/7a7fd911f58561fd056dbac7b55af9cd"},"potentialAction":[{"@type":"SearchAction","target":{"@type":"EntryPoint","urlTemplate":"https:\/\/luchonoticias.com\/editor\/?s={search_term_string}"},"query-input":{"@type":"PropertyValueSpecification","valueRequired":true,"valueName":"search_term_string"}}],"inLanguage":"es"},{"@type":["Person","Organization"],"@id":"https:\/\/luchonoticias.com\/editor\/#\/schema\/person\/7a7fd911f58561fd056dbac7b55af9cd","name":"admin","image":{"@type":"ImageObject","inLanguage":"es","@id":"https:\/\/luchonoticias.com\/editor\/#\/schema\/person\/image\/","url":"https:\/\/luchonoticias.com\/editor\/wp-content\/uploads\/2024\/02\/cropped-cropped-logolu.webp","contentUrl":"https:\/\/luchonoticias.com\/editor\/wp-content\/uploads\/2024\/02\/cropped-cropped-logolu.webp","width":382,"height":170,"caption":"admin"},"logo":{"@id":"https:\/\/luchonoticias.com\/editor\/#\/schema\/person\/image\/"},"sameAs":["https:\/\/www.facebook.com\/luchonoticiasneiva"],"url":"https:\/\/luchonoticias.com\/editor\/author\/admin\/"}]}},"_links":{"self":[{"href":"https:\/\/luchonoticias.com\/editor\/wp-json\/wp\/v2\/posts\/32911","targetHints":{"allow":["GET"]}}],"collection":[{"href":"https:\/\/luchonoticias.com\/editor\/wp-json\/wp\/v2\/posts"}],"about":[{"href":"https:\/\/luchonoticias.com\/editor\/wp-json\/wp\/v2\/types\/post"}],"author":[{"embeddable":true,"href":"https:\/\/luchonoticias.com\/editor\/wp-json\/wp\/v2\/users\/1"}],"replies":[{"embeddable":true,"href":"https:\/\/luchonoticias.com\/editor\/wp-json\/wp\/v2\/comments?post=32911"}],"version-history":[{"count":0,"href":"https:\/\/luchonoticias.com\/editor\/wp-json\/wp\/v2\/posts\/32911\/revisions"}],"wp:attachment":[{"href":"https:\/\/luchonoticias.com\/editor\/wp-json\/wp\/v2\/media?parent=32911"}],"wp:term":[{"taxonomy":"category","embeddable":true,"href":"https:\/\/luchonoticias.com\/editor\/wp-json\/wp\/v2\/categories?post=32911"},{"taxonomy":"post_tag","embeddable":true,"href":"https:\/\/luchonoticias.com\/editor\/wp-json\/wp\/v2\/tags?post=32911"}],"curies":[{"name":"wp","href":"https:\/\/api.w.org\/{rel}","templated":true}]}}