{"id":32918,"date":"2022-08-24T07:43:46","date_gmt":"2022-08-24T12:43:46","guid":{"rendered":"https:\/\/luchonoticias.com\/?p=32918"},"modified":"2022-08-24T07:43:47","modified_gmt":"2022-08-24T12:43:47","slug":"estamos-abiertos-al-dialogo-para-mejorar-la-reforma-tributaria-presidente-petro","status":"publish","type":"post","link":"https:\/\/luchonoticias.com\/editor\/estamos-abiertos-al-dialogo-para-mejorar-la-reforma-tributaria-presidente-petro\/","title":{"rendered":"Estamos abiertos al di\u00e1logo para mejorar la reforma tributaria: Presidente Petro"},"content":{"rendered":"\n<p>En su encuentro con los integrantes del Consejo Gremial Nacional, el Presidente de la Rep\u00fablica, Gustavo Petro, confirm\u00f3 este martes que el Gobierno busca la aprobaci\u00f3n del proyecto de reforma tributaria que hace tr\u00e1mite ante el Congreso, y ratific\u00f3 la disposici\u00f3n al di\u00e1logo y a la construcci\u00f3n de una iniciativa de ley fortalecida.<\/p>\n\n\n\n<p>\u201cNosotros queremos que se apruebe la reforma tributaria, mejorando lo que sea mejorable, enriqueci\u00e9ndola, incluso en temas que no hemos visto. En una perspectiva, que disminuya la desigualdad social; que, al gravar m\u00e1s a la persona natural, protejamos la empresa productiva y que, al proteger la producci\u00f3n, se generen igualdad y equidad; y financiar al Estado, porque para eso son las reformas. Esos son los tres objetivos\u201d, declar\u00f3.&nbsp;<\/p>\n\n\n\n<p>Este encuentro es un nuevo ejercicio del Gobierno que escucha a los gremios privados de la producci\u00f3n, con el fin de lograr puntos en com\u00fan que lleven a realizar los cambios que requiere el pa\u00eds.&nbsp;<\/p>\n\n\n\n<p>El Mandatario se\u00f1al\u00f3 que el objetivo es eliminar la reforma tributaria de 2019, porque otorg\u00f3 unos beneficios a unos sectores, pero afect\u00f3 a otros, generando una injusticia en el campo de los impuestos. Por eso, reiter\u00f3 que ese cambio que busca el Gobierno se trabaja mancomunadamente escuchando muchas voces.&nbsp;<\/p>\n\n\n\n<p>\u201cSi lo logramos sin mayores conflictividades sociales tenemos la base de un pacto social, y se trata de ver que esos recursos vayan y sirvan para crecer, que es nuestra responsabilidad y bajo la veedur\u00eda de ustedes; que sirva para crecer y se vuelva m\u00e1s paz. Ese es un proceso de concertaci\u00f3n. Estamos siempre abiertos a cualquier indicaci\u00f3n\u201d, recalc\u00f3 el Presidente Petro.<\/p>\n\n\n\n<p>Explic\u00f3 que el eje central de la reforma, adem\u00e1s de la eliminaci\u00f3n de las exenciones, es el de pensar en la persona natural como sujeto tributario, m\u00e1s que en la empresa, con el objetivo de protegerla.<\/p>\n\n\n\n<p>\u201cNosotros queremos proteger la empresa, pero entonces la persona natural debe pagar m\u00e1s. Y la persona natural no es el se\u00f1or que va caminando en la calle; es quien tendr\u00eda esa capacidad de sostener el Estado colombiano. Es aceptar que en la acumulaci\u00f3n de la riqueza hay que entregarle algo a la sociedad. Y ese es el pacto, en mi opini\u00f3n\u201d, afirm\u00f3.<\/p>\n\n\n\n<p>Detall\u00f3 que este esfuerzo tributario es generador de paz, \u201cporque precisamente la paz consiste en que quien acumula y amasa una riqueza, por sus propias virtudes, capacidad o por la suerte, est\u00e1 en una parte privilegiada de la sociedad y le paga a la sociedad. Le dice gracias, y paga un impuesto de ley, de acuerdo con las normas. Ese es el pacto\u201d, dijo.<\/p>\n\n\n\n<p>\u201cEso es lo que proponemos con un balance; s\u00ed, pagar m\u00e1s como persona natural, pero que eso se invierta en lo que toca, en lo que va a hacer crecer la riqueza, que es la educaci\u00f3n, acabar la desnutrici\u00f3n, mejorar la infraestructura en el campo, que florezca, que se pueda agroindustrializar e irnos por unas ramas industriales, como la confecci\u00f3n o el calzado y saltar a lo que no tenemos tanto a la mano, como digitalizar, construir software, hacer que todos esos muchachos se vuelan programadores y meternos en una realidad econ\u00f3mica propia del siglo XXI\u201d, manifest\u00f3.<\/p>\n\n\n\n<p><strong>\u00bfQu\u00e9 dijeron los gremios?<\/strong><\/p>\n\n\n\n<p>Los presidentes y presidentas de los gremios de la producci\u00f3n manifestaron que coinciden con los ejes centrales del Gobierno, en cuanto a la lucha contra la inequidad, contra el hambre y la mayor generaci\u00f3n de riqueza para todos los colombianos.<\/p>\n\n\n\n<p>Jaime Alberto Cabal, presidente de Fenalco, en representaci\u00f3n de los empresarios y quien moder\u00f3 el encuentro, afirm\u00f3 que a los gremios no solo les importa la econom\u00eda sino el bienestar del pa\u00eds y todos los colombianos, en aspectos como la generaci\u00f3n de oportunidades para la econom\u00eda popular y la lucha contra el cambio clim\u00e1tico. Y, por tanto, siguen atentos y dispuestos al di\u00e1logo establecido, \u201ccon el fin de construir confianza y trabajar en esos objetivos comunes\u201d.<\/p>\n\n\n\n<p>En cuanto a la reforma tributaria, Cabal Sanclemente dijo que los gremios tienen propuestas alternas, como explorar otras fuentes de recursos en cuanto a la venta de activos improductivos del Estado, disponer de los recursos incautados al narcotr\u00e1fico, durante los dos \u00faltimos a\u00f1os, que llegan a $ 22 billones; cuantificar la lucha contra evasi\u00f3n y elusi\u00f3n para lograr sostenibilidad fiscal; y hacer esfuerzos en austeridad del gasto y eliminaci\u00f3n de entidades del Estado innecesarias.<\/p>\n\n\n\n<p>Afirm\u00f3 que la interlocuci\u00f3n directa con el Presidente Petro y con el equipo de ministros se ha cumplido y ofreci\u00f3 la experiencia y la voluntad de todo el sector productivo nacional. \u201cDestacamos y reconocemos su presencia en los eve\u200bntos gremiales, porque son espacios de di\u00e1logo y reuni\u00f3n con los empresarios del pa\u00eds, los mayores aportantes del empleo nacional\u201d, puntualiz\u00f3.<\/p>\n","protected":false},"excerpt":{"rendered":"<p>En su encuentro con los integrantes del Consejo Gremial Nacional, el Presidente de la Rep\u00fablica, Gustavo Petro, confirm\u00f3 este martes que el Gobierno busca la aprobaci\u00f3n del proyecto de reforma tributaria que hace tr\u00e1mite ante el Congreso, y ratific\u00f3 la disposici\u00f3n al di\u00e1logo y a la construcci\u00f3n de una iniciativa de ley fortalecida. \u201cNosotros queremos [&hellip;]<\/p>\n","protected":false},"author":1,"featured_media":0,"comment_status":"open","ping_status":"open","sticky":false,"template":"","format":"standard","meta":{"footnotes":""},"categories":[36,32],"tags":[],"class_list":["post-32918","post","type-post","status-publish","format-standard","hentry","category-destacado","category-nacional"],"yoast_head":"<!-- This site is optimized with the Yoast SEO plugin v26.6 - https:\/\/yoast.com\/wordpress\/plugins\/seo\/ -->\n<title>Estamos abiertos al di\u00e1logo para mejorar la reforma tributaria: Presidente Petro -<\/title>\n<meta name=\"robots\" content=\"index, follow, max-snippet:-1, max-image-preview:large, max-video-preview:-1\" \/>\n<link rel=\"canonical\" href=\"https:\/\/luchonoticias.com\/editor\/estamos-abiertos-al-dialogo-para-mejorar-la-reforma-tributaria-presidente-petro\/\" \/>\n<meta property=\"og:locale\" content=\"es_ES\" \/>\n<meta property=\"og:type\" content=\"article\" \/>\n<meta property=\"og:title\" content=\"Estamos abiertos al di\u00e1logo para mejorar la reforma tributaria: Presidente Petro -\" \/>\n<meta property=\"og:url\" content=\"https:\/\/luchonoticias.com\/editor\/estamos-abiertos-al-dialogo-para-mejorar-la-reforma-tributaria-presidente-petro\/\" \/>\n<meta property=\"article:publisher\" content=\"https:\/\/www.facebook.com\/luchonoticiasneiva\" \/>\n<meta property=\"article:author\" content=\"https:\/\/www.facebook.com\/luchonoticiasneiva\" \/>\n<meta property=\"article:published_time\" content=\"2022-08-24T12:43:46+00:00\" \/>\n<meta property=\"article:modified_time\" content=\"2022-08-24T12:43:47+00:00\" \/>\n<meta name=\"author\" content=\"admin\" \/>\n<meta name=\"twitter:card\" content=\"summary_large_image\" \/>\n<meta name=\"twitter:label1\" content=\"Escrito por\" \/>\n\t<meta name=\"twitter:data1\" content=\"admin\" \/>\n\t<meta name=\"twitter:label2\" content=\"Tiempo de lectura\" \/>\n\t<meta name=\"twitter:data2\" content=\"4 minutos\" \/>\n<script type=\"application\/ld+json\" class=\"yoast-schema-graph\">{\"@context\":\"https:\/\/schema.org\",\"@graph\":[{\"@type\":\"Article\",\"@id\":\"https:\/\/luchonoticias.com\/editor\/estamos-abiertos-al-dialogo-para-mejorar-la-reforma-tributaria-presidente-petro\/#article\",\"isPartOf\":{\"@id\":\"https:\/\/luchonoticias.com\/editor\/estamos-abiertos-al-dialogo-para-mejorar-la-reforma-tributaria-presidente-petro\/\"},\"author\":{\"name\":\"admin\",\"@id\":\"https:\/\/luchonoticias.com\/editor\/#\/schema\/person\/7a7fd911f58561fd056dbac7b55af9cd\"},\"headline\":\"Estamos abiertos al di\u00e1logo para mejorar la reforma tributaria: Presidente Petro\",\"datePublished\":\"2022-08-24T12:43:46+00:00\",\"dateModified\":\"2022-08-24T12:43:47+00:00\",\"mainEntityOfPage\":{\"@id\":\"https:\/\/luchonoticias.com\/editor\/estamos-abiertos-al-dialogo-para-mejorar-la-reforma-tributaria-presidente-petro\/\"},\"wordCount\":840,\"commentCount\":0,\"publisher\":{\"@id\":\"https:\/\/luchonoticias.com\/editor\/#\/schema\/person\/7a7fd911f58561fd056dbac7b55af9cd\"},\"articleSection\":[\"Destacado\",\"Nacional\"],\"inLanguage\":\"es\",\"potentialAction\":[{\"@type\":\"CommentAction\",\"name\":\"Comment\",\"target\":[\"https:\/\/luchonoticias.com\/editor\/estamos-abiertos-al-dialogo-para-mejorar-la-reforma-tributaria-presidente-petro\/#respond\"]}]},{\"@type\":\"WebPage\",\"@id\":\"https:\/\/luchonoticias.com\/editor\/estamos-abiertos-al-dialogo-para-mejorar-la-reforma-tributaria-presidente-petro\/\",\"url\":\"https:\/\/luchonoticias.com\/editor\/estamos-abiertos-al-dialogo-para-mejorar-la-reforma-tributaria-presidente-petro\/\",\"name\":\"Estamos abiertos al di\u00e1logo para mejorar la reforma tributaria: Presidente Petro -\",\"isPartOf\":{\"@id\":\"https:\/\/luchonoticias.com\/editor\/#website\"},\"datePublished\":\"2022-08-24T12:43:46+00:00\",\"dateModified\":\"2022-08-24T12:43:47+00:00\",\"breadcrumb\":{\"@id\":\"https:\/\/luchonoticias.com\/editor\/estamos-abiertos-al-dialogo-para-mejorar-la-reforma-tributaria-presidente-petro\/#breadcrumb\"},\"inLanguage\":\"es\",\"potentialAction\":[{\"@type\":\"ReadAction\",\"target\":[\"https:\/\/luchonoticias.com\/editor\/estamos-abiertos-al-dialogo-para-mejorar-la-reforma-tributaria-presidente-petro\/\"]}]},{\"@type\":\"BreadcrumbList\",\"@id\":\"https:\/\/luchonoticias.com\/editor\/estamos-abiertos-al-dialogo-para-mejorar-la-reforma-tributaria-presidente-petro\/#breadcrumb\",\"itemListElement\":[{\"@type\":\"ListItem\",\"position\":1,\"name\":\"Portada\",\"item\":\"https:\/\/luchonoticias.com\/editor\/\"},{\"@type\":\"ListItem\",\"position\":2,\"name\":\"Estamos abiertos al di\u00e1logo para mejorar la reforma tributaria: Presidente Petro\"}]},{\"@type\":\"WebSite\",\"@id\":\"https:\/\/luchonoticias.com\/editor\/#website\",\"url\":\"https:\/\/luchonoticias.com\/editor\/\",\"name\":\"\",\"description\":\"\",\"publisher\":{\"@id\":\"https:\/\/luchonoticias.com\/editor\/#\/schema\/person\/7a7fd911f58561fd056dbac7b55af9cd\"},\"potentialAction\":[{\"@type\":\"SearchAction\",\"target\":{\"@type\":\"EntryPoint\",\"urlTemplate\":\"https:\/\/luchonoticias.com\/editor\/?s={search_term_string}\"},\"query-input\":{\"@type\":\"PropertyValueSpecification\",\"valueRequired\":true,\"valueName\":\"search_term_string\"}}],\"inLanguage\":\"es\"},{\"@type\":[\"Person\",\"Organization\"],\"@id\":\"https:\/\/luchonoticias.com\/editor\/#\/schema\/person\/7a7fd911f58561fd056dbac7b55af9cd\",\"name\":\"admin\",\"image\":{\"@type\":\"ImageObject\",\"inLanguage\":\"es\",\"@id\":\"https:\/\/luchonoticias.com\/editor\/#\/schema\/person\/image\/\",\"url\":\"https:\/\/luchonoticias.com\/editor\/wp-content\/uploads\/2024\/02\/cropped-cropped-logolu.webp\",\"contentUrl\":\"https:\/\/luchonoticias.com\/editor\/wp-content\/uploads\/2024\/02\/cropped-cropped-logolu.webp\",\"width\":382,\"height\":170,\"caption\":\"admin\"},\"logo\":{\"@id\":\"https:\/\/luchonoticias.com\/editor\/#\/schema\/person\/image\/\"},\"sameAs\":[\"https:\/\/www.facebook.com\/luchonoticiasneiva\"],\"url\":\"https:\/\/luchonoticias.com\/editor\/author\/admin\/\"}]}<\/script>\n<!-- \/ Yoast SEO plugin. -->","yoast_head_json":{"title":"Estamos abiertos al di\u00e1logo para mejorar la reforma tributaria: Presidente Petro -","robots":{"index":"index","follow":"follow","max-snippet":"max-snippet:-1","max-image-preview":"max-image-preview:large","max-video-preview":"max-video-preview:-1"},"canonical":"https:\/\/luchonoticias.com\/editor\/estamos-abiertos-al-dialogo-para-mejorar-la-reforma-tributaria-presidente-petro\/","og_locale":"es_ES","og_type":"article","og_title":"Estamos abiertos al di\u00e1logo para mejorar la reforma tributaria: Presidente Petro -","og_url":"https:\/\/luchonoticias.com\/editor\/estamos-abiertos-al-dialogo-para-mejorar-la-reforma-tributaria-presidente-petro\/","article_publisher":"https:\/\/www.facebook.com\/luchonoticiasneiva","article_author":"https:\/\/www.facebook.com\/luchonoticiasneiva","article_published_time":"2022-08-24T12:43:46+00:00","article_modified_time":"2022-08-24T12:43:47+00:00","author":"admin","twitter_card":"summary_large_image","twitter_misc":{"Escrito por":"admin","Tiempo de lectura":"4 minutos"},"schema":{"@context":"https:\/\/schema.org","@graph":[{"@type":"Article","@id":"https:\/\/luchonoticias.com\/editor\/estamos-abiertos-al-dialogo-para-mejorar-la-reforma-tributaria-presidente-petro\/#article","isPartOf":{"@id":"https:\/\/luchonoticias.com\/editor\/estamos-abiertos-al-dialogo-para-mejorar-la-reforma-tributaria-presidente-petro\/"},"author":{"name":"admin","@id":"https:\/\/luchonoticias.com\/editor\/#\/schema\/person\/7a7fd911f58561fd056dbac7b55af9cd"},"headline":"Estamos abiertos al di\u00e1logo para mejorar la reforma tributaria: Presidente Petro","datePublished":"2022-08-24T12:43:46+00:00","dateModified":"2022-08-24T12:43:47+00:00","mainEntityOfPage":{"@id":"https:\/\/luchonoticias.com\/editor\/estamos-abiertos-al-dialogo-para-mejorar-la-reforma-tributaria-presidente-petro\/"},"wordCount":840,"commentCount":0,"publisher":{"@id":"https:\/\/luchonoticias.com\/editor\/#\/schema\/person\/7a7fd911f58561fd056dbac7b55af9cd"},"articleSection":["Destacado","Nacional"],"inLanguage":"es","potentialAction":[{"@type":"CommentAction","name":"Comment","target":["https:\/\/luchonoticias.com\/editor\/estamos-abiertos-al-dialogo-para-mejorar-la-reforma-tributaria-presidente-petro\/#respond"]}]},{"@type":"WebPage","@id":"https:\/\/luchonoticias.com\/editor\/estamos-abiertos-al-dialogo-para-mejorar-la-reforma-tributaria-presidente-petro\/","url":"https:\/\/luchonoticias.com\/editor\/estamos-abiertos-al-dialogo-para-mejorar-la-reforma-tributaria-presidente-petro\/","name":"Estamos abiertos al di\u00e1logo para mejorar la reforma tributaria: Presidente Petro -","isPartOf":{"@id":"https:\/\/luchonoticias.com\/editor\/#website"},"datePublished":"2022-08-24T12:43:46+00:00","dateModified":"2022-08-24T12:43:47+00:00","breadcrumb":{"@id":"https:\/\/luchonoticias.com\/editor\/estamos-abiertos-al-dialogo-para-mejorar-la-reforma-tributaria-presidente-petro\/#breadcrumb"},"inLanguage":"es","potentialAction":[{"@type":"ReadAction","target":["https:\/\/luchonoticias.com\/editor\/estamos-abiertos-al-dialogo-para-mejorar-la-reforma-tributaria-presidente-petro\/"]}]},{"@type":"BreadcrumbList","@id":"https:\/\/luchonoticias.com\/editor\/estamos-abiertos-al-dialogo-para-mejorar-la-reforma-tributaria-presidente-petro\/#breadcrumb","itemListElement":[{"@type":"ListItem","position":1,"name":"Portada","item":"https:\/\/luchonoticias.com\/editor\/"},{"@type":"ListItem","position":2,"name":"Estamos abiertos al di\u00e1logo para mejorar la reforma tributaria: Presidente Petro"}]},{"@type":"WebSite","@id":"https:\/\/luchonoticias.com\/editor\/#website","url":"https:\/\/luchonoticias.com\/editor\/","name":"","description":"","publisher":{"@id":"https:\/\/luchonoticias.com\/editor\/#\/schema\/person\/7a7fd911f58561fd056dbac7b55af9cd"},"potentialAction":[{"@type":"SearchAction","target":{"@type":"EntryPoint","urlTemplate":"https:\/\/luchonoticias.com\/editor\/?s={search_term_string}"},"query-input":{"@type":"PropertyValueSpecification","valueRequired":true,"valueName":"search_term_string"}}],"inLanguage":"es"},{"@type":["Person","Organization"],"@id":"https:\/\/luchonoticias.com\/editor\/#\/schema\/person\/7a7fd911f58561fd056dbac7b55af9cd","name":"admin","image":{"@type":"ImageObject","inLanguage":"es","@id":"https:\/\/luchonoticias.com\/editor\/#\/schema\/person\/image\/","url":"https:\/\/luchonoticias.com\/editor\/wp-content\/uploads\/2024\/02\/cropped-cropped-logolu.webp","contentUrl":"https:\/\/luchonoticias.com\/editor\/wp-content\/uploads\/2024\/02\/cropped-cropped-logolu.webp","width":382,"height":170,"caption":"admin"},"logo":{"@id":"https:\/\/luchonoticias.com\/editor\/#\/schema\/person\/image\/"},"sameAs":["https:\/\/www.facebook.com\/luchonoticiasneiva"],"url":"https:\/\/luchonoticias.com\/editor\/author\/admin\/"}]}},"_links":{"self":[{"href":"https:\/\/luchonoticias.com\/editor\/wp-json\/wp\/v2\/posts\/32918","targetHints":{"allow":["GET"]}}],"collection":[{"href":"https:\/\/luchonoticias.com\/editor\/wp-json\/wp\/v2\/posts"}],"about":[{"href":"https:\/\/luchonoticias.com\/editor\/wp-json\/wp\/v2\/types\/post"}],"author":[{"embeddable":true,"href":"https:\/\/luchonoticias.com\/editor\/wp-json\/wp\/v2\/users\/1"}],"replies":[{"embeddable":true,"href":"https:\/\/luchonoticias.com\/editor\/wp-json\/wp\/v2\/comments?post=32918"}],"version-history":[{"count":0,"href":"https:\/\/luchonoticias.com\/editor\/wp-json\/wp\/v2\/posts\/32918\/revisions"}],"wp:attachment":[{"href":"https:\/\/luchonoticias.com\/editor\/wp-json\/wp\/v2\/media?parent=32918"}],"wp:term":[{"taxonomy":"category","embeddable":true,"href":"https:\/\/luchonoticias.com\/editor\/wp-json\/wp\/v2\/categories?post=32918"},{"taxonomy":"post_tag","embeddable":true,"href":"https:\/\/luchonoticias.com\/editor\/wp-json\/wp\/v2\/tags?post=32918"}],"curies":[{"name":"wp","href":"https:\/\/api.w.org\/{rel}","templated":true}]}}