{"id":32921,"date":"2022-08-24T09:52:10","date_gmt":"2022-08-24T14:52:10","guid":{"rendered":"https:\/\/luchonoticias.com\/?p=32921"},"modified":"2022-08-24T09:52:11","modified_gmt":"2022-08-24T14:52:11","slug":"alcalde-dialoga-para-reabrir-el-paso-al-relleno-sanitario","status":"publish","type":"post","link":"https:\/\/luchonoticias.com\/editor\/alcalde-dialoga-para-reabrir-el-paso-al-relleno-sanitario\/","title":{"rendered":"Alcalde dialoga para reabrir el paso al relleno sanitario"},"content":{"rendered":"\n<p>Alcalde de Neiva Gorky Mu\u00f1oz asume negociaci\u00f3n con comunidad de Fortalecillas para logra reabrir el paso al relleno sanitario<\/p>\n\n\n\n<p>Evitar una crisis sanitaria en la ciudad de Neiva y los m\u00e1s de 20 municipios que realizan su recolecci\u00f3n final en el relleno sanitario los Angeles es lo que busca el alcalde Gorky Mu\u00f1oz, tras asumir de manera personal, junto al secretario de Gobierno e Infraestructura los di\u00e1logos con la comunidad de Fortalecillas, quienes exigen al gobierno nacional la pavimentaci\u00f3n de la v\u00eda que conduce hasta este lugar de destinaci\u00f3n final de los residuos s\u00f3lidos.<\/p>\n\n\n\n<p>Est\u00e1 v\u00eda, pertenece al INVIAS por lo tanto el municipio no puede realizar Inversi\u00f3n, sin embargo, en conjunto con las empresas asentadas en el sector se busca lograr un punto de acuerdo con la comunidad y lograr que se habilite el paso de los veh\u00edculos que quedaron sobre la v\u00eda y se reanude con las labores diarias de recolecci\u00f3n.<\/p>\n","protected":false},"excerpt":{"rendered":"<p>Alcalde de Neiva Gorky Mu\u00f1oz asume negociaci\u00f3n con comunidad de Fortalecillas para logra reabrir el paso al relleno sanitario Evitar una crisis sanitaria en la ciudad de Neiva y los m\u00e1s de 20 municipios que realizan su recolecci\u00f3n final en el relleno sanitario los Angeles es lo que busca el alcalde Gorky Mu\u00f1oz, tras asumir [&hellip;]<\/p>\n","protected":false},"author":1,"featured_media":0,"comment_status":"open","ping_status":"open","sticky":false,"template":"","format":"standard","meta":{"footnotes":""},"categories":[31],"tags":[],"class_list":["post-32921","post","type-post","status-publish","format-standard","hentry","category-local"],"yoast_head":"<!-- This site is optimized with the Yoast SEO plugin v26.6 - https:\/\/yoast.com\/wordpress\/plugins\/seo\/ -->\n<title>Alcalde dialoga para reabrir el paso al relleno sanitario -<\/title>\n<meta name=\"robots\" content=\"index, follow, max-snippet:-1, max-image-preview:large, max-video-preview:-1\" \/>\n<link rel=\"canonical\" href=\"https:\/\/luchonoticias.com\/editor\/alcalde-dialoga-para-reabrir-el-paso-al-relleno-sanitario\/\" \/>\n<meta property=\"og:locale\" content=\"es_ES\" \/>\n<meta property=\"og:type\" content=\"article\" \/>\n<meta property=\"og:title\" content=\"Alcalde dialoga para reabrir el paso al relleno sanitario -\" \/>\n<meta property=\"og:url\" content=\"https:\/\/luchonoticias.com\/editor\/alcalde-dialoga-para-reabrir-el-paso-al-relleno-sanitario\/\" \/>\n<meta property=\"article:publisher\" content=\"https:\/\/www.facebook.com\/luchonoticiasneiva\" \/>\n<meta property=\"article:author\" content=\"https:\/\/www.facebook.com\/luchonoticiasneiva\" \/>\n<meta property=\"article:published_time\" content=\"2022-08-24T14:52:10+00:00\" \/>\n<meta property=\"article:modified_time\" content=\"2022-08-24T14:52:11+00:00\" \/>\n<meta name=\"author\" content=\"admin\" \/>\n<meta name=\"twitter:card\" content=\"summary_large_image\" \/>\n<meta name=\"twitter:label1\" content=\"Escrito por\" \/>\n\t<meta name=\"twitter:data1\" content=\"admin\" \/>\n\t<meta name=\"twitter:label2\" content=\"Tiempo de lectura\" \/>\n\t<meta name=\"twitter:data2\" content=\"1 minuto\" \/>\n<script type=\"application\/ld+json\" class=\"yoast-schema-graph\">{\"@context\":\"https:\/\/schema.org\",\"@graph\":[{\"@type\":\"Article\",\"@id\":\"https:\/\/luchonoticias.com\/editor\/alcalde-dialoga-para-reabrir-el-paso-al-relleno-sanitario\/#article\",\"isPartOf\":{\"@id\":\"https:\/\/luchonoticias.com\/editor\/alcalde-dialoga-para-reabrir-el-paso-al-relleno-sanitario\/\"},\"author\":{\"name\":\"admin\",\"@id\":\"https:\/\/luchonoticias.com\/editor\/#\/schema\/person\/7a7fd911f58561fd056dbac7b55af9cd\"},\"headline\":\"Alcalde dialoga para reabrir el paso al relleno sanitario\",\"datePublished\":\"2022-08-24T14:52:10+00:00\",\"dateModified\":\"2022-08-24T14:52:11+00:00\",\"mainEntityOfPage\":{\"@id\":\"https:\/\/luchonoticias.com\/editor\/alcalde-dialoga-para-reabrir-el-paso-al-relleno-sanitario\/\"},\"wordCount\":176,\"commentCount\":0,\"publisher\":{\"@id\":\"https:\/\/luchonoticias.com\/editor\/#\/schema\/person\/7a7fd911f58561fd056dbac7b55af9cd\"},\"articleSection\":[\"Local\"],\"inLanguage\":\"es\",\"potentialAction\":[{\"@type\":\"CommentAction\",\"name\":\"Comment\",\"target\":[\"https:\/\/luchonoticias.com\/editor\/alcalde-dialoga-para-reabrir-el-paso-al-relleno-sanitario\/#respond\"]}]},{\"@type\":\"WebPage\",\"@id\":\"https:\/\/luchonoticias.com\/editor\/alcalde-dialoga-para-reabrir-el-paso-al-relleno-sanitario\/\",\"url\":\"https:\/\/luchonoticias.com\/editor\/alcalde-dialoga-para-reabrir-el-paso-al-relleno-sanitario\/\",\"name\":\"Alcalde dialoga para reabrir el paso al relleno sanitario -\",\"isPartOf\":{\"@id\":\"https:\/\/luchonoticias.com\/editor\/#website\"},\"datePublished\":\"2022-08-24T14:52:10+00:00\",\"dateModified\":\"2022-08-24T14:52:11+00:00\",\"breadcrumb\":{\"@id\":\"https:\/\/luchonoticias.com\/editor\/alcalde-dialoga-para-reabrir-el-paso-al-relleno-sanitario\/#breadcrumb\"},\"inLanguage\":\"es\",\"potentialAction\":[{\"@type\":\"ReadAction\",\"target\":[\"https:\/\/luchonoticias.com\/editor\/alcalde-dialoga-para-reabrir-el-paso-al-relleno-sanitario\/\"]}]},{\"@type\":\"BreadcrumbList\",\"@id\":\"https:\/\/luchonoticias.com\/editor\/alcalde-dialoga-para-reabrir-el-paso-al-relleno-sanitario\/#breadcrumb\",\"itemListElement\":[{\"@type\":\"ListItem\",\"position\":1,\"name\":\"Portada\",\"item\":\"https:\/\/luchonoticias.com\/editor\/\"},{\"@type\":\"ListItem\",\"position\":2,\"name\":\"Alcalde dialoga para reabrir el paso al relleno sanitario\"}]},{\"@type\":\"WebSite\",\"@id\":\"https:\/\/luchonoticias.com\/editor\/#website\",\"url\":\"https:\/\/luchonoticias.com\/editor\/\",\"name\":\"\",\"description\":\"\",\"publisher\":{\"@id\":\"https:\/\/luchonoticias.com\/editor\/#\/schema\/person\/7a7fd911f58561fd056dbac7b55af9cd\"},\"potentialAction\":[{\"@type\":\"SearchAction\",\"target\":{\"@type\":\"EntryPoint\",\"urlTemplate\":\"https:\/\/luchonoticias.com\/editor\/?s={search_term_string}\"},\"query-input\":{\"@type\":\"PropertyValueSpecification\",\"valueRequired\":true,\"valueName\":\"search_term_string\"}}],\"inLanguage\":\"es\"},{\"@type\":[\"Person\",\"Organization\"],\"@id\":\"https:\/\/luchonoticias.com\/editor\/#\/schema\/person\/7a7fd911f58561fd056dbac7b55af9cd\",\"name\":\"admin\",\"image\":{\"@type\":\"ImageObject\",\"inLanguage\":\"es\",\"@id\":\"https:\/\/luchonoticias.com\/editor\/#\/schema\/person\/image\/\",\"url\":\"https:\/\/luchonoticias.com\/editor\/wp-content\/uploads\/2024\/02\/cropped-cropped-logolu.webp\",\"contentUrl\":\"https:\/\/luchonoticias.com\/editor\/wp-content\/uploads\/2024\/02\/cropped-cropped-logolu.webp\",\"width\":382,\"height\":170,\"caption\":\"admin\"},\"logo\":{\"@id\":\"https:\/\/luchonoticias.com\/editor\/#\/schema\/person\/image\/\"},\"sameAs\":[\"https:\/\/www.facebook.com\/luchonoticiasneiva\"],\"url\":\"https:\/\/luchonoticias.com\/editor\/author\/admin\/\"}]}<\/script>\n<!-- \/ Yoast SEO plugin. -->","yoast_head_json":{"title":"Alcalde dialoga para reabrir el paso al relleno sanitario -","robots":{"index":"index","follow":"follow","max-snippet":"max-snippet:-1","max-image-preview":"max-image-preview:large","max-video-preview":"max-video-preview:-1"},"canonical":"https:\/\/luchonoticias.com\/editor\/alcalde-dialoga-para-reabrir-el-paso-al-relleno-sanitario\/","og_locale":"es_ES","og_type":"article","og_title":"Alcalde dialoga para reabrir el paso al relleno sanitario -","og_url":"https:\/\/luchonoticias.com\/editor\/alcalde-dialoga-para-reabrir-el-paso-al-relleno-sanitario\/","article_publisher":"https:\/\/www.facebook.com\/luchonoticiasneiva","article_author":"https:\/\/www.facebook.com\/luchonoticiasneiva","article_published_time":"2022-08-24T14:52:10+00:00","article_modified_time":"2022-08-24T14:52:11+00:00","author":"admin","twitter_card":"summary_large_image","twitter_misc":{"Escrito por":"admin","Tiempo de lectura":"1 minuto"},"schema":{"@context":"https:\/\/schema.org","@graph":[{"@type":"Article","@id":"https:\/\/luchonoticias.com\/editor\/alcalde-dialoga-para-reabrir-el-paso-al-relleno-sanitario\/#article","isPartOf":{"@id":"https:\/\/luchonoticias.com\/editor\/alcalde-dialoga-para-reabrir-el-paso-al-relleno-sanitario\/"},"author":{"name":"admin","@id":"https:\/\/luchonoticias.com\/editor\/#\/schema\/person\/7a7fd911f58561fd056dbac7b55af9cd"},"headline":"Alcalde dialoga para reabrir el paso al relleno sanitario","datePublished":"2022-08-24T14:52:10+00:00","dateModified":"2022-08-24T14:52:11+00:00","mainEntityOfPage":{"@id":"https:\/\/luchonoticias.com\/editor\/alcalde-dialoga-para-reabrir-el-paso-al-relleno-sanitario\/"},"wordCount":176,"commentCount":0,"publisher":{"@id":"https:\/\/luchonoticias.com\/editor\/#\/schema\/person\/7a7fd911f58561fd056dbac7b55af9cd"},"articleSection":["Local"],"inLanguage":"es","potentialAction":[{"@type":"CommentAction","name":"Comment","target":["https:\/\/luchonoticias.com\/editor\/alcalde-dialoga-para-reabrir-el-paso-al-relleno-sanitario\/#respond"]}]},{"@type":"WebPage","@id":"https:\/\/luchonoticias.com\/editor\/alcalde-dialoga-para-reabrir-el-paso-al-relleno-sanitario\/","url":"https:\/\/luchonoticias.com\/editor\/alcalde-dialoga-para-reabrir-el-paso-al-relleno-sanitario\/","name":"Alcalde dialoga para reabrir el paso al relleno sanitario -","isPartOf":{"@id":"https:\/\/luchonoticias.com\/editor\/#website"},"datePublished":"2022-08-24T14:52:10+00:00","dateModified":"2022-08-24T14:52:11+00:00","breadcrumb":{"@id":"https:\/\/luchonoticias.com\/editor\/alcalde-dialoga-para-reabrir-el-paso-al-relleno-sanitario\/#breadcrumb"},"inLanguage":"es","potentialAction":[{"@type":"ReadAction","target":["https:\/\/luchonoticias.com\/editor\/alcalde-dialoga-para-reabrir-el-paso-al-relleno-sanitario\/"]}]},{"@type":"BreadcrumbList","@id":"https:\/\/luchonoticias.com\/editor\/alcalde-dialoga-para-reabrir-el-paso-al-relleno-sanitario\/#breadcrumb","itemListElement":[{"@type":"ListItem","position":1,"name":"Portada","item":"https:\/\/luchonoticias.com\/editor\/"},{"@type":"ListItem","position":2,"name":"Alcalde dialoga para reabrir el paso al relleno sanitario"}]},{"@type":"WebSite","@id":"https:\/\/luchonoticias.com\/editor\/#website","url":"https:\/\/luchonoticias.com\/editor\/","name":"","description":"","publisher":{"@id":"https:\/\/luchonoticias.com\/editor\/#\/schema\/person\/7a7fd911f58561fd056dbac7b55af9cd"},"potentialAction":[{"@type":"SearchAction","target":{"@type":"EntryPoint","urlTemplate":"https:\/\/luchonoticias.com\/editor\/?s={search_term_string}"},"query-input":{"@type":"PropertyValueSpecification","valueRequired":true,"valueName":"search_term_string"}}],"inLanguage":"es"},{"@type":["Person","Organization"],"@id":"https:\/\/luchonoticias.com\/editor\/#\/schema\/person\/7a7fd911f58561fd056dbac7b55af9cd","name":"admin","image":{"@type":"ImageObject","inLanguage":"es","@id":"https:\/\/luchonoticias.com\/editor\/#\/schema\/person\/image\/","url":"https:\/\/luchonoticias.com\/editor\/wp-content\/uploads\/2024\/02\/cropped-cropped-logolu.webp","contentUrl":"https:\/\/luchonoticias.com\/editor\/wp-content\/uploads\/2024\/02\/cropped-cropped-logolu.webp","width":382,"height":170,"caption":"admin"},"logo":{"@id":"https:\/\/luchonoticias.com\/editor\/#\/schema\/person\/image\/"},"sameAs":["https:\/\/www.facebook.com\/luchonoticiasneiva"],"url":"https:\/\/luchonoticias.com\/editor\/author\/admin\/"}]}},"_links":{"self":[{"href":"https:\/\/luchonoticias.com\/editor\/wp-json\/wp\/v2\/posts\/32921","targetHints":{"allow":["GET"]}}],"collection":[{"href":"https:\/\/luchonoticias.com\/editor\/wp-json\/wp\/v2\/posts"}],"about":[{"href":"https:\/\/luchonoticias.com\/editor\/wp-json\/wp\/v2\/types\/post"}],"author":[{"embeddable":true,"href":"https:\/\/luchonoticias.com\/editor\/wp-json\/wp\/v2\/users\/1"}],"replies":[{"embeddable":true,"href":"https:\/\/luchonoticias.com\/editor\/wp-json\/wp\/v2\/comments?post=32921"}],"version-history":[{"count":0,"href":"https:\/\/luchonoticias.com\/editor\/wp-json\/wp\/v2\/posts\/32921\/revisions"}],"wp:attachment":[{"href":"https:\/\/luchonoticias.com\/editor\/wp-json\/wp\/v2\/media?parent=32921"}],"wp:term":[{"taxonomy":"category","embeddable":true,"href":"https:\/\/luchonoticias.com\/editor\/wp-json\/wp\/v2\/categories?post=32921"},{"taxonomy":"post_tag","embeddable":true,"href":"https:\/\/luchonoticias.com\/editor\/wp-json\/wp\/v2\/tags?post=32921"}],"curies":[{"name":"wp","href":"https:\/\/api.w.org\/{rel}","templated":true}]}}