{"id":32927,"date":"2022-08-24T13:59:31","date_gmt":"2022-08-24T18:59:31","guid":{"rendered":"https:\/\/luchonoticias.com\/?p=32927"},"modified":"2022-08-24T14:23:01","modified_gmt":"2022-08-24T19:23:01","slug":"ya-tenemos-tuberia-y-permiso-para-solucionar-contaminacion-ambiental-de-las-ceibas-gloria-vanegas","status":"publish","type":"post","link":"https:\/\/luchonoticias.com\/editor\/ya-tenemos-tuberia-y-permiso-para-solucionar-contaminacion-ambiental-de-las-ceibas-gloria-vanegas\/","title":{"rendered":"Ya tenemos tuber\u00eda y permiso para solucionar contaminaci\u00f3n ambiental de Las Ceibas: Gloria Vanegas"},"content":{"rendered":"\n<p>Los trabajos se inician una vez se firme el acta de compromiso con la propietaria del predio afectado con la instalaci\u00f3n de la tuber\u00eda.<\/p>\n\n\n\n<p>Desde el mismo d\u00eda que se present\u00f3 la emergencia de contaminaci\u00f3n ambiental en el sector de El Ed\u00e9n ubicado en la Comuna 10 de Neiva, Las Ceibas \u2013 Empresas P\u00fablicas de Neiva a trav\u00e9s de su gerencia iniciaron los respectivos tr\u00e1mites que permitan a corto tiempo hacer la respectiva intervenci\u00f3n del da\u00f1o presentado por una creciente s\u00fabita del R\u00edo Las Ceibas.<\/p>\n\n\n\n<figure class=\"wp-block-gallery has-nested-images columns-default is-cropped wp-block-gallery-1 is-layout-flex wp-block-gallery-is-layout-flex\">\n<figure class=\"wp-block-image size-large\"><img decoding=\"async\" data-id=\"32931\" src=\"https:\/\/luchonoticias.com\/wp-content\/uploads\/2022\/08\/WhatsApp-Image-2022-08-24-at-12.32.46-PM-3-1024x768.jpeg\" alt=\"\" class=\"wp-image-32931\"\/><\/figure>\n\n\n\n<figure class=\"wp-block-image size-large\"><img decoding=\"async\" data-id=\"32929\" src=\"https:\/\/luchonoticias.com\/wp-content\/uploads\/2022\/08\/WhatsApp-Image-2022-08-24-at-12.32.46-PM-1024x768.jpeg\" alt=\"\" class=\"wp-image-32929\"\/><\/figure>\n\n\n\n<figure class=\"wp-block-image size-large\"><img decoding=\"async\" data-id=\"32930\" src=\"https:\/\/luchonoticias.com\/wp-content\/uploads\/2022\/08\/WhatsApp-Image-2022-08-24-at-12.32.45-PM-1024x768.jpeg\" alt=\"\" class=\"wp-image-32930\"\/><\/figure>\n<\/figure>\n\n\n\n<p>El proceso para subsanar esta emergencia ambiental supone la reinstalaci\u00f3n de la tuber\u00eda de aguas residuales de 42 pulgadas.<\/p>\n\n\n\n<p><strong>\u00bfQu\u00e9 ha sucedido?<\/strong><\/p>\n\n\n\n<p>Precisamente la propia gerente de Las Ceibas, Gloria Constanza Vanegas Guti\u00e9rrez, visit\u00f3 el lugar en compa\u00f1\u00eda del subgerente t\u00e9cnico de la entidad; all\u00ed, en terreno, se evidenci\u00f3 el da\u00f1o y de una vez se plante\u00f3 la soluci\u00f3n a esta problem\u00e1tica.<\/p>\n\n\n\n<p>De acuerdo con Gloria Vanegas, en el sector se presentan dos problemas. Uno, es el desvi\u00f3 del cauce del r\u00edo por parte de una trituradora que opera en este sector y el otro es que cuando se han presentado crecientes s\u00fabitas, afecta que las avalanchas afecten la tuber\u00eda, que es el problema que hoy d\u00eda se ha presentado.<\/p>\n\n\n\n<figure class=\"wp-block-gallery has-nested-images columns-default is-cropped wp-block-gallery-2 is-layout-flex wp-block-gallery-is-layout-flex\">\n<figure class=\"wp-block-image size-large\"><img decoding=\"async\" data-id=\"32932\" src=\"https:\/\/luchonoticias.com\/wp-content\/uploads\/2022\/08\/WhatsApp-Image-2022-08-24-at-12.32.46-PM-2-1024x768.jpeg\" alt=\"\" class=\"wp-image-32932\"\/><\/figure>\n\n\n\n<figure class=\"wp-block-image size-large\"><img decoding=\"async\" data-id=\"32933\" src=\"https:\/\/luchonoticias.com\/wp-content\/uploads\/2022\/08\/WhatsApp-Image-2022-08-24-at-12.32.46-PM-1-1024x768.jpeg\" alt=\"\" class=\"wp-image-32933\"\/><\/figure>\n<\/figure>\n\n\n\n<p><strong>Compromiso de Las Ceibas<\/strong><\/p>\n\n\n\n<p>Para Gloria Vanegas, gerente de Las Ceibas \u2013 Empresas P\u00fablicas de Neiva, al d\u00eda de hoy ya la empresa tiene en su poder la respectiva tuber\u00eda que debe ser instalada en el tramo afectado y ahora lo que viene es entablar un dialogo y concertaci\u00f3n con la due\u00f1a del predio para poder iniciar trabajos y superar lo m\u00e1s pronto esta emergencia de contaminaci\u00f3n ambiental.<\/p>\n\n\n\n<p>\u201cCon la due\u00f1a del predio ya hemos tenido unos di\u00e1logos preliminares y est\u00e1 dispuesta a la firma de un acta de concertaci\u00f3n y compromiso, donde nosotros como Las Ceibas y funcionarios p\u00fablicos estamos inmersos en una tramitolog\u00eda y en donde se tienen que hacer unos aval\u00faos que son demorados\u201d sostuvo la gerente de Las Ceibas \u2013 EPN.<\/p>\n\n\n\n<p>Al d\u00eda de hoy, Las Ceibas, viene adelantando el respectivo tr\u00e1mite de pago que exige la propietaria del terreno toda vez que ella, aduce que con los trabajos que se adelanten ha de perder una labranza que tiene en su propiedad y la cual ha valorado en el precio estimado que pide a la entidad por da\u00f1os y perjuicios.<\/p>\n\n\n\n<p>\u201cNosotros no queremos perjudicar a la se\u00f1ora, sino m\u00e1s que a trav\u00e9s del dialogo que es nuestra premisa y no a la fuerza, hacer esta acta y cuando nos llegue la indemnizaci\u00f3n pues procedemos a hacer el pago de la misma y tener un acuerdo mutuo entre las dos partes\u201d<\/p>\n\n\n\n<p><strong>Mejorar la calidad de vida<\/strong><\/p>\n\n\n\n<p>Tal como lo ha manifestado el alcalde de Neiva, Gorky Mu\u00f1oz Calder\u00f3n, una de las premisas en materia de acueducto y alcantarillado es el mejoramiento de la calidad de vida de los neivanos y para ello, es que a diario se hacen todo tipo de acciones tendientes a reafirmar este compromiso por y para los neivanos.<\/p>\n\n\n\n<p>Al respecto, la gerente de Las Ceibas, reiter\u00f3 una vez m\u00e1s que desde el mismo d\u00eda que se conoci\u00f3 la emergencia se emplaz\u00f3 a la subgerencia t\u00e9cnica precisamente para dar atenci\u00f3n oportuna a esta emergencia.<\/p>\n\n\n\n<p>\u201cHay soluciones que a veces no son tan r\u00e1pidas porque estamos inmersos en tr\u00e1mites que ya los estamos cumpliendo pero que a trav\u00e9s del dialogo, lo vamos a concertar para que la se\u00f1ora lo antes posible nos deje iniciar los trabajos\u201d.<\/p>\n","protected":false},"excerpt":{"rendered":"<p>Los trabajos se inician una vez se firme el acta de compromiso con la propietaria del predio afectado con la instalaci\u00f3n de la tuber\u00eda. Desde el mismo d\u00eda que se present\u00f3 la emergencia de contaminaci\u00f3n ambiental en el sector de El Ed\u00e9n ubicado en la Comuna 10 de Neiva, Las Ceibas \u2013 Empresas P\u00fablicas de [&hellip;]<\/p>\n","protected":false},"author":1,"featured_media":0,"comment_status":"open","ping_status":"open","sticky":false,"template":"","format":"standard","meta":{"footnotes":""},"categories":[36,31],"tags":[],"class_list":["post-32927","post","type-post","status-publish","format-standard","hentry","category-destacado","category-local"],"yoast_head":"<!-- This site is optimized with the Yoast SEO plugin v26.6 - https:\/\/yoast.com\/wordpress\/plugins\/seo\/ -->\n<title>Ya tenemos tuber\u00eda y permiso para solucionar contaminaci\u00f3n ambiental de Las Ceibas: Gloria Vanegas -<\/title>\n<meta name=\"robots\" content=\"index, follow, max-snippet:-1, max-image-preview:large, max-video-preview:-1\" \/>\n<link rel=\"canonical\" href=\"https:\/\/luchonoticias.com\/editor\/ya-tenemos-tuberia-y-permiso-para-solucionar-contaminacion-ambiental-de-las-ceibas-gloria-vanegas\/\" \/>\n<meta property=\"og:locale\" content=\"es_ES\" \/>\n<meta property=\"og:type\" content=\"article\" \/>\n<meta property=\"og:title\" content=\"Ya tenemos tuber\u00eda y permiso para solucionar contaminaci\u00f3n ambiental de Las Ceibas: Gloria Vanegas -\" \/>\n<meta property=\"og:url\" content=\"https:\/\/luchonoticias.com\/editor\/ya-tenemos-tuberia-y-permiso-para-solucionar-contaminacion-ambiental-de-las-ceibas-gloria-vanegas\/\" \/>\n<meta property=\"article:publisher\" content=\"https:\/\/www.facebook.com\/luchonoticiasneiva\" \/>\n<meta property=\"article:author\" content=\"https:\/\/www.facebook.com\/luchonoticiasneiva\" \/>\n<meta property=\"article:published_time\" content=\"2022-08-24T18:59:31+00:00\" \/>\n<meta property=\"article:modified_time\" content=\"2022-08-24T19:23:01+00:00\" \/>\n<meta property=\"og:image\" content=\"https:\/\/luchonoticias.com\/wp-content\/uploads\/2022\/08\/WhatsApp-Image-2022-08-24-at-12.32.46-PM-3-1024x768.jpeg\" \/>\n<meta name=\"author\" content=\"admin\" \/>\n<meta name=\"twitter:card\" content=\"summary_large_image\" \/>\n<meta name=\"twitter:label1\" content=\"Escrito por\" \/>\n\t<meta name=\"twitter:data1\" content=\"admin\" \/>\n\t<meta name=\"twitter:label2\" content=\"Tiempo de lectura\" \/>\n\t<meta name=\"twitter:data2\" content=\"3 minutos\" \/>\n<script type=\"application\/ld+json\" class=\"yoast-schema-graph\">{\"@context\":\"https:\/\/schema.org\",\"@graph\":[{\"@type\":\"Article\",\"@id\":\"https:\/\/luchonoticias.com\/editor\/ya-tenemos-tuberia-y-permiso-para-solucionar-contaminacion-ambiental-de-las-ceibas-gloria-vanegas\/#article\",\"isPartOf\":{\"@id\":\"https:\/\/luchonoticias.com\/editor\/ya-tenemos-tuberia-y-permiso-para-solucionar-contaminacion-ambiental-de-las-ceibas-gloria-vanegas\/\"},\"author\":{\"name\":\"admin\",\"@id\":\"https:\/\/luchonoticias.com\/editor\/#\/schema\/person\/7a7fd911f58561fd056dbac7b55af9cd\"},\"headline\":\"Ya tenemos tuber\u00eda y permiso para solucionar contaminaci\u00f3n ambiental de Las Ceibas: Gloria Vanegas\",\"datePublished\":\"2022-08-24T18:59:31+00:00\",\"dateModified\":\"2022-08-24T19:23:01+00:00\",\"mainEntityOfPage\":{\"@id\":\"https:\/\/luchonoticias.com\/editor\/ya-tenemos-tuberia-y-permiso-para-solucionar-contaminacion-ambiental-de-las-ceibas-gloria-vanegas\/\"},\"wordCount\":641,\"commentCount\":0,\"publisher\":{\"@id\":\"https:\/\/luchonoticias.com\/editor\/#\/schema\/person\/7a7fd911f58561fd056dbac7b55af9cd\"},\"image\":{\"@id\":\"https:\/\/luchonoticias.com\/editor\/ya-tenemos-tuberia-y-permiso-para-solucionar-contaminacion-ambiental-de-las-ceibas-gloria-vanegas\/#primaryimage\"},\"thumbnailUrl\":\"https:\/\/luchonoticias.com\/wp-content\/uploads\/2022\/08\/WhatsApp-Image-2022-08-24-at-12.32.46-PM-3-1024x768.jpeg\",\"articleSection\":[\"Destacado\",\"Local\"],\"inLanguage\":\"es\",\"potentialAction\":[{\"@type\":\"CommentAction\",\"name\":\"Comment\",\"target\":[\"https:\/\/luchonoticias.com\/editor\/ya-tenemos-tuberia-y-permiso-para-solucionar-contaminacion-ambiental-de-las-ceibas-gloria-vanegas\/#respond\"]}]},{\"@type\":\"WebPage\",\"@id\":\"https:\/\/luchonoticias.com\/editor\/ya-tenemos-tuberia-y-permiso-para-solucionar-contaminacion-ambiental-de-las-ceibas-gloria-vanegas\/\",\"url\":\"https:\/\/luchonoticias.com\/editor\/ya-tenemos-tuberia-y-permiso-para-solucionar-contaminacion-ambiental-de-las-ceibas-gloria-vanegas\/\",\"name\":\"Ya tenemos tuber\u00eda y permiso para solucionar contaminaci\u00f3n ambiental de Las Ceibas: Gloria Vanegas -\",\"isPartOf\":{\"@id\":\"https:\/\/luchonoticias.com\/editor\/#website\"},\"primaryImageOfPage\":{\"@id\":\"https:\/\/luchonoticias.com\/editor\/ya-tenemos-tuberia-y-permiso-para-solucionar-contaminacion-ambiental-de-las-ceibas-gloria-vanegas\/#primaryimage\"},\"image\":{\"@id\":\"https:\/\/luchonoticias.com\/editor\/ya-tenemos-tuberia-y-permiso-para-solucionar-contaminacion-ambiental-de-las-ceibas-gloria-vanegas\/#primaryimage\"},\"thumbnailUrl\":\"https:\/\/luchonoticias.com\/wp-content\/uploads\/2022\/08\/WhatsApp-Image-2022-08-24-at-12.32.46-PM-3-1024x768.jpeg\",\"datePublished\":\"2022-08-24T18:59:31+00:00\",\"dateModified\":\"2022-08-24T19:23:01+00:00\",\"breadcrumb\":{\"@id\":\"https:\/\/luchonoticias.com\/editor\/ya-tenemos-tuberia-y-permiso-para-solucionar-contaminacion-ambiental-de-las-ceibas-gloria-vanegas\/#breadcrumb\"},\"inLanguage\":\"es\",\"potentialAction\":[{\"@type\":\"ReadAction\",\"target\":[\"https:\/\/luchonoticias.com\/editor\/ya-tenemos-tuberia-y-permiso-para-solucionar-contaminacion-ambiental-de-las-ceibas-gloria-vanegas\/\"]}]},{\"@type\":\"ImageObject\",\"inLanguage\":\"es\",\"@id\":\"https:\/\/luchonoticias.com\/editor\/ya-tenemos-tuberia-y-permiso-para-solucionar-contaminacion-ambiental-de-las-ceibas-gloria-vanegas\/#primaryimage\",\"url\":\"https:\/\/luchonoticias.com\/wp-content\/uploads\/2022\/08\/WhatsApp-Image-2022-08-24-at-12.32.46-PM-3-1024x768.jpeg\",\"contentUrl\":\"https:\/\/luchonoticias.com\/wp-content\/uploads\/2022\/08\/WhatsApp-Image-2022-08-24-at-12.32.46-PM-3-1024x768.jpeg\"},{\"@type\":\"BreadcrumbList\",\"@id\":\"https:\/\/luchonoticias.com\/editor\/ya-tenemos-tuberia-y-permiso-para-solucionar-contaminacion-ambiental-de-las-ceibas-gloria-vanegas\/#breadcrumb\",\"itemListElement\":[{\"@type\":\"ListItem\",\"position\":1,\"name\":\"Portada\",\"item\":\"https:\/\/luchonoticias.com\/editor\/\"},{\"@type\":\"ListItem\",\"position\":2,\"name\":\"Ya tenemos tuber\u00eda y permiso para solucionar contaminaci\u00f3n ambiental de Las Ceibas: Gloria Vanegas\"}]},{\"@type\":\"WebSite\",\"@id\":\"https:\/\/luchonoticias.com\/editor\/#website\",\"url\":\"https:\/\/luchonoticias.com\/editor\/\",\"name\":\"\",\"description\":\"\",\"publisher\":{\"@id\":\"https:\/\/luchonoticias.com\/editor\/#\/schema\/person\/7a7fd911f58561fd056dbac7b55af9cd\"},\"potentialAction\":[{\"@type\":\"SearchAction\",\"target\":{\"@type\":\"EntryPoint\",\"urlTemplate\":\"https:\/\/luchonoticias.com\/editor\/?s={search_term_string}\"},\"query-input\":{\"@type\":\"PropertyValueSpecification\",\"valueRequired\":true,\"valueName\":\"search_term_string\"}}],\"inLanguage\":\"es\"},{\"@type\":[\"Person\",\"Organization\"],\"@id\":\"https:\/\/luchonoticias.com\/editor\/#\/schema\/person\/7a7fd911f58561fd056dbac7b55af9cd\",\"name\":\"admin\",\"image\":{\"@type\":\"ImageObject\",\"inLanguage\":\"es\",\"@id\":\"https:\/\/luchonoticias.com\/editor\/#\/schema\/person\/image\/\",\"url\":\"https:\/\/luchonoticias.com\/editor\/wp-content\/uploads\/2024\/02\/cropped-cropped-logolu.webp\",\"contentUrl\":\"https:\/\/luchonoticias.com\/editor\/wp-content\/uploads\/2024\/02\/cropped-cropped-logolu.webp\",\"width\":382,\"height\":170,\"caption\":\"admin\"},\"logo\":{\"@id\":\"https:\/\/luchonoticias.com\/editor\/#\/schema\/person\/image\/\"},\"sameAs\":[\"https:\/\/www.facebook.com\/luchonoticiasneiva\"],\"url\":\"https:\/\/luchonoticias.com\/editor\/author\/admin\/\"}]}<\/script>\n<!-- \/ Yoast SEO plugin. -->","yoast_head_json":{"title":"Ya tenemos tuber\u00eda y permiso para solucionar contaminaci\u00f3n ambiental de Las Ceibas: Gloria Vanegas -","robots":{"index":"index","follow":"follow","max-snippet":"max-snippet:-1","max-image-preview":"max-image-preview:large","max-video-preview":"max-video-preview:-1"},"canonical":"https:\/\/luchonoticias.com\/editor\/ya-tenemos-tuberia-y-permiso-para-solucionar-contaminacion-ambiental-de-las-ceibas-gloria-vanegas\/","og_locale":"es_ES","og_type":"article","og_title":"Ya tenemos tuber\u00eda y permiso para solucionar contaminaci\u00f3n ambiental de Las Ceibas: Gloria Vanegas -","og_url":"https:\/\/luchonoticias.com\/editor\/ya-tenemos-tuberia-y-permiso-para-solucionar-contaminacion-ambiental-de-las-ceibas-gloria-vanegas\/","article_publisher":"https:\/\/www.facebook.com\/luchonoticiasneiva","article_author":"https:\/\/www.facebook.com\/luchonoticiasneiva","article_published_time":"2022-08-24T18:59:31+00:00","article_modified_time":"2022-08-24T19:23:01+00:00","og_image":[{"url":"https:\/\/luchonoticias.com\/wp-content\/uploads\/2022\/08\/WhatsApp-Image-2022-08-24-at-12.32.46-PM-3-1024x768.jpeg","type":"","width":"","height":""}],"author":"admin","twitter_card":"summary_large_image","twitter_misc":{"Escrito por":"admin","Tiempo de lectura":"3 minutos"},"schema":{"@context":"https:\/\/schema.org","@graph":[{"@type":"Article","@id":"https:\/\/luchonoticias.com\/editor\/ya-tenemos-tuberia-y-permiso-para-solucionar-contaminacion-ambiental-de-las-ceibas-gloria-vanegas\/#article","isPartOf":{"@id":"https:\/\/luchonoticias.com\/editor\/ya-tenemos-tuberia-y-permiso-para-solucionar-contaminacion-ambiental-de-las-ceibas-gloria-vanegas\/"},"author":{"name":"admin","@id":"https:\/\/luchonoticias.com\/editor\/#\/schema\/person\/7a7fd911f58561fd056dbac7b55af9cd"},"headline":"Ya tenemos tuber\u00eda y permiso para solucionar contaminaci\u00f3n ambiental de Las Ceibas: Gloria Vanegas","datePublished":"2022-08-24T18:59:31+00:00","dateModified":"2022-08-24T19:23:01+00:00","mainEntityOfPage":{"@id":"https:\/\/luchonoticias.com\/editor\/ya-tenemos-tuberia-y-permiso-para-solucionar-contaminacion-ambiental-de-las-ceibas-gloria-vanegas\/"},"wordCount":641,"commentCount":0,"publisher":{"@id":"https:\/\/luchonoticias.com\/editor\/#\/schema\/person\/7a7fd911f58561fd056dbac7b55af9cd"},"image":{"@id":"https:\/\/luchonoticias.com\/editor\/ya-tenemos-tuberia-y-permiso-para-solucionar-contaminacion-ambiental-de-las-ceibas-gloria-vanegas\/#primaryimage"},"thumbnailUrl":"https:\/\/luchonoticias.com\/wp-content\/uploads\/2022\/08\/WhatsApp-Image-2022-08-24-at-12.32.46-PM-3-1024x768.jpeg","articleSection":["Destacado","Local"],"inLanguage":"es","potentialAction":[{"@type":"CommentAction","name":"Comment","target":["https:\/\/luchonoticias.com\/editor\/ya-tenemos-tuberia-y-permiso-para-solucionar-contaminacion-ambiental-de-las-ceibas-gloria-vanegas\/#respond"]}]},{"@type":"WebPage","@id":"https:\/\/luchonoticias.com\/editor\/ya-tenemos-tuberia-y-permiso-para-solucionar-contaminacion-ambiental-de-las-ceibas-gloria-vanegas\/","url":"https:\/\/luchonoticias.com\/editor\/ya-tenemos-tuberia-y-permiso-para-solucionar-contaminacion-ambiental-de-las-ceibas-gloria-vanegas\/","name":"Ya tenemos tuber\u00eda y permiso para solucionar contaminaci\u00f3n ambiental de Las Ceibas: Gloria Vanegas -","isPartOf":{"@id":"https:\/\/luchonoticias.com\/editor\/#website"},"primaryImageOfPage":{"@id":"https:\/\/luchonoticias.com\/editor\/ya-tenemos-tuberia-y-permiso-para-solucionar-contaminacion-ambiental-de-las-ceibas-gloria-vanegas\/#primaryimage"},"image":{"@id":"https:\/\/luchonoticias.com\/editor\/ya-tenemos-tuberia-y-permiso-para-solucionar-contaminacion-ambiental-de-las-ceibas-gloria-vanegas\/#primaryimage"},"thumbnailUrl":"https:\/\/luchonoticias.com\/wp-content\/uploads\/2022\/08\/WhatsApp-Image-2022-08-24-at-12.32.46-PM-3-1024x768.jpeg","datePublished":"2022-08-24T18:59:31+00:00","dateModified":"2022-08-24T19:23:01+00:00","breadcrumb":{"@id":"https:\/\/luchonoticias.com\/editor\/ya-tenemos-tuberia-y-permiso-para-solucionar-contaminacion-ambiental-de-las-ceibas-gloria-vanegas\/#breadcrumb"},"inLanguage":"es","potentialAction":[{"@type":"ReadAction","target":["https:\/\/luchonoticias.com\/editor\/ya-tenemos-tuberia-y-permiso-para-solucionar-contaminacion-ambiental-de-las-ceibas-gloria-vanegas\/"]}]},{"@type":"ImageObject","inLanguage":"es","@id":"https:\/\/luchonoticias.com\/editor\/ya-tenemos-tuberia-y-permiso-para-solucionar-contaminacion-ambiental-de-las-ceibas-gloria-vanegas\/#primaryimage","url":"https:\/\/luchonoticias.com\/wp-content\/uploads\/2022\/08\/WhatsApp-Image-2022-08-24-at-12.32.46-PM-3-1024x768.jpeg","contentUrl":"https:\/\/luchonoticias.com\/wp-content\/uploads\/2022\/08\/WhatsApp-Image-2022-08-24-at-12.32.46-PM-3-1024x768.jpeg"},{"@type":"BreadcrumbList","@id":"https:\/\/luchonoticias.com\/editor\/ya-tenemos-tuberia-y-permiso-para-solucionar-contaminacion-ambiental-de-las-ceibas-gloria-vanegas\/#breadcrumb","itemListElement":[{"@type":"ListItem","position":1,"name":"Portada","item":"https:\/\/luchonoticias.com\/editor\/"},{"@type":"ListItem","position":2,"name":"Ya tenemos tuber\u00eda y permiso para solucionar contaminaci\u00f3n ambiental de Las Ceibas: Gloria Vanegas"}]},{"@type":"WebSite","@id":"https:\/\/luchonoticias.com\/editor\/#website","url":"https:\/\/luchonoticias.com\/editor\/","name":"","description":"","publisher":{"@id":"https:\/\/luchonoticias.com\/editor\/#\/schema\/person\/7a7fd911f58561fd056dbac7b55af9cd"},"potentialAction":[{"@type":"SearchAction","target":{"@type":"EntryPoint","urlTemplate":"https:\/\/luchonoticias.com\/editor\/?s={search_term_string}"},"query-input":{"@type":"PropertyValueSpecification","valueRequired":true,"valueName":"search_term_string"}}],"inLanguage":"es"},{"@type":["Person","Organization"],"@id":"https:\/\/luchonoticias.com\/editor\/#\/schema\/person\/7a7fd911f58561fd056dbac7b55af9cd","name":"admin","image":{"@type":"ImageObject","inLanguage":"es","@id":"https:\/\/luchonoticias.com\/editor\/#\/schema\/person\/image\/","url":"https:\/\/luchonoticias.com\/editor\/wp-content\/uploads\/2024\/02\/cropped-cropped-logolu.webp","contentUrl":"https:\/\/luchonoticias.com\/editor\/wp-content\/uploads\/2024\/02\/cropped-cropped-logolu.webp","width":382,"height":170,"caption":"admin"},"logo":{"@id":"https:\/\/luchonoticias.com\/editor\/#\/schema\/person\/image\/"},"sameAs":["https:\/\/www.facebook.com\/luchonoticiasneiva"],"url":"https:\/\/luchonoticias.com\/editor\/author\/admin\/"}]}},"_links":{"self":[{"href":"https:\/\/luchonoticias.com\/editor\/wp-json\/wp\/v2\/posts\/32927","targetHints":{"allow":["GET"]}}],"collection":[{"href":"https:\/\/luchonoticias.com\/editor\/wp-json\/wp\/v2\/posts"}],"about":[{"href":"https:\/\/luchonoticias.com\/editor\/wp-json\/wp\/v2\/types\/post"}],"author":[{"embeddable":true,"href":"https:\/\/luchonoticias.com\/editor\/wp-json\/wp\/v2\/users\/1"}],"replies":[{"embeddable":true,"href":"https:\/\/luchonoticias.com\/editor\/wp-json\/wp\/v2\/comments?post=32927"}],"version-history":[{"count":0,"href":"https:\/\/luchonoticias.com\/editor\/wp-json\/wp\/v2\/posts\/32927\/revisions"}],"wp:attachment":[{"href":"https:\/\/luchonoticias.com\/editor\/wp-json\/wp\/v2\/media?parent=32927"}],"wp:term":[{"taxonomy":"category","embeddable":true,"href":"https:\/\/luchonoticias.com\/editor\/wp-json\/wp\/v2\/categories?post=32927"},{"taxonomy":"post_tag","embeddable":true,"href":"https:\/\/luchonoticias.com\/editor\/wp-json\/wp\/v2\/tags?post=32927"}],"curies":[{"name":"wp","href":"https:\/\/api.w.org\/{rel}","templated":true}]}}