{"id":32938,"date":"2022-08-24T14:12:06","date_gmt":"2022-08-24T19:12:06","guid":{"rendered":"https:\/\/luchonoticias.com\/?p=32938"},"modified":"2022-08-24T14:12:07","modified_gmt":"2022-08-24T19:12:07","slug":"por-el-hurto-de-un-celular-fue-capturado-alias-el-zarco-en-la-via-hobo-campoalegre-del-huila","status":"publish","type":"post","link":"https:\/\/luchonoticias.com\/editor\/por-el-hurto-de-un-celular-fue-capturado-alias-el-zarco-en-la-via-hobo-campoalegre-del-huila\/","title":{"rendered":"Por el hurto de un celular, fue capturado alias \u2018El Zarco\u2019 en la v\u00eda Hobo &#8211; Campoalegre \u00a0del Huila"},"content":{"rendered":"\n<p>Gracias al apoyo de los ciudadanos, usuarios de la v\u00eda Hobo &#8211; Campoalegre en la vereda Los Rosales, se logr\u00f3 la captura de un sujeto de 36 a\u00f1os de edad, conocido como \u2018El Zarco\u2019, el cual, habr\u00eda participado en el hurto a una ciudadana mediante la modalidad de atraco.<\/p>\n\n\n\n<p>\u201cEn el procedimiento se logr\u00f3 la recuperaci\u00f3n de un celular y se inmoviliz\u00f3 la motocicleta en la que hu\u00eda. Se investiga si este sujeto estuviese comprometido en otros hurtos que se han presentado en el sector\u201d, revelaron las autoridades huilenses en un comunicado.<\/p>\n\n\n\n<p>Finalmente se conoci\u00f3 que el sujeto est\u00e1 siendo presentado ante la Fiscal\u00eda URI de turno, como presunto responsable del delito de hurto, calificado y agravado. De igual forma, est\u00e1n tras la individualizaci\u00f3n de un segundo hombre que lo acompa\u00f1aba en el momento del hurto.<\/p>\n","protected":false},"excerpt":{"rendered":"<p>Gracias al apoyo de los ciudadanos, usuarios de la v\u00eda Hobo &#8211; Campoalegre en la vereda Los Rosales, se logr\u00f3 la captura de un sujeto de 36 a\u00f1os de edad, conocido como \u2018El Zarco\u2019, el cual, habr\u00eda participado en el hurto a una ciudadana mediante la modalidad de atraco. \u201cEn el procedimiento se logr\u00f3 la [&hellip;]<\/p>\n","protected":false},"author":1,"featured_media":0,"comment_status":"open","ping_status":"open","sticky":false,"template":"","format":"standard","meta":{"footnotes":""},"categories":[36,29],"tags":[],"class_list":["post-32938","post","type-post","status-publish","format-standard","hentry","category-destacado","category-judicial"],"yoast_head":"<!-- This site is optimized with the Yoast SEO plugin v26.6 - https:\/\/yoast.com\/wordpress\/plugins\/seo\/ -->\n<title>Por el hurto de un celular, fue capturado alias \u2018El Zarco\u2019 en la v\u00eda Hobo - Campoalegre \u00a0del Huila -<\/title>\n<meta name=\"robots\" content=\"index, follow, max-snippet:-1, max-image-preview:large, max-video-preview:-1\" \/>\n<link rel=\"canonical\" href=\"https:\/\/luchonoticias.com\/editor\/por-el-hurto-de-un-celular-fue-capturado-alias-el-zarco-en-la-via-hobo-campoalegre-del-huila\/\" \/>\n<meta property=\"og:locale\" content=\"es_ES\" \/>\n<meta property=\"og:type\" content=\"article\" \/>\n<meta property=\"og:title\" content=\"Por el hurto de un celular, fue capturado alias \u2018El Zarco\u2019 en la v\u00eda Hobo - Campoalegre \u00a0del Huila -\" \/>\n<meta property=\"og:url\" content=\"https:\/\/luchonoticias.com\/editor\/por-el-hurto-de-un-celular-fue-capturado-alias-el-zarco-en-la-via-hobo-campoalegre-del-huila\/\" \/>\n<meta property=\"article:publisher\" content=\"https:\/\/www.facebook.com\/luchonoticiasneiva\" \/>\n<meta property=\"article:author\" content=\"https:\/\/www.facebook.com\/luchonoticiasneiva\" \/>\n<meta property=\"article:published_time\" content=\"2022-08-24T19:12:06+00:00\" \/>\n<meta property=\"article:modified_time\" content=\"2022-08-24T19:12:07+00:00\" \/>\n<meta name=\"author\" content=\"admin\" \/>\n<meta name=\"twitter:card\" content=\"summary_large_image\" \/>\n<meta name=\"twitter:label1\" content=\"Escrito por\" \/>\n\t<meta name=\"twitter:data1\" content=\"admin\" \/>\n\t<meta name=\"twitter:label2\" content=\"Tiempo de lectura\" \/>\n\t<meta name=\"twitter:data2\" content=\"1 minuto\" \/>\n<script type=\"application\/ld+json\" class=\"yoast-schema-graph\">{\"@context\":\"https:\/\/schema.org\",\"@graph\":[{\"@type\":\"Article\",\"@id\":\"https:\/\/luchonoticias.com\/editor\/por-el-hurto-de-un-celular-fue-capturado-alias-el-zarco-en-la-via-hobo-campoalegre-del-huila\/#article\",\"isPartOf\":{\"@id\":\"https:\/\/luchonoticias.com\/editor\/por-el-hurto-de-un-celular-fue-capturado-alias-el-zarco-en-la-via-hobo-campoalegre-del-huila\/\"},\"author\":{\"name\":\"admin\",\"@id\":\"https:\/\/luchonoticias.com\/editor\/#\/schema\/person\/7a7fd911f58561fd056dbac7b55af9cd\"},\"headline\":\"Por el hurto de un celular, fue capturado alias \u2018El Zarco\u2019 en la v\u00eda Hobo &#8211; Campoalegre \u00a0del Huila\",\"datePublished\":\"2022-08-24T19:12:06+00:00\",\"dateModified\":\"2022-08-24T19:12:07+00:00\",\"mainEntityOfPage\":{\"@id\":\"https:\/\/luchonoticias.com\/editor\/por-el-hurto-de-un-celular-fue-capturado-alias-el-zarco-en-la-via-hobo-campoalegre-del-huila\/\"},\"wordCount\":164,\"commentCount\":0,\"publisher\":{\"@id\":\"https:\/\/luchonoticias.com\/editor\/#\/schema\/person\/7a7fd911f58561fd056dbac7b55af9cd\"},\"articleSection\":[\"Destacado\",\"Judicial\"],\"inLanguage\":\"es\",\"potentialAction\":[{\"@type\":\"CommentAction\",\"name\":\"Comment\",\"target\":[\"https:\/\/luchonoticias.com\/editor\/por-el-hurto-de-un-celular-fue-capturado-alias-el-zarco-en-la-via-hobo-campoalegre-del-huila\/#respond\"]}]},{\"@type\":\"WebPage\",\"@id\":\"https:\/\/luchonoticias.com\/editor\/por-el-hurto-de-un-celular-fue-capturado-alias-el-zarco-en-la-via-hobo-campoalegre-del-huila\/\",\"url\":\"https:\/\/luchonoticias.com\/editor\/por-el-hurto-de-un-celular-fue-capturado-alias-el-zarco-en-la-via-hobo-campoalegre-del-huila\/\",\"name\":\"Por el hurto de un celular, fue capturado alias \u2018El Zarco\u2019 en la v\u00eda Hobo - Campoalegre \u00a0del Huila -\",\"isPartOf\":{\"@id\":\"https:\/\/luchonoticias.com\/editor\/#website\"},\"datePublished\":\"2022-08-24T19:12:06+00:00\",\"dateModified\":\"2022-08-24T19:12:07+00:00\",\"breadcrumb\":{\"@id\":\"https:\/\/luchonoticias.com\/editor\/por-el-hurto-de-un-celular-fue-capturado-alias-el-zarco-en-la-via-hobo-campoalegre-del-huila\/#breadcrumb\"},\"inLanguage\":\"es\",\"potentialAction\":[{\"@type\":\"ReadAction\",\"target\":[\"https:\/\/luchonoticias.com\/editor\/por-el-hurto-de-un-celular-fue-capturado-alias-el-zarco-en-la-via-hobo-campoalegre-del-huila\/\"]}]},{\"@type\":\"BreadcrumbList\",\"@id\":\"https:\/\/luchonoticias.com\/editor\/por-el-hurto-de-un-celular-fue-capturado-alias-el-zarco-en-la-via-hobo-campoalegre-del-huila\/#breadcrumb\",\"itemListElement\":[{\"@type\":\"ListItem\",\"position\":1,\"name\":\"Portada\",\"item\":\"https:\/\/luchonoticias.com\/editor\/\"},{\"@type\":\"ListItem\",\"position\":2,\"name\":\"Por el hurto de un celular, fue capturado alias \u2018El Zarco\u2019 en la v\u00eda Hobo &#8211; Campoalegre \u00a0del Huila\"}]},{\"@type\":\"WebSite\",\"@id\":\"https:\/\/luchonoticias.com\/editor\/#website\",\"url\":\"https:\/\/luchonoticias.com\/editor\/\",\"name\":\"\",\"description\":\"\",\"publisher\":{\"@id\":\"https:\/\/luchonoticias.com\/editor\/#\/schema\/person\/7a7fd911f58561fd056dbac7b55af9cd\"},\"potentialAction\":[{\"@type\":\"SearchAction\",\"target\":{\"@type\":\"EntryPoint\",\"urlTemplate\":\"https:\/\/luchonoticias.com\/editor\/?s={search_term_string}\"},\"query-input\":{\"@type\":\"PropertyValueSpecification\",\"valueRequired\":true,\"valueName\":\"search_term_string\"}}],\"inLanguage\":\"es\"},{\"@type\":[\"Person\",\"Organization\"],\"@id\":\"https:\/\/luchonoticias.com\/editor\/#\/schema\/person\/7a7fd911f58561fd056dbac7b55af9cd\",\"name\":\"admin\",\"image\":{\"@type\":\"ImageObject\",\"inLanguage\":\"es\",\"@id\":\"https:\/\/luchonoticias.com\/editor\/#\/schema\/person\/image\/\",\"url\":\"https:\/\/luchonoticias.com\/editor\/wp-content\/uploads\/2024\/02\/cropped-cropped-logolu.webp\",\"contentUrl\":\"https:\/\/luchonoticias.com\/editor\/wp-content\/uploads\/2024\/02\/cropped-cropped-logolu.webp\",\"width\":382,\"height\":170,\"caption\":\"admin\"},\"logo\":{\"@id\":\"https:\/\/luchonoticias.com\/editor\/#\/schema\/person\/image\/\"},\"sameAs\":[\"https:\/\/www.facebook.com\/luchonoticiasneiva\"],\"url\":\"https:\/\/luchonoticias.com\/editor\/author\/admin\/\"}]}<\/script>\n<!-- \/ Yoast SEO plugin. -->","yoast_head_json":{"title":"Por el hurto de un celular, fue capturado alias \u2018El Zarco\u2019 en la v\u00eda Hobo - Campoalegre \u00a0del Huila -","robots":{"index":"index","follow":"follow","max-snippet":"max-snippet:-1","max-image-preview":"max-image-preview:large","max-video-preview":"max-video-preview:-1"},"canonical":"https:\/\/luchonoticias.com\/editor\/por-el-hurto-de-un-celular-fue-capturado-alias-el-zarco-en-la-via-hobo-campoalegre-del-huila\/","og_locale":"es_ES","og_type":"article","og_title":"Por el hurto de un celular, fue capturado alias \u2018El Zarco\u2019 en la v\u00eda Hobo - Campoalegre \u00a0del Huila -","og_url":"https:\/\/luchonoticias.com\/editor\/por-el-hurto-de-un-celular-fue-capturado-alias-el-zarco-en-la-via-hobo-campoalegre-del-huila\/","article_publisher":"https:\/\/www.facebook.com\/luchonoticiasneiva","article_author":"https:\/\/www.facebook.com\/luchonoticiasneiva","article_published_time":"2022-08-24T19:12:06+00:00","article_modified_time":"2022-08-24T19:12:07+00:00","author":"admin","twitter_card":"summary_large_image","twitter_misc":{"Escrito por":"admin","Tiempo de lectura":"1 minuto"},"schema":{"@context":"https:\/\/schema.org","@graph":[{"@type":"Article","@id":"https:\/\/luchonoticias.com\/editor\/por-el-hurto-de-un-celular-fue-capturado-alias-el-zarco-en-la-via-hobo-campoalegre-del-huila\/#article","isPartOf":{"@id":"https:\/\/luchonoticias.com\/editor\/por-el-hurto-de-un-celular-fue-capturado-alias-el-zarco-en-la-via-hobo-campoalegre-del-huila\/"},"author":{"name":"admin","@id":"https:\/\/luchonoticias.com\/editor\/#\/schema\/person\/7a7fd911f58561fd056dbac7b55af9cd"},"headline":"Por el hurto de un celular, fue capturado alias \u2018El Zarco\u2019 en la v\u00eda Hobo &#8211; Campoalegre \u00a0del Huila","datePublished":"2022-08-24T19:12:06+00:00","dateModified":"2022-08-24T19:12:07+00:00","mainEntityOfPage":{"@id":"https:\/\/luchonoticias.com\/editor\/por-el-hurto-de-un-celular-fue-capturado-alias-el-zarco-en-la-via-hobo-campoalegre-del-huila\/"},"wordCount":164,"commentCount":0,"publisher":{"@id":"https:\/\/luchonoticias.com\/editor\/#\/schema\/person\/7a7fd911f58561fd056dbac7b55af9cd"},"articleSection":["Destacado","Judicial"],"inLanguage":"es","potentialAction":[{"@type":"CommentAction","name":"Comment","target":["https:\/\/luchonoticias.com\/editor\/por-el-hurto-de-un-celular-fue-capturado-alias-el-zarco-en-la-via-hobo-campoalegre-del-huila\/#respond"]}]},{"@type":"WebPage","@id":"https:\/\/luchonoticias.com\/editor\/por-el-hurto-de-un-celular-fue-capturado-alias-el-zarco-en-la-via-hobo-campoalegre-del-huila\/","url":"https:\/\/luchonoticias.com\/editor\/por-el-hurto-de-un-celular-fue-capturado-alias-el-zarco-en-la-via-hobo-campoalegre-del-huila\/","name":"Por el hurto de un celular, fue capturado alias \u2018El Zarco\u2019 en la v\u00eda Hobo - Campoalegre \u00a0del Huila -","isPartOf":{"@id":"https:\/\/luchonoticias.com\/editor\/#website"},"datePublished":"2022-08-24T19:12:06+00:00","dateModified":"2022-08-24T19:12:07+00:00","breadcrumb":{"@id":"https:\/\/luchonoticias.com\/editor\/por-el-hurto-de-un-celular-fue-capturado-alias-el-zarco-en-la-via-hobo-campoalegre-del-huila\/#breadcrumb"},"inLanguage":"es","potentialAction":[{"@type":"ReadAction","target":["https:\/\/luchonoticias.com\/editor\/por-el-hurto-de-un-celular-fue-capturado-alias-el-zarco-en-la-via-hobo-campoalegre-del-huila\/"]}]},{"@type":"BreadcrumbList","@id":"https:\/\/luchonoticias.com\/editor\/por-el-hurto-de-un-celular-fue-capturado-alias-el-zarco-en-la-via-hobo-campoalegre-del-huila\/#breadcrumb","itemListElement":[{"@type":"ListItem","position":1,"name":"Portada","item":"https:\/\/luchonoticias.com\/editor\/"},{"@type":"ListItem","position":2,"name":"Por el hurto de un celular, fue capturado alias \u2018El Zarco\u2019 en la v\u00eda Hobo &#8211; Campoalegre \u00a0del Huila"}]},{"@type":"WebSite","@id":"https:\/\/luchonoticias.com\/editor\/#website","url":"https:\/\/luchonoticias.com\/editor\/","name":"","description":"","publisher":{"@id":"https:\/\/luchonoticias.com\/editor\/#\/schema\/person\/7a7fd911f58561fd056dbac7b55af9cd"},"potentialAction":[{"@type":"SearchAction","target":{"@type":"EntryPoint","urlTemplate":"https:\/\/luchonoticias.com\/editor\/?s={search_term_string}"},"query-input":{"@type":"PropertyValueSpecification","valueRequired":true,"valueName":"search_term_string"}}],"inLanguage":"es"},{"@type":["Person","Organization"],"@id":"https:\/\/luchonoticias.com\/editor\/#\/schema\/person\/7a7fd911f58561fd056dbac7b55af9cd","name":"admin","image":{"@type":"ImageObject","inLanguage":"es","@id":"https:\/\/luchonoticias.com\/editor\/#\/schema\/person\/image\/","url":"https:\/\/luchonoticias.com\/editor\/wp-content\/uploads\/2024\/02\/cropped-cropped-logolu.webp","contentUrl":"https:\/\/luchonoticias.com\/editor\/wp-content\/uploads\/2024\/02\/cropped-cropped-logolu.webp","width":382,"height":170,"caption":"admin"},"logo":{"@id":"https:\/\/luchonoticias.com\/editor\/#\/schema\/person\/image\/"},"sameAs":["https:\/\/www.facebook.com\/luchonoticiasneiva"],"url":"https:\/\/luchonoticias.com\/editor\/author\/admin\/"}]}},"_links":{"self":[{"href":"https:\/\/luchonoticias.com\/editor\/wp-json\/wp\/v2\/posts\/32938","targetHints":{"allow":["GET"]}}],"collection":[{"href":"https:\/\/luchonoticias.com\/editor\/wp-json\/wp\/v2\/posts"}],"about":[{"href":"https:\/\/luchonoticias.com\/editor\/wp-json\/wp\/v2\/types\/post"}],"author":[{"embeddable":true,"href":"https:\/\/luchonoticias.com\/editor\/wp-json\/wp\/v2\/users\/1"}],"replies":[{"embeddable":true,"href":"https:\/\/luchonoticias.com\/editor\/wp-json\/wp\/v2\/comments?post=32938"}],"version-history":[{"count":0,"href":"https:\/\/luchonoticias.com\/editor\/wp-json\/wp\/v2\/posts\/32938\/revisions"}],"wp:attachment":[{"href":"https:\/\/luchonoticias.com\/editor\/wp-json\/wp\/v2\/media?parent=32938"}],"wp:term":[{"taxonomy":"category","embeddable":true,"href":"https:\/\/luchonoticias.com\/editor\/wp-json\/wp\/v2\/categories?post=32938"},{"taxonomy":"post_tag","embeddable":true,"href":"https:\/\/luchonoticias.com\/editor\/wp-json\/wp\/v2\/tags?post=32938"}],"curies":[{"name":"wp","href":"https:\/\/api.w.org\/{rel}","templated":true}]}}