{"id":32941,"date":"2022-08-24T14:21:30","date_gmt":"2022-08-24T19:21:30","guid":{"rendered":"https:\/\/luchonoticias.com\/?p=32941"},"modified":"2022-08-24T14:21:31","modified_gmt":"2022-08-24T19:21:31","slug":"abuelitos-gozaron-de-homenaje-realizado-en-su-dia","status":"publish","type":"post","link":"https:\/\/luchonoticias.com\/editor\/abuelitos-gozaron-de-homenaje-realizado-en-su-dia\/","title":{"rendered":"Abuelitos gozaron de homenaje realizado en su d\u00eda"},"content":{"rendered":"\n<p>En el Municipio de San Agust\u00edn se inici\u00f3 la realizaci\u00f3n de una programaci\u00f3n variada que ir\u00e1 hasta lo que queda del mes de agosto, y la cual, se llevar\u00e1 a cabo en cada uno de los municipios del Huila.<\/p>\n\n\n\n<p>\u00abEstamos todos unidos celebrando con las gestoras sociales y alcaldes de los Municipios el D\u00eda Nacional del Adulto Mayor y el Pensionado, buscando visibilizar los derechos de las personas mayores y fomentar un envejecimiento saludable con el desarrollo de actividades l\u00fadicas, recreativas, culturales, folcl\u00f3ricas y de ofertas de servicios, esto de acuerdo a la ley 271 de 1996, que establece conmemorar un d\u00eda tan importante el \u00faltimo domingo del mes de Agosto\u00bb, afirm\u00f3 Claudia Marcela Maya, Jefe se Asuntos Sociales del Gobierno Departamental.<\/p>\n\n\n\n<p>De este modo, dicha celebraci\u00f3n se inici\u00f3 en San Agust\u00edn donde los adultos mayores vivieron una jornada inter generacional con la participaci\u00f3n de j\u00f3venes, en la construcci\u00f3n de cometas que fueron puestas a volar; as\u00ed mismo los adultos mayores participaron de juegos tradicionales y espacios de integraci\u00f3n que reforzaron la estrategia \u2018No Hay Edad que Nos Limite\u2019, de la Gobernaci\u00f3n del Huila.<\/p>\n\n\n\n<p>Hasta este domingo 28 de agosto, los Municipios han programado diversas actividades para el bienestar de las personas de la tercera edad, quienes ser\u00e1n objeto de todo tipo de atenciones fomentando el respeto y amor por las personas mayores del territorio.<\/p>\n\n\n\n<p>Adjunto programaci\u00f3n celebraci\u00f3n del d\u00eda del adulto mayor departamento del Huila &#8211; festival de la generaci\u00f3n Huila &#8211; \u00abNo hay edad que nos limite\u00bb<\/p>\n","protected":false},"excerpt":{"rendered":"<p>En el Municipio de San Agust\u00edn se inici\u00f3 la realizaci\u00f3n de una programaci\u00f3n variada que ir\u00e1 hasta lo que queda del mes de agosto, y la cual, se llevar\u00e1 a cabo en cada uno de los municipios del Huila. \u00abEstamos todos unidos celebrando con las gestoras sociales y alcaldes de los Municipios el D\u00eda Nacional [&hellip;]<\/p>\n","protected":false},"author":1,"featured_media":0,"comment_status":"open","ping_status":"open","sticky":false,"template":"","format":"standard","meta":{"footnotes":""},"categories":[36,35],"tags":[],"class_list":["post-32941","post","type-post","status-publish","format-standard","hentry","category-destacado","category-regional"],"yoast_head":"<!-- This site is optimized with the Yoast SEO plugin v26.6 - https:\/\/yoast.com\/wordpress\/plugins\/seo\/ -->\n<title>Abuelitos gozaron de homenaje realizado en su d\u00eda -<\/title>\n<meta name=\"robots\" content=\"index, follow, max-snippet:-1, max-image-preview:large, max-video-preview:-1\" \/>\n<link rel=\"canonical\" href=\"https:\/\/luchonoticias.com\/editor\/abuelitos-gozaron-de-homenaje-realizado-en-su-dia\/\" \/>\n<meta property=\"og:locale\" content=\"es_ES\" \/>\n<meta property=\"og:type\" content=\"article\" \/>\n<meta property=\"og:title\" content=\"Abuelitos gozaron de homenaje realizado en su d\u00eda -\" \/>\n<meta property=\"og:url\" content=\"https:\/\/luchonoticias.com\/editor\/abuelitos-gozaron-de-homenaje-realizado-en-su-dia\/\" \/>\n<meta property=\"article:publisher\" content=\"https:\/\/www.facebook.com\/luchonoticiasneiva\" \/>\n<meta property=\"article:author\" content=\"https:\/\/www.facebook.com\/luchonoticiasneiva\" \/>\n<meta property=\"article:published_time\" content=\"2022-08-24T19:21:30+00:00\" \/>\n<meta property=\"article:modified_time\" content=\"2022-08-24T19:21:31+00:00\" \/>\n<meta name=\"author\" content=\"admin\" \/>\n<meta name=\"twitter:card\" content=\"summary_large_image\" \/>\n<meta name=\"twitter:label1\" content=\"Escrito por\" \/>\n\t<meta name=\"twitter:data1\" content=\"admin\" \/>\n\t<meta name=\"twitter:label2\" content=\"Tiempo de lectura\" \/>\n\t<meta name=\"twitter:data2\" content=\"1 minuto\" \/>\n<script type=\"application\/ld+json\" class=\"yoast-schema-graph\">{\"@context\":\"https:\/\/schema.org\",\"@graph\":[{\"@type\":\"Article\",\"@id\":\"https:\/\/luchonoticias.com\/editor\/abuelitos-gozaron-de-homenaje-realizado-en-su-dia\/#article\",\"isPartOf\":{\"@id\":\"https:\/\/luchonoticias.com\/editor\/abuelitos-gozaron-de-homenaje-realizado-en-su-dia\/\"},\"author\":{\"name\":\"admin\",\"@id\":\"https:\/\/luchonoticias.com\/editor\/#\/schema\/person\/7a7fd911f58561fd056dbac7b55af9cd\"},\"headline\":\"Abuelitos gozaron de homenaje realizado en su d\u00eda\",\"datePublished\":\"2022-08-24T19:21:30+00:00\",\"dateModified\":\"2022-08-24T19:21:31+00:00\",\"mainEntityOfPage\":{\"@id\":\"https:\/\/luchonoticias.com\/editor\/abuelitos-gozaron-de-homenaje-realizado-en-su-dia\/\"},\"wordCount\":274,\"commentCount\":0,\"publisher\":{\"@id\":\"https:\/\/luchonoticias.com\/editor\/#\/schema\/person\/7a7fd911f58561fd056dbac7b55af9cd\"},\"articleSection\":[\"Destacado\",\"Regional\"],\"inLanguage\":\"es\",\"potentialAction\":[{\"@type\":\"CommentAction\",\"name\":\"Comment\",\"target\":[\"https:\/\/luchonoticias.com\/editor\/abuelitos-gozaron-de-homenaje-realizado-en-su-dia\/#respond\"]}]},{\"@type\":\"WebPage\",\"@id\":\"https:\/\/luchonoticias.com\/editor\/abuelitos-gozaron-de-homenaje-realizado-en-su-dia\/\",\"url\":\"https:\/\/luchonoticias.com\/editor\/abuelitos-gozaron-de-homenaje-realizado-en-su-dia\/\",\"name\":\"Abuelitos gozaron de homenaje realizado en su d\u00eda -\",\"isPartOf\":{\"@id\":\"https:\/\/luchonoticias.com\/editor\/#website\"},\"datePublished\":\"2022-08-24T19:21:30+00:00\",\"dateModified\":\"2022-08-24T19:21:31+00:00\",\"breadcrumb\":{\"@id\":\"https:\/\/luchonoticias.com\/editor\/abuelitos-gozaron-de-homenaje-realizado-en-su-dia\/#breadcrumb\"},\"inLanguage\":\"es\",\"potentialAction\":[{\"@type\":\"ReadAction\",\"target\":[\"https:\/\/luchonoticias.com\/editor\/abuelitos-gozaron-de-homenaje-realizado-en-su-dia\/\"]}]},{\"@type\":\"BreadcrumbList\",\"@id\":\"https:\/\/luchonoticias.com\/editor\/abuelitos-gozaron-de-homenaje-realizado-en-su-dia\/#breadcrumb\",\"itemListElement\":[{\"@type\":\"ListItem\",\"position\":1,\"name\":\"Portada\",\"item\":\"https:\/\/luchonoticias.com\/editor\/\"},{\"@type\":\"ListItem\",\"position\":2,\"name\":\"Abuelitos gozaron de homenaje realizado en su d\u00eda\"}]},{\"@type\":\"WebSite\",\"@id\":\"https:\/\/luchonoticias.com\/editor\/#website\",\"url\":\"https:\/\/luchonoticias.com\/editor\/\",\"name\":\"\",\"description\":\"\",\"publisher\":{\"@id\":\"https:\/\/luchonoticias.com\/editor\/#\/schema\/person\/7a7fd911f58561fd056dbac7b55af9cd\"},\"potentialAction\":[{\"@type\":\"SearchAction\",\"target\":{\"@type\":\"EntryPoint\",\"urlTemplate\":\"https:\/\/luchonoticias.com\/editor\/?s={search_term_string}\"},\"query-input\":{\"@type\":\"PropertyValueSpecification\",\"valueRequired\":true,\"valueName\":\"search_term_string\"}}],\"inLanguage\":\"es\"},{\"@type\":[\"Person\",\"Organization\"],\"@id\":\"https:\/\/luchonoticias.com\/editor\/#\/schema\/person\/7a7fd911f58561fd056dbac7b55af9cd\",\"name\":\"admin\",\"image\":{\"@type\":\"ImageObject\",\"inLanguage\":\"es\",\"@id\":\"https:\/\/luchonoticias.com\/editor\/#\/schema\/person\/image\/\",\"url\":\"https:\/\/luchonoticias.com\/editor\/wp-content\/uploads\/2024\/02\/cropped-cropped-logolu.webp\",\"contentUrl\":\"https:\/\/luchonoticias.com\/editor\/wp-content\/uploads\/2024\/02\/cropped-cropped-logolu.webp\",\"width\":382,\"height\":170,\"caption\":\"admin\"},\"logo\":{\"@id\":\"https:\/\/luchonoticias.com\/editor\/#\/schema\/person\/image\/\"},\"sameAs\":[\"https:\/\/www.facebook.com\/luchonoticiasneiva\"],\"url\":\"https:\/\/luchonoticias.com\/editor\/author\/admin\/\"}]}<\/script>\n<!-- \/ Yoast SEO plugin. -->","yoast_head_json":{"title":"Abuelitos gozaron de homenaje realizado en su d\u00eda -","robots":{"index":"index","follow":"follow","max-snippet":"max-snippet:-1","max-image-preview":"max-image-preview:large","max-video-preview":"max-video-preview:-1"},"canonical":"https:\/\/luchonoticias.com\/editor\/abuelitos-gozaron-de-homenaje-realizado-en-su-dia\/","og_locale":"es_ES","og_type":"article","og_title":"Abuelitos gozaron de homenaje realizado en su d\u00eda -","og_url":"https:\/\/luchonoticias.com\/editor\/abuelitos-gozaron-de-homenaje-realizado-en-su-dia\/","article_publisher":"https:\/\/www.facebook.com\/luchonoticiasneiva","article_author":"https:\/\/www.facebook.com\/luchonoticiasneiva","article_published_time":"2022-08-24T19:21:30+00:00","article_modified_time":"2022-08-24T19:21:31+00:00","author":"admin","twitter_card":"summary_large_image","twitter_misc":{"Escrito por":"admin","Tiempo de lectura":"1 minuto"},"schema":{"@context":"https:\/\/schema.org","@graph":[{"@type":"Article","@id":"https:\/\/luchonoticias.com\/editor\/abuelitos-gozaron-de-homenaje-realizado-en-su-dia\/#article","isPartOf":{"@id":"https:\/\/luchonoticias.com\/editor\/abuelitos-gozaron-de-homenaje-realizado-en-su-dia\/"},"author":{"name":"admin","@id":"https:\/\/luchonoticias.com\/editor\/#\/schema\/person\/7a7fd911f58561fd056dbac7b55af9cd"},"headline":"Abuelitos gozaron de homenaje realizado en su d\u00eda","datePublished":"2022-08-24T19:21:30+00:00","dateModified":"2022-08-24T19:21:31+00:00","mainEntityOfPage":{"@id":"https:\/\/luchonoticias.com\/editor\/abuelitos-gozaron-de-homenaje-realizado-en-su-dia\/"},"wordCount":274,"commentCount":0,"publisher":{"@id":"https:\/\/luchonoticias.com\/editor\/#\/schema\/person\/7a7fd911f58561fd056dbac7b55af9cd"},"articleSection":["Destacado","Regional"],"inLanguage":"es","potentialAction":[{"@type":"CommentAction","name":"Comment","target":["https:\/\/luchonoticias.com\/editor\/abuelitos-gozaron-de-homenaje-realizado-en-su-dia\/#respond"]}]},{"@type":"WebPage","@id":"https:\/\/luchonoticias.com\/editor\/abuelitos-gozaron-de-homenaje-realizado-en-su-dia\/","url":"https:\/\/luchonoticias.com\/editor\/abuelitos-gozaron-de-homenaje-realizado-en-su-dia\/","name":"Abuelitos gozaron de homenaje realizado en su d\u00eda -","isPartOf":{"@id":"https:\/\/luchonoticias.com\/editor\/#website"},"datePublished":"2022-08-24T19:21:30+00:00","dateModified":"2022-08-24T19:21:31+00:00","breadcrumb":{"@id":"https:\/\/luchonoticias.com\/editor\/abuelitos-gozaron-de-homenaje-realizado-en-su-dia\/#breadcrumb"},"inLanguage":"es","potentialAction":[{"@type":"ReadAction","target":["https:\/\/luchonoticias.com\/editor\/abuelitos-gozaron-de-homenaje-realizado-en-su-dia\/"]}]},{"@type":"BreadcrumbList","@id":"https:\/\/luchonoticias.com\/editor\/abuelitos-gozaron-de-homenaje-realizado-en-su-dia\/#breadcrumb","itemListElement":[{"@type":"ListItem","position":1,"name":"Portada","item":"https:\/\/luchonoticias.com\/editor\/"},{"@type":"ListItem","position":2,"name":"Abuelitos gozaron de homenaje realizado en su d\u00eda"}]},{"@type":"WebSite","@id":"https:\/\/luchonoticias.com\/editor\/#website","url":"https:\/\/luchonoticias.com\/editor\/","name":"","description":"","publisher":{"@id":"https:\/\/luchonoticias.com\/editor\/#\/schema\/person\/7a7fd911f58561fd056dbac7b55af9cd"},"potentialAction":[{"@type":"SearchAction","target":{"@type":"EntryPoint","urlTemplate":"https:\/\/luchonoticias.com\/editor\/?s={search_term_string}"},"query-input":{"@type":"PropertyValueSpecification","valueRequired":true,"valueName":"search_term_string"}}],"inLanguage":"es"},{"@type":["Person","Organization"],"@id":"https:\/\/luchonoticias.com\/editor\/#\/schema\/person\/7a7fd911f58561fd056dbac7b55af9cd","name":"admin","image":{"@type":"ImageObject","inLanguage":"es","@id":"https:\/\/luchonoticias.com\/editor\/#\/schema\/person\/image\/","url":"https:\/\/luchonoticias.com\/editor\/wp-content\/uploads\/2024\/02\/cropped-cropped-logolu.webp","contentUrl":"https:\/\/luchonoticias.com\/editor\/wp-content\/uploads\/2024\/02\/cropped-cropped-logolu.webp","width":382,"height":170,"caption":"admin"},"logo":{"@id":"https:\/\/luchonoticias.com\/editor\/#\/schema\/person\/image\/"},"sameAs":["https:\/\/www.facebook.com\/luchonoticiasneiva"],"url":"https:\/\/luchonoticias.com\/editor\/author\/admin\/"}]}},"_links":{"self":[{"href":"https:\/\/luchonoticias.com\/editor\/wp-json\/wp\/v2\/posts\/32941","targetHints":{"allow":["GET"]}}],"collection":[{"href":"https:\/\/luchonoticias.com\/editor\/wp-json\/wp\/v2\/posts"}],"about":[{"href":"https:\/\/luchonoticias.com\/editor\/wp-json\/wp\/v2\/types\/post"}],"author":[{"embeddable":true,"href":"https:\/\/luchonoticias.com\/editor\/wp-json\/wp\/v2\/users\/1"}],"replies":[{"embeddable":true,"href":"https:\/\/luchonoticias.com\/editor\/wp-json\/wp\/v2\/comments?post=32941"}],"version-history":[{"count":0,"href":"https:\/\/luchonoticias.com\/editor\/wp-json\/wp\/v2\/posts\/32941\/revisions"}],"wp:attachment":[{"href":"https:\/\/luchonoticias.com\/editor\/wp-json\/wp\/v2\/media?parent=32941"}],"wp:term":[{"taxonomy":"category","embeddable":true,"href":"https:\/\/luchonoticias.com\/editor\/wp-json\/wp\/v2\/categories?post=32941"},{"taxonomy":"post_tag","embeddable":true,"href":"https:\/\/luchonoticias.com\/editor\/wp-json\/wp\/v2\/tags?post=32941"}],"curies":[{"name":"wp","href":"https:\/\/api.w.org\/{rel}","templated":true}]}}