{"id":32944,"date":"2022-08-24T14:48:57","date_gmt":"2022-08-24T19:48:57","guid":{"rendered":"https:\/\/luchonoticias.com\/?p=32944"},"modified":"2022-08-24T14:48:59","modified_gmt":"2022-08-24T19:48:59","slug":"apicultura-cambia-la-vida-de-aserradores-de-roble-negro","status":"publish","type":"post","link":"https:\/\/luchonoticias.com\/editor\/apicultura-cambia-la-vida-de-aserradores-de-roble-negro\/","title":{"rendered":"Apicultura cambia la vida de aserradores de roble negro"},"content":{"rendered":"\n<p>&nbsp;A una hora del municipio de Acevedo se encuentra el Apiario El Z\u00e1ngano, ubicado en la vereda San Jos\u00e9 de Corinto. All\u00ed vive Robinson Oviedo Valderrama, un joven que ha encontrado en las abejas y la miel los recursos para cambiar su vida y la de su familia.<\/p>\n\n\n\n<p>Robinson hace parte del Grupo Ecol\u00f3gico Los Castores, el cual se encuentra conformado por 25 familias de los sectores San Marcos y San Adolfo en Acevedo, quienes por a\u00f1os se dedicaron a talar los bosques aleda\u00f1os al Parque Natural Regional Corredor Biol\u00f3gico Gu\u00e1charos-Purac\u00e9, pero que en un proceso de paz con la naturaleza hicieron entrega de sus motosierras y se comprometieron a seguir cuidado los recursos naturales, representados, en especial, en el roble negro (Trigonobalanus excelsa) y la danta de monta\u00f1a (Tapirus pinchaqu), especie de alto valor ecol\u00f3gico para los ecosistemas del Huila.<\/p>\n\n\n\n<figure class=\"wp-block-gallery has-nested-images columns-default is-cropped wp-block-gallery-1 is-layout-flex wp-block-gallery-is-layout-flex\">\n<figure class=\"wp-block-image size-large\"><img decoding=\"async\" data-id=\"32948\" src=\"https:\/\/luchonoticias.com\/wp-content\/uploads\/2022\/08\/WhatsApp-Image-2022-08-24-at-2.39.53-PM-1-1024x645.jpeg\" alt=\"\" class=\"wp-image-32948\"\/><\/figure>\n\n\n\n<figure class=\"wp-block-image size-large\"><img decoding=\"async\" data-id=\"32947\" src=\"https:\/\/luchonoticias.com\/wp-content\/uploads\/2022\/08\/WhatsApp-Image-2022-08-24-at-2.39.52-PM-1024x682.jpeg\" alt=\"\" class=\"wp-image-32947\"\/><\/figure>\n<\/figure>\n\n\n\n<p>Desde hace seis a\u00f1os, los integrantes del grupo ecol\u00f3gico han encontrado en la apicultura, otra forma de garantizar el ingreso de recursos econ\u00f3micos para sus familias y la conservaci\u00f3n de los bosques, ha sido as\u00ed que con el apoyo de la Corporaci\u00f3n Aut\u00f3noma Regional del Alto Magdalena-CAM han implementado varios establecimientos ap\u00edcolas en diferentes veredas del municipio. Actualmente, otras entidades como el Ministerio de Ambiente y Desarrollo Sostenible y la FAO, se han unido a este prop\u00f3sito.<\/p>\n\n\n\n<p>&nbsp;\u201cEl grupo ecol\u00f3gico Los Castores se fund\u00f3 en 2013 porque quisimos dejar de talar el roble negro y nos pusimos a conservar las especies Apis melliferas (especie de abeja), ayud\u00e1ndonos en el proceso de hacer parte del programa Negocios Verdes para lo cual la FAO y CAM&nbsp; nos han guiado en la producci\u00f3n de mieles org\u00e1nicas, polen y prop\u00f3leo\u201d, relat\u00f3 Oviedo Valderrama, quien asegur\u00f3 que en la b\u00fasqueda de reconciliarse con la naturaleza, la organizaci\u00f3n se ha comprometido a reforestar 3.000 \u00e1rboles al a\u00f1o.<\/p>\n\n\n\n<p><strong>Motosierra por colmenas<\/strong><\/p>\n\n\n\n<p>La zona es propicia para la producci\u00f3n de miel debido a su vegetaci\u00f3n diversa con buena floraci\u00f3n que atrae a las abejas y hace ocho a\u00f1os la comunidad de este sector descubri\u00f3 su amor por las especies silvestres y estas productoras de miel que ayudar\u00edan en su sustento, por lo que entregaron las motosierras con las que tanto da\u00f1o causaron a los ecosistemas.<\/p>\n\n\n\n<p>&nbsp;\u201cHace 18 a\u00f1os empezamos a trabajar con conservaci\u00f3n, pero pese a que ya casi no se talaba y en el caso de mi pap\u00e1 empez\u00f3 a sembrar caf\u00e9, frijol y ma\u00edz, \u00e9l siempre ten\u00eda su m\u00e1quina ah\u00ed, haciendo de vez en cuando da\u00f1o, hasta que lleg\u00f3 un d\u00eda que me cont\u00f3 que hab\u00eda un programa de la CAM que ped\u00eda entregar la motosierra a cambio de ayudas para proyectos. Le dije que se metiera y entreg\u00f3 su motosierra y trabaj\u00f3\u201d, cont\u00f3 Otilia Genoide, integrante de Los Castores, grupo ecol\u00f3gico conformado por hombres y mujeres que hoy en d\u00eda se dedican a las labores agropecuarias de una manera sostenible, a trav\u00e9s de la producci\u00f3n ap\u00edcola, caficultura, huertas ecol\u00f3gicas y la forestar\u00eda comunitaria.<\/p>\n\n\n\n<p>Actualmente, este grupo de campesinos hacen parte del programa de Forester\u00eda Comunitaria que lidera el Ministerio de Ambiente y Desarrollo Sostenible-MADS y la Organizaci\u00f3n de las Naciones Unidas para la Alimentaci\u00f3n y la Agricultura, FAO y que es apoyado por la CAM.<\/p>\n\n\n\n<figure class=\"wp-block-gallery has-nested-images columns-default is-cropped wp-block-gallery-2 is-layout-flex wp-block-gallery-is-layout-flex\">\n<figure class=\"wp-block-image size-large is-style-rounded\"><img decoding=\"async\" data-id=\"32949\" src=\"https:\/\/luchonoticias.com\/wp-content\/uploads\/2022\/08\/WhatsApp-Image-2022-08-24-at-2.43.01-PM-1024x612.jpeg\" alt=\"\" class=\"wp-image-32949\"\/><\/figure>\n<\/figure>\n\n\n\n<p><strong>Se detiene la tala<\/strong><\/p>\n\n\n\n<p>De acuerdo a cifras aproximadas dadas por los campesinos, durante el primer a\u00f1o, dejaron de talar por lo menos 3.500 \u00e1rboles, es decir que durante estos ochos a\u00f1os, se han dejado de talar alrededor de 28.000, especialmente robles como el Colombobalanus excelsa y cedros como el Juglans neotropica, ambas especies en peligro (EN), de acuerdo con la Uni\u00f3n Internacional para la Conservaci\u00f3n de la Naturaleza-UICN.<\/p>\n\n\n\n<p>A la par del cese de sus actividades como taladores, a trav\u00e9s de la instalaci\u00f3n de dos viveros, Los Castores se dedicaron a la generaci\u00f3n de pl\u00e1ntulas de especies como maco, manzano, palma de cera, chachafruto, nacedero, nogal y roble. As\u00ed mismo, empezaron a desarrollar actividades ap\u00edcolas, las cuales cuenta con certificado de calidad de los productos que actualmente extraen, como miel, polen, prop\u00f3leo y cera.<\/p>\n\n\n\n<p><strong>Trabajo con abejas<\/strong><\/p>\n\n\n\n<p>Al inicio, el trabajo con las abejas lo vieron dif\u00edcil, con el tiempo fueron dominando el tema y ahora les resulta satisfactorio y enriquecedor.<\/p>\n\n\n\n<p>\u201cLo de las abejas se aprende y estamos motivando a todas las personas a que no maten la fauna silvestre, sino que trabajemos por la conservaci\u00f3n. Ahora con la apicultura la mayor motivaci\u00f3n es obtener el sustento diario\u201d, asegur\u00f3 Otilia Genoide.<\/p>\n\n\n\n<p>Thalia Ordo\u00f1ez, es la representante legal de Los Castores quien relata que la asociaci\u00f3n viene trabajando con la miel desde hace varios a\u00f1os y actualmente sigue contando con el apoyo de entidades como la CAM que adem\u00e1s de capacitarlos en apicultura, les suministr\u00f3 un gran n\u00famero de colmenas.<\/p>\n\n\n\n<p>La mujer explica que cuando empezaron a tomar conciencia del da\u00f1o al ecosistema, los antes taladores de bosques, solo se dedicaron a sembrar caf\u00e9, frijol y ma\u00edz. Ahora combinan la agricultura con la apicultura.<\/p>\n\n\n\n<p>\u201cEn este momento m\u00e1s que caficultores somos apicultores, pero tambi\u00e9n nos dedicamos al tema de educaci\u00f3n ambiental con muralismo que plasmamos en las instituciones educativas, para que los estudiantes transmitan a sus padres y sigamos as\u00ed esa l\u00ednea de conservaci\u00f3n\u201d, expuso l\u00edder ambiental.<\/p>\n\n\n\n<p><strong>Los apiarios<\/strong><\/p>\n\n\n\n<p>La cantidad de colmenas por apiario est\u00e1 relacionada con la calidad y cantidad de la flora ap\u00edcola de la zona. En el caso de Los Castores, su apiario est\u00e1 compuestos por 100 colmenas, las que necesitan de sombra y sol, disponibilidad de agua y alimento que le proporciona la zona.<\/p>\n\n\n\n<p>\u00a0\u201cNo estamos dando abasto con la producci\u00f3n, por eso tenemos proyectado aumentar la apicultura y llevarla a otra escala para poder suplementar ese mercado ac\u00e1 en la zona, a nivel departamental y nacional\u201d, puntualiz\u00f3 Thalia Ordo\u00f1ez.<\/p>\n\n\n\n<figure class=\"wp-block-gallery has-nested-images columns-default is-cropped wp-block-gallery-3 is-layout-flex wp-block-gallery-is-layout-flex\">\n<figure class=\"wp-block-image size-large\"><img decoding=\"async\" data-id=\"32950\" src=\"https:\/\/luchonoticias.com\/wp-content\/uploads\/2022\/08\/WhatsApp-Image-2022-08-24-at-2.39.51-PM-1-1-1024x682.jpeg\" alt=\"\" class=\"wp-image-32950\"\/><\/figure>\n\n\n\n<figure class=\"wp-block-image size-large\"><img decoding=\"async\" data-id=\"32951\" src=\"https:\/\/luchonoticias.com\/wp-content\/uploads\/2022\/08\/WhatsApp-Image-2022-08-24-at-2.39.51-PM-1024x642.jpeg\" alt=\"\" class=\"wp-image-32951\"\/><\/figure>\n<\/figure>\n\n\n\n<p><strong>Conservaci\u00f3n y preservaci\u00f3n<\/strong><\/p>\n\n\n\n<p>Dedicarse a la crianza de abejas implica ayudar al medio ambiente, a los ecosistemas y al territorio, ellas juegan un papel muy importante en la polinizaci\u00f3n, lo que permite la producci\u00f3n de alimentos.<\/p>\n\n\n\n<p>\u201cCon todo esto hemos aprendido a cuidar los bosques y microcuencas as\u00ed como a convivir con la naturaleza\u201d asegur\u00f3 Otilia Genoide.<\/p>\n\n\n\n<p>As\u00ed mismo Robinson Oviedo hizo un llamado de conciencia a la comunidad.<\/p>\n\n\n\n<p>\u201cYo les quiero aconsejar que cuidemos de la naturaleza, debemos darnos cuenta que el cambio clim\u00e1tico ya es una realidad, vienen nuevas generaciones de j\u00f3venes y \u00bfqu\u00e9 le vamos a dejar?\u201d.<\/p>\n","protected":false},"excerpt":{"rendered":"<p>&nbsp;A una hora del municipio de Acevedo se encuentra el Apiario El Z\u00e1ngano, ubicado en la vereda San Jos\u00e9 de Corinto. All\u00ed vive Robinson Oviedo Valderrama, un joven que ha encontrado en las abejas y la miel los recursos para cambiar su vida y la de su familia. Robinson hace parte del Grupo Ecol\u00f3gico Los [&hellip;]<\/p>\n","protected":false},"author":1,"featured_media":0,"comment_status":"open","ping_status":"open","sticky":false,"template":"","format":"standard","meta":{"footnotes":""},"categories":[36,35],"tags":[],"class_list":["post-32944","post","type-post","status-publish","format-standard","hentry","category-destacado","category-regional"],"yoast_head":"<!-- This site is optimized with the Yoast SEO plugin v26.6 - https:\/\/yoast.com\/wordpress\/plugins\/seo\/ -->\n<title>Apicultura cambia la vida de aserradores de roble negro -<\/title>\n<meta name=\"robots\" content=\"index, follow, max-snippet:-1, max-image-preview:large, max-video-preview:-1\" \/>\n<link rel=\"canonical\" href=\"https:\/\/luchonoticias.com\/editor\/apicultura-cambia-la-vida-de-aserradores-de-roble-negro\/\" \/>\n<meta property=\"og:locale\" content=\"es_ES\" \/>\n<meta property=\"og:type\" content=\"article\" \/>\n<meta property=\"og:title\" content=\"Apicultura cambia la vida de aserradores de roble negro -\" \/>\n<meta property=\"og:url\" content=\"https:\/\/luchonoticias.com\/editor\/apicultura-cambia-la-vida-de-aserradores-de-roble-negro\/\" \/>\n<meta property=\"article:publisher\" content=\"https:\/\/www.facebook.com\/luchonoticiasneiva\" \/>\n<meta property=\"article:author\" content=\"https:\/\/www.facebook.com\/luchonoticiasneiva\" \/>\n<meta property=\"article:published_time\" content=\"2022-08-24T19:48:57+00:00\" \/>\n<meta property=\"article:modified_time\" content=\"2022-08-24T19:48:59+00:00\" \/>\n<meta property=\"og:image\" content=\"https:\/\/luchonoticias.com\/wp-content\/uploads\/2022\/08\/WhatsApp-Image-2022-08-24-at-2.39.53-PM-1-1024x645.jpeg\" \/>\n<meta name=\"author\" content=\"admin\" \/>\n<meta name=\"twitter:card\" content=\"summary_large_image\" \/>\n<meta name=\"twitter:label1\" content=\"Escrito por\" \/>\n\t<meta name=\"twitter:data1\" content=\"admin\" \/>\n\t<meta name=\"twitter:label2\" content=\"Tiempo de lectura\" \/>\n\t<meta name=\"twitter:data2\" content=\"6 minutos\" \/>\n<script type=\"application\/ld+json\" class=\"yoast-schema-graph\">{\"@context\":\"https:\/\/schema.org\",\"@graph\":[{\"@type\":\"Article\",\"@id\":\"https:\/\/luchonoticias.com\/editor\/apicultura-cambia-la-vida-de-aserradores-de-roble-negro\/#article\",\"isPartOf\":{\"@id\":\"https:\/\/luchonoticias.com\/editor\/apicultura-cambia-la-vida-de-aserradores-de-roble-negro\/\"},\"author\":{\"name\":\"admin\",\"@id\":\"https:\/\/luchonoticias.com\/editor\/#\/schema\/person\/7a7fd911f58561fd056dbac7b55af9cd\"},\"headline\":\"Apicultura cambia la vida de aserradores de roble negro\",\"datePublished\":\"2022-08-24T19:48:57+00:00\",\"dateModified\":\"2022-08-24T19:48:59+00:00\",\"mainEntityOfPage\":{\"@id\":\"https:\/\/luchonoticias.com\/editor\/apicultura-cambia-la-vida-de-aserradores-de-roble-negro\/\"},\"wordCount\":1137,\"commentCount\":0,\"publisher\":{\"@id\":\"https:\/\/luchonoticias.com\/editor\/#\/schema\/person\/7a7fd911f58561fd056dbac7b55af9cd\"},\"image\":{\"@id\":\"https:\/\/luchonoticias.com\/editor\/apicultura-cambia-la-vida-de-aserradores-de-roble-negro\/#primaryimage\"},\"thumbnailUrl\":\"https:\/\/luchonoticias.com\/wp-content\/uploads\/2022\/08\/WhatsApp-Image-2022-08-24-at-2.39.53-PM-1-1024x645.jpeg\",\"articleSection\":[\"Destacado\",\"Regional\"],\"inLanguage\":\"es\",\"potentialAction\":[{\"@type\":\"CommentAction\",\"name\":\"Comment\",\"target\":[\"https:\/\/luchonoticias.com\/editor\/apicultura-cambia-la-vida-de-aserradores-de-roble-negro\/#respond\"]}]},{\"@type\":\"WebPage\",\"@id\":\"https:\/\/luchonoticias.com\/editor\/apicultura-cambia-la-vida-de-aserradores-de-roble-negro\/\",\"url\":\"https:\/\/luchonoticias.com\/editor\/apicultura-cambia-la-vida-de-aserradores-de-roble-negro\/\",\"name\":\"Apicultura cambia la vida de aserradores de roble negro -\",\"isPartOf\":{\"@id\":\"https:\/\/luchonoticias.com\/editor\/#website\"},\"primaryImageOfPage\":{\"@id\":\"https:\/\/luchonoticias.com\/editor\/apicultura-cambia-la-vida-de-aserradores-de-roble-negro\/#primaryimage\"},\"image\":{\"@id\":\"https:\/\/luchonoticias.com\/editor\/apicultura-cambia-la-vida-de-aserradores-de-roble-negro\/#primaryimage\"},\"thumbnailUrl\":\"https:\/\/luchonoticias.com\/wp-content\/uploads\/2022\/08\/WhatsApp-Image-2022-08-24-at-2.39.53-PM-1-1024x645.jpeg\",\"datePublished\":\"2022-08-24T19:48:57+00:00\",\"dateModified\":\"2022-08-24T19:48:59+00:00\",\"breadcrumb\":{\"@id\":\"https:\/\/luchonoticias.com\/editor\/apicultura-cambia-la-vida-de-aserradores-de-roble-negro\/#breadcrumb\"},\"inLanguage\":\"es\",\"potentialAction\":[{\"@type\":\"ReadAction\",\"target\":[\"https:\/\/luchonoticias.com\/editor\/apicultura-cambia-la-vida-de-aserradores-de-roble-negro\/\"]}]},{\"@type\":\"ImageObject\",\"inLanguage\":\"es\",\"@id\":\"https:\/\/luchonoticias.com\/editor\/apicultura-cambia-la-vida-de-aserradores-de-roble-negro\/#primaryimage\",\"url\":\"https:\/\/luchonoticias.com\/wp-content\/uploads\/2022\/08\/WhatsApp-Image-2022-08-24-at-2.39.53-PM-1-1024x645.jpeg\",\"contentUrl\":\"https:\/\/luchonoticias.com\/wp-content\/uploads\/2022\/08\/WhatsApp-Image-2022-08-24-at-2.39.53-PM-1-1024x645.jpeg\"},{\"@type\":\"BreadcrumbList\",\"@id\":\"https:\/\/luchonoticias.com\/editor\/apicultura-cambia-la-vida-de-aserradores-de-roble-negro\/#breadcrumb\",\"itemListElement\":[{\"@type\":\"ListItem\",\"position\":1,\"name\":\"Portada\",\"item\":\"https:\/\/luchonoticias.com\/editor\/\"},{\"@type\":\"ListItem\",\"position\":2,\"name\":\"Apicultura cambia la vida de aserradores de roble negro\"}]},{\"@type\":\"WebSite\",\"@id\":\"https:\/\/luchonoticias.com\/editor\/#website\",\"url\":\"https:\/\/luchonoticias.com\/editor\/\",\"name\":\"\",\"description\":\"\",\"publisher\":{\"@id\":\"https:\/\/luchonoticias.com\/editor\/#\/schema\/person\/7a7fd911f58561fd056dbac7b55af9cd\"},\"potentialAction\":[{\"@type\":\"SearchAction\",\"target\":{\"@type\":\"EntryPoint\",\"urlTemplate\":\"https:\/\/luchonoticias.com\/editor\/?s={search_term_string}\"},\"query-input\":{\"@type\":\"PropertyValueSpecification\",\"valueRequired\":true,\"valueName\":\"search_term_string\"}}],\"inLanguage\":\"es\"},{\"@type\":[\"Person\",\"Organization\"],\"@id\":\"https:\/\/luchonoticias.com\/editor\/#\/schema\/person\/7a7fd911f58561fd056dbac7b55af9cd\",\"name\":\"admin\",\"image\":{\"@type\":\"ImageObject\",\"inLanguage\":\"es\",\"@id\":\"https:\/\/luchonoticias.com\/editor\/#\/schema\/person\/image\/\",\"url\":\"https:\/\/luchonoticias.com\/editor\/wp-content\/uploads\/2024\/02\/cropped-cropped-logolu.webp\",\"contentUrl\":\"https:\/\/luchonoticias.com\/editor\/wp-content\/uploads\/2024\/02\/cropped-cropped-logolu.webp\",\"width\":382,\"height\":170,\"caption\":\"admin\"},\"logo\":{\"@id\":\"https:\/\/luchonoticias.com\/editor\/#\/schema\/person\/image\/\"},\"sameAs\":[\"https:\/\/www.facebook.com\/luchonoticiasneiva\"],\"url\":\"https:\/\/luchonoticias.com\/editor\/author\/admin\/\"}]}<\/script>\n<!-- \/ Yoast SEO plugin. -->","yoast_head_json":{"title":"Apicultura cambia la vida de aserradores de roble negro -","robots":{"index":"index","follow":"follow","max-snippet":"max-snippet:-1","max-image-preview":"max-image-preview:large","max-video-preview":"max-video-preview:-1"},"canonical":"https:\/\/luchonoticias.com\/editor\/apicultura-cambia-la-vida-de-aserradores-de-roble-negro\/","og_locale":"es_ES","og_type":"article","og_title":"Apicultura cambia la vida de aserradores de roble negro -","og_url":"https:\/\/luchonoticias.com\/editor\/apicultura-cambia-la-vida-de-aserradores-de-roble-negro\/","article_publisher":"https:\/\/www.facebook.com\/luchonoticiasneiva","article_author":"https:\/\/www.facebook.com\/luchonoticiasneiva","article_published_time":"2022-08-24T19:48:57+00:00","article_modified_time":"2022-08-24T19:48:59+00:00","og_image":[{"url":"https:\/\/luchonoticias.com\/wp-content\/uploads\/2022\/08\/WhatsApp-Image-2022-08-24-at-2.39.53-PM-1-1024x645.jpeg","type":"","width":"","height":""}],"author":"admin","twitter_card":"summary_large_image","twitter_misc":{"Escrito por":"admin","Tiempo de lectura":"6 minutos"},"schema":{"@context":"https:\/\/schema.org","@graph":[{"@type":"Article","@id":"https:\/\/luchonoticias.com\/editor\/apicultura-cambia-la-vida-de-aserradores-de-roble-negro\/#article","isPartOf":{"@id":"https:\/\/luchonoticias.com\/editor\/apicultura-cambia-la-vida-de-aserradores-de-roble-negro\/"},"author":{"name":"admin","@id":"https:\/\/luchonoticias.com\/editor\/#\/schema\/person\/7a7fd911f58561fd056dbac7b55af9cd"},"headline":"Apicultura cambia la vida de aserradores de roble negro","datePublished":"2022-08-24T19:48:57+00:00","dateModified":"2022-08-24T19:48:59+00:00","mainEntityOfPage":{"@id":"https:\/\/luchonoticias.com\/editor\/apicultura-cambia-la-vida-de-aserradores-de-roble-negro\/"},"wordCount":1137,"commentCount":0,"publisher":{"@id":"https:\/\/luchonoticias.com\/editor\/#\/schema\/person\/7a7fd911f58561fd056dbac7b55af9cd"},"image":{"@id":"https:\/\/luchonoticias.com\/editor\/apicultura-cambia-la-vida-de-aserradores-de-roble-negro\/#primaryimage"},"thumbnailUrl":"https:\/\/luchonoticias.com\/wp-content\/uploads\/2022\/08\/WhatsApp-Image-2022-08-24-at-2.39.53-PM-1-1024x645.jpeg","articleSection":["Destacado","Regional"],"inLanguage":"es","potentialAction":[{"@type":"CommentAction","name":"Comment","target":["https:\/\/luchonoticias.com\/editor\/apicultura-cambia-la-vida-de-aserradores-de-roble-negro\/#respond"]}]},{"@type":"WebPage","@id":"https:\/\/luchonoticias.com\/editor\/apicultura-cambia-la-vida-de-aserradores-de-roble-negro\/","url":"https:\/\/luchonoticias.com\/editor\/apicultura-cambia-la-vida-de-aserradores-de-roble-negro\/","name":"Apicultura cambia la vida de aserradores de roble negro -","isPartOf":{"@id":"https:\/\/luchonoticias.com\/editor\/#website"},"primaryImageOfPage":{"@id":"https:\/\/luchonoticias.com\/editor\/apicultura-cambia-la-vida-de-aserradores-de-roble-negro\/#primaryimage"},"image":{"@id":"https:\/\/luchonoticias.com\/editor\/apicultura-cambia-la-vida-de-aserradores-de-roble-negro\/#primaryimage"},"thumbnailUrl":"https:\/\/luchonoticias.com\/wp-content\/uploads\/2022\/08\/WhatsApp-Image-2022-08-24-at-2.39.53-PM-1-1024x645.jpeg","datePublished":"2022-08-24T19:48:57+00:00","dateModified":"2022-08-24T19:48:59+00:00","breadcrumb":{"@id":"https:\/\/luchonoticias.com\/editor\/apicultura-cambia-la-vida-de-aserradores-de-roble-negro\/#breadcrumb"},"inLanguage":"es","potentialAction":[{"@type":"ReadAction","target":["https:\/\/luchonoticias.com\/editor\/apicultura-cambia-la-vida-de-aserradores-de-roble-negro\/"]}]},{"@type":"ImageObject","inLanguage":"es","@id":"https:\/\/luchonoticias.com\/editor\/apicultura-cambia-la-vida-de-aserradores-de-roble-negro\/#primaryimage","url":"https:\/\/luchonoticias.com\/wp-content\/uploads\/2022\/08\/WhatsApp-Image-2022-08-24-at-2.39.53-PM-1-1024x645.jpeg","contentUrl":"https:\/\/luchonoticias.com\/wp-content\/uploads\/2022\/08\/WhatsApp-Image-2022-08-24-at-2.39.53-PM-1-1024x645.jpeg"},{"@type":"BreadcrumbList","@id":"https:\/\/luchonoticias.com\/editor\/apicultura-cambia-la-vida-de-aserradores-de-roble-negro\/#breadcrumb","itemListElement":[{"@type":"ListItem","position":1,"name":"Portada","item":"https:\/\/luchonoticias.com\/editor\/"},{"@type":"ListItem","position":2,"name":"Apicultura cambia la vida de aserradores de roble negro"}]},{"@type":"WebSite","@id":"https:\/\/luchonoticias.com\/editor\/#website","url":"https:\/\/luchonoticias.com\/editor\/","name":"","description":"","publisher":{"@id":"https:\/\/luchonoticias.com\/editor\/#\/schema\/person\/7a7fd911f58561fd056dbac7b55af9cd"},"potentialAction":[{"@type":"SearchAction","target":{"@type":"EntryPoint","urlTemplate":"https:\/\/luchonoticias.com\/editor\/?s={search_term_string}"},"query-input":{"@type":"PropertyValueSpecification","valueRequired":true,"valueName":"search_term_string"}}],"inLanguage":"es"},{"@type":["Person","Organization"],"@id":"https:\/\/luchonoticias.com\/editor\/#\/schema\/person\/7a7fd911f58561fd056dbac7b55af9cd","name":"admin","image":{"@type":"ImageObject","inLanguage":"es","@id":"https:\/\/luchonoticias.com\/editor\/#\/schema\/person\/image\/","url":"https:\/\/luchonoticias.com\/editor\/wp-content\/uploads\/2024\/02\/cropped-cropped-logolu.webp","contentUrl":"https:\/\/luchonoticias.com\/editor\/wp-content\/uploads\/2024\/02\/cropped-cropped-logolu.webp","width":382,"height":170,"caption":"admin"},"logo":{"@id":"https:\/\/luchonoticias.com\/editor\/#\/schema\/person\/image\/"},"sameAs":["https:\/\/www.facebook.com\/luchonoticiasneiva"],"url":"https:\/\/luchonoticias.com\/editor\/author\/admin\/"}]}},"_links":{"self":[{"href":"https:\/\/luchonoticias.com\/editor\/wp-json\/wp\/v2\/posts\/32944","targetHints":{"allow":["GET"]}}],"collection":[{"href":"https:\/\/luchonoticias.com\/editor\/wp-json\/wp\/v2\/posts"}],"about":[{"href":"https:\/\/luchonoticias.com\/editor\/wp-json\/wp\/v2\/types\/post"}],"author":[{"embeddable":true,"href":"https:\/\/luchonoticias.com\/editor\/wp-json\/wp\/v2\/users\/1"}],"replies":[{"embeddable":true,"href":"https:\/\/luchonoticias.com\/editor\/wp-json\/wp\/v2\/comments?post=32944"}],"version-history":[{"count":0,"href":"https:\/\/luchonoticias.com\/editor\/wp-json\/wp\/v2\/posts\/32944\/revisions"}],"wp:attachment":[{"href":"https:\/\/luchonoticias.com\/editor\/wp-json\/wp\/v2\/media?parent=32944"}],"wp:term":[{"taxonomy":"category","embeddable":true,"href":"https:\/\/luchonoticias.com\/editor\/wp-json\/wp\/v2\/categories?post=32944"},{"taxonomy":"post_tag","embeddable":true,"href":"https:\/\/luchonoticias.com\/editor\/wp-json\/wp\/v2\/tags?post=32944"}],"curies":[{"name":"wp","href":"https:\/\/api.w.org\/{rel}","templated":true}]}}