{"id":32958,"date":"2022-08-25T04:44:23","date_gmt":"2022-08-25T09:44:23","guid":{"rendered":"https:\/\/luchonoticias.com\/?p=32958"},"modified":"2022-08-25T04:44:24","modified_gmt":"2022-08-25T09:44:24","slug":"se-levanta-bloqueo-vial-en-via-al-relleno-sanitario","status":"publish","type":"post","link":"https:\/\/luchonoticias.com\/editor\/se-levanta-bloqueo-vial-en-via-al-relleno-sanitario\/","title":{"rendered":"Se levanta bloqueo vial en v\u00eda al relleno sanitario"},"content":{"rendered":"\n<p>Hoy en horas de la ma\u00f1ana&nbsp;<strong>se levantar\u00e1 el bloqueo de la v\u00eda<\/strong>&nbsp;que conduce&nbsp;<strong>al relleno sanitario Los \u00c1ngeles de Neiva<\/strong>, y que tiene&nbsp;<strong>represado el dep\u00f3sito de residuos<\/strong>&nbsp;de la capital del Huila y 23 municipios m\u00e1s del departamento.<\/p>\n\n\n\n<p>As\u00ed se estableci\u00f3 tras 9 horas de di\u00e1logo, entre una comisi\u00f3n en cabeza del alcalde Gorky Mu\u00f1oz, y la comunidad de las veredas Venado, La Jagua y La Mojarra, en la que se logr\u00f3 un acuerdo para levantar la manifestaci\u00f3n este jueves.<\/p>\n\n\n\n<p>El acuerdo consignado en acta, estableci\u00f3 que este jueves 25 de agosto, como parte de los compromisos adquiridos por la Administraci\u00f3n Municipal,&nbsp;<strong>se realizar\u00e1 un mantenimiento de la v\u00eda de 4 kil\u00f3metros&nbsp;<\/strong>que comunica la v\u00eda principal a Fortalecillas con el relleno sanitario. Una vez la maquinaria amarilla del municipio llegue a la zona e inicie obras, en presencia del mandatario local, se levantar\u00e1 el bloqueo.<\/p>\n\n\n\n<p>La Alcald\u00eda tambi\u00e9n&nbsp;<strong>se comprometi\u00f3 a realizar este mantenimiento,&nbsp;<\/strong>con material de recebo, base y sub base, cada dos meses, y peri\u00f3dicamente se realizar\u00e1 el humedecimiento de la v\u00eda con carro tanque para evitar que se levante polvo. Todo esto mientras Ecopetrol responde sobre el proyecto presentado por la Alcald\u00eda por 7.000 millones de pesos, para la pavimentaci\u00f3n completa de la v\u00eda.<\/p>\n\n\n\n<p>En \u00e9l acta tambi\u00e9n, Ciudad Limpia se comprometi\u00f3 a&nbsp;<strong>entregar 60 metros c\u00fabicos de mezcla asf\u00e1ltica<\/strong>&nbsp;para pavimentar con maquinaria de la Alcald\u00eda.<\/p>\n\n\n\n<p>Entre tanto la Gobernaci\u00f3n definir\u00e1 fecha para establecer un proyecto que permita en el 2023,&nbsp;<strong>llevar gasificaci\u00f3n&nbsp;<\/strong>a las veredas Damasco, Caim\u00e1n, La Pila, La Jagua, La Mojarra, Palmar, Venadito, La Mata y El Venado, de la mano de Ecopetrol, Alcanos y la Alcald\u00eda de Neiva.<\/p>\n\n\n\n<p>Mientras que Ecopetrol se comprometi\u00f3 a ayudar con la emulsi\u00f3n para pavimentar 1 kil\u00f3metro de v\u00eda de 6 metros de ancho.<\/p>\n\n\n\n<p>As\u00ed mismo la Alcald\u00eda a trav\u00e9s de ESIP dio inicio a las obras de expansi\u00f3n del servicio de alumbrado p\u00fablico.<\/p>\n","protected":false},"excerpt":{"rendered":"<p>Hoy en horas de la ma\u00f1ana&nbsp;se levantar\u00e1 el bloqueo de la v\u00eda&nbsp;que conduce&nbsp;al relleno sanitario Los \u00c1ngeles de Neiva, y que tiene&nbsp;represado el dep\u00f3sito de residuos&nbsp;de la capital del Huila y 23 municipios m\u00e1s del departamento. As\u00ed se estableci\u00f3 tras 9 horas de di\u00e1logo, entre una comisi\u00f3n en cabeza del alcalde Gorky Mu\u00f1oz, y la [&hellip;]<\/p>\n","protected":false},"author":1,"featured_media":0,"comment_status":"open","ping_status":"open","sticky":false,"template":"","format":"standard","meta":{"footnotes":""},"categories":[31],"tags":[],"class_list":["post-32958","post","type-post","status-publish","format-standard","hentry","category-local"],"yoast_head":"<!-- This site is optimized with the Yoast SEO plugin v26.6 - https:\/\/yoast.com\/wordpress\/plugins\/seo\/ -->\n<title>Se levanta bloqueo vial en v\u00eda al relleno sanitario -<\/title>\n<meta name=\"robots\" content=\"index, follow, max-snippet:-1, max-image-preview:large, max-video-preview:-1\" \/>\n<link rel=\"canonical\" href=\"https:\/\/luchonoticias.com\/editor\/se-levanta-bloqueo-vial-en-via-al-relleno-sanitario\/\" \/>\n<meta property=\"og:locale\" content=\"es_ES\" \/>\n<meta property=\"og:type\" content=\"article\" \/>\n<meta property=\"og:title\" content=\"Se levanta bloqueo vial en v\u00eda al relleno sanitario -\" \/>\n<meta property=\"og:url\" content=\"https:\/\/luchonoticias.com\/editor\/se-levanta-bloqueo-vial-en-via-al-relleno-sanitario\/\" \/>\n<meta property=\"article:publisher\" content=\"https:\/\/www.facebook.com\/luchonoticiasneiva\" \/>\n<meta property=\"article:author\" content=\"https:\/\/www.facebook.com\/luchonoticiasneiva\" \/>\n<meta property=\"article:published_time\" content=\"2022-08-25T09:44:23+00:00\" \/>\n<meta property=\"article:modified_time\" content=\"2022-08-25T09:44:24+00:00\" \/>\n<meta name=\"author\" content=\"admin\" \/>\n<meta name=\"twitter:card\" content=\"summary_large_image\" \/>\n<meta name=\"twitter:label1\" content=\"Escrito por\" \/>\n\t<meta name=\"twitter:data1\" content=\"admin\" \/>\n\t<meta name=\"twitter:label2\" content=\"Tiempo de lectura\" \/>\n\t<meta name=\"twitter:data2\" content=\"2 minutos\" \/>\n<script type=\"application\/ld+json\" class=\"yoast-schema-graph\">{\"@context\":\"https:\/\/schema.org\",\"@graph\":[{\"@type\":\"Article\",\"@id\":\"https:\/\/luchonoticias.com\/editor\/se-levanta-bloqueo-vial-en-via-al-relleno-sanitario\/#article\",\"isPartOf\":{\"@id\":\"https:\/\/luchonoticias.com\/editor\/se-levanta-bloqueo-vial-en-via-al-relleno-sanitario\/\"},\"author\":{\"name\":\"admin\",\"@id\":\"https:\/\/luchonoticias.com\/editor\/#\/schema\/person\/7a7fd911f58561fd056dbac7b55af9cd\"},\"headline\":\"Se levanta bloqueo vial en v\u00eda al relleno sanitario\",\"datePublished\":\"2022-08-25T09:44:23+00:00\",\"dateModified\":\"2022-08-25T09:44:24+00:00\",\"mainEntityOfPage\":{\"@id\":\"https:\/\/luchonoticias.com\/editor\/se-levanta-bloqueo-vial-en-via-al-relleno-sanitario\/\"},\"wordCount\":369,\"commentCount\":0,\"publisher\":{\"@id\":\"https:\/\/luchonoticias.com\/editor\/#\/schema\/person\/7a7fd911f58561fd056dbac7b55af9cd\"},\"articleSection\":[\"Local\"],\"inLanguage\":\"es\",\"potentialAction\":[{\"@type\":\"CommentAction\",\"name\":\"Comment\",\"target\":[\"https:\/\/luchonoticias.com\/editor\/se-levanta-bloqueo-vial-en-via-al-relleno-sanitario\/#respond\"]}]},{\"@type\":\"WebPage\",\"@id\":\"https:\/\/luchonoticias.com\/editor\/se-levanta-bloqueo-vial-en-via-al-relleno-sanitario\/\",\"url\":\"https:\/\/luchonoticias.com\/editor\/se-levanta-bloqueo-vial-en-via-al-relleno-sanitario\/\",\"name\":\"Se levanta bloqueo vial en v\u00eda al relleno sanitario -\",\"isPartOf\":{\"@id\":\"https:\/\/luchonoticias.com\/editor\/#website\"},\"datePublished\":\"2022-08-25T09:44:23+00:00\",\"dateModified\":\"2022-08-25T09:44:24+00:00\",\"breadcrumb\":{\"@id\":\"https:\/\/luchonoticias.com\/editor\/se-levanta-bloqueo-vial-en-via-al-relleno-sanitario\/#breadcrumb\"},\"inLanguage\":\"es\",\"potentialAction\":[{\"@type\":\"ReadAction\",\"target\":[\"https:\/\/luchonoticias.com\/editor\/se-levanta-bloqueo-vial-en-via-al-relleno-sanitario\/\"]}]},{\"@type\":\"BreadcrumbList\",\"@id\":\"https:\/\/luchonoticias.com\/editor\/se-levanta-bloqueo-vial-en-via-al-relleno-sanitario\/#breadcrumb\",\"itemListElement\":[{\"@type\":\"ListItem\",\"position\":1,\"name\":\"Portada\",\"item\":\"https:\/\/luchonoticias.com\/editor\/\"},{\"@type\":\"ListItem\",\"position\":2,\"name\":\"Se levanta bloqueo vial en v\u00eda al relleno sanitario\"}]},{\"@type\":\"WebSite\",\"@id\":\"https:\/\/luchonoticias.com\/editor\/#website\",\"url\":\"https:\/\/luchonoticias.com\/editor\/\",\"name\":\"\",\"description\":\"\",\"publisher\":{\"@id\":\"https:\/\/luchonoticias.com\/editor\/#\/schema\/person\/7a7fd911f58561fd056dbac7b55af9cd\"},\"potentialAction\":[{\"@type\":\"SearchAction\",\"target\":{\"@type\":\"EntryPoint\",\"urlTemplate\":\"https:\/\/luchonoticias.com\/editor\/?s={search_term_string}\"},\"query-input\":{\"@type\":\"PropertyValueSpecification\",\"valueRequired\":true,\"valueName\":\"search_term_string\"}}],\"inLanguage\":\"es\"},{\"@type\":[\"Person\",\"Organization\"],\"@id\":\"https:\/\/luchonoticias.com\/editor\/#\/schema\/person\/7a7fd911f58561fd056dbac7b55af9cd\",\"name\":\"admin\",\"image\":{\"@type\":\"ImageObject\",\"inLanguage\":\"es\",\"@id\":\"https:\/\/luchonoticias.com\/editor\/#\/schema\/person\/image\/\",\"url\":\"https:\/\/luchonoticias.com\/editor\/wp-content\/uploads\/2024\/02\/cropped-cropped-logolu.webp\",\"contentUrl\":\"https:\/\/luchonoticias.com\/editor\/wp-content\/uploads\/2024\/02\/cropped-cropped-logolu.webp\",\"width\":382,\"height\":170,\"caption\":\"admin\"},\"logo\":{\"@id\":\"https:\/\/luchonoticias.com\/editor\/#\/schema\/person\/image\/\"},\"sameAs\":[\"https:\/\/www.facebook.com\/luchonoticiasneiva\"],\"url\":\"https:\/\/luchonoticias.com\/editor\/author\/admin\/\"}]}<\/script>\n<!-- \/ Yoast SEO plugin. -->","yoast_head_json":{"title":"Se levanta bloqueo vial en v\u00eda al relleno sanitario -","robots":{"index":"index","follow":"follow","max-snippet":"max-snippet:-1","max-image-preview":"max-image-preview:large","max-video-preview":"max-video-preview:-1"},"canonical":"https:\/\/luchonoticias.com\/editor\/se-levanta-bloqueo-vial-en-via-al-relleno-sanitario\/","og_locale":"es_ES","og_type":"article","og_title":"Se levanta bloqueo vial en v\u00eda al relleno sanitario -","og_url":"https:\/\/luchonoticias.com\/editor\/se-levanta-bloqueo-vial-en-via-al-relleno-sanitario\/","article_publisher":"https:\/\/www.facebook.com\/luchonoticiasneiva","article_author":"https:\/\/www.facebook.com\/luchonoticiasneiva","article_published_time":"2022-08-25T09:44:23+00:00","article_modified_time":"2022-08-25T09:44:24+00:00","author":"admin","twitter_card":"summary_large_image","twitter_misc":{"Escrito por":"admin","Tiempo de lectura":"2 minutos"},"schema":{"@context":"https:\/\/schema.org","@graph":[{"@type":"Article","@id":"https:\/\/luchonoticias.com\/editor\/se-levanta-bloqueo-vial-en-via-al-relleno-sanitario\/#article","isPartOf":{"@id":"https:\/\/luchonoticias.com\/editor\/se-levanta-bloqueo-vial-en-via-al-relleno-sanitario\/"},"author":{"name":"admin","@id":"https:\/\/luchonoticias.com\/editor\/#\/schema\/person\/7a7fd911f58561fd056dbac7b55af9cd"},"headline":"Se levanta bloqueo vial en v\u00eda al relleno sanitario","datePublished":"2022-08-25T09:44:23+00:00","dateModified":"2022-08-25T09:44:24+00:00","mainEntityOfPage":{"@id":"https:\/\/luchonoticias.com\/editor\/se-levanta-bloqueo-vial-en-via-al-relleno-sanitario\/"},"wordCount":369,"commentCount":0,"publisher":{"@id":"https:\/\/luchonoticias.com\/editor\/#\/schema\/person\/7a7fd911f58561fd056dbac7b55af9cd"},"articleSection":["Local"],"inLanguage":"es","potentialAction":[{"@type":"CommentAction","name":"Comment","target":["https:\/\/luchonoticias.com\/editor\/se-levanta-bloqueo-vial-en-via-al-relleno-sanitario\/#respond"]}]},{"@type":"WebPage","@id":"https:\/\/luchonoticias.com\/editor\/se-levanta-bloqueo-vial-en-via-al-relleno-sanitario\/","url":"https:\/\/luchonoticias.com\/editor\/se-levanta-bloqueo-vial-en-via-al-relleno-sanitario\/","name":"Se levanta bloqueo vial en v\u00eda al relleno sanitario -","isPartOf":{"@id":"https:\/\/luchonoticias.com\/editor\/#website"},"datePublished":"2022-08-25T09:44:23+00:00","dateModified":"2022-08-25T09:44:24+00:00","breadcrumb":{"@id":"https:\/\/luchonoticias.com\/editor\/se-levanta-bloqueo-vial-en-via-al-relleno-sanitario\/#breadcrumb"},"inLanguage":"es","potentialAction":[{"@type":"ReadAction","target":["https:\/\/luchonoticias.com\/editor\/se-levanta-bloqueo-vial-en-via-al-relleno-sanitario\/"]}]},{"@type":"BreadcrumbList","@id":"https:\/\/luchonoticias.com\/editor\/se-levanta-bloqueo-vial-en-via-al-relleno-sanitario\/#breadcrumb","itemListElement":[{"@type":"ListItem","position":1,"name":"Portada","item":"https:\/\/luchonoticias.com\/editor\/"},{"@type":"ListItem","position":2,"name":"Se levanta bloqueo vial en v\u00eda al relleno sanitario"}]},{"@type":"WebSite","@id":"https:\/\/luchonoticias.com\/editor\/#website","url":"https:\/\/luchonoticias.com\/editor\/","name":"","description":"","publisher":{"@id":"https:\/\/luchonoticias.com\/editor\/#\/schema\/person\/7a7fd911f58561fd056dbac7b55af9cd"},"potentialAction":[{"@type":"SearchAction","target":{"@type":"EntryPoint","urlTemplate":"https:\/\/luchonoticias.com\/editor\/?s={search_term_string}"},"query-input":{"@type":"PropertyValueSpecification","valueRequired":true,"valueName":"search_term_string"}}],"inLanguage":"es"},{"@type":["Person","Organization"],"@id":"https:\/\/luchonoticias.com\/editor\/#\/schema\/person\/7a7fd911f58561fd056dbac7b55af9cd","name":"admin","image":{"@type":"ImageObject","inLanguage":"es","@id":"https:\/\/luchonoticias.com\/editor\/#\/schema\/person\/image\/","url":"https:\/\/luchonoticias.com\/editor\/wp-content\/uploads\/2024\/02\/cropped-cropped-logolu.webp","contentUrl":"https:\/\/luchonoticias.com\/editor\/wp-content\/uploads\/2024\/02\/cropped-cropped-logolu.webp","width":382,"height":170,"caption":"admin"},"logo":{"@id":"https:\/\/luchonoticias.com\/editor\/#\/schema\/person\/image\/"},"sameAs":["https:\/\/www.facebook.com\/luchonoticiasneiva"],"url":"https:\/\/luchonoticias.com\/editor\/author\/admin\/"}]}},"_links":{"self":[{"href":"https:\/\/luchonoticias.com\/editor\/wp-json\/wp\/v2\/posts\/32958","targetHints":{"allow":["GET"]}}],"collection":[{"href":"https:\/\/luchonoticias.com\/editor\/wp-json\/wp\/v2\/posts"}],"about":[{"href":"https:\/\/luchonoticias.com\/editor\/wp-json\/wp\/v2\/types\/post"}],"author":[{"embeddable":true,"href":"https:\/\/luchonoticias.com\/editor\/wp-json\/wp\/v2\/users\/1"}],"replies":[{"embeddable":true,"href":"https:\/\/luchonoticias.com\/editor\/wp-json\/wp\/v2\/comments?post=32958"}],"version-history":[{"count":0,"href":"https:\/\/luchonoticias.com\/editor\/wp-json\/wp\/v2\/posts\/32958\/revisions"}],"wp:attachment":[{"href":"https:\/\/luchonoticias.com\/editor\/wp-json\/wp\/v2\/media?parent=32958"}],"wp:term":[{"taxonomy":"category","embeddable":true,"href":"https:\/\/luchonoticias.com\/editor\/wp-json\/wp\/v2\/categories?post=32958"},{"taxonomy":"post_tag","embeddable":true,"href":"https:\/\/luchonoticias.com\/editor\/wp-json\/wp\/v2\/tags?post=32958"}],"curies":[{"name":"wp","href":"https:\/\/api.w.org\/{rel}","templated":true}]}}