{"id":32964,"date":"2022-08-25T04:47:19","date_gmt":"2022-08-25T09:47:19","guid":{"rendered":"https:\/\/luchonoticias.com\/?p=32964"},"modified":"2022-08-25T04:47:20","modified_gmt":"2022-08-25T09:47:20","slug":"sector-agrario-del-huila-se-capacita","status":"publish","type":"post","link":"https:\/\/luchonoticias.com\/editor\/sector-agrario-del-huila-se-capacita\/","title":{"rendered":"Sector agrario del Huila se capacita"},"content":{"rendered":"\n<p>La Secretaria de Agricultura y Miner\u00eda del departamento, viene desarrollando un ciclo de jornadas de&nbsp;<strong>capacitaci\u00f3n a usuarios de distritos de riego en el departamento,&nbsp;<\/strong>con el prop\u00f3sito de&nbsp;<strong>presentar los avances tecnol\u00f3gicos aplicados a la producci\u00f3n de cereales<\/strong>, as\u00ed como incentivar la implementaci\u00f3n de sistemas productivos integrales en zonas de producci\u00f3n arrocera.<\/p>\n\n\n\n<p>Lo que se espera, es que en adelante los arroceros que por a\u00f1os se han dedicado exclusivamente a este monocultivo,&nbsp;<strong>cambien sus paradigmas y empiecen a adoptar sistemas de producci\u00f3n rentables<\/strong>&nbsp;que contribuyan a hacerlos m\u00e1s sostenibles y competitivos.<\/p>\n\n\n\n<p>Algunas de las\u00a0<strong>alternativas que hoy se presentan como rentables por las coyunturas de pol\u00edtica internacional\u00a0<\/strong>y las fluctuaciones en las tasas de cambio, es la implementaci\u00f3n de cultivos de ma\u00edz, soya, girasol, y sorgo, utilizados como materias primas para la elaboraci\u00f3n de alimentos concentrados para animales, las cuales tienen una alta demanda en el pa\u00eds.<\/p>\n\n\n\n<p>\u201cEstamos tratando de&nbsp;<strong>concientizar al productor arrocero para que no solo se dedique a este monocultivo<\/strong>, sino que maneje el sistema productivo, implementando nuevos cultivos como ma\u00edz, soya, sorgo, y girasol, debido a se siembra ma\u00edz solo cuando&nbsp; los precios del arroz est\u00e1n muy bajos, pero deber\u00edamos culturizarnos en la implementaci\u00f3n de este cultivo, m\u00e1xime ahora que estamos requiriendo ese cereal que por temas de geopol\u00edtica est\u00e1 muy costoso para su importaci\u00f3n\u201d, indic\u00f3 &nbsp;Alfonso Gait\u00e1n, secretario t\u00e9cnico de la cadena de cereales y leguminosas.<\/p>\n\n\n\n<p>Por eso el secretario t\u00e9cnico de la cadena de cereales y leguminosas del Hula indic\u00f3 que se deben&nbsp; impulsar este tipo de cultivos, con el prop\u00f3sito de<strong>&nbsp;cubrir esa demanda nacional.<\/strong><\/p>\n\n\n\n<p>\u201cLas capacitaciones que estamos desarrollando es para&nbsp;<strong>concientizar a los agricultores que debemos ir m\u00e1s all\u00e1 de las siembras de arroz<\/strong>, pues con la rotaci\u00f3n de cultivos no solo se logra mayor productividad sino tambi\u00e9n una mejora en las condiciones de los suelos; igualmente se les est\u00e1 invitando a hacer una transici\u00f3n hacia la agricultura org\u00e1nica debido a las exigencias del mercado, mediante la adopci\u00f3n de nuevas pr\u00e1cticas agr\u00edcolas y el uso de productos amigables con el medio ambiente\u201d,&nbsp; sostuvo Gait\u00e1n.<\/p>\n","protected":false},"excerpt":{"rendered":"<p>La Secretaria de Agricultura y Miner\u00eda del departamento, viene desarrollando un ciclo de jornadas de&nbsp;capacitaci\u00f3n a usuarios de distritos de riego en el departamento,&nbsp;con el prop\u00f3sito de&nbsp;presentar los avances tecnol\u00f3gicos aplicados a la producci\u00f3n de cereales, as\u00ed como incentivar la implementaci\u00f3n de sistemas productivos integrales en zonas de producci\u00f3n arrocera. Lo que se espera, es [&hellip;]<\/p>\n","protected":false},"author":1,"featured_media":0,"comment_status":"open","ping_status":"open","sticky":false,"template":"","format":"standard","meta":{"footnotes":""},"categories":[33],"tags":[],"class_list":["post-32964","post","type-post","status-publish","format-standard","hentry","category-huila"],"yoast_head":"<!-- This site is optimized with the Yoast SEO plugin v26.6 - https:\/\/yoast.com\/wordpress\/plugins\/seo\/ -->\n<title>Sector agrario del Huila se capacita -<\/title>\n<meta name=\"robots\" content=\"index, follow, max-snippet:-1, max-image-preview:large, max-video-preview:-1\" \/>\n<link rel=\"canonical\" href=\"https:\/\/luchonoticias.com\/editor\/sector-agrario-del-huila-se-capacita\/\" \/>\n<meta property=\"og:locale\" content=\"es_ES\" \/>\n<meta property=\"og:type\" content=\"article\" \/>\n<meta property=\"og:title\" content=\"Sector agrario del Huila se capacita -\" \/>\n<meta property=\"og:url\" content=\"https:\/\/luchonoticias.com\/editor\/sector-agrario-del-huila-se-capacita\/\" \/>\n<meta property=\"article:publisher\" content=\"https:\/\/www.facebook.com\/luchonoticiasneiva\" \/>\n<meta property=\"article:author\" content=\"https:\/\/www.facebook.com\/luchonoticiasneiva\" \/>\n<meta property=\"article:published_time\" content=\"2022-08-25T09:47:19+00:00\" \/>\n<meta property=\"article:modified_time\" content=\"2022-08-25T09:47:20+00:00\" \/>\n<meta name=\"author\" content=\"admin\" \/>\n<meta name=\"twitter:card\" content=\"summary_large_image\" \/>\n<meta name=\"twitter:label1\" content=\"Escrito por\" \/>\n\t<meta name=\"twitter:data1\" content=\"admin\" \/>\n\t<meta name=\"twitter:label2\" content=\"Tiempo de lectura\" \/>\n\t<meta name=\"twitter:data2\" content=\"2 minutos\" \/>\n<script type=\"application\/ld+json\" class=\"yoast-schema-graph\">{\"@context\":\"https:\/\/schema.org\",\"@graph\":[{\"@type\":\"Article\",\"@id\":\"https:\/\/luchonoticias.com\/editor\/sector-agrario-del-huila-se-capacita\/#article\",\"isPartOf\":{\"@id\":\"https:\/\/luchonoticias.com\/editor\/sector-agrario-del-huila-se-capacita\/\"},\"author\":{\"name\":\"admin\",\"@id\":\"https:\/\/luchonoticias.com\/editor\/#\/schema\/person\/7a7fd911f58561fd056dbac7b55af9cd\"},\"headline\":\"Sector agrario del Huila se capacita\",\"datePublished\":\"2022-08-25T09:47:19+00:00\",\"dateModified\":\"2022-08-25T09:47:20+00:00\",\"mainEntityOfPage\":{\"@id\":\"https:\/\/luchonoticias.com\/editor\/sector-agrario-del-huila-se-capacita\/\"},\"wordCount\":398,\"commentCount\":0,\"publisher\":{\"@id\":\"https:\/\/luchonoticias.com\/editor\/#\/schema\/person\/7a7fd911f58561fd056dbac7b55af9cd\"},\"articleSection\":[\"Huila\"],\"inLanguage\":\"es\",\"potentialAction\":[{\"@type\":\"CommentAction\",\"name\":\"Comment\",\"target\":[\"https:\/\/luchonoticias.com\/editor\/sector-agrario-del-huila-se-capacita\/#respond\"]}]},{\"@type\":\"WebPage\",\"@id\":\"https:\/\/luchonoticias.com\/editor\/sector-agrario-del-huila-se-capacita\/\",\"url\":\"https:\/\/luchonoticias.com\/editor\/sector-agrario-del-huila-se-capacita\/\",\"name\":\"Sector agrario del Huila se capacita -\",\"isPartOf\":{\"@id\":\"https:\/\/luchonoticias.com\/editor\/#website\"},\"datePublished\":\"2022-08-25T09:47:19+00:00\",\"dateModified\":\"2022-08-25T09:47:20+00:00\",\"breadcrumb\":{\"@id\":\"https:\/\/luchonoticias.com\/editor\/sector-agrario-del-huila-se-capacita\/#breadcrumb\"},\"inLanguage\":\"es\",\"potentialAction\":[{\"@type\":\"ReadAction\",\"target\":[\"https:\/\/luchonoticias.com\/editor\/sector-agrario-del-huila-se-capacita\/\"]}]},{\"@type\":\"BreadcrumbList\",\"@id\":\"https:\/\/luchonoticias.com\/editor\/sector-agrario-del-huila-se-capacita\/#breadcrumb\",\"itemListElement\":[{\"@type\":\"ListItem\",\"position\":1,\"name\":\"Portada\",\"item\":\"https:\/\/luchonoticias.com\/editor\/\"},{\"@type\":\"ListItem\",\"position\":2,\"name\":\"Sector agrario del Huila se capacita\"}]},{\"@type\":\"WebSite\",\"@id\":\"https:\/\/luchonoticias.com\/editor\/#website\",\"url\":\"https:\/\/luchonoticias.com\/editor\/\",\"name\":\"\",\"description\":\"\",\"publisher\":{\"@id\":\"https:\/\/luchonoticias.com\/editor\/#\/schema\/person\/7a7fd911f58561fd056dbac7b55af9cd\"},\"potentialAction\":[{\"@type\":\"SearchAction\",\"target\":{\"@type\":\"EntryPoint\",\"urlTemplate\":\"https:\/\/luchonoticias.com\/editor\/?s={search_term_string}\"},\"query-input\":{\"@type\":\"PropertyValueSpecification\",\"valueRequired\":true,\"valueName\":\"search_term_string\"}}],\"inLanguage\":\"es\"},{\"@type\":[\"Person\",\"Organization\"],\"@id\":\"https:\/\/luchonoticias.com\/editor\/#\/schema\/person\/7a7fd911f58561fd056dbac7b55af9cd\",\"name\":\"admin\",\"image\":{\"@type\":\"ImageObject\",\"inLanguage\":\"es\",\"@id\":\"https:\/\/luchonoticias.com\/editor\/#\/schema\/person\/image\/\",\"url\":\"https:\/\/luchonoticias.com\/editor\/wp-content\/uploads\/2024\/02\/cropped-cropped-logolu.webp\",\"contentUrl\":\"https:\/\/luchonoticias.com\/editor\/wp-content\/uploads\/2024\/02\/cropped-cropped-logolu.webp\",\"width\":382,\"height\":170,\"caption\":\"admin\"},\"logo\":{\"@id\":\"https:\/\/luchonoticias.com\/editor\/#\/schema\/person\/image\/\"},\"sameAs\":[\"https:\/\/www.facebook.com\/luchonoticiasneiva\"],\"url\":\"https:\/\/luchonoticias.com\/editor\/author\/admin\/\"}]}<\/script>\n<!-- \/ Yoast SEO plugin. -->","yoast_head_json":{"title":"Sector agrario del Huila se capacita -","robots":{"index":"index","follow":"follow","max-snippet":"max-snippet:-1","max-image-preview":"max-image-preview:large","max-video-preview":"max-video-preview:-1"},"canonical":"https:\/\/luchonoticias.com\/editor\/sector-agrario-del-huila-se-capacita\/","og_locale":"es_ES","og_type":"article","og_title":"Sector agrario del Huila se capacita -","og_url":"https:\/\/luchonoticias.com\/editor\/sector-agrario-del-huila-se-capacita\/","article_publisher":"https:\/\/www.facebook.com\/luchonoticiasneiva","article_author":"https:\/\/www.facebook.com\/luchonoticiasneiva","article_published_time":"2022-08-25T09:47:19+00:00","article_modified_time":"2022-08-25T09:47:20+00:00","author":"admin","twitter_card":"summary_large_image","twitter_misc":{"Escrito por":"admin","Tiempo de lectura":"2 minutos"},"schema":{"@context":"https:\/\/schema.org","@graph":[{"@type":"Article","@id":"https:\/\/luchonoticias.com\/editor\/sector-agrario-del-huila-se-capacita\/#article","isPartOf":{"@id":"https:\/\/luchonoticias.com\/editor\/sector-agrario-del-huila-se-capacita\/"},"author":{"name":"admin","@id":"https:\/\/luchonoticias.com\/editor\/#\/schema\/person\/7a7fd911f58561fd056dbac7b55af9cd"},"headline":"Sector agrario del Huila se capacita","datePublished":"2022-08-25T09:47:19+00:00","dateModified":"2022-08-25T09:47:20+00:00","mainEntityOfPage":{"@id":"https:\/\/luchonoticias.com\/editor\/sector-agrario-del-huila-se-capacita\/"},"wordCount":398,"commentCount":0,"publisher":{"@id":"https:\/\/luchonoticias.com\/editor\/#\/schema\/person\/7a7fd911f58561fd056dbac7b55af9cd"},"articleSection":["Huila"],"inLanguage":"es","potentialAction":[{"@type":"CommentAction","name":"Comment","target":["https:\/\/luchonoticias.com\/editor\/sector-agrario-del-huila-se-capacita\/#respond"]}]},{"@type":"WebPage","@id":"https:\/\/luchonoticias.com\/editor\/sector-agrario-del-huila-se-capacita\/","url":"https:\/\/luchonoticias.com\/editor\/sector-agrario-del-huila-se-capacita\/","name":"Sector agrario del Huila se capacita -","isPartOf":{"@id":"https:\/\/luchonoticias.com\/editor\/#website"},"datePublished":"2022-08-25T09:47:19+00:00","dateModified":"2022-08-25T09:47:20+00:00","breadcrumb":{"@id":"https:\/\/luchonoticias.com\/editor\/sector-agrario-del-huila-se-capacita\/#breadcrumb"},"inLanguage":"es","potentialAction":[{"@type":"ReadAction","target":["https:\/\/luchonoticias.com\/editor\/sector-agrario-del-huila-se-capacita\/"]}]},{"@type":"BreadcrumbList","@id":"https:\/\/luchonoticias.com\/editor\/sector-agrario-del-huila-se-capacita\/#breadcrumb","itemListElement":[{"@type":"ListItem","position":1,"name":"Portada","item":"https:\/\/luchonoticias.com\/editor\/"},{"@type":"ListItem","position":2,"name":"Sector agrario del Huila se capacita"}]},{"@type":"WebSite","@id":"https:\/\/luchonoticias.com\/editor\/#website","url":"https:\/\/luchonoticias.com\/editor\/","name":"","description":"","publisher":{"@id":"https:\/\/luchonoticias.com\/editor\/#\/schema\/person\/7a7fd911f58561fd056dbac7b55af9cd"},"potentialAction":[{"@type":"SearchAction","target":{"@type":"EntryPoint","urlTemplate":"https:\/\/luchonoticias.com\/editor\/?s={search_term_string}"},"query-input":{"@type":"PropertyValueSpecification","valueRequired":true,"valueName":"search_term_string"}}],"inLanguage":"es"},{"@type":["Person","Organization"],"@id":"https:\/\/luchonoticias.com\/editor\/#\/schema\/person\/7a7fd911f58561fd056dbac7b55af9cd","name":"admin","image":{"@type":"ImageObject","inLanguage":"es","@id":"https:\/\/luchonoticias.com\/editor\/#\/schema\/person\/image\/","url":"https:\/\/luchonoticias.com\/editor\/wp-content\/uploads\/2024\/02\/cropped-cropped-logolu.webp","contentUrl":"https:\/\/luchonoticias.com\/editor\/wp-content\/uploads\/2024\/02\/cropped-cropped-logolu.webp","width":382,"height":170,"caption":"admin"},"logo":{"@id":"https:\/\/luchonoticias.com\/editor\/#\/schema\/person\/image\/"},"sameAs":["https:\/\/www.facebook.com\/luchonoticiasneiva"],"url":"https:\/\/luchonoticias.com\/editor\/author\/admin\/"}]}},"_links":{"self":[{"href":"https:\/\/luchonoticias.com\/editor\/wp-json\/wp\/v2\/posts\/32964","targetHints":{"allow":["GET"]}}],"collection":[{"href":"https:\/\/luchonoticias.com\/editor\/wp-json\/wp\/v2\/posts"}],"about":[{"href":"https:\/\/luchonoticias.com\/editor\/wp-json\/wp\/v2\/types\/post"}],"author":[{"embeddable":true,"href":"https:\/\/luchonoticias.com\/editor\/wp-json\/wp\/v2\/users\/1"}],"replies":[{"embeddable":true,"href":"https:\/\/luchonoticias.com\/editor\/wp-json\/wp\/v2\/comments?post=32964"}],"version-history":[{"count":0,"href":"https:\/\/luchonoticias.com\/editor\/wp-json\/wp\/v2\/posts\/32964\/revisions"}],"wp:attachment":[{"href":"https:\/\/luchonoticias.com\/editor\/wp-json\/wp\/v2\/media?parent=32964"}],"wp:term":[{"taxonomy":"category","embeddable":true,"href":"https:\/\/luchonoticias.com\/editor\/wp-json\/wp\/v2\/categories?post=32964"},{"taxonomy":"post_tag","embeddable":true,"href":"https:\/\/luchonoticias.com\/editor\/wp-json\/wp\/v2\/tags?post=32964"}],"curies":[{"name":"wp","href":"https:\/\/api.w.org\/{rel}","templated":true}]}}