{"id":32976,"date":"2022-08-25T04:55:33","date_gmt":"2022-08-25T09:55:33","guid":{"rendered":"https:\/\/luchonoticias.com\/?p=32976"},"modified":"2022-08-25T04:55:33","modified_gmt":"2022-08-25T09:55:33","slug":"dialogos-para-el-impulso-de-la-productividad-en-el-huila","status":"publish","type":"post","link":"https:\/\/luchonoticias.com\/editor\/dialogos-para-el-impulso-de-la-productividad-en-el-huila\/","title":{"rendered":"Di\u00e1logos para el impulso de la productividad en el Huila"},"content":{"rendered":"\n<p>En las instalaciones de la C\u00e1mara de Comercio del Huila se realiz\u00f3 esta importante reuni\u00f3n que presidi\u00f3 el gobernador del Huila, Luis Enrique Duss\u00e1n L\u00f3pez y en la que&nbsp;<strong>participaron diferentes gremios y empresarios del departamento<\/strong>&nbsp;y la C\u00e1mara de Comercio del Huila, uno de los temas fundamentales tratados fue el de la&nbsp;<strong>implementaci\u00f3n de la Pol\u00edtica Publica de Emprendimiento, Empresarismo e Innovaci\u00f3n<\/strong>&nbsp;y como el departamento ha logrado generar m\u00e1s empleo.&nbsp;<\/p>\n\n\n\n<p>En la pandemia se cre\u00f3 el Fondo de Reactivaci\u00f3n Econ\u00f3mica en donde se entregaron&nbsp; $43.000 millones y se protegieron cerca de 46.000 empleos, gracias a estos esfuerzos y estrategias el Huila en el a\u00f1o 2021 seg\u00fan el DANE fue&nbsp;<strong>el departamento que m\u00e1s recuper\u00f3 empleos<\/strong>, dijo el primer mandatario de los huilenses.<\/p>\n\n\n\n<p>Frente a los instrumentos con los que cuenta la Pol\u00edtica P\u00fablica de Emprendimiento el Gobernador explic\u00f3<strong>\u00a0la inversi\u00f3n que se tiene a disposici\u00f3n para los emprendedores, \u201c$10.340 millones listos<\/strong>\u00a0para arrancar un programa de instrumentos financieros\u00a0 donde vamos a sacar temas de capital semilla, subsidio a tasas de inter\u00e9s a periodos de gracia, plazos, unos a trav\u00e9s de cr\u00e9ditos subsidiados y otros a capital semilla, para las diferentes etapas del emprendimiento, los que arrancan, los que hay que consolidar, acelerar, para diferentes tama\u00f1os de emprendimiento, especialmente dirigidos a los micro y peque\u00f1os y para diferentes sectores de emprendimientos, para agro, turismo, comercio, industria y para todas las gamas de emprendimientos\u201d.<\/p>\n\n\n\n<p>El Gobernador del Huila destac\u00f3 los&nbsp;<strong>avances en la implementaci\u00f3n de la Pol\u00edtica de Emprendimiento, Empresarismo e Innovaci\u00f3n<\/strong>&nbsp;como algo central, que fue creada con toda la Red de Emprendimiento del Huila y que cuenta con recursos para fortalecer a los emprendedores.<\/p>\n\n\n\n<p>\u201cEl departamento del Huila por iniciativa del Gobernador, con los gremios, con la C\u00e1mara de Comercio, con el empresariado huilense han dise\u00f1ado he implementado esta Pol\u00edtica P\u00fablica. Toda la asamblea por ordenanza ya reglament\u00f3 con un decreto el Gobierno Departamental el fondo del emprendimiento y la innovaci\u00f3n para una siguiente etapa con seis l\u00edneas de acci\u00f3n para capital semilla, conseguir tazas compensadas, para<strong>&nbsp;fortalecimiento del empresariado huilense y para enfrentarnos a los nuevos retos<\/strong>, Dios quiera que con el nuevo gobierno, con las nuevas posibilidades que el departamento del Huila tiene y a trav\u00e9s de este fondo podamos continuar con esa senda del emprendimiento y la innovaci\u00f3n\u201d, explic\u00f3 Pedro Mart\u00edn Silva, Gerente de Infihuila.&nbsp;<\/p>\n\n\n\n<p>La&nbsp;<strong>transici\u00f3n energ\u00e9tica<\/strong>&nbsp;fue otro de los temas en los que hizo \u00e9nfasis el Gobernador del Huila y la necesidad en que el Huila empiece a&nbsp;<strong>implementar nuevas energ\u00edas limpias&nbsp;<\/strong>y del potencial que tienen el departamento, por ejemplo con el Desierto de la Tatacoa.<\/p>\n","protected":false},"excerpt":{"rendered":"<p>En las instalaciones de la C\u00e1mara de Comercio del Huila se realiz\u00f3 esta importante reuni\u00f3n que presidi\u00f3 el gobernador del Huila, Luis Enrique Duss\u00e1n L\u00f3pez y en la que&nbsp;participaron diferentes gremios y empresarios del departamento&nbsp;y la C\u00e1mara de Comercio del Huila, uno de los temas fundamentales tratados fue el de la&nbsp;implementaci\u00f3n de la Pol\u00edtica Publica [&hellip;]<\/p>\n","protected":false},"author":1,"featured_media":0,"comment_status":"open","ping_status":"open","sticky":false,"template":"","format":"standard","meta":{"footnotes":""},"categories":[33],"tags":[],"class_list":["post-32976","post","type-post","status-publish","format-standard","hentry","category-huila"],"yoast_head":"<!-- This site is optimized with the Yoast SEO plugin v26.6 - https:\/\/yoast.com\/wordpress\/plugins\/seo\/ -->\n<title>Di\u00e1logos para el impulso de la productividad en el Huila -<\/title>\n<meta name=\"robots\" content=\"index, follow, max-snippet:-1, max-image-preview:large, max-video-preview:-1\" \/>\n<link rel=\"canonical\" href=\"https:\/\/luchonoticias.com\/editor\/dialogos-para-el-impulso-de-la-productividad-en-el-huila\/\" \/>\n<meta property=\"og:locale\" content=\"es_ES\" \/>\n<meta property=\"og:type\" content=\"article\" \/>\n<meta property=\"og:title\" content=\"Di\u00e1logos para el impulso de la productividad en el Huila -\" \/>\n<meta property=\"og:url\" content=\"https:\/\/luchonoticias.com\/editor\/dialogos-para-el-impulso-de-la-productividad-en-el-huila\/\" \/>\n<meta property=\"article:publisher\" content=\"https:\/\/www.facebook.com\/luchonoticiasneiva\" \/>\n<meta property=\"article:author\" content=\"https:\/\/www.facebook.com\/luchonoticiasneiva\" \/>\n<meta property=\"article:published_time\" content=\"2022-08-25T09:55:33+00:00\" \/>\n<meta name=\"author\" content=\"admin\" \/>\n<meta name=\"twitter:card\" content=\"summary_large_image\" \/>\n<meta name=\"twitter:label1\" content=\"Escrito por\" \/>\n\t<meta name=\"twitter:data1\" content=\"admin\" \/>\n\t<meta name=\"twitter:label2\" content=\"Tiempo de lectura\" \/>\n\t<meta name=\"twitter:data2\" content=\"2 minutos\" \/>\n<script type=\"application\/ld+json\" class=\"yoast-schema-graph\">{\"@context\":\"https:\/\/schema.org\",\"@graph\":[{\"@type\":\"Article\",\"@id\":\"https:\/\/luchonoticias.com\/editor\/dialogos-para-el-impulso-de-la-productividad-en-el-huila\/#article\",\"isPartOf\":{\"@id\":\"https:\/\/luchonoticias.com\/editor\/dialogos-para-el-impulso-de-la-productividad-en-el-huila\/\"},\"author\":{\"name\":\"admin\",\"@id\":\"https:\/\/luchonoticias.com\/editor\/#\/schema\/person\/7a7fd911f58561fd056dbac7b55af9cd\"},\"headline\":\"Di\u00e1logos para el impulso de la productividad en el Huila\",\"datePublished\":\"2022-08-25T09:55:33+00:00\",\"mainEntityOfPage\":{\"@id\":\"https:\/\/luchonoticias.com\/editor\/dialogos-para-el-impulso-de-la-productividad-en-el-huila\/\"},\"wordCount\":496,\"commentCount\":0,\"publisher\":{\"@id\":\"https:\/\/luchonoticias.com\/editor\/#\/schema\/person\/7a7fd911f58561fd056dbac7b55af9cd\"},\"articleSection\":[\"Huila\"],\"inLanguage\":\"es\",\"potentialAction\":[{\"@type\":\"CommentAction\",\"name\":\"Comment\",\"target\":[\"https:\/\/luchonoticias.com\/editor\/dialogos-para-el-impulso-de-la-productividad-en-el-huila\/#respond\"]}]},{\"@type\":\"WebPage\",\"@id\":\"https:\/\/luchonoticias.com\/editor\/dialogos-para-el-impulso-de-la-productividad-en-el-huila\/\",\"url\":\"https:\/\/luchonoticias.com\/editor\/dialogos-para-el-impulso-de-la-productividad-en-el-huila\/\",\"name\":\"Di\u00e1logos para el impulso de la productividad en el Huila -\",\"isPartOf\":{\"@id\":\"https:\/\/luchonoticias.com\/editor\/#website\"},\"datePublished\":\"2022-08-25T09:55:33+00:00\",\"breadcrumb\":{\"@id\":\"https:\/\/luchonoticias.com\/editor\/dialogos-para-el-impulso-de-la-productividad-en-el-huila\/#breadcrumb\"},\"inLanguage\":\"es\",\"potentialAction\":[{\"@type\":\"ReadAction\",\"target\":[\"https:\/\/luchonoticias.com\/editor\/dialogos-para-el-impulso-de-la-productividad-en-el-huila\/\"]}]},{\"@type\":\"BreadcrumbList\",\"@id\":\"https:\/\/luchonoticias.com\/editor\/dialogos-para-el-impulso-de-la-productividad-en-el-huila\/#breadcrumb\",\"itemListElement\":[{\"@type\":\"ListItem\",\"position\":1,\"name\":\"Portada\",\"item\":\"https:\/\/luchonoticias.com\/editor\/\"},{\"@type\":\"ListItem\",\"position\":2,\"name\":\"Di\u00e1logos para el impulso de la productividad en el Huila\"}]},{\"@type\":\"WebSite\",\"@id\":\"https:\/\/luchonoticias.com\/editor\/#website\",\"url\":\"https:\/\/luchonoticias.com\/editor\/\",\"name\":\"\",\"description\":\"\",\"publisher\":{\"@id\":\"https:\/\/luchonoticias.com\/editor\/#\/schema\/person\/7a7fd911f58561fd056dbac7b55af9cd\"},\"potentialAction\":[{\"@type\":\"SearchAction\",\"target\":{\"@type\":\"EntryPoint\",\"urlTemplate\":\"https:\/\/luchonoticias.com\/editor\/?s={search_term_string}\"},\"query-input\":{\"@type\":\"PropertyValueSpecification\",\"valueRequired\":true,\"valueName\":\"search_term_string\"}}],\"inLanguage\":\"es\"},{\"@type\":[\"Person\",\"Organization\"],\"@id\":\"https:\/\/luchonoticias.com\/editor\/#\/schema\/person\/7a7fd911f58561fd056dbac7b55af9cd\",\"name\":\"admin\",\"image\":{\"@type\":\"ImageObject\",\"inLanguage\":\"es\",\"@id\":\"https:\/\/luchonoticias.com\/editor\/#\/schema\/person\/image\/\",\"url\":\"https:\/\/luchonoticias.com\/editor\/wp-content\/uploads\/2024\/02\/cropped-cropped-logolu.webp\",\"contentUrl\":\"https:\/\/luchonoticias.com\/editor\/wp-content\/uploads\/2024\/02\/cropped-cropped-logolu.webp\",\"width\":382,\"height\":170,\"caption\":\"admin\"},\"logo\":{\"@id\":\"https:\/\/luchonoticias.com\/editor\/#\/schema\/person\/image\/\"},\"sameAs\":[\"https:\/\/www.facebook.com\/luchonoticiasneiva\"],\"url\":\"https:\/\/luchonoticias.com\/editor\/author\/admin\/\"}]}<\/script>\n<!-- \/ Yoast SEO plugin. -->","yoast_head_json":{"title":"Di\u00e1logos para el impulso de la productividad en el Huila -","robots":{"index":"index","follow":"follow","max-snippet":"max-snippet:-1","max-image-preview":"max-image-preview:large","max-video-preview":"max-video-preview:-1"},"canonical":"https:\/\/luchonoticias.com\/editor\/dialogos-para-el-impulso-de-la-productividad-en-el-huila\/","og_locale":"es_ES","og_type":"article","og_title":"Di\u00e1logos para el impulso de la productividad en el Huila -","og_url":"https:\/\/luchonoticias.com\/editor\/dialogos-para-el-impulso-de-la-productividad-en-el-huila\/","article_publisher":"https:\/\/www.facebook.com\/luchonoticiasneiva","article_author":"https:\/\/www.facebook.com\/luchonoticiasneiva","article_published_time":"2022-08-25T09:55:33+00:00","author":"admin","twitter_card":"summary_large_image","twitter_misc":{"Escrito por":"admin","Tiempo de lectura":"2 minutos"},"schema":{"@context":"https:\/\/schema.org","@graph":[{"@type":"Article","@id":"https:\/\/luchonoticias.com\/editor\/dialogos-para-el-impulso-de-la-productividad-en-el-huila\/#article","isPartOf":{"@id":"https:\/\/luchonoticias.com\/editor\/dialogos-para-el-impulso-de-la-productividad-en-el-huila\/"},"author":{"name":"admin","@id":"https:\/\/luchonoticias.com\/editor\/#\/schema\/person\/7a7fd911f58561fd056dbac7b55af9cd"},"headline":"Di\u00e1logos para el impulso de la productividad en el Huila","datePublished":"2022-08-25T09:55:33+00:00","mainEntityOfPage":{"@id":"https:\/\/luchonoticias.com\/editor\/dialogos-para-el-impulso-de-la-productividad-en-el-huila\/"},"wordCount":496,"commentCount":0,"publisher":{"@id":"https:\/\/luchonoticias.com\/editor\/#\/schema\/person\/7a7fd911f58561fd056dbac7b55af9cd"},"articleSection":["Huila"],"inLanguage":"es","potentialAction":[{"@type":"CommentAction","name":"Comment","target":["https:\/\/luchonoticias.com\/editor\/dialogos-para-el-impulso-de-la-productividad-en-el-huila\/#respond"]}]},{"@type":"WebPage","@id":"https:\/\/luchonoticias.com\/editor\/dialogos-para-el-impulso-de-la-productividad-en-el-huila\/","url":"https:\/\/luchonoticias.com\/editor\/dialogos-para-el-impulso-de-la-productividad-en-el-huila\/","name":"Di\u00e1logos para el impulso de la productividad en el Huila -","isPartOf":{"@id":"https:\/\/luchonoticias.com\/editor\/#website"},"datePublished":"2022-08-25T09:55:33+00:00","breadcrumb":{"@id":"https:\/\/luchonoticias.com\/editor\/dialogos-para-el-impulso-de-la-productividad-en-el-huila\/#breadcrumb"},"inLanguage":"es","potentialAction":[{"@type":"ReadAction","target":["https:\/\/luchonoticias.com\/editor\/dialogos-para-el-impulso-de-la-productividad-en-el-huila\/"]}]},{"@type":"BreadcrumbList","@id":"https:\/\/luchonoticias.com\/editor\/dialogos-para-el-impulso-de-la-productividad-en-el-huila\/#breadcrumb","itemListElement":[{"@type":"ListItem","position":1,"name":"Portada","item":"https:\/\/luchonoticias.com\/editor\/"},{"@type":"ListItem","position":2,"name":"Di\u00e1logos para el impulso de la productividad en el Huila"}]},{"@type":"WebSite","@id":"https:\/\/luchonoticias.com\/editor\/#website","url":"https:\/\/luchonoticias.com\/editor\/","name":"","description":"","publisher":{"@id":"https:\/\/luchonoticias.com\/editor\/#\/schema\/person\/7a7fd911f58561fd056dbac7b55af9cd"},"potentialAction":[{"@type":"SearchAction","target":{"@type":"EntryPoint","urlTemplate":"https:\/\/luchonoticias.com\/editor\/?s={search_term_string}"},"query-input":{"@type":"PropertyValueSpecification","valueRequired":true,"valueName":"search_term_string"}}],"inLanguage":"es"},{"@type":["Person","Organization"],"@id":"https:\/\/luchonoticias.com\/editor\/#\/schema\/person\/7a7fd911f58561fd056dbac7b55af9cd","name":"admin","image":{"@type":"ImageObject","inLanguage":"es","@id":"https:\/\/luchonoticias.com\/editor\/#\/schema\/person\/image\/","url":"https:\/\/luchonoticias.com\/editor\/wp-content\/uploads\/2024\/02\/cropped-cropped-logolu.webp","contentUrl":"https:\/\/luchonoticias.com\/editor\/wp-content\/uploads\/2024\/02\/cropped-cropped-logolu.webp","width":382,"height":170,"caption":"admin"},"logo":{"@id":"https:\/\/luchonoticias.com\/editor\/#\/schema\/person\/image\/"},"sameAs":["https:\/\/www.facebook.com\/luchonoticiasneiva"],"url":"https:\/\/luchonoticias.com\/editor\/author\/admin\/"}]}},"_links":{"self":[{"href":"https:\/\/luchonoticias.com\/editor\/wp-json\/wp\/v2\/posts\/32976","targetHints":{"allow":["GET"]}}],"collection":[{"href":"https:\/\/luchonoticias.com\/editor\/wp-json\/wp\/v2\/posts"}],"about":[{"href":"https:\/\/luchonoticias.com\/editor\/wp-json\/wp\/v2\/types\/post"}],"author":[{"embeddable":true,"href":"https:\/\/luchonoticias.com\/editor\/wp-json\/wp\/v2\/users\/1"}],"replies":[{"embeddable":true,"href":"https:\/\/luchonoticias.com\/editor\/wp-json\/wp\/v2\/comments?post=32976"}],"version-history":[{"count":0,"href":"https:\/\/luchonoticias.com\/editor\/wp-json\/wp\/v2\/posts\/32976\/revisions"}],"wp:attachment":[{"href":"https:\/\/luchonoticias.com\/editor\/wp-json\/wp\/v2\/media?parent=32976"}],"wp:term":[{"taxonomy":"category","embeddable":true,"href":"https:\/\/luchonoticias.com\/editor\/wp-json\/wp\/v2\/categories?post=32976"},{"taxonomy":"post_tag","embeddable":true,"href":"https:\/\/luchonoticias.com\/editor\/wp-json\/wp\/v2\/tags?post=32976"}],"curies":[{"name":"wp","href":"https:\/\/api.w.org\/{rel}","templated":true}]}}