{"id":32979,"date":"2022-08-25T07:12:40","date_gmt":"2022-08-25T12:12:40","guid":{"rendered":"https:\/\/luchonoticias.com\/?p=32979"},"modified":"2022-08-25T07:12:41","modified_gmt":"2022-08-25T12:12:41","slug":"setp-inicio-proceso-de-compensacion-ambiental-por-aprovechamiento-de-arboles","status":"publish","type":"post","link":"https:\/\/luchonoticias.com\/editor\/setp-inicio-proceso-de-compensacion-ambiental-por-aprovechamiento-de-arboles\/","title":{"rendered":"SETP inici\u00f3 proceso de compensaci\u00f3n ambiental por aprovechamiento de \u00e1rboles"},"content":{"rendered":"\n<p>Dando cumplimiento a la medida compensatoria, establecida en el permiso de aprovechamiento forestal otorgado por la autoridad ambiental CAM, el Sistema Estrat\u00e9gico de Transporte P\u00fablico de Neiva dio inicio al proceso de siembra en la ladera del r\u00edo Las Ceibas, dentro del Batall\u00f3n No. 9 Tenerife, de 335 individuos perteneciente a especies de bosque seco tropical.<\/p>\n\n\n\n<p>Entre las especies en proceso de siembra se encuentran acacia roja, lluvia de oro, acacia amarilla, cham\u00e1n almendr\u00f3n y orejero; las cuales, adem\u00e1s de cumplir con los par\u00e1metros establecidos, como de tipolog\u00eda y estatura, contar\u00e1n con el debido riego y cuidado que permita garantizar su existencia \u201cson especies que se garantizar\u00e1 a trav\u00e9s del SETP la siembra y el mantenimiento, de tal forma que est\u00e9n totalmente aptas dentro del bosque seco tropical, que permitan mitigar los impactos ambientales generados por las obras adelantadas en el centro\u201d, afirm\u00f3 Faiber Sandoval Cumbe, gerente del ente gestor del Sistema Estrat\u00e9gico de Transporte P\u00fablico de Neiva.<\/p>\n\n\n\n<figure class=\"wp-block-gallery has-nested-images columns-default is-cropped wp-block-gallery-1 is-layout-flex wp-block-gallery-is-layout-flex\">\n<figure class=\"wp-block-image size-large\"><img decoding=\"async\" data-id=\"32982\" src=\"https:\/\/luchonoticias.com\/wp-content\/uploads\/2022\/08\/WhatsApp-Image-2022-08-24-at-6.38.29-PM-2-1-1024x682.jpeg\" alt=\"\" class=\"wp-image-32982\"\/><\/figure>\n\n\n\n<figure class=\"wp-block-image size-large\"><img decoding=\"async\" data-id=\"32981\" src=\"https:\/\/luchonoticias.com\/wp-content\/uploads\/2022\/08\/WhatsApp-Image-2022-08-24-at-6.38.29-PM-1-1024x682.jpeg\" alt=\"\" class=\"wp-image-32981\"\/><\/figure>\n<\/figure>\n\n\n\n<p>Los otros 125 individuos con los cuales se completar\u00edan los 460 que debe sembrar la entidad, quedar\u00e1n ubicados en la zona de intervenci\u00f3n, separador vial y andenes, proceso que se realizar\u00e1 de manera conjunta con la Administraci\u00f3n Municipal y la comunidad del sector agreg\u00f3 el funcionario.<\/p>\n\n\n\n<p>\u201cLa idea es que a trav\u00e9s de una jornada que vamos a hacer en conjunto con la Administraci\u00f3n, vamos a hacer la apropiaci\u00f3n por parte de la misma comunidad de estas especies con el fin de que, una vez se terminen las intervenciones, se adopte estos \u00e1rboles para que se pueda garantizar la subsistencia de los mismos\u201d, se\u00f1al\u00f3 Sandoval Cumbe.<\/p>\n\n\n\n<p>As\u00ed mismo, en los pr\u00f3ximos d\u00edas ser\u00e1n entregados otros 460 individuos a la CAM, con los cuales se completar\u00e1n los 920 \u00e1rboles estipulados en el permiso de aprovechamiento forestal.<\/p>\n\n\n\n<figure class=\"wp-block-gallery has-nested-images columns-default is-cropped wp-block-gallery-2 is-layout-flex wp-block-gallery-is-layout-flex\">\n<figure class=\"wp-block-image size-large\"><img decoding=\"async\" data-id=\"32984\" src=\"https:\/\/luchonoticias.com\/wp-content\/uploads\/2022\/08\/WhatsApp-Image-2022-08-24-at-6.38.29-PM-1024x682.jpeg\" alt=\"\" class=\"wp-image-32984\"\/><\/figure>\n\n\n\n<figure class=\"wp-block-image size-large\"><img decoding=\"async\" data-id=\"32983\" src=\"https:\/\/luchonoticias.com\/wp-content\/uploads\/2022\/08\/WhatsApp-Image-2022-08-24-at-6.38.28-PM-1024x682.jpeg\" alt=\"\" class=\"wp-image-32983\"\/><\/figure>\n<\/figure>\n\n\n\n<p><strong>Menos arboles intervenidos<\/strong><\/p>\n\n\n\n<p>Cabe resaltar que, con el fin de minimizar los impactos ambientales en la zona de intervenci\u00f3n, la entidad, en un trabajo articulado con el contratista, realiz\u00f3 los ajustes necesarios con el fin de realizar el aprovechamiento forestal solo de 24 individuos de 46 que estaban establecidos en el plan. De esta manera el SETP reafirma su compromiso de ser un sistema de transporte amigable con el medio ambiente.<\/p>\n","protected":false},"excerpt":{"rendered":"<p>Dando cumplimiento a la medida compensatoria, establecida en el permiso de aprovechamiento forestal otorgado por la autoridad ambiental CAM, el Sistema Estrat\u00e9gico de Transporte P\u00fablico de Neiva dio inicio al proceso de siembra en la ladera del r\u00edo Las Ceibas, dentro del Batall\u00f3n No. 9 Tenerife, de 335 individuos perteneciente a especies de bosque seco [&hellip;]<\/p>\n","protected":false},"author":1,"featured_media":0,"comment_status":"open","ping_status":"open","sticky":false,"template":"","format":"standard","meta":{"footnotes":""},"categories":[36,31],"tags":[],"class_list":["post-32979","post","type-post","status-publish","format-standard","hentry","category-destacado","category-local"],"yoast_head":"<!-- This site is optimized with the Yoast SEO plugin v26.6 - https:\/\/yoast.com\/wordpress\/plugins\/seo\/ -->\n<title>SETP inici\u00f3 proceso de compensaci\u00f3n ambiental por aprovechamiento de \u00e1rboles -<\/title>\n<meta name=\"robots\" content=\"index, follow, max-snippet:-1, max-image-preview:large, max-video-preview:-1\" \/>\n<link rel=\"canonical\" href=\"https:\/\/luchonoticias.com\/editor\/setp-inicio-proceso-de-compensacion-ambiental-por-aprovechamiento-de-arboles\/\" \/>\n<meta property=\"og:locale\" content=\"es_ES\" \/>\n<meta property=\"og:type\" content=\"article\" \/>\n<meta property=\"og:title\" content=\"SETP inici\u00f3 proceso de compensaci\u00f3n ambiental por aprovechamiento de \u00e1rboles -\" \/>\n<meta property=\"og:url\" content=\"https:\/\/luchonoticias.com\/editor\/setp-inicio-proceso-de-compensacion-ambiental-por-aprovechamiento-de-arboles\/\" \/>\n<meta property=\"article:publisher\" content=\"https:\/\/www.facebook.com\/luchonoticiasneiva\" \/>\n<meta property=\"article:author\" content=\"https:\/\/www.facebook.com\/luchonoticiasneiva\" \/>\n<meta property=\"article:published_time\" content=\"2022-08-25T12:12:40+00:00\" \/>\n<meta property=\"article:modified_time\" content=\"2022-08-25T12:12:41+00:00\" \/>\n<meta property=\"og:image\" content=\"https:\/\/luchonoticias.com\/wp-content\/uploads\/2022\/08\/WhatsApp-Image-2022-08-24-at-6.38.29-PM-2-1-1024x682.jpeg\" \/>\n<meta name=\"author\" content=\"admin\" \/>\n<meta name=\"twitter:card\" content=\"summary_large_image\" \/>\n<meta name=\"twitter:label1\" content=\"Escrito por\" \/>\n\t<meta name=\"twitter:data1\" content=\"admin\" \/>\n\t<meta name=\"twitter:label2\" content=\"Tiempo de lectura\" \/>\n\t<meta name=\"twitter:data2\" content=\"2 minutos\" \/>\n<script type=\"application\/ld+json\" class=\"yoast-schema-graph\">{\"@context\":\"https:\/\/schema.org\",\"@graph\":[{\"@type\":\"Article\",\"@id\":\"https:\/\/luchonoticias.com\/editor\/setp-inicio-proceso-de-compensacion-ambiental-por-aprovechamiento-de-arboles\/#article\",\"isPartOf\":{\"@id\":\"https:\/\/luchonoticias.com\/editor\/setp-inicio-proceso-de-compensacion-ambiental-por-aprovechamiento-de-arboles\/\"},\"author\":{\"name\":\"admin\",\"@id\":\"https:\/\/luchonoticias.com\/editor\/#\/schema\/person\/7a7fd911f58561fd056dbac7b55af9cd\"},\"headline\":\"SETP inici\u00f3 proceso de compensaci\u00f3n ambiental por aprovechamiento de \u00e1rboles\",\"datePublished\":\"2022-08-25T12:12:40+00:00\",\"dateModified\":\"2022-08-25T12:12:41+00:00\",\"mainEntityOfPage\":{\"@id\":\"https:\/\/luchonoticias.com\/editor\/setp-inicio-proceso-de-compensacion-ambiental-por-aprovechamiento-de-arboles\/\"},\"wordCount\":394,\"commentCount\":0,\"publisher\":{\"@id\":\"https:\/\/luchonoticias.com\/editor\/#\/schema\/person\/7a7fd911f58561fd056dbac7b55af9cd\"},\"image\":{\"@id\":\"https:\/\/luchonoticias.com\/editor\/setp-inicio-proceso-de-compensacion-ambiental-por-aprovechamiento-de-arboles\/#primaryimage\"},\"thumbnailUrl\":\"https:\/\/luchonoticias.com\/wp-content\/uploads\/2022\/08\/WhatsApp-Image-2022-08-24-at-6.38.29-PM-2-1-1024x682.jpeg\",\"articleSection\":[\"Destacado\",\"Local\"],\"inLanguage\":\"es\",\"potentialAction\":[{\"@type\":\"CommentAction\",\"name\":\"Comment\",\"target\":[\"https:\/\/luchonoticias.com\/editor\/setp-inicio-proceso-de-compensacion-ambiental-por-aprovechamiento-de-arboles\/#respond\"]}]},{\"@type\":\"WebPage\",\"@id\":\"https:\/\/luchonoticias.com\/editor\/setp-inicio-proceso-de-compensacion-ambiental-por-aprovechamiento-de-arboles\/\",\"url\":\"https:\/\/luchonoticias.com\/editor\/setp-inicio-proceso-de-compensacion-ambiental-por-aprovechamiento-de-arboles\/\",\"name\":\"SETP inici\u00f3 proceso de compensaci\u00f3n ambiental por aprovechamiento de \u00e1rboles -\",\"isPartOf\":{\"@id\":\"https:\/\/luchonoticias.com\/editor\/#website\"},\"primaryImageOfPage\":{\"@id\":\"https:\/\/luchonoticias.com\/editor\/setp-inicio-proceso-de-compensacion-ambiental-por-aprovechamiento-de-arboles\/#primaryimage\"},\"image\":{\"@id\":\"https:\/\/luchonoticias.com\/editor\/setp-inicio-proceso-de-compensacion-ambiental-por-aprovechamiento-de-arboles\/#primaryimage\"},\"thumbnailUrl\":\"https:\/\/luchonoticias.com\/wp-content\/uploads\/2022\/08\/WhatsApp-Image-2022-08-24-at-6.38.29-PM-2-1-1024x682.jpeg\",\"datePublished\":\"2022-08-25T12:12:40+00:00\",\"dateModified\":\"2022-08-25T12:12:41+00:00\",\"breadcrumb\":{\"@id\":\"https:\/\/luchonoticias.com\/editor\/setp-inicio-proceso-de-compensacion-ambiental-por-aprovechamiento-de-arboles\/#breadcrumb\"},\"inLanguage\":\"es\",\"potentialAction\":[{\"@type\":\"ReadAction\",\"target\":[\"https:\/\/luchonoticias.com\/editor\/setp-inicio-proceso-de-compensacion-ambiental-por-aprovechamiento-de-arboles\/\"]}]},{\"@type\":\"ImageObject\",\"inLanguage\":\"es\",\"@id\":\"https:\/\/luchonoticias.com\/editor\/setp-inicio-proceso-de-compensacion-ambiental-por-aprovechamiento-de-arboles\/#primaryimage\",\"url\":\"https:\/\/luchonoticias.com\/wp-content\/uploads\/2022\/08\/WhatsApp-Image-2022-08-24-at-6.38.29-PM-2-1-1024x682.jpeg\",\"contentUrl\":\"https:\/\/luchonoticias.com\/wp-content\/uploads\/2022\/08\/WhatsApp-Image-2022-08-24-at-6.38.29-PM-2-1-1024x682.jpeg\"},{\"@type\":\"BreadcrumbList\",\"@id\":\"https:\/\/luchonoticias.com\/editor\/setp-inicio-proceso-de-compensacion-ambiental-por-aprovechamiento-de-arboles\/#breadcrumb\",\"itemListElement\":[{\"@type\":\"ListItem\",\"position\":1,\"name\":\"Portada\",\"item\":\"https:\/\/luchonoticias.com\/editor\/\"},{\"@type\":\"ListItem\",\"position\":2,\"name\":\"SETP inici\u00f3 proceso de compensaci\u00f3n ambiental por aprovechamiento de \u00e1rboles\"}]},{\"@type\":\"WebSite\",\"@id\":\"https:\/\/luchonoticias.com\/editor\/#website\",\"url\":\"https:\/\/luchonoticias.com\/editor\/\",\"name\":\"\",\"description\":\"\",\"publisher\":{\"@id\":\"https:\/\/luchonoticias.com\/editor\/#\/schema\/person\/7a7fd911f58561fd056dbac7b55af9cd\"},\"potentialAction\":[{\"@type\":\"SearchAction\",\"target\":{\"@type\":\"EntryPoint\",\"urlTemplate\":\"https:\/\/luchonoticias.com\/editor\/?s={search_term_string}\"},\"query-input\":{\"@type\":\"PropertyValueSpecification\",\"valueRequired\":true,\"valueName\":\"search_term_string\"}}],\"inLanguage\":\"es\"},{\"@type\":[\"Person\",\"Organization\"],\"@id\":\"https:\/\/luchonoticias.com\/editor\/#\/schema\/person\/7a7fd911f58561fd056dbac7b55af9cd\",\"name\":\"admin\",\"image\":{\"@type\":\"ImageObject\",\"inLanguage\":\"es\",\"@id\":\"https:\/\/luchonoticias.com\/editor\/#\/schema\/person\/image\/\",\"url\":\"https:\/\/luchonoticias.com\/editor\/wp-content\/uploads\/2024\/02\/cropped-cropped-logolu.webp\",\"contentUrl\":\"https:\/\/luchonoticias.com\/editor\/wp-content\/uploads\/2024\/02\/cropped-cropped-logolu.webp\",\"width\":382,\"height\":170,\"caption\":\"admin\"},\"logo\":{\"@id\":\"https:\/\/luchonoticias.com\/editor\/#\/schema\/person\/image\/\"},\"sameAs\":[\"https:\/\/www.facebook.com\/luchonoticiasneiva\"],\"url\":\"https:\/\/luchonoticias.com\/editor\/author\/admin\/\"}]}<\/script>\n<!-- \/ Yoast SEO plugin. -->","yoast_head_json":{"title":"SETP inici\u00f3 proceso de compensaci\u00f3n ambiental por aprovechamiento de \u00e1rboles -","robots":{"index":"index","follow":"follow","max-snippet":"max-snippet:-1","max-image-preview":"max-image-preview:large","max-video-preview":"max-video-preview:-1"},"canonical":"https:\/\/luchonoticias.com\/editor\/setp-inicio-proceso-de-compensacion-ambiental-por-aprovechamiento-de-arboles\/","og_locale":"es_ES","og_type":"article","og_title":"SETP inici\u00f3 proceso de compensaci\u00f3n ambiental por aprovechamiento de \u00e1rboles -","og_url":"https:\/\/luchonoticias.com\/editor\/setp-inicio-proceso-de-compensacion-ambiental-por-aprovechamiento-de-arboles\/","article_publisher":"https:\/\/www.facebook.com\/luchonoticiasneiva","article_author":"https:\/\/www.facebook.com\/luchonoticiasneiva","article_published_time":"2022-08-25T12:12:40+00:00","article_modified_time":"2022-08-25T12:12:41+00:00","og_image":[{"url":"https:\/\/luchonoticias.com\/wp-content\/uploads\/2022\/08\/WhatsApp-Image-2022-08-24-at-6.38.29-PM-2-1-1024x682.jpeg","type":"","width":"","height":""}],"author":"admin","twitter_card":"summary_large_image","twitter_misc":{"Escrito por":"admin","Tiempo de lectura":"2 minutos"},"schema":{"@context":"https:\/\/schema.org","@graph":[{"@type":"Article","@id":"https:\/\/luchonoticias.com\/editor\/setp-inicio-proceso-de-compensacion-ambiental-por-aprovechamiento-de-arboles\/#article","isPartOf":{"@id":"https:\/\/luchonoticias.com\/editor\/setp-inicio-proceso-de-compensacion-ambiental-por-aprovechamiento-de-arboles\/"},"author":{"name":"admin","@id":"https:\/\/luchonoticias.com\/editor\/#\/schema\/person\/7a7fd911f58561fd056dbac7b55af9cd"},"headline":"SETP inici\u00f3 proceso de compensaci\u00f3n ambiental por aprovechamiento de \u00e1rboles","datePublished":"2022-08-25T12:12:40+00:00","dateModified":"2022-08-25T12:12:41+00:00","mainEntityOfPage":{"@id":"https:\/\/luchonoticias.com\/editor\/setp-inicio-proceso-de-compensacion-ambiental-por-aprovechamiento-de-arboles\/"},"wordCount":394,"commentCount":0,"publisher":{"@id":"https:\/\/luchonoticias.com\/editor\/#\/schema\/person\/7a7fd911f58561fd056dbac7b55af9cd"},"image":{"@id":"https:\/\/luchonoticias.com\/editor\/setp-inicio-proceso-de-compensacion-ambiental-por-aprovechamiento-de-arboles\/#primaryimage"},"thumbnailUrl":"https:\/\/luchonoticias.com\/wp-content\/uploads\/2022\/08\/WhatsApp-Image-2022-08-24-at-6.38.29-PM-2-1-1024x682.jpeg","articleSection":["Destacado","Local"],"inLanguage":"es","potentialAction":[{"@type":"CommentAction","name":"Comment","target":["https:\/\/luchonoticias.com\/editor\/setp-inicio-proceso-de-compensacion-ambiental-por-aprovechamiento-de-arboles\/#respond"]}]},{"@type":"WebPage","@id":"https:\/\/luchonoticias.com\/editor\/setp-inicio-proceso-de-compensacion-ambiental-por-aprovechamiento-de-arboles\/","url":"https:\/\/luchonoticias.com\/editor\/setp-inicio-proceso-de-compensacion-ambiental-por-aprovechamiento-de-arboles\/","name":"SETP inici\u00f3 proceso de compensaci\u00f3n ambiental por aprovechamiento de \u00e1rboles -","isPartOf":{"@id":"https:\/\/luchonoticias.com\/editor\/#website"},"primaryImageOfPage":{"@id":"https:\/\/luchonoticias.com\/editor\/setp-inicio-proceso-de-compensacion-ambiental-por-aprovechamiento-de-arboles\/#primaryimage"},"image":{"@id":"https:\/\/luchonoticias.com\/editor\/setp-inicio-proceso-de-compensacion-ambiental-por-aprovechamiento-de-arboles\/#primaryimage"},"thumbnailUrl":"https:\/\/luchonoticias.com\/wp-content\/uploads\/2022\/08\/WhatsApp-Image-2022-08-24-at-6.38.29-PM-2-1-1024x682.jpeg","datePublished":"2022-08-25T12:12:40+00:00","dateModified":"2022-08-25T12:12:41+00:00","breadcrumb":{"@id":"https:\/\/luchonoticias.com\/editor\/setp-inicio-proceso-de-compensacion-ambiental-por-aprovechamiento-de-arboles\/#breadcrumb"},"inLanguage":"es","potentialAction":[{"@type":"ReadAction","target":["https:\/\/luchonoticias.com\/editor\/setp-inicio-proceso-de-compensacion-ambiental-por-aprovechamiento-de-arboles\/"]}]},{"@type":"ImageObject","inLanguage":"es","@id":"https:\/\/luchonoticias.com\/editor\/setp-inicio-proceso-de-compensacion-ambiental-por-aprovechamiento-de-arboles\/#primaryimage","url":"https:\/\/luchonoticias.com\/wp-content\/uploads\/2022\/08\/WhatsApp-Image-2022-08-24-at-6.38.29-PM-2-1-1024x682.jpeg","contentUrl":"https:\/\/luchonoticias.com\/wp-content\/uploads\/2022\/08\/WhatsApp-Image-2022-08-24-at-6.38.29-PM-2-1-1024x682.jpeg"},{"@type":"BreadcrumbList","@id":"https:\/\/luchonoticias.com\/editor\/setp-inicio-proceso-de-compensacion-ambiental-por-aprovechamiento-de-arboles\/#breadcrumb","itemListElement":[{"@type":"ListItem","position":1,"name":"Portada","item":"https:\/\/luchonoticias.com\/editor\/"},{"@type":"ListItem","position":2,"name":"SETP inici\u00f3 proceso de compensaci\u00f3n ambiental por aprovechamiento de \u00e1rboles"}]},{"@type":"WebSite","@id":"https:\/\/luchonoticias.com\/editor\/#website","url":"https:\/\/luchonoticias.com\/editor\/","name":"","description":"","publisher":{"@id":"https:\/\/luchonoticias.com\/editor\/#\/schema\/person\/7a7fd911f58561fd056dbac7b55af9cd"},"potentialAction":[{"@type":"SearchAction","target":{"@type":"EntryPoint","urlTemplate":"https:\/\/luchonoticias.com\/editor\/?s={search_term_string}"},"query-input":{"@type":"PropertyValueSpecification","valueRequired":true,"valueName":"search_term_string"}}],"inLanguage":"es"},{"@type":["Person","Organization"],"@id":"https:\/\/luchonoticias.com\/editor\/#\/schema\/person\/7a7fd911f58561fd056dbac7b55af9cd","name":"admin","image":{"@type":"ImageObject","inLanguage":"es","@id":"https:\/\/luchonoticias.com\/editor\/#\/schema\/person\/image\/","url":"https:\/\/luchonoticias.com\/editor\/wp-content\/uploads\/2024\/02\/cropped-cropped-logolu.webp","contentUrl":"https:\/\/luchonoticias.com\/editor\/wp-content\/uploads\/2024\/02\/cropped-cropped-logolu.webp","width":382,"height":170,"caption":"admin"},"logo":{"@id":"https:\/\/luchonoticias.com\/editor\/#\/schema\/person\/image\/"},"sameAs":["https:\/\/www.facebook.com\/luchonoticiasneiva"],"url":"https:\/\/luchonoticias.com\/editor\/author\/admin\/"}]}},"_links":{"self":[{"href":"https:\/\/luchonoticias.com\/editor\/wp-json\/wp\/v2\/posts\/32979","targetHints":{"allow":["GET"]}}],"collection":[{"href":"https:\/\/luchonoticias.com\/editor\/wp-json\/wp\/v2\/posts"}],"about":[{"href":"https:\/\/luchonoticias.com\/editor\/wp-json\/wp\/v2\/types\/post"}],"author":[{"embeddable":true,"href":"https:\/\/luchonoticias.com\/editor\/wp-json\/wp\/v2\/users\/1"}],"replies":[{"embeddable":true,"href":"https:\/\/luchonoticias.com\/editor\/wp-json\/wp\/v2\/comments?post=32979"}],"version-history":[{"count":0,"href":"https:\/\/luchonoticias.com\/editor\/wp-json\/wp\/v2\/posts\/32979\/revisions"}],"wp:attachment":[{"href":"https:\/\/luchonoticias.com\/editor\/wp-json\/wp\/v2\/media?parent=32979"}],"wp:term":[{"taxonomy":"category","embeddable":true,"href":"https:\/\/luchonoticias.com\/editor\/wp-json\/wp\/v2\/categories?post=32979"},{"taxonomy":"post_tag","embeddable":true,"href":"https:\/\/luchonoticias.com\/editor\/wp-json\/wp\/v2\/tags?post=32979"}],"curies":[{"name":"wp","href":"https:\/\/api.w.org\/{rel}","templated":true}]}}