{"id":32986,"date":"2022-08-25T07:15:11","date_gmt":"2022-08-25T12:15:11","guid":{"rendered":"https:\/\/luchonoticias.com\/?p=32986"},"modified":"2022-08-25T07:15:12","modified_gmt":"2022-08-25T12:15:12","slug":"con-oportunidades-laborales-neiva-combate-el-mototaxismo","status":"publish","type":"post","link":"https:\/\/luchonoticias.com\/editor\/con-oportunidades-laborales-neiva-combate-el-mototaxismo\/","title":{"rendered":"Con oportunidades laborales, Neiva combate el mototaxismo"},"content":{"rendered":"\n<p>El alcalde de Neiva Gorky Mu\u00f1oz Calder\u00f3n y la secretaria de Movilidad; Luisa Fernanda Robles, lideraron un nuevo encuentro con representantes de las diferentes agremiaciones de mototrabajadores, con el fin de hacer el debido seguimiento a los compromisos adquiridos por cada una de las partes con el fin de disminuir los \u00edndices de transporte informal en la ciudad.<\/p>\n\n\n\n<p>\u201cHemos trabajado con ellos el emprenderismo a trav\u00e9s de unas unidades productivas, algunas personas pudieron acceder al Fondo Emprender e inclusive se les entreg\u00f3 unos recursos, alrededor de 80 millones de pesos por cada emprendimiento. Hemos logrado, a trav\u00e9s de otro esquema de capacitaciones en ense\u00f1anza de artes y generaci\u00f3n de vivienda\u201d, afirm\u00f3 el mandatario Gorky Mu\u00f1oz Calder\u00f3n.<\/p>\n\n\n\n<p>Tal como estableci\u00f3 la Secretaria de Movilidad, lo que busca la Administraci\u00f3n es brindar todas las garant\u00edas necesarias para que las personas que en la actualidad se dedican al transporte ilegal, puedan desarrollar actividades enmarcadas en la legalidad ya que como autoridad har\u00e1n el control correspondiente en diferentes zonas de la ciudad.<\/p>\n\n\n\n<p>\u201cDesde la Secretar\u00eda de Movilidad debemos dar cumplimiento a la normatividad y vamos a empezar a realizar unos operativos de control en unos puntos cr\u00edticos que tenemos de la ciudad, ya que tenemos que combatir no solamente temas de ilegalidad, si no temas de seguridad que han venido afectando al municipio de Neiva\u201d, agreg\u00f3 Luisa Fernanda Robles.<\/p>\n\n\n\n<figure class=\"wp-block-image size-large is-style-rounded\"><img decoding=\"async\" src=\"https:\/\/luchonoticias.com\/wp-content\/uploads\/2022\/08\/WhatsApp-Image-2022-08-24-at-6.57.36-PM-1024x768.jpeg\" alt=\"\" class=\"wp-image-32988\"\/><\/figure>\n\n\n\n<p><strong>Apoyos recibidos<\/strong><\/p>\n\n\n\n<p>L\u00edderes de agremiaciones de mototrabajadores resaltan el trabajo liderado desde la Administraci\u00f3n Municipal ya que, gracias a los diferentes programas y proyectos, varios de ellos han tenido acceso a capacitaciones y empleos, entre otros beneficios.<\/p>\n\n\n\n<p>\u201cNosotros estamos participando en mucha empleabilidad, porque nos han dado la oportunidad de vincular a personas que ejecutaban la labor del mototaxismo y ahora est\u00e1n haciendo parte de la Administraci\u00f3n Municipal\u201d, afirm\u00f3 Johana Yate Tafur, mototrabajadora.<\/p>\n\n\n\n<p>Por su parte, Isabel Rojas, agradeci\u00f3 al Alcalde la oportunidad de tener un local en el centro tur\u00edstico del Malec\u00f3n, con el cual logr\u00f3 salir del mototaxismo y ahora genera empleo. \u201cCada vez que hablo de todo esto me da mucha alegr\u00eda y no tengo palabras para agradecerle al alcalde Gorky, por esa labor que ha hecho y la oportunidad que nos ha dado a muchos de recursos bajos como nosotros los mototrabajadores del LGBTIQ. Hoy estamos fuera de lo informal, pasamos a lo formal y estamos dando empleo\u201d, expres\u00f3.<\/p>\n\n\n\n<p>Desde la administraci\u00f3n se seguir\u00e1 brindando la asesor\u00eda y acompa\u00f1amiento necesarios, para que las personas que a\u00fan se dedican a estas labores de transporte ilegal, tenga la posibilidad de buscar nuevas y mejores alternativas laborales.<\/p>\n","protected":false},"excerpt":{"rendered":"<p>El alcalde de Neiva Gorky Mu\u00f1oz Calder\u00f3n y la secretaria de Movilidad; Luisa Fernanda Robles, lideraron un nuevo encuentro con representantes de las diferentes agremiaciones de mototrabajadores, con el fin de hacer el debido seguimiento a los compromisos adquiridos por cada una de las partes con el fin de disminuir los \u00edndices de transporte informal [&hellip;]<\/p>\n","protected":false},"author":1,"featured_media":0,"comment_status":"open","ping_status":"open","sticky":false,"template":"","format":"standard","meta":{"footnotes":""},"categories":[36,53],"tags":[],"class_list":["post-32986","post","type-post","status-publish","format-standard","hentry","category-destacado","category-neiva"],"yoast_head":"<!-- This site is optimized with the Yoast SEO plugin v26.6 - https:\/\/yoast.com\/wordpress\/plugins\/seo\/ -->\n<title>Con oportunidades laborales, Neiva combate el mototaxismo -<\/title>\n<meta name=\"robots\" content=\"index, follow, max-snippet:-1, max-image-preview:large, max-video-preview:-1\" \/>\n<link rel=\"canonical\" href=\"https:\/\/luchonoticias.com\/editor\/con-oportunidades-laborales-neiva-combate-el-mototaxismo\/\" \/>\n<meta property=\"og:locale\" content=\"es_ES\" \/>\n<meta property=\"og:type\" content=\"article\" \/>\n<meta property=\"og:title\" content=\"Con oportunidades laborales, Neiva combate el mototaxismo -\" \/>\n<meta property=\"og:url\" content=\"https:\/\/luchonoticias.com\/editor\/con-oportunidades-laborales-neiva-combate-el-mototaxismo\/\" \/>\n<meta property=\"article:publisher\" content=\"https:\/\/www.facebook.com\/luchonoticiasneiva\" \/>\n<meta property=\"article:author\" content=\"https:\/\/www.facebook.com\/luchonoticiasneiva\" \/>\n<meta property=\"article:published_time\" content=\"2022-08-25T12:15:11+00:00\" \/>\n<meta property=\"article:modified_time\" content=\"2022-08-25T12:15:12+00:00\" \/>\n<meta property=\"og:image\" content=\"https:\/\/luchonoticias.com\/wp-content\/uploads\/2022\/08\/WhatsApp-Image-2022-08-24-at-6.57.36-PM-1024x768.jpeg\" \/>\n<meta name=\"author\" content=\"admin\" \/>\n<meta name=\"twitter:card\" content=\"summary_large_image\" \/>\n<meta name=\"twitter:label1\" content=\"Escrito por\" \/>\n\t<meta name=\"twitter:data1\" content=\"admin\" \/>\n\t<meta name=\"twitter:label2\" content=\"Tiempo de lectura\" \/>\n\t<meta name=\"twitter:data2\" content=\"2 minutos\" \/>\n<script type=\"application\/ld+json\" class=\"yoast-schema-graph\">{\"@context\":\"https:\/\/schema.org\",\"@graph\":[{\"@type\":\"Article\",\"@id\":\"https:\/\/luchonoticias.com\/editor\/con-oportunidades-laborales-neiva-combate-el-mototaxismo\/#article\",\"isPartOf\":{\"@id\":\"https:\/\/luchonoticias.com\/editor\/con-oportunidades-laborales-neiva-combate-el-mototaxismo\/\"},\"author\":{\"name\":\"admin\",\"@id\":\"https:\/\/luchonoticias.com\/editor\/#\/schema\/person\/7a7fd911f58561fd056dbac7b55af9cd\"},\"headline\":\"Con oportunidades laborales, Neiva combate el mototaxismo\",\"datePublished\":\"2022-08-25T12:15:11+00:00\",\"dateModified\":\"2022-08-25T12:15:12+00:00\",\"mainEntityOfPage\":{\"@id\":\"https:\/\/luchonoticias.com\/editor\/con-oportunidades-laborales-neiva-combate-el-mototaxismo\/\"},\"wordCount\":453,\"commentCount\":0,\"publisher\":{\"@id\":\"https:\/\/luchonoticias.com\/editor\/#\/schema\/person\/7a7fd911f58561fd056dbac7b55af9cd\"},\"image\":{\"@id\":\"https:\/\/luchonoticias.com\/editor\/con-oportunidades-laborales-neiva-combate-el-mototaxismo\/#primaryimage\"},\"thumbnailUrl\":\"https:\/\/luchonoticias.com\/wp-content\/uploads\/2022\/08\/WhatsApp-Image-2022-08-24-at-6.57.36-PM-1024x768.jpeg\",\"articleSection\":[\"Destacado\",\"Neiva\"],\"inLanguage\":\"es\",\"potentialAction\":[{\"@type\":\"CommentAction\",\"name\":\"Comment\",\"target\":[\"https:\/\/luchonoticias.com\/editor\/con-oportunidades-laborales-neiva-combate-el-mototaxismo\/#respond\"]}]},{\"@type\":\"WebPage\",\"@id\":\"https:\/\/luchonoticias.com\/editor\/con-oportunidades-laborales-neiva-combate-el-mototaxismo\/\",\"url\":\"https:\/\/luchonoticias.com\/editor\/con-oportunidades-laborales-neiva-combate-el-mototaxismo\/\",\"name\":\"Con oportunidades laborales, Neiva combate el mototaxismo -\",\"isPartOf\":{\"@id\":\"https:\/\/luchonoticias.com\/editor\/#website\"},\"primaryImageOfPage\":{\"@id\":\"https:\/\/luchonoticias.com\/editor\/con-oportunidades-laborales-neiva-combate-el-mototaxismo\/#primaryimage\"},\"image\":{\"@id\":\"https:\/\/luchonoticias.com\/editor\/con-oportunidades-laborales-neiva-combate-el-mototaxismo\/#primaryimage\"},\"thumbnailUrl\":\"https:\/\/luchonoticias.com\/wp-content\/uploads\/2022\/08\/WhatsApp-Image-2022-08-24-at-6.57.36-PM-1024x768.jpeg\",\"datePublished\":\"2022-08-25T12:15:11+00:00\",\"dateModified\":\"2022-08-25T12:15:12+00:00\",\"breadcrumb\":{\"@id\":\"https:\/\/luchonoticias.com\/editor\/con-oportunidades-laborales-neiva-combate-el-mototaxismo\/#breadcrumb\"},\"inLanguage\":\"es\",\"potentialAction\":[{\"@type\":\"ReadAction\",\"target\":[\"https:\/\/luchonoticias.com\/editor\/con-oportunidades-laborales-neiva-combate-el-mototaxismo\/\"]}]},{\"@type\":\"ImageObject\",\"inLanguage\":\"es\",\"@id\":\"https:\/\/luchonoticias.com\/editor\/con-oportunidades-laborales-neiva-combate-el-mototaxismo\/#primaryimage\",\"url\":\"https:\/\/luchonoticias.com\/wp-content\/uploads\/2022\/08\/WhatsApp-Image-2022-08-24-at-6.57.36-PM-1024x768.jpeg\",\"contentUrl\":\"https:\/\/luchonoticias.com\/wp-content\/uploads\/2022\/08\/WhatsApp-Image-2022-08-24-at-6.57.36-PM-1024x768.jpeg\"},{\"@type\":\"BreadcrumbList\",\"@id\":\"https:\/\/luchonoticias.com\/editor\/con-oportunidades-laborales-neiva-combate-el-mototaxismo\/#breadcrumb\",\"itemListElement\":[{\"@type\":\"ListItem\",\"position\":1,\"name\":\"Portada\",\"item\":\"https:\/\/luchonoticias.com\/editor\/\"},{\"@type\":\"ListItem\",\"position\":2,\"name\":\"Con oportunidades laborales, Neiva combate el mototaxismo\"}]},{\"@type\":\"WebSite\",\"@id\":\"https:\/\/luchonoticias.com\/editor\/#website\",\"url\":\"https:\/\/luchonoticias.com\/editor\/\",\"name\":\"\",\"description\":\"\",\"publisher\":{\"@id\":\"https:\/\/luchonoticias.com\/editor\/#\/schema\/person\/7a7fd911f58561fd056dbac7b55af9cd\"},\"potentialAction\":[{\"@type\":\"SearchAction\",\"target\":{\"@type\":\"EntryPoint\",\"urlTemplate\":\"https:\/\/luchonoticias.com\/editor\/?s={search_term_string}\"},\"query-input\":{\"@type\":\"PropertyValueSpecification\",\"valueRequired\":true,\"valueName\":\"search_term_string\"}}],\"inLanguage\":\"es\"},{\"@type\":[\"Person\",\"Organization\"],\"@id\":\"https:\/\/luchonoticias.com\/editor\/#\/schema\/person\/7a7fd911f58561fd056dbac7b55af9cd\",\"name\":\"admin\",\"image\":{\"@type\":\"ImageObject\",\"inLanguage\":\"es\",\"@id\":\"https:\/\/luchonoticias.com\/editor\/#\/schema\/person\/image\/\",\"url\":\"https:\/\/luchonoticias.com\/editor\/wp-content\/uploads\/2024\/02\/cropped-cropped-logolu.webp\",\"contentUrl\":\"https:\/\/luchonoticias.com\/editor\/wp-content\/uploads\/2024\/02\/cropped-cropped-logolu.webp\",\"width\":382,\"height\":170,\"caption\":\"admin\"},\"logo\":{\"@id\":\"https:\/\/luchonoticias.com\/editor\/#\/schema\/person\/image\/\"},\"sameAs\":[\"https:\/\/www.facebook.com\/luchonoticiasneiva\"],\"url\":\"https:\/\/luchonoticias.com\/editor\/author\/admin\/\"}]}<\/script>\n<!-- \/ Yoast SEO plugin. -->","yoast_head_json":{"title":"Con oportunidades laborales, Neiva combate el mototaxismo -","robots":{"index":"index","follow":"follow","max-snippet":"max-snippet:-1","max-image-preview":"max-image-preview:large","max-video-preview":"max-video-preview:-1"},"canonical":"https:\/\/luchonoticias.com\/editor\/con-oportunidades-laborales-neiva-combate-el-mototaxismo\/","og_locale":"es_ES","og_type":"article","og_title":"Con oportunidades laborales, Neiva combate el mototaxismo -","og_url":"https:\/\/luchonoticias.com\/editor\/con-oportunidades-laborales-neiva-combate-el-mototaxismo\/","article_publisher":"https:\/\/www.facebook.com\/luchonoticiasneiva","article_author":"https:\/\/www.facebook.com\/luchonoticiasneiva","article_published_time":"2022-08-25T12:15:11+00:00","article_modified_time":"2022-08-25T12:15:12+00:00","og_image":[{"url":"https:\/\/luchonoticias.com\/wp-content\/uploads\/2022\/08\/WhatsApp-Image-2022-08-24-at-6.57.36-PM-1024x768.jpeg","type":"","width":"","height":""}],"author":"admin","twitter_card":"summary_large_image","twitter_misc":{"Escrito por":"admin","Tiempo de lectura":"2 minutos"},"schema":{"@context":"https:\/\/schema.org","@graph":[{"@type":"Article","@id":"https:\/\/luchonoticias.com\/editor\/con-oportunidades-laborales-neiva-combate-el-mototaxismo\/#article","isPartOf":{"@id":"https:\/\/luchonoticias.com\/editor\/con-oportunidades-laborales-neiva-combate-el-mototaxismo\/"},"author":{"name":"admin","@id":"https:\/\/luchonoticias.com\/editor\/#\/schema\/person\/7a7fd911f58561fd056dbac7b55af9cd"},"headline":"Con oportunidades laborales, Neiva combate el mototaxismo","datePublished":"2022-08-25T12:15:11+00:00","dateModified":"2022-08-25T12:15:12+00:00","mainEntityOfPage":{"@id":"https:\/\/luchonoticias.com\/editor\/con-oportunidades-laborales-neiva-combate-el-mototaxismo\/"},"wordCount":453,"commentCount":0,"publisher":{"@id":"https:\/\/luchonoticias.com\/editor\/#\/schema\/person\/7a7fd911f58561fd056dbac7b55af9cd"},"image":{"@id":"https:\/\/luchonoticias.com\/editor\/con-oportunidades-laborales-neiva-combate-el-mototaxismo\/#primaryimage"},"thumbnailUrl":"https:\/\/luchonoticias.com\/wp-content\/uploads\/2022\/08\/WhatsApp-Image-2022-08-24-at-6.57.36-PM-1024x768.jpeg","articleSection":["Destacado","Neiva"],"inLanguage":"es","potentialAction":[{"@type":"CommentAction","name":"Comment","target":["https:\/\/luchonoticias.com\/editor\/con-oportunidades-laborales-neiva-combate-el-mototaxismo\/#respond"]}]},{"@type":"WebPage","@id":"https:\/\/luchonoticias.com\/editor\/con-oportunidades-laborales-neiva-combate-el-mototaxismo\/","url":"https:\/\/luchonoticias.com\/editor\/con-oportunidades-laborales-neiva-combate-el-mototaxismo\/","name":"Con oportunidades laborales, Neiva combate el mototaxismo -","isPartOf":{"@id":"https:\/\/luchonoticias.com\/editor\/#website"},"primaryImageOfPage":{"@id":"https:\/\/luchonoticias.com\/editor\/con-oportunidades-laborales-neiva-combate-el-mototaxismo\/#primaryimage"},"image":{"@id":"https:\/\/luchonoticias.com\/editor\/con-oportunidades-laborales-neiva-combate-el-mototaxismo\/#primaryimage"},"thumbnailUrl":"https:\/\/luchonoticias.com\/wp-content\/uploads\/2022\/08\/WhatsApp-Image-2022-08-24-at-6.57.36-PM-1024x768.jpeg","datePublished":"2022-08-25T12:15:11+00:00","dateModified":"2022-08-25T12:15:12+00:00","breadcrumb":{"@id":"https:\/\/luchonoticias.com\/editor\/con-oportunidades-laborales-neiva-combate-el-mototaxismo\/#breadcrumb"},"inLanguage":"es","potentialAction":[{"@type":"ReadAction","target":["https:\/\/luchonoticias.com\/editor\/con-oportunidades-laborales-neiva-combate-el-mototaxismo\/"]}]},{"@type":"ImageObject","inLanguage":"es","@id":"https:\/\/luchonoticias.com\/editor\/con-oportunidades-laborales-neiva-combate-el-mototaxismo\/#primaryimage","url":"https:\/\/luchonoticias.com\/wp-content\/uploads\/2022\/08\/WhatsApp-Image-2022-08-24-at-6.57.36-PM-1024x768.jpeg","contentUrl":"https:\/\/luchonoticias.com\/wp-content\/uploads\/2022\/08\/WhatsApp-Image-2022-08-24-at-6.57.36-PM-1024x768.jpeg"},{"@type":"BreadcrumbList","@id":"https:\/\/luchonoticias.com\/editor\/con-oportunidades-laborales-neiva-combate-el-mototaxismo\/#breadcrumb","itemListElement":[{"@type":"ListItem","position":1,"name":"Portada","item":"https:\/\/luchonoticias.com\/editor\/"},{"@type":"ListItem","position":2,"name":"Con oportunidades laborales, Neiva combate el mototaxismo"}]},{"@type":"WebSite","@id":"https:\/\/luchonoticias.com\/editor\/#website","url":"https:\/\/luchonoticias.com\/editor\/","name":"","description":"","publisher":{"@id":"https:\/\/luchonoticias.com\/editor\/#\/schema\/person\/7a7fd911f58561fd056dbac7b55af9cd"},"potentialAction":[{"@type":"SearchAction","target":{"@type":"EntryPoint","urlTemplate":"https:\/\/luchonoticias.com\/editor\/?s={search_term_string}"},"query-input":{"@type":"PropertyValueSpecification","valueRequired":true,"valueName":"search_term_string"}}],"inLanguage":"es"},{"@type":["Person","Organization"],"@id":"https:\/\/luchonoticias.com\/editor\/#\/schema\/person\/7a7fd911f58561fd056dbac7b55af9cd","name":"admin","image":{"@type":"ImageObject","inLanguage":"es","@id":"https:\/\/luchonoticias.com\/editor\/#\/schema\/person\/image\/","url":"https:\/\/luchonoticias.com\/editor\/wp-content\/uploads\/2024\/02\/cropped-cropped-logolu.webp","contentUrl":"https:\/\/luchonoticias.com\/editor\/wp-content\/uploads\/2024\/02\/cropped-cropped-logolu.webp","width":382,"height":170,"caption":"admin"},"logo":{"@id":"https:\/\/luchonoticias.com\/editor\/#\/schema\/person\/image\/"},"sameAs":["https:\/\/www.facebook.com\/luchonoticiasneiva"],"url":"https:\/\/luchonoticias.com\/editor\/author\/admin\/"}]}},"_links":{"self":[{"href":"https:\/\/luchonoticias.com\/editor\/wp-json\/wp\/v2\/posts\/32986","targetHints":{"allow":["GET"]}}],"collection":[{"href":"https:\/\/luchonoticias.com\/editor\/wp-json\/wp\/v2\/posts"}],"about":[{"href":"https:\/\/luchonoticias.com\/editor\/wp-json\/wp\/v2\/types\/post"}],"author":[{"embeddable":true,"href":"https:\/\/luchonoticias.com\/editor\/wp-json\/wp\/v2\/users\/1"}],"replies":[{"embeddable":true,"href":"https:\/\/luchonoticias.com\/editor\/wp-json\/wp\/v2\/comments?post=32986"}],"version-history":[{"count":0,"href":"https:\/\/luchonoticias.com\/editor\/wp-json\/wp\/v2\/posts\/32986\/revisions"}],"wp:attachment":[{"href":"https:\/\/luchonoticias.com\/editor\/wp-json\/wp\/v2\/media?parent=32986"}],"wp:term":[{"taxonomy":"category","embeddable":true,"href":"https:\/\/luchonoticias.com\/editor\/wp-json\/wp\/v2\/categories?post=32986"},{"taxonomy":"post_tag","embeddable":true,"href":"https:\/\/luchonoticias.com\/editor\/wp-json\/wp\/v2\/tags?post=32986"}],"curies":[{"name":"wp","href":"https:\/\/api.w.org\/{rel}","templated":true}]}}