{"id":32990,"date":"2022-08-25T07:33:58","date_gmt":"2022-08-25T12:33:58","guid":{"rendered":"https:\/\/luchonoticias.com\/?p=32990"},"modified":"2022-08-25T07:33:59","modified_gmt":"2022-08-25T12:33:59","slug":"desarticulados-banda-los-nocivos-por-presuntos-hurtos-en-la-comuna-6-de-neiva","status":"publish","type":"post","link":"https:\/\/luchonoticias.com\/editor\/desarticulados-banda-los-nocivos-por-presuntos-hurtos-en-la-comuna-6-de-neiva\/","title":{"rendered":"Desarticulados banda \u2018Los Nocivos\u2019, por presuntos hurtos en la comuna 6 de Neiva"},"content":{"rendered":"\n<p>Ante la contundencia de los elementos materiales probatorios aportados por la Fiscal\u00eda, un juez con funci\u00f3n de control de garant\u00edas impuso medida de aseguramiento de detenci\u00f3n preventiva en centro carcelario para cuatro personas y detenci\u00f3n domiciliaria en contra de unos de los implicados<\/p>\n\n\n\n<p>Los presuntos facinerosos, fueron identificados como Breindi Yaritza Guzm\u00e1n Cuervo, Carlos Fernando Parra Reyes, Jhoan Sebasti\u00e1n V\u00e1squez S\u00e1nchez, Jhon Hamilton Alvis Cruz y Juli\u00e1n Ferney Otalvaro Llanos.&nbsp;<\/p>\n\n\n\n<p>\u201cLabores de polic\u00eda judicial permitieron establecer que Los Nocivos habr\u00edan materializado al menos siete eventos de hurto en la zona donde delinqu\u00edan.&nbsp; Estas personas al parecer ejerc\u00edan violencia sobre sus v\u00edctimas a quienes amenazaban con armas blancas y de fuego, aprovechando horas de la noche para materializar los hurtos\u201d, revelaros las autoridades en un comunicado.<\/p>\n\n\n\n<p><strong>Prontuario de los implicados<\/strong><\/p>\n\n\n\n<p>Todos los capturados, menos la mujer, tienen antecedentes y anotaciones judiciales por distintos delitos como hurto, tr\u00e1fico de estupefacientes, homicidio y lesiones personales.\u00a0\u00a0<\/p>\n\n\n\n<figure class=\"wp-block-gallery has-nested-images columns-default is-cropped wp-block-gallery-1 is-layout-flex wp-block-gallery-is-layout-flex\">\n<figure class=\"wp-block-image size-large\"><img decoding=\"async\" data-id=\"32992\" src=\"https:\/\/luchonoticias.com\/wp-content\/uploads\/2022\/08\/WhatsApp-Image-2022-08-24-at-3.27.03-PM.jpeg\" alt=\"\" class=\"wp-image-32992\"\/><\/figure>\n\n\n\n<figure class=\"wp-block-image size-large\"><img decoding=\"async\" data-id=\"32993\" src=\"https:\/\/luchonoticias.com\/wp-content\/uploads\/2022\/08\/WhatsApp-Image-2022-08-24-at-3.25.57-PM-932x1024.jpeg\" alt=\"\" class=\"wp-image-32993\"\/><\/figure>\n<\/figure>\n\n\n\n<p>1. Jhoan Sebasti\u00e1n V\u00e1squez S\u00e1nchez, \u00abChilga\u00bb de 18 a\u00f1os, quien registra 2 anotaciones como indiciado por Homicidio, 2 anotaciones por el delito de tr\u00e1fico, fabricaci\u00f3n o porte de estupefacientes y 1 anotaci\u00f3n por el delito de violencia intrafamiliar.<\/p>\n\n\n\n<p>2. Juli\u00e1n Ferney Otalvaro Llanos \u00abJulian\u00bb de 26 a\u00f1os, quien presenta 3 anotaciones por hurto y 2 anotaciones por lesiones personales.<\/p>\n\n\n\n<figure class=\"wp-block-gallery has-nested-images columns-default is-cropped wp-block-gallery-2 is-layout-flex wp-block-gallery-is-layout-flex\">\n<figure class=\"wp-block-image size-large\"><img decoding=\"async\" data-id=\"32995\" src=\"https:\/\/luchonoticias.com\/wp-content\/uploads\/2022\/08\/WhatsApp-Image-2022-08-24-at-3.26.33-PM-1024x873.jpeg\" alt=\"\" class=\"wp-image-32995\"\/><\/figure>\n\n\n\n<figure class=\"wp-block-image size-large\"><img decoding=\"async\" data-id=\"32996\" src=\"https:\/\/luchonoticias.com\/wp-content\/uploads\/2022\/08\/WhatsApp-Image-2022-08-24-at-3.25.20-PM-1.jpeg\" alt=\"\" class=\"wp-image-32996\"\/><\/figure>\n<\/figure>\n\n\n\n<p>3. Jhon Hamilton Alvis Cruz, \u00abPato\u00bb de 25 a\u00f1os, quien presenta 1 anotaci\u00f3n por el delito de lesiones personales.<\/p>\n\n\n\n<p>4. Carlos Fernando Parra Reyes, \u00abPoira\u00bb de 34 a\u00f1os, quien presenta 3 anotaciones en sistema por el delito de tr\u00e1fico, fabricaci\u00f3n o porte de estupefacientes.<\/p>\n\n\n\n<p>Como presuntos responsables de los delitos de concierto para delinquir y hurto calificado y agravado la Fiscal\u00eda imput\u00f3 a los hoy capturados que no aceptaron cargos.&nbsp;&nbsp;<\/p>\n","protected":false},"excerpt":{"rendered":"<p>Ante la contundencia de los elementos materiales probatorios aportados por la Fiscal\u00eda, un juez con funci\u00f3n de control de garant\u00edas impuso medida de aseguramiento de detenci\u00f3n preventiva en centro carcelario para cuatro personas y detenci\u00f3n domiciliaria en contra de unos de los implicados Los presuntos facinerosos, fueron identificados como Breindi Yaritza Guzm\u00e1n Cuervo, Carlos Fernando [&hellip;]<\/p>\n","protected":false},"author":1,"featured_media":0,"comment_status":"open","ping_status":"open","sticky":false,"template":"","format":"standard","meta":{"footnotes":""},"categories":[36,29],"tags":[],"class_list":["post-32990","post","type-post","status-publish","format-standard","hentry","category-destacado","category-judicial"],"yoast_head":"<!-- This site is optimized with the Yoast SEO plugin v26.6 - https:\/\/yoast.com\/wordpress\/plugins\/seo\/ -->\n<title>Desarticulados banda \u2018Los Nocivos\u2019, por presuntos hurtos en la comuna 6 de Neiva -<\/title>\n<meta name=\"robots\" content=\"index, follow, max-snippet:-1, max-image-preview:large, max-video-preview:-1\" \/>\n<link rel=\"canonical\" href=\"https:\/\/luchonoticias.com\/editor\/desarticulados-banda-los-nocivos-por-presuntos-hurtos-en-la-comuna-6-de-neiva\/\" \/>\n<meta property=\"og:locale\" content=\"es_ES\" \/>\n<meta property=\"og:type\" content=\"article\" \/>\n<meta property=\"og:title\" content=\"Desarticulados banda \u2018Los Nocivos\u2019, por presuntos hurtos en la comuna 6 de Neiva -\" \/>\n<meta property=\"og:url\" content=\"https:\/\/luchonoticias.com\/editor\/desarticulados-banda-los-nocivos-por-presuntos-hurtos-en-la-comuna-6-de-neiva\/\" \/>\n<meta property=\"article:publisher\" content=\"https:\/\/www.facebook.com\/luchonoticiasneiva\" \/>\n<meta property=\"article:author\" content=\"https:\/\/www.facebook.com\/luchonoticiasneiva\" \/>\n<meta property=\"article:published_time\" content=\"2022-08-25T12:33:58+00:00\" \/>\n<meta property=\"article:modified_time\" content=\"2022-08-25T12:33:59+00:00\" \/>\n<meta property=\"og:image\" content=\"https:\/\/luchonoticias.com\/wp-content\/uploads\/2022\/08\/WhatsApp-Image-2022-08-24-at-3.27.03-PM.jpeg\" \/>\n<meta name=\"author\" content=\"admin\" \/>\n<meta name=\"twitter:card\" content=\"summary_large_image\" \/>\n<meta name=\"twitter:label1\" content=\"Escrito por\" \/>\n\t<meta name=\"twitter:data1\" content=\"admin\" \/>\n\t<meta name=\"twitter:label2\" content=\"Tiempo de lectura\" \/>\n\t<meta name=\"twitter:data2\" content=\"2 minutos\" \/>\n<script type=\"application\/ld+json\" class=\"yoast-schema-graph\">{\"@context\":\"https:\/\/schema.org\",\"@graph\":[{\"@type\":\"Article\",\"@id\":\"https:\/\/luchonoticias.com\/editor\/desarticulados-banda-los-nocivos-por-presuntos-hurtos-en-la-comuna-6-de-neiva\/#article\",\"isPartOf\":{\"@id\":\"https:\/\/luchonoticias.com\/editor\/desarticulados-banda-los-nocivos-por-presuntos-hurtos-en-la-comuna-6-de-neiva\/\"},\"author\":{\"name\":\"admin\",\"@id\":\"https:\/\/luchonoticias.com\/editor\/#\/schema\/person\/7a7fd911f58561fd056dbac7b55af9cd\"},\"headline\":\"Desarticulados banda \u2018Los Nocivos\u2019, por presuntos hurtos en la comuna 6 de Neiva\",\"datePublished\":\"2022-08-25T12:33:58+00:00\",\"dateModified\":\"2022-08-25T12:33:59+00:00\",\"mainEntityOfPage\":{\"@id\":\"https:\/\/luchonoticias.com\/editor\/desarticulados-banda-los-nocivos-por-presuntos-hurtos-en-la-comuna-6-de-neiva\/\"},\"wordCount\":313,\"commentCount\":0,\"publisher\":{\"@id\":\"https:\/\/luchonoticias.com\/editor\/#\/schema\/person\/7a7fd911f58561fd056dbac7b55af9cd\"},\"image\":{\"@id\":\"https:\/\/luchonoticias.com\/editor\/desarticulados-banda-los-nocivos-por-presuntos-hurtos-en-la-comuna-6-de-neiva\/#primaryimage\"},\"thumbnailUrl\":\"https:\/\/luchonoticias.com\/wp-content\/uploads\/2022\/08\/WhatsApp-Image-2022-08-24-at-3.27.03-PM.jpeg\",\"articleSection\":[\"Destacado\",\"Judicial\"],\"inLanguage\":\"es\",\"potentialAction\":[{\"@type\":\"CommentAction\",\"name\":\"Comment\",\"target\":[\"https:\/\/luchonoticias.com\/editor\/desarticulados-banda-los-nocivos-por-presuntos-hurtos-en-la-comuna-6-de-neiva\/#respond\"]}]},{\"@type\":\"WebPage\",\"@id\":\"https:\/\/luchonoticias.com\/editor\/desarticulados-banda-los-nocivos-por-presuntos-hurtos-en-la-comuna-6-de-neiva\/\",\"url\":\"https:\/\/luchonoticias.com\/editor\/desarticulados-banda-los-nocivos-por-presuntos-hurtos-en-la-comuna-6-de-neiva\/\",\"name\":\"Desarticulados banda \u2018Los Nocivos\u2019, por presuntos hurtos en la comuna 6 de Neiva -\",\"isPartOf\":{\"@id\":\"https:\/\/luchonoticias.com\/editor\/#website\"},\"primaryImageOfPage\":{\"@id\":\"https:\/\/luchonoticias.com\/editor\/desarticulados-banda-los-nocivos-por-presuntos-hurtos-en-la-comuna-6-de-neiva\/#primaryimage\"},\"image\":{\"@id\":\"https:\/\/luchonoticias.com\/editor\/desarticulados-banda-los-nocivos-por-presuntos-hurtos-en-la-comuna-6-de-neiva\/#primaryimage\"},\"thumbnailUrl\":\"https:\/\/luchonoticias.com\/wp-content\/uploads\/2022\/08\/WhatsApp-Image-2022-08-24-at-3.27.03-PM.jpeg\",\"datePublished\":\"2022-08-25T12:33:58+00:00\",\"dateModified\":\"2022-08-25T12:33:59+00:00\",\"breadcrumb\":{\"@id\":\"https:\/\/luchonoticias.com\/editor\/desarticulados-banda-los-nocivos-por-presuntos-hurtos-en-la-comuna-6-de-neiva\/#breadcrumb\"},\"inLanguage\":\"es\",\"potentialAction\":[{\"@type\":\"ReadAction\",\"target\":[\"https:\/\/luchonoticias.com\/editor\/desarticulados-banda-los-nocivos-por-presuntos-hurtos-en-la-comuna-6-de-neiva\/\"]}]},{\"@type\":\"ImageObject\",\"inLanguage\":\"es\",\"@id\":\"https:\/\/luchonoticias.com\/editor\/desarticulados-banda-los-nocivos-por-presuntos-hurtos-en-la-comuna-6-de-neiva\/#primaryimage\",\"url\":\"https:\/\/luchonoticias.com\/wp-content\/uploads\/2022\/08\/WhatsApp-Image-2022-08-24-at-3.27.03-PM.jpeg\",\"contentUrl\":\"https:\/\/luchonoticias.com\/wp-content\/uploads\/2022\/08\/WhatsApp-Image-2022-08-24-at-3.27.03-PM.jpeg\"},{\"@type\":\"BreadcrumbList\",\"@id\":\"https:\/\/luchonoticias.com\/editor\/desarticulados-banda-los-nocivos-por-presuntos-hurtos-en-la-comuna-6-de-neiva\/#breadcrumb\",\"itemListElement\":[{\"@type\":\"ListItem\",\"position\":1,\"name\":\"Portada\",\"item\":\"https:\/\/luchonoticias.com\/editor\/\"},{\"@type\":\"ListItem\",\"position\":2,\"name\":\"Desarticulados banda \u2018Los Nocivos\u2019, por presuntos hurtos en la comuna 6 de Neiva\"}]},{\"@type\":\"WebSite\",\"@id\":\"https:\/\/luchonoticias.com\/editor\/#website\",\"url\":\"https:\/\/luchonoticias.com\/editor\/\",\"name\":\"\",\"description\":\"\",\"publisher\":{\"@id\":\"https:\/\/luchonoticias.com\/editor\/#\/schema\/person\/7a7fd911f58561fd056dbac7b55af9cd\"},\"potentialAction\":[{\"@type\":\"SearchAction\",\"target\":{\"@type\":\"EntryPoint\",\"urlTemplate\":\"https:\/\/luchonoticias.com\/editor\/?s={search_term_string}\"},\"query-input\":{\"@type\":\"PropertyValueSpecification\",\"valueRequired\":true,\"valueName\":\"search_term_string\"}}],\"inLanguage\":\"es\"},{\"@type\":[\"Person\",\"Organization\"],\"@id\":\"https:\/\/luchonoticias.com\/editor\/#\/schema\/person\/7a7fd911f58561fd056dbac7b55af9cd\",\"name\":\"admin\",\"image\":{\"@type\":\"ImageObject\",\"inLanguage\":\"es\",\"@id\":\"https:\/\/luchonoticias.com\/editor\/#\/schema\/person\/image\/\",\"url\":\"https:\/\/luchonoticias.com\/editor\/wp-content\/uploads\/2024\/02\/cropped-cropped-logolu.webp\",\"contentUrl\":\"https:\/\/luchonoticias.com\/editor\/wp-content\/uploads\/2024\/02\/cropped-cropped-logolu.webp\",\"width\":382,\"height\":170,\"caption\":\"admin\"},\"logo\":{\"@id\":\"https:\/\/luchonoticias.com\/editor\/#\/schema\/person\/image\/\"},\"sameAs\":[\"https:\/\/www.facebook.com\/luchonoticiasneiva\"],\"url\":\"https:\/\/luchonoticias.com\/editor\/author\/admin\/\"}]}<\/script>\n<!-- \/ Yoast SEO plugin. -->","yoast_head_json":{"title":"Desarticulados banda \u2018Los Nocivos\u2019, por presuntos hurtos en la comuna 6 de Neiva -","robots":{"index":"index","follow":"follow","max-snippet":"max-snippet:-1","max-image-preview":"max-image-preview:large","max-video-preview":"max-video-preview:-1"},"canonical":"https:\/\/luchonoticias.com\/editor\/desarticulados-banda-los-nocivos-por-presuntos-hurtos-en-la-comuna-6-de-neiva\/","og_locale":"es_ES","og_type":"article","og_title":"Desarticulados banda \u2018Los Nocivos\u2019, por presuntos hurtos en la comuna 6 de Neiva -","og_url":"https:\/\/luchonoticias.com\/editor\/desarticulados-banda-los-nocivos-por-presuntos-hurtos-en-la-comuna-6-de-neiva\/","article_publisher":"https:\/\/www.facebook.com\/luchonoticiasneiva","article_author":"https:\/\/www.facebook.com\/luchonoticiasneiva","article_published_time":"2022-08-25T12:33:58+00:00","article_modified_time":"2022-08-25T12:33:59+00:00","og_image":[{"url":"https:\/\/luchonoticias.com\/wp-content\/uploads\/2022\/08\/WhatsApp-Image-2022-08-24-at-3.27.03-PM.jpeg","type":"","width":"","height":""}],"author":"admin","twitter_card":"summary_large_image","twitter_misc":{"Escrito por":"admin","Tiempo de lectura":"2 minutos"},"schema":{"@context":"https:\/\/schema.org","@graph":[{"@type":"Article","@id":"https:\/\/luchonoticias.com\/editor\/desarticulados-banda-los-nocivos-por-presuntos-hurtos-en-la-comuna-6-de-neiva\/#article","isPartOf":{"@id":"https:\/\/luchonoticias.com\/editor\/desarticulados-banda-los-nocivos-por-presuntos-hurtos-en-la-comuna-6-de-neiva\/"},"author":{"name":"admin","@id":"https:\/\/luchonoticias.com\/editor\/#\/schema\/person\/7a7fd911f58561fd056dbac7b55af9cd"},"headline":"Desarticulados banda \u2018Los Nocivos\u2019, por presuntos hurtos en la comuna 6 de Neiva","datePublished":"2022-08-25T12:33:58+00:00","dateModified":"2022-08-25T12:33:59+00:00","mainEntityOfPage":{"@id":"https:\/\/luchonoticias.com\/editor\/desarticulados-banda-los-nocivos-por-presuntos-hurtos-en-la-comuna-6-de-neiva\/"},"wordCount":313,"commentCount":0,"publisher":{"@id":"https:\/\/luchonoticias.com\/editor\/#\/schema\/person\/7a7fd911f58561fd056dbac7b55af9cd"},"image":{"@id":"https:\/\/luchonoticias.com\/editor\/desarticulados-banda-los-nocivos-por-presuntos-hurtos-en-la-comuna-6-de-neiva\/#primaryimage"},"thumbnailUrl":"https:\/\/luchonoticias.com\/wp-content\/uploads\/2022\/08\/WhatsApp-Image-2022-08-24-at-3.27.03-PM.jpeg","articleSection":["Destacado","Judicial"],"inLanguage":"es","potentialAction":[{"@type":"CommentAction","name":"Comment","target":["https:\/\/luchonoticias.com\/editor\/desarticulados-banda-los-nocivos-por-presuntos-hurtos-en-la-comuna-6-de-neiva\/#respond"]}]},{"@type":"WebPage","@id":"https:\/\/luchonoticias.com\/editor\/desarticulados-banda-los-nocivos-por-presuntos-hurtos-en-la-comuna-6-de-neiva\/","url":"https:\/\/luchonoticias.com\/editor\/desarticulados-banda-los-nocivos-por-presuntos-hurtos-en-la-comuna-6-de-neiva\/","name":"Desarticulados banda \u2018Los Nocivos\u2019, por presuntos hurtos en la comuna 6 de Neiva -","isPartOf":{"@id":"https:\/\/luchonoticias.com\/editor\/#website"},"primaryImageOfPage":{"@id":"https:\/\/luchonoticias.com\/editor\/desarticulados-banda-los-nocivos-por-presuntos-hurtos-en-la-comuna-6-de-neiva\/#primaryimage"},"image":{"@id":"https:\/\/luchonoticias.com\/editor\/desarticulados-banda-los-nocivos-por-presuntos-hurtos-en-la-comuna-6-de-neiva\/#primaryimage"},"thumbnailUrl":"https:\/\/luchonoticias.com\/wp-content\/uploads\/2022\/08\/WhatsApp-Image-2022-08-24-at-3.27.03-PM.jpeg","datePublished":"2022-08-25T12:33:58+00:00","dateModified":"2022-08-25T12:33:59+00:00","breadcrumb":{"@id":"https:\/\/luchonoticias.com\/editor\/desarticulados-banda-los-nocivos-por-presuntos-hurtos-en-la-comuna-6-de-neiva\/#breadcrumb"},"inLanguage":"es","potentialAction":[{"@type":"ReadAction","target":["https:\/\/luchonoticias.com\/editor\/desarticulados-banda-los-nocivos-por-presuntos-hurtos-en-la-comuna-6-de-neiva\/"]}]},{"@type":"ImageObject","inLanguage":"es","@id":"https:\/\/luchonoticias.com\/editor\/desarticulados-banda-los-nocivos-por-presuntos-hurtos-en-la-comuna-6-de-neiva\/#primaryimage","url":"https:\/\/luchonoticias.com\/wp-content\/uploads\/2022\/08\/WhatsApp-Image-2022-08-24-at-3.27.03-PM.jpeg","contentUrl":"https:\/\/luchonoticias.com\/wp-content\/uploads\/2022\/08\/WhatsApp-Image-2022-08-24-at-3.27.03-PM.jpeg"},{"@type":"BreadcrumbList","@id":"https:\/\/luchonoticias.com\/editor\/desarticulados-banda-los-nocivos-por-presuntos-hurtos-en-la-comuna-6-de-neiva\/#breadcrumb","itemListElement":[{"@type":"ListItem","position":1,"name":"Portada","item":"https:\/\/luchonoticias.com\/editor\/"},{"@type":"ListItem","position":2,"name":"Desarticulados banda \u2018Los Nocivos\u2019, por presuntos hurtos en la comuna 6 de Neiva"}]},{"@type":"WebSite","@id":"https:\/\/luchonoticias.com\/editor\/#website","url":"https:\/\/luchonoticias.com\/editor\/","name":"","description":"","publisher":{"@id":"https:\/\/luchonoticias.com\/editor\/#\/schema\/person\/7a7fd911f58561fd056dbac7b55af9cd"},"potentialAction":[{"@type":"SearchAction","target":{"@type":"EntryPoint","urlTemplate":"https:\/\/luchonoticias.com\/editor\/?s={search_term_string}"},"query-input":{"@type":"PropertyValueSpecification","valueRequired":true,"valueName":"search_term_string"}}],"inLanguage":"es"},{"@type":["Person","Organization"],"@id":"https:\/\/luchonoticias.com\/editor\/#\/schema\/person\/7a7fd911f58561fd056dbac7b55af9cd","name":"admin","image":{"@type":"ImageObject","inLanguage":"es","@id":"https:\/\/luchonoticias.com\/editor\/#\/schema\/person\/image\/","url":"https:\/\/luchonoticias.com\/editor\/wp-content\/uploads\/2024\/02\/cropped-cropped-logolu.webp","contentUrl":"https:\/\/luchonoticias.com\/editor\/wp-content\/uploads\/2024\/02\/cropped-cropped-logolu.webp","width":382,"height":170,"caption":"admin"},"logo":{"@id":"https:\/\/luchonoticias.com\/editor\/#\/schema\/person\/image\/"},"sameAs":["https:\/\/www.facebook.com\/luchonoticiasneiva"],"url":"https:\/\/luchonoticias.com\/editor\/author\/admin\/"}]}},"_links":{"self":[{"href":"https:\/\/luchonoticias.com\/editor\/wp-json\/wp\/v2\/posts\/32990","targetHints":{"allow":["GET"]}}],"collection":[{"href":"https:\/\/luchonoticias.com\/editor\/wp-json\/wp\/v2\/posts"}],"about":[{"href":"https:\/\/luchonoticias.com\/editor\/wp-json\/wp\/v2\/types\/post"}],"author":[{"embeddable":true,"href":"https:\/\/luchonoticias.com\/editor\/wp-json\/wp\/v2\/users\/1"}],"replies":[{"embeddable":true,"href":"https:\/\/luchonoticias.com\/editor\/wp-json\/wp\/v2\/comments?post=32990"}],"version-history":[{"count":0,"href":"https:\/\/luchonoticias.com\/editor\/wp-json\/wp\/v2\/posts\/32990\/revisions"}],"wp:attachment":[{"href":"https:\/\/luchonoticias.com\/editor\/wp-json\/wp\/v2\/media?parent=32990"}],"wp:term":[{"taxonomy":"category","embeddable":true,"href":"https:\/\/luchonoticias.com\/editor\/wp-json\/wp\/v2\/categories?post=32990"},{"taxonomy":"post_tag","embeddable":true,"href":"https:\/\/luchonoticias.com\/editor\/wp-json\/wp\/v2\/tags?post=32990"}],"curies":[{"name":"wp","href":"https:\/\/api.w.org\/{rel}","templated":true}]}}